{"id":179492,"date":"2025-07-03T13:03:06","date_gmt":"2025-07-03T19:03:06","guid":{"rendered":"https:\/\/kuali.com.mx\/web\/?p=179492"},"modified":"2025-07-03T21:45:59","modified_gmt":"2025-07-04T03:45:59","slug":"festival-del-vino-mezcal-y-escamoles-en-ocampo","status":"publish","type":"post","link":"https:\/\/kuali.com.mx\/web\/2025\/07\/03\/festival-del-vino-mezcal-y-escamoles-en-ocampo\/","title":{"rendered":"FESTIVAL DEL VINO, MEZCAL Y ESCAMOLES EN OCAMPO"},"content":{"rendered":"\n<p><strong>Kuali\/Ocampo, Gto.-<\/strong> El pr\u00f3ximo fin de semana tendr\u00e1 lugar la tercera edici\u00f3n del Festival del Vino, Mezcal y Escamoles \u00a1Ocampo S\u00ed Sabe!<\/p>\n\n\n\n<p>En el evento se ofertan productos de la regi\u00f3n, como el mezcal, y el m\u00e1s importante de todos: los escamoles, tambi\u00e9n conocidos como el \u201ccaviar mexicano\u201d, producto culinario considerado como afrodis\u00edaco.\u00a0<\/p>\n\n\n\n<figure class=\"wp-block-image size-large\"><img loading=\"lazy\" decoding=\"async\" width=\"1024\" height=\"575\" src=\"https:\/\/kuali.com.mx\/web\/wp-content\/uploads\/2025\/07\/Escamoles-1024x575.jpg\" alt=\"\" class=\"wp-image-179503\" srcset=\"https:\/\/kuali.com.mx\/web\/wp-content\/uploads\/2025\/07\/Escamoles-1024x575.jpg 1024w, https:\/\/kuali.com.mx\/web\/wp-content\/uploads\/2025\/07\/Escamoles-300x168.jpg 300w, https:\/\/kuali.com.mx\/web\/wp-content\/uploads\/2025\/07\/Escamoles-768x431.jpg 768w, https:\/\/kuali.com.mx\/web\/wp-content\/uploads\/2025\/07\/Escamoles-1536x863.jpg 1536w, https:\/\/kuali.com.mx\/web\/wp-content\/uploads\/2025\/07\/Escamoles-2048x1150.jpg 2048w, https:\/\/kuali.com.mx\/web\/wp-content\/uploads\/2025\/07\/Escamoles-730x410.jpg 730w, https:\/\/kuali.com.mx\/web\/wp-content\/uploads\/2025\/07\/Escamoles-207x116.jpg 207w\" sizes=\"auto, (max-width: 1024px) 100vw, 1024px\" \/><figcaption class=\"wp-element-caption\">Escamoles, platillo t\u00edpico de Ocampo, Gto.<\/figcaption><\/figure>\n\n\n\n<p>El Festival del Vino, Mezcal y Escamoles reunir\u00e1 a m\u00e1s de 30 expositores, provenientes de los estados de Guanajuato, San Luis Potos\u00ed y Zacatecas, mismos que ofrecer\u00e1n degustaciones y venta de vinos, mezcales y pulque, adem\u00e1s de artesan\u00edas y gastronom\u00eda, contando con la participaci\u00f3n de Mar\u00eda Aurelia Colchado Garc\u00eda, ganadora del primer lugar del platillo salado en el 13\u00b0 Encuentro de Cocina Tradicional.<\/p>\n\n\n\n<p>El acceso al festival es gratuito y se realizar\u00e1 de 12:00 del d\u00eda a 7:00 de la tarde. Contar\u00e1 con m\u00fasica en vivo, catas de mezcal, cocineras tradicionales y cerveza artesanal, entre otros productos. <\/p>\n\n\n\n<figure class=\"wp-block-image size-large\"><img loading=\"lazy\" decoding=\"async\" width=\"1024\" height=\"604\" src=\"https:\/\/kuali.com.mx\/web\/wp-content\/uploads\/2025\/07\/Mezcales-1024x604.jpg\" alt=\"\" class=\"wp-image-179505\" srcset=\"https:\/\/kuali.com.mx\/web\/wp-content\/uploads\/2025\/07\/Mezcales-1024x604.jpg 1024w, https:\/\/kuali.com.mx\/web\/wp-content\/uploads\/2025\/07\/Mezcales-300x177.jpg 300w, https:\/\/kuali.com.mx\/web\/wp-content\/uploads\/2025\/07\/Mezcales-768x453.jpg 768w, https:\/\/kuali.com.mx\/web\/wp-content\/uploads\/2025\/07\/Mezcales-1536x906.jpg 1536w, https:\/\/kuali.com.mx\/web\/wp-content\/uploads\/2025\/07\/Mezcales-2048x1209.jpg 2048w, https:\/\/kuali.com.mx\/web\/wp-content\/uploads\/2025\/07\/Mezcales-197x116.jpg 197w\" sizes=\"auto, (max-width: 1024px) 100vw, 1024px\" \/><figcaption class=\"wp-element-caption\">La entrada al Festival del Vino, Mezcal y Escamoles \u00a1Ocampo S\u00ed Sabe! es gratuita.<\/figcaption><\/figure>\n\n\n\n<p>La sede ser\u00e1 el Parque Ecotur\u00edstico \"El Molino\", ubicado en la comunidad de Las Trojes, donde se encuentra la Presa del Molino que data del siglo XIX y fue construida a base de mamposter\u00eda de grandes dimensiones\u00a0 que aprovechaba la carga hidr\u00e1ulica para hacer funcionar un molino de harina. Tambi\u00e9n estaba equipada con trojes de almacenaje.<\/p>\n","protected":false},"excerpt":{"rendered":"Kuali\/Ocampo, Gto.- El pr\u00f3ximo fin de semana tendr\u00e1 lugar la tercera edici\u00f3n del Festival del Vino, Mezcal y Escamoles \u00a1Ocampo S\u00ed Sabe! En el evento se ofertan productos de la regi\u00f3n, como el mezcal, y el m\u00e1s importante de todos: los escamoles, tambi\u00e9n conocidos como el \u201ccaviar mexicano\u201d, producto culinario considerado como afrodis\u00edaco.\u00a0 El Festival [&hellip;]","protected":false},"author":2,"featured_media":179504,"comment_status":"open","ping_status":"open","sticky":false,"template":"","format":"standard","meta":{"_seopress_robots_primary_cat":"none","_seopress_titles_title":"","_seopress_titles_desc":"","_seopress_robots_index":"","_monsterinsights_skip_tracking":false,"_monsterinsights_sitenote_active":false,"_monsterinsights_sitenote_note":"","_monsterinsights_sitenote_category":0,"footnotes":""},"categories":[13],"tags":[5441,5440,1170,828,1127,93],"class_list":["post-179492","post","type-post","status-publish","format-standard","has-post-thumbnail","hentry","category-turismo","tag-cocineras-tradicionales","tag-escamoles","tag-festivales-gastronomicos","tag-mezcal","tag-ocampo","tag-turismo"],"yoast_head":"<!-- This site is optimized with the Yoast SEO plugin v27.4 - https:\/\/yoast.com\/product\/yoast-seo-wordpress\/ -->\n<title>FESTIVAL DEL VINO, MEZCAL Y ESCAMOLES EN OCAMPO - Kuali<\/title>\n<meta name=\"robots\" content=\"index, follow, max-snippet:-1, max-image-preview:large, max-video-preview:-1\" \/>\n<link rel=\"canonical\" href=\"https:\/\/kuali.com.mx\/web\/2025\/07\/03\/festival-del-vino-mezcal-y-escamoles-en-ocampo\/\" \/>\n<meta property=\"og:locale\" content=\"es_MX\" \/>\n<meta property=\"og:type\" content=\"article\" \/>\n<meta property=\"og:title\" content=\"FESTIVAL DEL VINO, MEZCAL Y ESCAMOLES EN OCAMPO - Kuali\" \/>\n<meta property=\"og:description\" content=\"Kuali\/Ocampo, Gto.- El pr\u00f3ximo fin de semana tendr\u00e1 lugar la tercera edici\u00f3n del Festival del Vino, Mezcal y Escamoles \u00a1Ocampo S\u00ed Sabe! En el evento se ofertan productos de la regi\u00f3n, como el mezcal, y el m\u00e1s importante de todos: los escamoles, tambi\u00e9n conocidos como el \u201ccaviar mexicano\u201d, producto culinario considerado como afrodis\u00edaco.\u00a0 El Festival [&hellip;]\" \/>\n<meta property=\"og:url\" content=\"https:\/\/kuali.com.mx\/web\/2025\/07\/03\/festival-del-vino-mezcal-y-escamoles-en-ocampo\/\" \/>\n<meta property=\"og:site_name\" content=\"Kuali\" \/>\n<meta property=\"article:publisher\" content=\"https:\/\/kuali.com.mx\/web\/wp-content\/uploads\/2018\/04\/cropped-kuali_logo-1-1.png\" \/>\n<meta property=\"article:published_time\" content=\"2025-07-03T19:03:06+00:00\" \/>\n<meta property=\"article:modified_time\" content=\"2025-07-04T03:45:59+00:00\" \/>\n<meta property=\"og:image\" content=\"https:\/\/kuali.com.mx\/web\/wp-content\/uploads\/2025\/07\/Mezcal-.gif\" \/>\n\t<meta property=\"og:image:width\" content=\"1700\" \/>\n\t<meta property=\"og:image:height\" content=\"750\" \/>\n\t<meta property=\"og:image:type\" content=\"image\/gif\" \/>\n<meta name=\"author\" content=\"Kuali Staff\" \/>\n<meta name=\"twitter:card\" content=\"summary_large_image\" \/>\n<meta name=\"twitter:creator\" content=\"@kuali_noticias\" \/>\n<meta name=\"twitter:site\" content=\"@kuali_noticias\" \/>\n<meta name=\"twitter:label1\" content=\"Escrito por\" \/>\n\t<meta name=\"twitter:data1\" content=\"Kuali Staff\" \/>\n\t<meta name=\"twitter:label2\" content=\"Tiempo de lectura\" \/>\n\t<meta name=\"twitter:data2\" content=\"1 minuto\" \/>\n<script type=\"application\/ld+json\" class=\"yoast-schema-graph\">{\"@context\":\"https:\\\/\\\/schema.org\",\"@graph\":[{\"@type\":\"Article\",\"@id\":\"https:\\\/\\\/kuali.com.mx\\\/web\\\/2025\\\/07\\\/03\\\/festival-del-vino-mezcal-y-escamoles-en-ocampo\\\/#article\",\"isPartOf\":{\"@id\":\"https:\\\/\\\/kuali.com.mx\\\/web\\\/2025\\\/07\\\/03\\\/festival-del-vino-mezcal-y-escamoles-en-ocampo\\\/\"},\"author\":{\"name\":\"Kuali Staff\",\"@id\":\"https:\\\/\\\/kuali.com.mx\\\/web\\\/#\\\/schema\\\/person\\\/6f89ffa8ecba9dae50662357923c5289\"},\"headline\":\"FESTIVAL DEL VINO, MEZCAL Y ESCAMOLES EN OCAMPO\",\"datePublished\":\"2025-07-03T19:03:06+00:00\",\"dateModified\":\"2025-07-04T03:45:59+00:00\",\"mainEntityOfPage\":{\"@id\":\"https:\\\/\\\/kuali.com.mx\\\/web\\\/2025\\\/07\\\/03\\\/festival-del-vino-mezcal-y-escamoles-en-ocampo\\\/\"},\"wordCount\":253,\"commentCount\":0,\"image\":{\"@id\":\"https:\\\/\\\/kuali.com.mx\\\/web\\\/2025\\\/07\\\/03\\\/festival-del-vino-mezcal-y-escamoles-en-ocampo\\\/#primaryimage\"},\"thumbnailUrl\":\"https:\\\/\\\/kuali.com.mx\\\/web\\\/wp-content\\\/uploads\\\/2025\\\/07\\\/Mezcal-.gif\",\"keywords\":[\"Cocineras tradicionales\",\"Escamoles\",\"Festivales gastron\u00f3micos\",\"Mezcal\",\"Ocampo\",\"turismo\"],\"articleSection\":[\"Turismo\"],\"inLanguage\":\"es\",\"potentialAction\":[{\"@type\":\"CommentAction\",\"name\":\"Comment\",\"target\":[\"https:\\\/\\\/kuali.com.mx\\\/web\\\/2025\\\/07\\\/03\\\/festival-del-vino-mezcal-y-escamoles-en-ocampo\\\/#respond\"]}]},{\"@type\":\"WebPage\",\"@id\":\"https:\\\/\\\/kuali.com.mx\\\/web\\\/2025\\\/07\\\/03\\\/festival-del-vino-mezcal-y-escamoles-en-ocampo\\\/\",\"url\":\"https:\\\/\\\/kuali.com.mx\\\/web\\\/2025\\\/07\\\/03\\\/festival-del-vino-mezcal-y-escamoles-en-ocampo\\\/\",\"name\":\"FESTIVAL DEL VINO, MEZCAL Y ESCAMOLES EN OCAMPO - Kuali\",\"isPartOf\":{\"@id\":\"https:\\\/\\\/kuali.com.mx\\\/web\\\/#website\"},\"primaryImageOfPage\":{\"@id\":\"https:\\\/\\\/kuali.com.mx\\\/web\\\/2025\\\/07\\\/03\\\/festival-del-vino-mezcal-y-escamoles-en-ocampo\\\/#primaryimage\"},\"image\":{\"@id\":\"https:\\\/\\\/kuali.com.mx\\\/web\\\/2025\\\/07\\\/03\\\/festival-del-vino-mezcal-y-escamoles-en-ocampo\\\/#primaryimage\"},\"thumbnailUrl\":\"https:\\\/\\\/kuali.com.mx\\\/web\\\/wp-content\\\/uploads\\\/2025\\\/07\\\/Mezcal-.gif\",\"datePublished\":\"2025-07-03T19:03:06+00:00\",\"dateModified\":\"2025-07-04T03:45:59+00:00\",\"author\":{\"@id\":\"https:\\\/\\\/kuali.com.mx\\\/web\\\/#\\\/schema\\\/person\\\/6f89ffa8ecba9dae50662357923c5289\"},\"breadcrumb\":{\"@id\":\"https:\\\/\\\/kuali.com.mx\\\/web\\\/2025\\\/07\\\/03\\\/festival-del-vino-mezcal-y-escamoles-en-ocampo\\\/#breadcrumb\"},\"inLanguage\":\"es\",\"potentialAction\":[{\"@type\":\"ReadAction\",\"target\":[\"https:\\\/\\\/kuali.com.mx\\\/web\\\/2025\\\/07\\\/03\\\/festival-del-vino-mezcal-y-escamoles-en-ocampo\\\/\"]}]},{\"@type\":\"ImageObject\",\"inLanguage\":\"es\",\"@id\":\"https:\\\/\\\/kuali.com.mx\\\/web\\\/2025\\\/07\\\/03\\\/festival-del-vino-mezcal-y-escamoles-en-ocampo\\\/#primaryimage\",\"url\":\"https:\\\/\\\/kuali.com.mx\\\/web\\\/wp-content\\\/uploads\\\/2025\\\/07\\\/Mezcal-.gif\",\"contentUrl\":\"https:\\\/\\\/kuali.com.mx\\\/web\\\/wp-content\\\/uploads\\\/2025\\\/07\\\/Mezcal-.gif\",\"width\":1700,\"height\":750},{\"@type\":\"BreadcrumbList\",\"@id\":\"https:\\\/\\\/kuali.com.mx\\\/web\\\/2025\\\/07\\\/03\\\/festival-del-vino-mezcal-y-escamoles-en-ocampo\\\/#breadcrumb\",\"itemListElement\":[{\"@type\":\"ListItem\",\"position\":1,\"name\":\"Inicio\",\"item\":\"https:\\\/\\\/kuali.com.mx\\\/web\\\/\"},{\"@type\":\"ListItem\",\"position\":2,\"name\":\"FESTIVAL DEL VINO, MEZCAL Y ESCAMOLES EN OCAMPO\"}]},{\"@type\":\"WebSite\",\"@id\":\"https:\\\/\\\/kuali.com.mx\\\/web\\\/#website\",\"url\":\"https:\\\/\\\/kuali.com.mx\\\/web\\\/\",\"name\":\"Kuali\",\"description\":\"\",\"potentialAction\":[{\"@type\":\"SearchAction\",\"target\":{\"@type\":\"EntryPoint\",\"urlTemplate\":\"https:\\\/\\\/kuali.com.mx\\\/web\\\/?s={search_term_string}\"},\"query-input\":{\"@type\":\"PropertyValueSpecification\",\"valueRequired\":true,\"valueName\":\"search_term_string\"}}],\"inLanguage\":\"es\"},{\"@type\":\"Person\",\"@id\":\"https:\\\/\\\/kuali.com.mx\\\/web\\\/#\\\/schema\\\/person\\\/6f89ffa8ecba9dae50662357923c5289\",\"name\":\"Kuali Staff\",\"image\":{\"@type\":\"ImageObject\",\"inLanguage\":\"es\",\"@id\":\"https:\\\/\\\/secure.gravatar.com\\\/avatar\\\/f917ad82e5ab71227a733c78b6e60715476f69ee6be59feee4eb5d9920c89e0f?s=96&d=mm&r=g\",\"url\":\"https:\\\/\\\/secure.gravatar.com\\\/avatar\\\/f917ad82e5ab71227a733c78b6e60715476f69ee6be59feee4eb5d9920c89e0f?s=96&d=mm&r=g\",\"contentUrl\":\"https:\\\/\\\/secure.gravatar.com\\\/avatar\\\/f917ad82e5ab71227a733c78b6e60715476f69ee6be59feee4eb5d9920c89e0f?s=96&d=mm&r=g\",\"caption\":\"Kuali Staff\"},\"url\":\"https:\\\/\\\/kuali.com.mx\\\/web\\\/author\\\/lagarto\\\/\"}]}<\/script>\n<!-- \/ Yoast SEO plugin. -->","yoast_head_json":{"title":"FESTIVAL DEL VINO, MEZCAL Y ESCAMOLES EN OCAMPO - Kuali","robots":{"index":"index","follow":"follow","max-snippet":"max-snippet:-1","max-image-preview":"max-image-preview:large","max-video-preview":"max-video-preview:-1"},"canonical":"https:\/\/kuali.com.mx\/web\/2025\/07\/03\/festival-del-vino-mezcal-y-escamoles-en-ocampo\/","og_locale":"es_MX","og_type":"article","og_title":"FESTIVAL DEL VINO, MEZCAL Y ESCAMOLES EN OCAMPO - Kuali","og_description":"Kuali\/Ocampo, Gto.- El pr\u00f3ximo fin de semana tendr\u00e1 lugar la tercera edici\u00f3n del Festival del Vino, Mezcal y Escamoles \u00a1Ocampo S\u00ed Sabe! En el evento se ofertan productos de la regi\u00f3n, como el mezcal, y el m\u00e1s importante de todos: los escamoles, tambi\u00e9n conocidos como el \u201ccaviar mexicano\u201d, producto culinario considerado como afrodis\u00edaco.\u00a0 El Festival [&hellip;]","og_url":"https:\/\/kuali.com.mx\/web\/2025\/07\/03\/festival-del-vino-mezcal-y-escamoles-en-ocampo\/","og_site_name":"Kuali","article_publisher":"https:\/\/kuali.com.mx\/web\/wp-content\/uploads\/2018\/04\/cropped-kuali_logo-1-1.png","article_published_time":"2025-07-03T19:03:06+00:00","article_modified_time":"2025-07-04T03:45:59+00:00","og_image":[{"width":1700,"height":750,"url":"https:\/\/kuali.com.mx\/web\/wp-content\/uploads\/2025\/07\/Mezcal-.gif","type":"image\/gif"}],"author":"Kuali Staff","twitter_card":"summary_large_image","twitter_creator":"@kuali_noticias","twitter_site":"@kuali_noticias","twitter_misc":{"Escrito por":"Kuali Staff","Tiempo de lectura":"1 minuto"},"schema":{"@context":"https:\/\/schema.org","@graph":[{"@type":"Article","@id":"https:\/\/kuali.com.mx\/web\/2025\/07\/03\/festival-del-vino-mezcal-y-escamoles-en-ocampo\/#article","isPartOf":{"@id":"https:\/\/kuali.com.mx\/web\/2025\/07\/03\/festival-del-vino-mezcal-y-escamoles-en-ocampo\/"},"author":{"name":"Kuali Staff","@id":"https:\/\/kuali.com.mx\/web\/#\/schema\/person\/6f89ffa8ecba9dae50662357923c5289"},"headline":"FESTIVAL DEL VINO, MEZCAL Y ESCAMOLES EN OCAMPO","datePublished":"2025-07-03T19:03:06+00:00","dateModified":"2025-07-04T03:45:59+00:00","mainEntityOfPage":{"@id":"https:\/\/kuali.com.mx\/web\/2025\/07\/03\/festival-del-vino-mezcal-y-escamoles-en-ocampo\/"},"wordCount":253,"commentCount":0,"image":{"@id":"https:\/\/kuali.com.mx\/web\/2025\/07\/03\/festival-del-vino-mezcal-y-escamoles-en-ocampo\/#primaryimage"},"thumbnailUrl":"https:\/\/kuali.com.mx\/web\/wp-content\/uploads\/2025\/07\/Mezcal-.gif","keywords":["Cocineras tradicionales","Escamoles","Festivales gastron\u00f3micos","Mezcal","Ocampo","turismo"],"articleSection":["Turismo"],"inLanguage":"es","potentialAction":[{"@type":"CommentAction","name":"Comment","target":["https:\/\/kuali.com.mx\/web\/2025\/07\/03\/festival-del-vino-mezcal-y-escamoles-en-ocampo\/#respond"]}]},{"@type":"WebPage","@id":"https:\/\/kuali.com.mx\/web\/2025\/07\/03\/festival-del-vino-mezcal-y-escamoles-en-ocampo\/","url":"https:\/\/kuali.com.mx\/web\/2025\/07\/03\/festival-del-vino-mezcal-y-escamoles-en-ocampo\/","name":"FESTIVAL DEL VINO, MEZCAL Y ESCAMOLES EN OCAMPO - Kuali","isPartOf":{"@id":"https:\/\/kuali.com.mx\/web\/#website"},"primaryImageOfPage":{"@id":"https:\/\/kuali.com.mx\/web\/2025\/07\/03\/festival-del-vino-mezcal-y-escamoles-en-ocampo\/#primaryimage"},"image":{"@id":"https:\/\/kuali.com.mx\/web\/2025\/07\/03\/festival-del-vino-mezcal-y-escamoles-en-ocampo\/#primaryimage"},"thumbnailUrl":"https:\/\/kuali.com.mx\/web\/wp-content\/uploads\/2025\/07\/Mezcal-.gif","datePublished":"2025-07-03T19:03:06+00:00","dateModified":"2025-07-04T03:45:59+00:00","author":{"@id":"https:\/\/kuali.com.mx\/web\/#\/schema\/person\/6f89ffa8ecba9dae50662357923c5289"},"breadcrumb":{"@id":"https:\/\/kuali.com.mx\/web\/2025\/07\/03\/festival-del-vino-mezcal-y-escamoles-en-ocampo\/#breadcrumb"},"inLanguage":"es","potentialAction":[{"@type":"ReadAction","target":["https:\/\/kuali.com.mx\/web\/2025\/07\/03\/festival-del-vino-mezcal-y-escamoles-en-ocampo\/"]}]},{"@type":"ImageObject","inLanguage":"es","@id":"https:\/\/kuali.com.mx\/web\/2025\/07\/03\/festival-del-vino-mezcal-y-escamoles-en-ocampo\/#primaryimage","url":"https:\/\/kuali.com.mx\/web\/wp-content\/uploads\/2025\/07\/Mezcal-.gif","contentUrl":"https:\/\/kuali.com.mx\/web\/wp-content\/uploads\/2025\/07\/Mezcal-.gif","width":1700,"height":750},{"@type":"BreadcrumbList","@id":"https:\/\/kuali.com.mx\/web\/2025\/07\/03\/festival-del-vino-mezcal-y-escamoles-en-ocampo\/#breadcrumb","itemListElement":[{"@type":"ListItem","position":1,"name":"Inicio","item":"https:\/\/kuali.com.mx\/web\/"},{"@type":"ListItem","position":2,"name":"FESTIVAL DEL VINO, MEZCAL Y ESCAMOLES EN OCAMPO"}]},{"@type":"WebSite","@id":"https:\/\/kuali.com.mx\/web\/#website","url":"https:\/\/kuali.com.mx\/web\/","name":"Kuali","description":"","potentialAction":[{"@type":"SearchAction","target":{"@type":"EntryPoint","urlTemplate":"https:\/\/kuali.com.mx\/web\/?s={search_term_string}"},"query-input":{"@type":"PropertyValueSpecification","valueRequired":true,"valueName":"search_term_string"}}],"inLanguage":"es"},{"@type":"Person","@id":"https:\/\/kuali.com.mx\/web\/#\/schema\/person\/6f89ffa8ecba9dae50662357923c5289","name":"Kuali Staff","image":{"@type":"ImageObject","inLanguage":"es","@id":"https:\/\/secure.gravatar.com\/avatar\/f917ad82e5ab71227a733c78b6e60715476f69ee6be59feee4eb5d9920c89e0f?s=96&d=mm&r=g","url":"https:\/\/secure.gravatar.com\/avatar\/f917ad82e5ab71227a733c78b6e60715476f69ee6be59feee4eb5d9920c89e0f?s=96&d=mm&r=g","contentUrl":"https:\/\/secure.gravatar.com\/avatar\/f917ad82e5ab71227a733c78b6e60715476f69ee6be59feee4eb5d9920c89e0f?s=96&d=mm&r=g","caption":"Kuali Staff"},"url":"https:\/\/kuali.com.mx\/web\/author\/lagarto\/"}]}},"_links":{"self":[{"href":"https:\/\/kuali.com.mx\/web\/wp-json\/wp\/v2\/posts\/179492","targetHints":{"allow":["GET"]}}],"collection":[{"href":"https:\/\/kuali.com.mx\/web\/wp-json\/wp\/v2\/posts"}],"about":[{"href":"https:\/\/kuali.com.mx\/web\/wp-json\/wp\/v2\/types\/post"}],"author":[{"embeddable":true,"href":"https:\/\/kuali.com.mx\/web\/wp-json\/wp\/v2\/users\/2"}],"replies":[{"embeddable":true,"href":"https:\/\/kuali.com.mx\/web\/wp-json\/wp\/v2\/comments?post=179492"}],"version-history":[{"count":1,"href":"https:\/\/kuali.com.mx\/web\/wp-json\/wp\/v2\/posts\/179492\/revisions"}],"predecessor-version":[{"id":179506,"href":"https:\/\/kuali.com.mx\/web\/wp-json\/wp\/v2\/posts\/179492\/revisions\/179506"}],"wp:featuredmedia":[{"embeddable":true,"href":"https:\/\/kuali.com.mx\/web\/wp-json\/wp\/v2\/media\/179504"}],"wp:attachment":[{"href":"https:\/\/kuali.com.mx\/web\/wp-json\/wp\/v2\/media?parent=179492"}],"wp:term":[{"taxonomy":"category","embeddable":true,"href":"https:\/\/kuali.com.mx\/web\/wp-json\/wp\/v2\/categories?post=179492"},{"taxonomy":"post_tag","embeddable":true,"href":"https:\/\/kuali.com.mx\/web\/wp-json\/wp\/v2\/tags?post=179492"}],"curies":[{"name":"wp","href":"https:\/\/api.w.org\/{rel}","templated":true}]}}