{"id":179458,"date":"2025-07-03T13:29:34","date_gmt":"2025-07-03T19:29:34","guid":{"rendered":"https:\/\/kuali.com.mx\/web\/?p=179458"},"modified":"2025-07-03T17:52:29","modified_gmt":"2025-07-03T23:52:29","slug":"presentan-agenda-deportiva-sumate-y-muevete","status":"publish","type":"post","link":"https:\/\/kuali.com.mx\/web\/2025\/07\/03\/presentan-agenda-deportiva-sumate-y-muevete\/","title":{"rendered":"PRESENTAN AGENDA DEPORTIVA \u201cS\u00daMATE Y MU\u00c9VETE\u201d"},"content":{"rendered":"\n<p><em><strong>Gerardo Garc\u00eda\/Irapuato,Gto<\/strong><\/em>.-Janet Estrada Ponce, titular de Comudaj (Comisi\u00f3n Municipal del Deporte y Atenci\u00f3n a la Juventud de Irapuato), present\u00f3 la agenda deportiva \u201cS\u00famate y Mu\u00e9vete\u201d correspondiente al mes de julio, promoviendo la activaci\u00f3n f\u00edsica y el deporte en la ciudad.<\/p>\n\n\n\n<p>El acto protocolario fue encabezado por Valeria Alfaro Garc\u00eda, presidenta del DIF Irapuato, en representaci\u00f3n de la alcaldesa Lorena Alfaro Garc\u00eda, y cont\u00f3 con la presencia especial del equipo profesional de baloncesto Freseros de Irapuato y del profesor Eduardo Guerra, CN 6.\u00b0 Dan y director de la escuela de taekwondo MoonMooWon MooDukKwan, quien entreg\u00f3 un reconocimiento a la titular del COMUDAJ por su apoyo al deporte irapuatense.<\/p>\n\n\n\n<figure class=\"wp-block-image size-large\"><img loading=\"lazy\" decoding=\"async\" width=\"1024\" height=\"683\" src=\"https:\/\/kuali.com.mx\/web\/wp-content\/uploads\/2025\/07\/FOTO-3-1024x683.jpg\" alt=\"\" class=\"wp-image-179461\" srcset=\"https:\/\/kuali.com.mx\/web\/wp-content\/uploads\/2025\/07\/FOTO-3-1024x683.jpg 1024w, https:\/\/kuali.com.mx\/web\/wp-content\/uploads\/2025\/07\/FOTO-3-300x200.jpg 300w, https:\/\/kuali.com.mx\/web\/wp-content\/uploads\/2025\/07\/FOTO-3-768x512.jpg 768w, https:\/\/kuali.com.mx\/web\/wp-content\/uploads\/2025\/07\/FOTO-3-1536x1024.jpg 1536w, https:\/\/kuali.com.mx\/web\/wp-content\/uploads\/2025\/07\/FOTO-3-2048x1366.jpg 2048w, https:\/\/kuali.com.mx\/web\/wp-content\/uploads\/2025\/07\/FOTO-3-174x116.jpg 174w\" sizes=\"auto, (max-width: 1024px) 100vw, 1024px\" \/><figcaption class=\"wp-element-caption\">Fotos: Gerardo Garc\u00eda.<\/figcaption><\/figure>\n\n\n\n<p>Estrada Ponce explic\u00f3 que este mes se realizar\u00e1n diversas actividades deportivas. Una de las m\u00e1s destacadas es el inicio de la nueva temporada de basquetbol en el Inforum Irapuato, con la participaci\u00f3n de los Freseros.<\/p>\n\n\n\n<p>Por su parte, Valeria Alfaro Garc\u00eda hizo un reconocimiento de las y los j\u00f3venes que participaron en la Olimpiada Nacional por su destacada actuaci\u00f3n en distintas disciplinas; record\u00f3 que en Irapuato se impulsa el talento local.<\/p>\n\n\n\n<p><\/p>\n\n\n\n<p>.<\/p>\n\n\n\n<p>.<\/p>\n","protected":false},"excerpt":{"rendered":"Gerardo Garc\u00eda\/Irapuato,Gto.-Janet Estrada Ponce, titular de Comudaj (Comisi\u00f3n Municipal del Deporte y Atenci\u00f3n a la Juventud de Irapuato), present\u00f3 la agenda deportiva \u201cS\u00famate y Mu\u00e9vete\u201d correspondiente al mes de julio, promoviendo la activaci\u00f3n f\u00edsica y el deporte en la ciudad. El acto protocolario fue encabezado por Valeria Alfaro Garc\u00eda, presidenta del DIF Irapuato, en representaci\u00f3n [&hellip;]","protected":false},"author":2,"featured_media":179460,"comment_status":"open","ping_status":"open","sticky":false,"template":"","format":"standard","meta":{"_seopress_robots_primary_cat":"none","_seopress_titles_title":"","_seopress_titles_desc":"","_seopress_robots_index":"","_monsterinsights_skip_tracking":false,"_monsterinsights_sitenote_active":false,"_monsterinsights_sitenote_note":"","_monsterinsights_sitenote_category":0,"footnotes":""},"categories":[16],"tags":[],"class_list":["post-179458","post","type-post","status-publish","format-standard","has-post-thumbnail","hentry","category-deportes"],"yoast_head":"<!-- This site is optimized with the Yoast SEO plugin v27.4 - https:\/\/yoast.com\/product\/yoast-seo-wordpress\/ -->\n<title>PRESENTAN AGENDA DEPORTIVA \u201cS\u00daMATE Y MU\u00c9VETE\u201d - Kuali<\/title>\n<meta name=\"robots\" content=\"index, follow, max-snippet:-1, max-image-preview:large, max-video-preview:-1\" \/>\n<link rel=\"canonical\" href=\"https:\/\/kuali.com.mx\/web\/2025\/07\/03\/presentan-agenda-deportiva-sumate-y-muevete\/\" \/>\n<meta property=\"og:locale\" content=\"es_MX\" \/>\n<meta property=\"og:type\" content=\"article\" \/>\n<meta property=\"og:title\" content=\"PRESENTAN AGENDA DEPORTIVA \u201cS\u00daMATE Y MU\u00c9VETE\u201d - Kuali\" \/>\n<meta property=\"og:description\" content=\"Gerardo Garc\u00eda\/Irapuato,Gto.-Janet Estrada Ponce, titular de Comudaj (Comisi\u00f3n Municipal del Deporte y Atenci\u00f3n a la Juventud de Irapuato), present\u00f3 la agenda deportiva \u201cS\u00famate y Mu\u00e9vete\u201d correspondiente al mes de julio, promoviendo la activaci\u00f3n f\u00edsica y el deporte en la ciudad. El acto protocolario fue encabezado por Valeria Alfaro Garc\u00eda, presidenta del DIF Irapuato, en representaci\u00f3n [&hellip;]\" \/>\n<meta property=\"og:url\" content=\"https:\/\/kuali.com.mx\/web\/2025\/07\/03\/presentan-agenda-deportiva-sumate-y-muevete\/\" \/>\n<meta property=\"og:site_name\" content=\"Kuali\" \/>\n<meta property=\"article:publisher\" content=\"https:\/\/kuali.com.mx\/web\/wp-content\/uploads\/2018\/04\/cropped-kuali_logo-1-1.png\" \/>\n<meta property=\"article:published_time\" content=\"2025-07-03T19:29:34+00:00\" \/>\n<meta property=\"article:modified_time\" content=\"2025-07-03T23:52:29+00:00\" \/>\n<meta property=\"og:image\" content=\"https:\/\/kuali.com.mx\/web\/wp-content\/uploads\/2025\/07\/portada-a.jpg\" \/>\n\t<meta property=\"og:image:width\" content=\"1750\" \/>\n\t<meta property=\"og:image:height\" content=\"896\" \/>\n\t<meta property=\"og:image:type\" content=\"image\/jpeg\" \/>\n<meta name=\"author\" content=\"Kuali Staff\" \/>\n<meta name=\"twitter:card\" content=\"summary_large_image\" \/>\n<meta name=\"twitter:creator\" content=\"@kuali_noticias\" \/>\n<meta name=\"twitter:site\" content=\"@kuali_noticias\" \/>\n<meta name=\"twitter:label1\" content=\"Escrito por\" \/>\n\t<meta name=\"twitter:data1\" content=\"Kuali Staff\" \/>\n\t<meta name=\"twitter:label2\" content=\"Tiempo de lectura\" \/>\n\t<meta name=\"twitter:data2\" content=\"1 minuto\" \/>\n<script type=\"application\/ld+json\" class=\"yoast-schema-graph\">{\"@context\":\"https:\\\/\\\/schema.org\",\"@graph\":[{\"@type\":\"Article\",\"@id\":\"https:\\\/\\\/kuali.com.mx\\\/web\\\/2025\\\/07\\\/03\\\/presentan-agenda-deportiva-sumate-y-muevete\\\/#article\",\"isPartOf\":{\"@id\":\"https:\\\/\\\/kuali.com.mx\\\/web\\\/2025\\\/07\\\/03\\\/presentan-agenda-deportiva-sumate-y-muevete\\\/\"},\"author\":{\"name\":\"Kuali Staff\",\"@id\":\"https:\\\/\\\/kuali.com.mx\\\/web\\\/#\\\/schema\\\/person\\\/6f89ffa8ecba9dae50662357923c5289\"},\"headline\":\"PRESENTAN AGENDA DEPORTIVA \u201cS\u00daMATE Y MU\u00c9VETE\u201d\",\"datePublished\":\"2025-07-03T19:29:34+00:00\",\"dateModified\":\"2025-07-03T23:52:29+00:00\",\"mainEntityOfPage\":{\"@id\":\"https:\\\/\\\/kuali.com.mx\\\/web\\\/2025\\\/07\\\/03\\\/presentan-agenda-deportiva-sumate-y-muevete\\\/\"},\"wordCount\":208,\"commentCount\":0,\"image\":{\"@id\":\"https:\\\/\\\/kuali.com.mx\\\/web\\\/2025\\\/07\\\/03\\\/presentan-agenda-deportiva-sumate-y-muevete\\\/#primaryimage\"},\"thumbnailUrl\":\"https:\\\/\\\/kuali.com.mx\\\/web\\\/wp-content\\\/uploads\\\/2025\\\/07\\\/portada-a.jpg\",\"articleSection\":[\"Deportes\"],\"inLanguage\":\"es\",\"potentialAction\":[{\"@type\":\"CommentAction\",\"name\":\"Comment\",\"target\":[\"https:\\\/\\\/kuali.com.mx\\\/web\\\/2025\\\/07\\\/03\\\/presentan-agenda-deportiva-sumate-y-muevete\\\/#respond\"]}]},{\"@type\":\"WebPage\",\"@id\":\"https:\\\/\\\/kuali.com.mx\\\/web\\\/2025\\\/07\\\/03\\\/presentan-agenda-deportiva-sumate-y-muevete\\\/\",\"url\":\"https:\\\/\\\/kuali.com.mx\\\/web\\\/2025\\\/07\\\/03\\\/presentan-agenda-deportiva-sumate-y-muevete\\\/\",\"name\":\"PRESENTAN AGENDA DEPORTIVA \u201cS\u00daMATE Y MU\u00c9VETE\u201d - Kuali\",\"isPartOf\":{\"@id\":\"https:\\\/\\\/kuali.com.mx\\\/web\\\/#website\"},\"primaryImageOfPage\":{\"@id\":\"https:\\\/\\\/kuali.com.mx\\\/web\\\/2025\\\/07\\\/03\\\/presentan-agenda-deportiva-sumate-y-muevete\\\/#primaryimage\"},\"image\":{\"@id\":\"https:\\\/\\\/kuali.com.mx\\\/web\\\/2025\\\/07\\\/03\\\/presentan-agenda-deportiva-sumate-y-muevete\\\/#primaryimage\"},\"thumbnailUrl\":\"https:\\\/\\\/kuali.com.mx\\\/web\\\/wp-content\\\/uploads\\\/2025\\\/07\\\/portada-a.jpg\",\"datePublished\":\"2025-07-03T19:29:34+00:00\",\"dateModified\":\"2025-07-03T23:52:29+00:00\",\"author\":{\"@id\":\"https:\\\/\\\/kuali.com.mx\\\/web\\\/#\\\/schema\\\/person\\\/6f89ffa8ecba9dae50662357923c5289\"},\"breadcrumb\":{\"@id\":\"https:\\\/\\\/kuali.com.mx\\\/web\\\/2025\\\/07\\\/03\\\/presentan-agenda-deportiva-sumate-y-muevete\\\/#breadcrumb\"},\"inLanguage\":\"es\",\"potentialAction\":[{\"@type\":\"ReadAction\",\"target\":[\"https:\\\/\\\/kuali.com.mx\\\/web\\\/2025\\\/07\\\/03\\\/presentan-agenda-deportiva-sumate-y-muevete\\\/\"]}]},{\"@type\":\"ImageObject\",\"inLanguage\":\"es\",\"@id\":\"https:\\\/\\\/kuali.com.mx\\\/web\\\/2025\\\/07\\\/03\\\/presentan-agenda-deportiva-sumate-y-muevete\\\/#primaryimage\",\"url\":\"https:\\\/\\\/kuali.com.mx\\\/web\\\/wp-content\\\/uploads\\\/2025\\\/07\\\/portada-a.jpg\",\"contentUrl\":\"https:\\\/\\\/kuali.com.mx\\\/web\\\/wp-content\\\/uploads\\\/2025\\\/07\\\/portada-a.jpg\",\"width\":1750,\"height\":896},{\"@type\":\"BreadcrumbList\",\"@id\":\"https:\\\/\\\/kuali.com.mx\\\/web\\\/2025\\\/07\\\/03\\\/presentan-agenda-deportiva-sumate-y-muevete\\\/#breadcrumb\",\"itemListElement\":[{\"@type\":\"ListItem\",\"position\":1,\"name\":\"Inicio\",\"item\":\"https:\\\/\\\/kuali.com.mx\\\/web\\\/\"},{\"@type\":\"ListItem\",\"position\":2,\"name\":\"PRESENTAN AGENDA DEPORTIVA \u201cS\u00daMATE Y MU\u00c9VETE\u201d\"}]},{\"@type\":\"WebSite\",\"@id\":\"https:\\\/\\\/kuali.com.mx\\\/web\\\/#website\",\"url\":\"https:\\\/\\\/kuali.com.mx\\\/web\\\/\",\"name\":\"Kuali\",\"description\":\"\",\"potentialAction\":[{\"@type\":\"SearchAction\",\"target\":{\"@type\":\"EntryPoint\",\"urlTemplate\":\"https:\\\/\\\/kuali.com.mx\\\/web\\\/?s={search_term_string}\"},\"query-input\":{\"@type\":\"PropertyValueSpecification\",\"valueRequired\":true,\"valueName\":\"search_term_string\"}}],\"inLanguage\":\"es\"},{\"@type\":\"Person\",\"@id\":\"https:\\\/\\\/kuali.com.mx\\\/web\\\/#\\\/schema\\\/person\\\/6f89ffa8ecba9dae50662357923c5289\",\"name\":\"Kuali Staff\",\"image\":{\"@type\":\"ImageObject\",\"inLanguage\":\"es\",\"@id\":\"https:\\\/\\\/secure.gravatar.com\\\/avatar\\\/f917ad82e5ab71227a733c78b6e60715476f69ee6be59feee4eb5d9920c89e0f?s=96&d=mm&r=g\",\"url\":\"https:\\\/\\\/secure.gravatar.com\\\/avatar\\\/f917ad82e5ab71227a733c78b6e60715476f69ee6be59feee4eb5d9920c89e0f?s=96&d=mm&r=g\",\"contentUrl\":\"https:\\\/\\\/secure.gravatar.com\\\/avatar\\\/f917ad82e5ab71227a733c78b6e60715476f69ee6be59feee4eb5d9920c89e0f?s=96&d=mm&r=g\",\"caption\":\"Kuali Staff\"},\"url\":\"https:\\\/\\\/kuali.com.mx\\\/web\\\/author\\\/lagarto\\\/\"}]}<\/script>\n<!-- \/ Yoast SEO plugin. -->","yoast_head_json":{"title":"PRESENTAN AGENDA DEPORTIVA \u201cS\u00daMATE Y MU\u00c9VETE\u201d - Kuali","robots":{"index":"index","follow":"follow","max-snippet":"max-snippet:-1","max-image-preview":"max-image-preview:large","max-video-preview":"max-video-preview:-1"},"canonical":"https:\/\/kuali.com.mx\/web\/2025\/07\/03\/presentan-agenda-deportiva-sumate-y-muevete\/","og_locale":"es_MX","og_type":"article","og_title":"PRESENTAN AGENDA DEPORTIVA \u201cS\u00daMATE Y MU\u00c9VETE\u201d - Kuali","og_description":"Gerardo Garc\u00eda\/Irapuato,Gto.-Janet Estrada Ponce, titular de Comudaj (Comisi\u00f3n Municipal del Deporte y Atenci\u00f3n a la Juventud de Irapuato), present\u00f3 la agenda deportiva \u201cS\u00famate y Mu\u00e9vete\u201d correspondiente al mes de julio, promoviendo la activaci\u00f3n f\u00edsica y el deporte en la ciudad. El acto protocolario fue encabezado por Valeria Alfaro Garc\u00eda, presidenta del DIF Irapuato, en representaci\u00f3n [&hellip;]","og_url":"https:\/\/kuali.com.mx\/web\/2025\/07\/03\/presentan-agenda-deportiva-sumate-y-muevete\/","og_site_name":"Kuali","article_publisher":"https:\/\/kuali.com.mx\/web\/wp-content\/uploads\/2018\/04\/cropped-kuali_logo-1-1.png","article_published_time":"2025-07-03T19:29:34+00:00","article_modified_time":"2025-07-03T23:52:29+00:00","og_image":[{"width":1750,"height":896,"url":"https:\/\/kuali.com.mx\/web\/wp-content\/uploads\/2025\/07\/portada-a.jpg","type":"image\/jpeg"}],"author":"Kuali Staff","twitter_card":"summary_large_image","twitter_creator":"@kuali_noticias","twitter_site":"@kuali_noticias","twitter_misc":{"Escrito por":"Kuali Staff","Tiempo de lectura":"1 minuto"},"schema":{"@context":"https:\/\/schema.org","@graph":[{"@type":"Article","@id":"https:\/\/kuali.com.mx\/web\/2025\/07\/03\/presentan-agenda-deportiva-sumate-y-muevete\/#article","isPartOf":{"@id":"https:\/\/kuali.com.mx\/web\/2025\/07\/03\/presentan-agenda-deportiva-sumate-y-muevete\/"},"author":{"name":"Kuali Staff","@id":"https:\/\/kuali.com.mx\/web\/#\/schema\/person\/6f89ffa8ecba9dae50662357923c5289"},"headline":"PRESENTAN AGENDA DEPORTIVA \u201cS\u00daMATE Y MU\u00c9VETE\u201d","datePublished":"2025-07-03T19:29:34+00:00","dateModified":"2025-07-03T23:52:29+00:00","mainEntityOfPage":{"@id":"https:\/\/kuali.com.mx\/web\/2025\/07\/03\/presentan-agenda-deportiva-sumate-y-muevete\/"},"wordCount":208,"commentCount":0,"image":{"@id":"https:\/\/kuali.com.mx\/web\/2025\/07\/03\/presentan-agenda-deportiva-sumate-y-muevete\/#primaryimage"},"thumbnailUrl":"https:\/\/kuali.com.mx\/web\/wp-content\/uploads\/2025\/07\/portada-a.jpg","articleSection":["Deportes"],"inLanguage":"es","potentialAction":[{"@type":"CommentAction","name":"Comment","target":["https:\/\/kuali.com.mx\/web\/2025\/07\/03\/presentan-agenda-deportiva-sumate-y-muevete\/#respond"]}]},{"@type":"WebPage","@id":"https:\/\/kuali.com.mx\/web\/2025\/07\/03\/presentan-agenda-deportiva-sumate-y-muevete\/","url":"https:\/\/kuali.com.mx\/web\/2025\/07\/03\/presentan-agenda-deportiva-sumate-y-muevete\/","name":"PRESENTAN AGENDA DEPORTIVA \u201cS\u00daMATE Y MU\u00c9VETE\u201d - Kuali","isPartOf":{"@id":"https:\/\/kuali.com.mx\/web\/#website"},"primaryImageOfPage":{"@id":"https:\/\/kuali.com.mx\/web\/2025\/07\/03\/presentan-agenda-deportiva-sumate-y-muevete\/#primaryimage"},"image":{"@id":"https:\/\/kuali.com.mx\/web\/2025\/07\/03\/presentan-agenda-deportiva-sumate-y-muevete\/#primaryimage"},"thumbnailUrl":"https:\/\/kuali.com.mx\/web\/wp-content\/uploads\/2025\/07\/portada-a.jpg","datePublished":"2025-07-03T19:29:34+00:00","dateModified":"2025-07-03T23:52:29+00:00","author":{"@id":"https:\/\/kuali.com.mx\/web\/#\/schema\/person\/6f89ffa8ecba9dae50662357923c5289"},"breadcrumb":{"@id":"https:\/\/kuali.com.mx\/web\/2025\/07\/03\/presentan-agenda-deportiva-sumate-y-muevete\/#breadcrumb"},"inLanguage":"es","potentialAction":[{"@type":"ReadAction","target":["https:\/\/kuali.com.mx\/web\/2025\/07\/03\/presentan-agenda-deportiva-sumate-y-muevete\/"]}]},{"@type":"ImageObject","inLanguage":"es","@id":"https:\/\/kuali.com.mx\/web\/2025\/07\/03\/presentan-agenda-deportiva-sumate-y-muevete\/#primaryimage","url":"https:\/\/kuali.com.mx\/web\/wp-content\/uploads\/2025\/07\/portada-a.jpg","contentUrl":"https:\/\/kuali.com.mx\/web\/wp-content\/uploads\/2025\/07\/portada-a.jpg","width":1750,"height":896},{"@type":"BreadcrumbList","@id":"https:\/\/kuali.com.mx\/web\/2025\/07\/03\/presentan-agenda-deportiva-sumate-y-muevete\/#breadcrumb","itemListElement":[{"@type":"ListItem","position":1,"name":"Inicio","item":"https:\/\/kuali.com.mx\/web\/"},{"@type":"ListItem","position":2,"name":"PRESENTAN AGENDA DEPORTIVA \u201cS\u00daMATE Y MU\u00c9VETE\u201d"}]},{"@type":"WebSite","@id":"https:\/\/kuali.com.mx\/web\/#website","url":"https:\/\/kuali.com.mx\/web\/","name":"Kuali","description":"","potentialAction":[{"@type":"SearchAction","target":{"@type":"EntryPoint","urlTemplate":"https:\/\/kuali.com.mx\/web\/?s={search_term_string}"},"query-input":{"@type":"PropertyValueSpecification","valueRequired":true,"valueName":"search_term_string"}}],"inLanguage":"es"},{"@type":"Person","@id":"https:\/\/kuali.com.mx\/web\/#\/schema\/person\/6f89ffa8ecba9dae50662357923c5289","name":"Kuali Staff","image":{"@type":"ImageObject","inLanguage":"es","@id":"https:\/\/secure.gravatar.com\/avatar\/f917ad82e5ab71227a733c78b6e60715476f69ee6be59feee4eb5d9920c89e0f?s=96&d=mm&r=g","url":"https:\/\/secure.gravatar.com\/avatar\/f917ad82e5ab71227a733c78b6e60715476f69ee6be59feee4eb5d9920c89e0f?s=96&d=mm&r=g","contentUrl":"https:\/\/secure.gravatar.com\/avatar\/f917ad82e5ab71227a733c78b6e60715476f69ee6be59feee4eb5d9920c89e0f?s=96&d=mm&r=g","caption":"Kuali Staff"},"url":"https:\/\/kuali.com.mx\/web\/author\/lagarto\/"}]}},"_links":{"self":[{"href":"https:\/\/kuali.com.mx\/web\/wp-json\/wp\/v2\/posts\/179458","targetHints":{"allow":["GET"]}}],"collection":[{"href":"https:\/\/kuali.com.mx\/web\/wp-json\/wp\/v2\/posts"}],"about":[{"href":"https:\/\/kuali.com.mx\/web\/wp-json\/wp\/v2\/types\/post"}],"author":[{"embeddable":true,"href":"https:\/\/kuali.com.mx\/web\/wp-json\/wp\/v2\/users\/2"}],"replies":[{"embeddable":true,"href":"https:\/\/kuali.com.mx\/web\/wp-json\/wp\/v2\/comments?post=179458"}],"version-history":[{"count":3,"href":"https:\/\/kuali.com.mx\/web\/wp-json\/wp\/v2\/posts\/179458\/revisions"}],"predecessor-version":[{"id":179497,"href":"https:\/\/kuali.com.mx\/web\/wp-json\/wp\/v2\/posts\/179458\/revisions\/179497"}],"wp:featuredmedia":[{"embeddable":true,"href":"https:\/\/kuali.com.mx\/web\/wp-json\/wp\/v2\/media\/179460"}],"wp:attachment":[{"href":"https:\/\/kuali.com.mx\/web\/wp-json\/wp\/v2\/media?parent=179458"}],"wp:term":[{"taxonomy":"category","embeddable":true,"href":"https:\/\/kuali.com.mx\/web\/wp-json\/wp\/v2\/categories?post=179458"},{"taxonomy":"post_tag","embeddable":true,"href":"https:\/\/kuali.com.mx\/web\/wp-json\/wp\/v2\/tags?post=179458"}],"curies":[{"name":"wp","href":"https:\/\/api.w.org\/{rel}","templated":true}]}}