{"id":179243,"date":"2025-06-30T20:39:41","date_gmt":"2025-07-01T02:39:41","guid":{"rendered":"https:\/\/kuali.com.mx\/web\/?p=179243"},"modified":"2025-07-01T06:39:41","modified_gmt":"2025-07-01T12:39:41","slug":"no-es-necesario-extraer-agua-de-la-presa-sapal","status":"publish","type":"post","link":"https:\/\/kuali.com.mx\/web\/2025\/06\/30\/no-es-necesario-extraer-agua-de-la-presa-sapal\/","title":{"rendered":"NO ES NECESARIO EXTRAER AGUA DE LA PRESA: SAPAL"},"content":{"rendered":"\n<p><strong>Alicia Arias\/Le\u00f3n, Gto.- <\/strong>Aunque la Presa de El Palote se encuentra a un nivel del 53 por ciento de su capacidad, todav\u00eda no se le extrae agua para dotar a los habitantes de la ciudad de Le\u00f3n porque se usa el agua de pozos y vendr\u00e1n m\u00e1s sequ\u00edas, por ello se reserva el l\u00edquido de la presa.<\/p>\n\n\n\n<p>Las lluvias de las \u00faltimas semanas \u201cni siquiera nos van a recuperar los niveles que hemos perdido por estos tres-cuatro a\u00f1os de sequ\u00eda\u201d, declar\u00f3 en entrevista con los medios de comunicaci\u00f3n el director general del Sistema de Agua Potable y Alcantarillado de Le\u00f3n (SAPAL), Enrique De Haro Maldonado.<\/p>\n\n\n\n<iframe loading=\"lazy\" src=\"https:\/\/www.facebook.com\/plugins\/video.php?height=314&href=https%3A%2F%2Fwww.facebook.com%2FKualiNoticias%2Fvideos%2F1653342972018648%2F&show_text=true&width=560&t=0\" width=\"560\" height=\"429\" style=\"border:none;overflow:hidden\" scrolling=\"no\" frameborder=\"0\" allowfullscreen=\"true\" allow=\"autoplay; clipboard-write; encrypted-media; picture-in-picture; web-share\" allowFullScreen=\"true\"><\/iframe>\n\n\n\n<p>Asegur\u00f3 que el tandeo de agua a 143 colonias se suspendi\u00f3 desde enero pasado y n o volver\u00e1 a verlos en este a\u00f1o.<\/p>\n\n\n\n<p>En este momento, se surte al municipio con agua de los 167 pozos que opera el organismo, por lo que no ha sido necesario sacar agua de la presa porque, muy probablemente ser\u00e1 necesaria en otro momento.<\/p>\n\n\n\n<figure class=\"wp-block-embed is-type-wp-embed is-provider-kuali wp-block-embed-kuali\"><div class=\"wp-block-embed__wrapper\">\n<blockquote class=\"wp-embedded-content\" data-secret=\"XK4iTZecR7\"><a href=\"https:\/\/kuali.com.mx\/web\/2025\/06\/22\/aumenta-el-nivel-de-la-presa-el-palote\/\">AUMENTA EL NIVEL DE LA PRESA EL PALOTE<\/a><\/blockquote><iframe loading=\"lazy\" class=\"wp-embedded-content\" sandbox=\"allow-scripts\" security=\"restricted\" style=\"position: absolute; visibility: hidden;\" title=\"&#8220;AUMENTA EL NIVEL DE LA PRESA EL PALOTE&#8221; &#8212; Kuali\" src=\"https:\/\/kuali.com.mx\/web\/2025\/06\/22\/aumenta-el-nivel-de-la-presa-el-palote\/embed\/#?secret=OMqsNweA39#?secret=XK4iTZecR7\" data-secret=\"XK4iTZecR7\" width=\"600\" height=\"338\" frameborder=\"0\" marginwidth=\"0\" marginheight=\"0\" scrolling=\"no\"><\/iframe>\n<\/div><\/figure>\n\n\n\n<p>\u201cLas lluvias se van a ir. Tenemos que administrar y cuidar ese vado, entonces, si lo cuidamos y administramos para el siguiente estiaje, ya va a ser otro cantar el que tendr\u00edamos\u201d, coment\u00f3 Enrique De Haro.<\/p>\n\n\n\n<p>La Presa de El Palote, que estuvo seca durante los \u00faltimos tres a\u00f1os, hoy se encuentra al 53 por ciento de su capacidad. Las reglas de operaci\u00f3n de la Comisi\u00f3n Nacional del Agua (Conagua) establecen que se le puede extraer agua a partir del 40 por ciento de almacenamiento. &nbsp;<\/p>\n\n\n\n<p>\u201cYa se tiene un muy buen nivel en la presa\u201d y \u201choy en d\u00eda no es necesario extraer agua\u201d, debido a que es fundamental guardarla porque \u201cse nos va a venir otra vez el calor y tenemos que administrar, de alguna manera, este recurso\u201d, reiter\u00f3 el director de SAPAL.<\/p>\n\n\n\n<p>Aunque el estado sigue siendo de sequ\u00eda a nivel nacional y no habr\u00e1 m\u00e1s tandeos de agua en<\/p>\n\n\n\n<p>En temas de agua a nivel nacional \u201cno nos podemos relajar seguimos en un estado de sequ\u00eda\u201d y \u201cel llamado es seguir cuidando el agua y no relajarse\u201d, concluy\u00f3 el director de SAPAL.<\/p>\n\n\n\n<figure class=\"wp-block-embed is-type-wp-embed is-provider-kuali wp-block-embed-kuali\"><div class=\"wp-block-embed__wrapper\">\n<blockquote class=\"wp-embedded-content\" data-secret=\"bQnlbfFH9u\"><a href=\"https:\/\/kuali.com.mx\/web\/2025\/01\/20\/reduciria-sapal-tandeos-143-colonias-no-tienen-servicio-diario\/\">REDUCIR\u00cdA SAPAL TANDEOS; 143 COLONIAS NO TIENEN SERVICIO DIARIO<\/a><\/blockquote><iframe loading=\"lazy\" class=\"wp-embedded-content\" sandbox=\"allow-scripts\" security=\"restricted\" style=\"position: absolute; visibility: hidden;\" title=\"&#8220;REDUCIR\u00cdA SAPAL TANDEOS; 143 COLONIAS NO TIENEN SERVICIO DIARIO&#8221; &#8212; Kuali\" src=\"https:\/\/kuali.com.mx\/web\/2025\/01\/20\/reduciria-sapal-tandeos-143-colonias-no-tienen-servicio-diario\/embed\/#?secret=skicMsbHjx#?secret=bQnlbfFH9u\" data-secret=\"bQnlbfFH9u\" width=\"600\" height=\"338\" frameborder=\"0\" marginwidth=\"0\" marginheight=\"0\" scrolling=\"no\"><\/iframe>\n<\/div><\/figure>\n","protected":false},"excerpt":{"rendered":"Alicia Arias\/Le\u00f3n, Gto.- Aunque la Presa de El Palote se encuentra a un nivel del 53 por ciento de su capacidad, todav\u00eda no se le extrae agua para dotar a los habitantes de la ciudad de Le\u00f3n porque se usa el agua de pozos y vendr\u00e1n m\u00e1s sequ\u00edas, por ello se reserva el l\u00edquido de [&hellip;]","protected":false},"author":2,"featured_media":136595,"comment_status":"open","ping_status":"open","sticky":false,"template":"","format":"standard","meta":{"_seopress_robots_primary_cat":"none","_seopress_titles_title":"","_seopress_titles_desc":"","_seopress_robots_index":"","_monsterinsights_skip_tracking":false,"_monsterinsights_sitenote_active":false,"_monsterinsights_sitenote_note":"","_monsterinsights_sitenote_category":0,"footnotes":""},"categories":[17,69],"tags":[],"class_list":["post-179243","post","type-post","status-publish","format-standard","has-post-thumbnail","hentry","category-ecologia","category-slider"],"yoast_head":"<!-- This site is optimized with the Yoast SEO plugin v27.4 - https:\/\/yoast.com\/product\/yoast-seo-wordpress\/ -->\n<title>NO ES NECESARIO EXTRAER AGUA DE LA PRESA: SAPAL - Kuali<\/title>\n<meta name=\"robots\" content=\"index, follow, max-snippet:-1, max-image-preview:large, max-video-preview:-1\" \/>\n<link rel=\"canonical\" href=\"https:\/\/kuali.com.mx\/web\/2025\/06\/30\/no-es-necesario-extraer-agua-de-la-presa-sapal\/\" \/>\n<meta property=\"og:locale\" content=\"es_MX\" \/>\n<meta property=\"og:type\" content=\"article\" \/>\n<meta property=\"og:title\" content=\"NO ES NECESARIO EXTRAER AGUA DE LA PRESA: SAPAL - Kuali\" \/>\n<meta property=\"og:description\" content=\"Alicia Arias\/Le\u00f3n, Gto.- Aunque la Presa de El Palote se encuentra a un nivel del 53 por ciento de su capacidad, todav\u00eda no se le extrae agua para dotar a los habitantes de la ciudad de Le\u00f3n porque se usa el agua de pozos y vendr\u00e1n m\u00e1s sequ\u00edas, por ello se reserva el l\u00edquido de [&hellip;]\" \/>\n<meta property=\"og:url\" content=\"https:\/\/kuali.com.mx\/web\/2025\/06\/30\/no-es-necesario-extraer-agua-de-la-presa-sapal\/\" \/>\n<meta property=\"og:site_name\" content=\"Kuali\" \/>\n<meta property=\"article:publisher\" content=\"https:\/\/kuali.com.mx\/web\/wp-content\/uploads\/2018\/04\/cropped-kuali_logo-1-1.png\" \/>\n<meta property=\"article:published_time\" content=\"2025-07-01T02:39:41+00:00\" \/>\n<meta property=\"article:modified_time\" content=\"2025-07-01T12:39:41+00:00\" \/>\n<meta property=\"og:image\" content=\"https:\/\/kuali.com.mx\/web\/wp-content\/uploads\/2024\/02\/Presa-El-Palote-3.jpeg\" \/>\n\t<meta property=\"og:image:width\" content=\"1747\" \/>\n\t<meta property=\"og:image:height\" content=\"750\" \/>\n\t<meta property=\"og:image:type\" content=\"image\/jpeg\" \/>\n<meta name=\"author\" content=\"Kuali Staff\" \/>\n<meta name=\"twitter:card\" content=\"summary_large_image\" \/>\n<meta name=\"twitter:creator\" content=\"@kuali_noticias\" \/>\n<meta name=\"twitter:site\" content=\"@kuali_noticias\" \/>\n<meta name=\"twitter:label1\" content=\"Escrito por\" \/>\n\t<meta name=\"twitter:data1\" content=\"Kuali Staff\" \/>\n\t<meta name=\"twitter:label2\" content=\"Tiempo de lectura\" \/>\n\t<meta name=\"twitter:data2\" content=\"2 minutos\" \/>\n<script type=\"application\/ld+json\" class=\"yoast-schema-graph\">{\"@context\":\"https:\\\/\\\/schema.org\",\"@graph\":[{\"@type\":\"Article\",\"@id\":\"https:\\\/\\\/kuali.com.mx\\\/web\\\/2025\\\/06\\\/30\\\/no-es-necesario-extraer-agua-de-la-presa-sapal\\\/#article\",\"isPartOf\":{\"@id\":\"https:\\\/\\\/kuali.com.mx\\\/web\\\/2025\\\/06\\\/30\\\/no-es-necesario-extraer-agua-de-la-presa-sapal\\\/\"},\"author\":{\"name\":\"Kuali Staff\",\"@id\":\"https:\\\/\\\/kuali.com.mx\\\/web\\\/#\\\/schema\\\/person\\\/6f89ffa8ecba9dae50662357923c5289\"},\"headline\":\"NO ES NECESARIO EXTRAER AGUA DE LA PRESA: SAPAL\",\"datePublished\":\"2025-07-01T02:39:41+00:00\",\"dateModified\":\"2025-07-01T12:39:41+00:00\",\"mainEntityOfPage\":{\"@id\":\"https:\\\/\\\/kuali.com.mx\\\/web\\\/2025\\\/06\\\/30\\\/no-es-necesario-extraer-agua-de-la-presa-sapal\\\/\"},\"wordCount\":390,\"commentCount\":0,\"image\":{\"@id\":\"https:\\\/\\\/kuali.com.mx\\\/web\\\/2025\\\/06\\\/30\\\/no-es-necesario-extraer-agua-de-la-presa-sapal\\\/#primaryimage\"},\"thumbnailUrl\":\"https:\\\/\\\/kuali.com.mx\\\/web\\\/wp-content\\\/uploads\\\/2024\\\/02\\\/Presa-El-Palote-3.jpeg\",\"articleSection\":[\"Ecolog\u00eda\",\"slider\"],\"inLanguage\":\"es\",\"potentialAction\":[{\"@type\":\"CommentAction\",\"name\":\"Comment\",\"target\":[\"https:\\\/\\\/kuali.com.mx\\\/web\\\/2025\\\/06\\\/30\\\/no-es-necesario-extraer-agua-de-la-presa-sapal\\\/#respond\"]}]},{\"@type\":\"WebPage\",\"@id\":\"https:\\\/\\\/kuali.com.mx\\\/web\\\/2025\\\/06\\\/30\\\/no-es-necesario-extraer-agua-de-la-presa-sapal\\\/\",\"url\":\"https:\\\/\\\/kuali.com.mx\\\/web\\\/2025\\\/06\\\/30\\\/no-es-necesario-extraer-agua-de-la-presa-sapal\\\/\",\"name\":\"NO ES NECESARIO EXTRAER AGUA DE LA PRESA: SAPAL - Kuali\",\"isPartOf\":{\"@id\":\"https:\\\/\\\/kuali.com.mx\\\/web\\\/#website\"},\"primaryImageOfPage\":{\"@id\":\"https:\\\/\\\/kuali.com.mx\\\/web\\\/2025\\\/06\\\/30\\\/no-es-necesario-extraer-agua-de-la-presa-sapal\\\/#primaryimage\"},\"image\":{\"@id\":\"https:\\\/\\\/kuali.com.mx\\\/web\\\/2025\\\/06\\\/30\\\/no-es-necesario-extraer-agua-de-la-presa-sapal\\\/#primaryimage\"},\"thumbnailUrl\":\"https:\\\/\\\/kuali.com.mx\\\/web\\\/wp-content\\\/uploads\\\/2024\\\/02\\\/Presa-El-Palote-3.jpeg\",\"datePublished\":\"2025-07-01T02:39:41+00:00\",\"dateModified\":\"2025-07-01T12:39:41+00:00\",\"author\":{\"@id\":\"https:\\\/\\\/kuali.com.mx\\\/web\\\/#\\\/schema\\\/person\\\/6f89ffa8ecba9dae50662357923c5289\"},\"breadcrumb\":{\"@id\":\"https:\\\/\\\/kuali.com.mx\\\/web\\\/2025\\\/06\\\/30\\\/no-es-necesario-extraer-agua-de-la-presa-sapal\\\/#breadcrumb\"},\"inLanguage\":\"es\",\"potentialAction\":[{\"@type\":\"ReadAction\",\"target\":[\"https:\\\/\\\/kuali.com.mx\\\/web\\\/2025\\\/06\\\/30\\\/no-es-necesario-extraer-agua-de-la-presa-sapal\\\/\"]}]},{\"@type\":\"ImageObject\",\"inLanguage\":\"es\",\"@id\":\"https:\\\/\\\/kuali.com.mx\\\/web\\\/2025\\\/06\\\/30\\\/no-es-necesario-extraer-agua-de-la-presa-sapal\\\/#primaryimage\",\"url\":\"https:\\\/\\\/kuali.com.mx\\\/web\\\/wp-content\\\/uploads\\\/2024\\\/02\\\/Presa-El-Palote-3.jpeg\",\"contentUrl\":\"https:\\\/\\\/kuali.com.mx\\\/web\\\/wp-content\\\/uploads\\\/2024\\\/02\\\/Presa-El-Palote-3.jpeg\",\"width\":1747,\"height\":750},{\"@type\":\"BreadcrumbList\",\"@id\":\"https:\\\/\\\/kuali.com.mx\\\/web\\\/2025\\\/06\\\/30\\\/no-es-necesario-extraer-agua-de-la-presa-sapal\\\/#breadcrumb\",\"itemListElement\":[{\"@type\":\"ListItem\",\"position\":1,\"name\":\"Inicio\",\"item\":\"https:\\\/\\\/kuali.com.mx\\\/web\\\/\"},{\"@type\":\"ListItem\",\"position\":2,\"name\":\"NO ES NECESARIO EXTRAER AGUA DE LA PRESA: SAPAL\"}]},{\"@type\":\"WebSite\",\"@id\":\"https:\\\/\\\/kuali.com.mx\\\/web\\\/#website\",\"url\":\"https:\\\/\\\/kuali.com.mx\\\/web\\\/\",\"name\":\"Kuali\",\"description\":\"\",\"potentialAction\":[{\"@type\":\"SearchAction\",\"target\":{\"@type\":\"EntryPoint\",\"urlTemplate\":\"https:\\\/\\\/kuali.com.mx\\\/web\\\/?s={search_term_string}\"},\"query-input\":{\"@type\":\"PropertyValueSpecification\",\"valueRequired\":true,\"valueName\":\"search_term_string\"}}],\"inLanguage\":\"es\"},{\"@type\":\"Person\",\"@id\":\"https:\\\/\\\/kuali.com.mx\\\/web\\\/#\\\/schema\\\/person\\\/6f89ffa8ecba9dae50662357923c5289\",\"name\":\"Kuali Staff\",\"image\":{\"@type\":\"ImageObject\",\"inLanguage\":\"es\",\"@id\":\"https:\\\/\\\/secure.gravatar.com\\\/avatar\\\/f917ad82e5ab71227a733c78b6e60715476f69ee6be59feee4eb5d9920c89e0f?s=96&d=mm&r=g\",\"url\":\"https:\\\/\\\/secure.gravatar.com\\\/avatar\\\/f917ad82e5ab71227a733c78b6e60715476f69ee6be59feee4eb5d9920c89e0f?s=96&d=mm&r=g\",\"contentUrl\":\"https:\\\/\\\/secure.gravatar.com\\\/avatar\\\/f917ad82e5ab71227a733c78b6e60715476f69ee6be59feee4eb5d9920c89e0f?s=96&d=mm&r=g\",\"caption\":\"Kuali Staff\"},\"url\":\"https:\\\/\\\/kuali.com.mx\\\/web\\\/author\\\/lagarto\\\/\"}]}<\/script>\n<!-- \/ Yoast SEO plugin. -->","yoast_head_json":{"title":"NO ES NECESARIO EXTRAER AGUA DE LA PRESA: SAPAL - Kuali","robots":{"index":"index","follow":"follow","max-snippet":"max-snippet:-1","max-image-preview":"max-image-preview:large","max-video-preview":"max-video-preview:-1"},"canonical":"https:\/\/kuali.com.mx\/web\/2025\/06\/30\/no-es-necesario-extraer-agua-de-la-presa-sapal\/","og_locale":"es_MX","og_type":"article","og_title":"NO ES NECESARIO EXTRAER AGUA DE LA PRESA: SAPAL - Kuali","og_description":"Alicia Arias\/Le\u00f3n, Gto.- Aunque la Presa de El Palote se encuentra a un nivel del 53 por ciento de su capacidad, todav\u00eda no se le extrae agua para dotar a los habitantes de la ciudad de Le\u00f3n porque se usa el agua de pozos y vendr\u00e1n m\u00e1s sequ\u00edas, por ello se reserva el l\u00edquido de [&hellip;]","og_url":"https:\/\/kuali.com.mx\/web\/2025\/06\/30\/no-es-necesario-extraer-agua-de-la-presa-sapal\/","og_site_name":"Kuali","article_publisher":"https:\/\/kuali.com.mx\/web\/wp-content\/uploads\/2018\/04\/cropped-kuali_logo-1-1.png","article_published_time":"2025-07-01T02:39:41+00:00","article_modified_time":"2025-07-01T12:39:41+00:00","og_image":[{"width":1747,"height":750,"url":"https:\/\/kuali.com.mx\/web\/wp-content\/uploads\/2024\/02\/Presa-El-Palote-3.jpeg","type":"image\/jpeg"}],"author":"Kuali Staff","twitter_card":"summary_large_image","twitter_creator":"@kuali_noticias","twitter_site":"@kuali_noticias","twitter_misc":{"Escrito por":"Kuali Staff","Tiempo de lectura":"2 minutos"},"schema":{"@context":"https:\/\/schema.org","@graph":[{"@type":"Article","@id":"https:\/\/kuali.com.mx\/web\/2025\/06\/30\/no-es-necesario-extraer-agua-de-la-presa-sapal\/#article","isPartOf":{"@id":"https:\/\/kuali.com.mx\/web\/2025\/06\/30\/no-es-necesario-extraer-agua-de-la-presa-sapal\/"},"author":{"name":"Kuali Staff","@id":"https:\/\/kuali.com.mx\/web\/#\/schema\/person\/6f89ffa8ecba9dae50662357923c5289"},"headline":"NO ES NECESARIO EXTRAER AGUA DE LA PRESA: SAPAL","datePublished":"2025-07-01T02:39:41+00:00","dateModified":"2025-07-01T12:39:41+00:00","mainEntityOfPage":{"@id":"https:\/\/kuali.com.mx\/web\/2025\/06\/30\/no-es-necesario-extraer-agua-de-la-presa-sapal\/"},"wordCount":390,"commentCount":0,"image":{"@id":"https:\/\/kuali.com.mx\/web\/2025\/06\/30\/no-es-necesario-extraer-agua-de-la-presa-sapal\/#primaryimage"},"thumbnailUrl":"https:\/\/kuali.com.mx\/web\/wp-content\/uploads\/2024\/02\/Presa-El-Palote-3.jpeg","articleSection":["Ecolog\u00eda","slider"],"inLanguage":"es","potentialAction":[{"@type":"CommentAction","name":"Comment","target":["https:\/\/kuali.com.mx\/web\/2025\/06\/30\/no-es-necesario-extraer-agua-de-la-presa-sapal\/#respond"]}]},{"@type":"WebPage","@id":"https:\/\/kuali.com.mx\/web\/2025\/06\/30\/no-es-necesario-extraer-agua-de-la-presa-sapal\/","url":"https:\/\/kuali.com.mx\/web\/2025\/06\/30\/no-es-necesario-extraer-agua-de-la-presa-sapal\/","name":"NO ES NECESARIO EXTRAER AGUA DE LA PRESA: SAPAL - Kuali","isPartOf":{"@id":"https:\/\/kuali.com.mx\/web\/#website"},"primaryImageOfPage":{"@id":"https:\/\/kuali.com.mx\/web\/2025\/06\/30\/no-es-necesario-extraer-agua-de-la-presa-sapal\/#primaryimage"},"image":{"@id":"https:\/\/kuali.com.mx\/web\/2025\/06\/30\/no-es-necesario-extraer-agua-de-la-presa-sapal\/#primaryimage"},"thumbnailUrl":"https:\/\/kuali.com.mx\/web\/wp-content\/uploads\/2024\/02\/Presa-El-Palote-3.jpeg","datePublished":"2025-07-01T02:39:41+00:00","dateModified":"2025-07-01T12:39:41+00:00","author":{"@id":"https:\/\/kuali.com.mx\/web\/#\/schema\/person\/6f89ffa8ecba9dae50662357923c5289"},"breadcrumb":{"@id":"https:\/\/kuali.com.mx\/web\/2025\/06\/30\/no-es-necesario-extraer-agua-de-la-presa-sapal\/#breadcrumb"},"inLanguage":"es","potentialAction":[{"@type":"ReadAction","target":["https:\/\/kuali.com.mx\/web\/2025\/06\/30\/no-es-necesario-extraer-agua-de-la-presa-sapal\/"]}]},{"@type":"ImageObject","inLanguage":"es","@id":"https:\/\/kuali.com.mx\/web\/2025\/06\/30\/no-es-necesario-extraer-agua-de-la-presa-sapal\/#primaryimage","url":"https:\/\/kuali.com.mx\/web\/wp-content\/uploads\/2024\/02\/Presa-El-Palote-3.jpeg","contentUrl":"https:\/\/kuali.com.mx\/web\/wp-content\/uploads\/2024\/02\/Presa-El-Palote-3.jpeg","width":1747,"height":750},{"@type":"BreadcrumbList","@id":"https:\/\/kuali.com.mx\/web\/2025\/06\/30\/no-es-necesario-extraer-agua-de-la-presa-sapal\/#breadcrumb","itemListElement":[{"@type":"ListItem","position":1,"name":"Inicio","item":"https:\/\/kuali.com.mx\/web\/"},{"@type":"ListItem","position":2,"name":"NO ES NECESARIO EXTRAER AGUA DE LA PRESA: SAPAL"}]},{"@type":"WebSite","@id":"https:\/\/kuali.com.mx\/web\/#website","url":"https:\/\/kuali.com.mx\/web\/","name":"Kuali","description":"","potentialAction":[{"@type":"SearchAction","target":{"@type":"EntryPoint","urlTemplate":"https:\/\/kuali.com.mx\/web\/?s={search_term_string}"},"query-input":{"@type":"PropertyValueSpecification","valueRequired":true,"valueName":"search_term_string"}}],"inLanguage":"es"},{"@type":"Person","@id":"https:\/\/kuali.com.mx\/web\/#\/schema\/person\/6f89ffa8ecba9dae50662357923c5289","name":"Kuali Staff","image":{"@type":"ImageObject","inLanguage":"es","@id":"https:\/\/secure.gravatar.com\/avatar\/f917ad82e5ab71227a733c78b6e60715476f69ee6be59feee4eb5d9920c89e0f?s=96&d=mm&r=g","url":"https:\/\/secure.gravatar.com\/avatar\/f917ad82e5ab71227a733c78b6e60715476f69ee6be59feee4eb5d9920c89e0f?s=96&d=mm&r=g","contentUrl":"https:\/\/secure.gravatar.com\/avatar\/f917ad82e5ab71227a733c78b6e60715476f69ee6be59feee4eb5d9920c89e0f?s=96&d=mm&r=g","caption":"Kuali Staff"},"url":"https:\/\/kuali.com.mx\/web\/author\/lagarto\/"}]}},"_links":{"self":[{"href":"https:\/\/kuali.com.mx\/web\/wp-json\/wp\/v2\/posts\/179243","targetHints":{"allow":["GET"]}}],"collection":[{"href":"https:\/\/kuali.com.mx\/web\/wp-json\/wp\/v2\/posts"}],"about":[{"href":"https:\/\/kuali.com.mx\/web\/wp-json\/wp\/v2\/types\/post"}],"author":[{"embeddable":true,"href":"https:\/\/kuali.com.mx\/web\/wp-json\/wp\/v2\/users\/2"}],"replies":[{"embeddable":true,"href":"https:\/\/kuali.com.mx\/web\/wp-json\/wp\/v2\/comments?post=179243"}],"version-history":[{"count":3,"href":"https:\/\/kuali.com.mx\/web\/wp-json\/wp\/v2\/posts\/179243\/revisions"}],"predecessor-version":[{"id":179282,"href":"https:\/\/kuali.com.mx\/web\/wp-json\/wp\/v2\/posts\/179243\/revisions\/179282"}],"wp:featuredmedia":[{"embeddable":true,"href":"https:\/\/kuali.com.mx\/web\/wp-json\/wp\/v2\/media\/136595"}],"wp:attachment":[{"href":"https:\/\/kuali.com.mx\/web\/wp-json\/wp\/v2\/media?parent=179243"}],"wp:term":[{"taxonomy":"category","embeddable":true,"href":"https:\/\/kuali.com.mx\/web\/wp-json\/wp\/v2\/categories?post=179243"},{"taxonomy":"post_tag","embeddable":true,"href":"https:\/\/kuali.com.mx\/web\/wp-json\/wp\/v2\/tags?post=179243"}],"curies":[{"name":"wp","href":"https:\/\/api.w.org\/{rel}","templated":true}]}}