{"id":179217,"date":"2025-06-30T17:50:07","date_gmt":"2025-06-30T23:50:07","guid":{"rendered":"https:\/\/kuali.com.mx\/web\/?p=179217"},"modified":"2025-07-01T06:53:02","modified_gmt":"2025-07-01T12:53:02","slug":"reforzaran-seguridad-en-fiestas-patronales","status":"publish","type":"post","link":"https:\/\/kuali.com.mx\/web\/2025\/06\/30\/reforzaran-seguridad-en-fiestas-patronales\/","title":{"rendered":"REFORZAR\u00c1N SEGURIDAD EN FIESTAS PATRONALES"},"content":{"rendered":"\n<p><strong><em>Milagros Tadeo\/Le\u00f3n, Gto.-<\/em><\/strong>\u00a0La gobernadora, Libia Dennise Garc\u00eda Mu\u00f1oz Ledo, anunci\u00f3 el reforzamiento de la seguridad durante los festejos patronales a efecto de reducir la posibilidad que se vuelvan a registrar ataques armados como los registrados en Irapuato y San Felipe.<\/p>\n\n\n\n<p>Indic\u00f3 que se estar\u00e1n reforzando los protocolos para tener mayor conocimiento sobre las fiestas patronales y generar rondines de seguridad que permitan cancelar fiestas en la v\u00eda p\u00fablica o en plazas; sitos en los cuales se han registrado los \u00faltimos multihomicidios.<\/p>\n\n\n\n<p>\u201cLo que pasa es que no ocurri\u00f3 en el marco, en este caso en particular y en el pasado, no ocurri\u00f3 en el marco de la celebraci\u00f3n de las iglesias, con los patronos, sino ya una vez que concluyeron las fiestas y en las inmediaciones de estas celebraciones, esto es lo que nos lleva a reforzar la presencia operativa cuando haya eventos de este tipo en las iglesias o en el marco de la celebraci\u00f3n, sino reforzar\u201d, aclar\u00f3.<\/p>\n\n\n\n<p>Se\u00f1al\u00f3 que es complicado que la autoridad estatal o municipal cuenten con la informaci\u00f3n de todos los festejos patronales que se realizan, sin embargo, dej\u00f3 en claro que se tiene que contar con los permisos para poder realizar este tipo de eventos.<\/p>\n\n\n\n<p>\u201cNo podemos impedir que tengan un festejo al interior de un domicilio y obviamente cuidar que no haya una afectaci\u00f3n a los vecinos por la hora, pero particularmente las vialidades no se pueden cerrar sin un permiso\u201d, declar\u00f3.<\/p>\n\n\n\n<p>En tanto, sobre el multihomicidio que se registr\u00f3 en Irapuato y que dej\u00f3 como saldo a 11 personas muertas y 20 lesionadas, dijo que la Fiscal\u00eda General del Estado de Guanajuato ya tiene avances sustanciales.<\/p>\n\n\n\n<p>&nbsp;\u201cSabemos que hay avances, que est\u00e1n con cateos, con informaci\u00f3n importante, pero deben ser ellos quienes est\u00e9n dando la informaci\u00f3n\u201d, concluy\u00f3.<\/p>\n","protected":false},"excerpt":{"rendered":"Milagros Tadeo\/Le\u00f3n, Gto.-\u00a0La gobernadora, Libia Dennise Garc\u00eda Mu\u00f1oz Ledo, anunci\u00f3 el reforzamiento de la seguridad durante los festejos patronales a efecto de reducir la posibilidad que se vuelvan a registrar ataques armados como los registrados en Irapuato y San Felipe. Indic\u00f3 que se estar\u00e1n reforzando los protocolos para tener mayor conocimiento sobre las fiestas patronales [&hellip;]","protected":false},"author":2,"featured_media":172025,"comment_status":"open","ping_status":"open","sticky":false,"template":"","format":"standard","meta":{"_seopress_robots_primary_cat":"none","_seopress_titles_title":"","_seopress_titles_desc":"","_seopress_robots_index":"","_monsterinsights_skip_tracking":false,"_monsterinsights_sitenote_active":false,"_monsterinsights_sitenote_note":"","_monsterinsights_sitenote_category":0,"footnotes":""},"categories":[3],"tags":[],"class_list":["post-179217","post","type-post","status-publish","format-standard","has-post-thumbnail","hentry","category-politica"],"yoast_head":"<!-- This site is optimized with the Yoast SEO plugin v27.4 - https:\/\/yoast.com\/product\/yoast-seo-wordpress\/ -->\n<title>REFORZAR\u00c1N SEGURIDAD EN FIESTAS PATRONALES - Kuali<\/title>\n<meta name=\"robots\" content=\"index, follow, max-snippet:-1, max-image-preview:large, max-video-preview:-1\" \/>\n<link rel=\"canonical\" href=\"https:\/\/kuali.com.mx\/web\/2025\/06\/30\/reforzaran-seguridad-en-fiestas-patronales\/\" \/>\n<meta property=\"og:locale\" content=\"es_MX\" \/>\n<meta property=\"og:type\" content=\"article\" \/>\n<meta property=\"og:title\" content=\"REFORZAR\u00c1N SEGURIDAD EN FIESTAS PATRONALES - Kuali\" \/>\n<meta property=\"og:description\" content=\"Milagros Tadeo\/Le\u00f3n, Gto.-\u00a0La gobernadora, Libia Dennise Garc\u00eda Mu\u00f1oz Ledo, anunci\u00f3 el reforzamiento de la seguridad durante los festejos patronales a efecto de reducir la posibilidad que se vuelvan a registrar ataques armados como los registrados en Irapuato y San Felipe. Indic\u00f3 que se estar\u00e1n reforzando los protocolos para tener mayor conocimiento sobre las fiestas patronales [&hellip;]\" \/>\n<meta property=\"og:url\" content=\"https:\/\/kuali.com.mx\/web\/2025\/06\/30\/reforzaran-seguridad-en-fiestas-patronales\/\" \/>\n<meta property=\"og:site_name\" content=\"Kuali\" \/>\n<meta property=\"article:publisher\" content=\"https:\/\/kuali.com.mx\/web\/wp-content\/uploads\/2018\/04\/cropped-kuali_logo-1-1.png\" \/>\n<meta property=\"article:published_time\" content=\"2025-06-30T23:50:07+00:00\" \/>\n<meta property=\"article:modified_time\" content=\"2025-07-01T12:53:02+00:00\" \/>\n<meta property=\"og:image\" content=\"https:\/\/kuali.com.mx\/web\/wp-content\/uploads\/2025\/03\/Policias-San-Francisco-del-Rincon.jpeg\" \/>\n\t<meta property=\"og:image:width\" content=\"1992\" \/>\n\t<meta property=\"og:image:height\" content=\"750\" \/>\n\t<meta property=\"og:image:type\" content=\"image\/jpeg\" \/>\n<meta name=\"author\" content=\"Kuali Staff\" \/>\n<meta name=\"twitter:card\" content=\"summary_large_image\" \/>\n<meta name=\"twitter:creator\" content=\"@kuali_noticias\" \/>\n<meta name=\"twitter:site\" content=\"@kuali_noticias\" \/>\n<meta name=\"twitter:label1\" content=\"Escrito por\" \/>\n\t<meta name=\"twitter:data1\" content=\"Kuali Staff\" \/>\n\t<meta name=\"twitter:label2\" content=\"Tiempo de lectura\" \/>\n\t<meta name=\"twitter:data2\" content=\"2 minutos\" \/>\n<script type=\"application\/ld+json\" class=\"yoast-schema-graph\">{\"@context\":\"https:\\\/\\\/schema.org\",\"@graph\":[{\"@type\":\"Article\",\"@id\":\"https:\\\/\\\/kuali.com.mx\\\/web\\\/2025\\\/06\\\/30\\\/reforzaran-seguridad-en-fiestas-patronales\\\/#article\",\"isPartOf\":{\"@id\":\"https:\\\/\\\/kuali.com.mx\\\/web\\\/2025\\\/06\\\/30\\\/reforzaran-seguridad-en-fiestas-patronales\\\/\"},\"author\":{\"name\":\"Kuali Staff\",\"@id\":\"https:\\\/\\\/kuali.com.mx\\\/web\\\/#\\\/schema\\\/person\\\/6f89ffa8ecba9dae50662357923c5289\"},\"headline\":\"REFORZAR\u00c1N SEGURIDAD EN FIESTAS PATRONALES\",\"datePublished\":\"2025-06-30T23:50:07+00:00\",\"dateModified\":\"2025-07-01T12:53:02+00:00\",\"mainEntityOfPage\":{\"@id\":\"https:\\\/\\\/kuali.com.mx\\\/web\\\/2025\\\/06\\\/30\\\/reforzaran-seguridad-en-fiestas-patronales\\\/\"},\"wordCount\":319,\"commentCount\":0,\"image\":{\"@id\":\"https:\\\/\\\/kuali.com.mx\\\/web\\\/2025\\\/06\\\/30\\\/reforzaran-seguridad-en-fiestas-patronales\\\/#primaryimage\"},\"thumbnailUrl\":\"https:\\\/\\\/kuali.com.mx\\\/web\\\/wp-content\\\/uploads\\\/2025\\\/03\\\/Policias-San-Francisco-del-Rincon.jpeg\",\"articleSection\":[\"Pol\u00edtica\"],\"inLanguage\":\"es\",\"potentialAction\":[{\"@type\":\"CommentAction\",\"name\":\"Comment\",\"target\":[\"https:\\\/\\\/kuali.com.mx\\\/web\\\/2025\\\/06\\\/30\\\/reforzaran-seguridad-en-fiestas-patronales\\\/#respond\"]}]},{\"@type\":\"WebPage\",\"@id\":\"https:\\\/\\\/kuali.com.mx\\\/web\\\/2025\\\/06\\\/30\\\/reforzaran-seguridad-en-fiestas-patronales\\\/\",\"url\":\"https:\\\/\\\/kuali.com.mx\\\/web\\\/2025\\\/06\\\/30\\\/reforzaran-seguridad-en-fiestas-patronales\\\/\",\"name\":\"REFORZAR\u00c1N SEGURIDAD EN FIESTAS PATRONALES - Kuali\",\"isPartOf\":{\"@id\":\"https:\\\/\\\/kuali.com.mx\\\/web\\\/#website\"},\"primaryImageOfPage\":{\"@id\":\"https:\\\/\\\/kuali.com.mx\\\/web\\\/2025\\\/06\\\/30\\\/reforzaran-seguridad-en-fiestas-patronales\\\/#primaryimage\"},\"image\":{\"@id\":\"https:\\\/\\\/kuali.com.mx\\\/web\\\/2025\\\/06\\\/30\\\/reforzaran-seguridad-en-fiestas-patronales\\\/#primaryimage\"},\"thumbnailUrl\":\"https:\\\/\\\/kuali.com.mx\\\/web\\\/wp-content\\\/uploads\\\/2025\\\/03\\\/Policias-San-Francisco-del-Rincon.jpeg\",\"datePublished\":\"2025-06-30T23:50:07+00:00\",\"dateModified\":\"2025-07-01T12:53:02+00:00\",\"author\":{\"@id\":\"https:\\\/\\\/kuali.com.mx\\\/web\\\/#\\\/schema\\\/person\\\/6f89ffa8ecba9dae50662357923c5289\"},\"breadcrumb\":{\"@id\":\"https:\\\/\\\/kuali.com.mx\\\/web\\\/2025\\\/06\\\/30\\\/reforzaran-seguridad-en-fiestas-patronales\\\/#breadcrumb\"},\"inLanguage\":\"es\",\"potentialAction\":[{\"@type\":\"ReadAction\",\"target\":[\"https:\\\/\\\/kuali.com.mx\\\/web\\\/2025\\\/06\\\/30\\\/reforzaran-seguridad-en-fiestas-patronales\\\/\"]}]},{\"@type\":\"ImageObject\",\"inLanguage\":\"es\",\"@id\":\"https:\\\/\\\/kuali.com.mx\\\/web\\\/2025\\\/06\\\/30\\\/reforzaran-seguridad-en-fiestas-patronales\\\/#primaryimage\",\"url\":\"https:\\\/\\\/kuali.com.mx\\\/web\\\/wp-content\\\/uploads\\\/2025\\\/03\\\/Policias-San-Francisco-del-Rincon.jpeg\",\"contentUrl\":\"https:\\\/\\\/kuali.com.mx\\\/web\\\/wp-content\\\/uploads\\\/2025\\\/03\\\/Policias-San-Francisco-del-Rincon.jpeg\",\"width\":1992,\"height\":750},{\"@type\":\"BreadcrumbList\",\"@id\":\"https:\\\/\\\/kuali.com.mx\\\/web\\\/2025\\\/06\\\/30\\\/reforzaran-seguridad-en-fiestas-patronales\\\/#breadcrumb\",\"itemListElement\":[{\"@type\":\"ListItem\",\"position\":1,\"name\":\"Inicio\",\"item\":\"https:\\\/\\\/kuali.com.mx\\\/web\\\/\"},{\"@type\":\"ListItem\",\"position\":2,\"name\":\"REFORZAR\u00c1N SEGURIDAD EN FIESTAS PATRONALES\"}]},{\"@type\":\"WebSite\",\"@id\":\"https:\\\/\\\/kuali.com.mx\\\/web\\\/#website\",\"url\":\"https:\\\/\\\/kuali.com.mx\\\/web\\\/\",\"name\":\"Kuali\",\"description\":\"\",\"potentialAction\":[{\"@type\":\"SearchAction\",\"target\":{\"@type\":\"EntryPoint\",\"urlTemplate\":\"https:\\\/\\\/kuali.com.mx\\\/web\\\/?s={search_term_string}\"},\"query-input\":{\"@type\":\"PropertyValueSpecification\",\"valueRequired\":true,\"valueName\":\"search_term_string\"}}],\"inLanguage\":\"es\"},{\"@type\":\"Person\",\"@id\":\"https:\\\/\\\/kuali.com.mx\\\/web\\\/#\\\/schema\\\/person\\\/6f89ffa8ecba9dae50662357923c5289\",\"name\":\"Kuali Staff\",\"image\":{\"@type\":\"ImageObject\",\"inLanguage\":\"es\",\"@id\":\"https:\\\/\\\/secure.gravatar.com\\\/avatar\\\/f917ad82e5ab71227a733c78b6e60715476f69ee6be59feee4eb5d9920c89e0f?s=96&d=mm&r=g\",\"url\":\"https:\\\/\\\/secure.gravatar.com\\\/avatar\\\/f917ad82e5ab71227a733c78b6e60715476f69ee6be59feee4eb5d9920c89e0f?s=96&d=mm&r=g\",\"contentUrl\":\"https:\\\/\\\/secure.gravatar.com\\\/avatar\\\/f917ad82e5ab71227a733c78b6e60715476f69ee6be59feee4eb5d9920c89e0f?s=96&d=mm&r=g\",\"caption\":\"Kuali Staff\"},\"url\":\"https:\\\/\\\/kuali.com.mx\\\/web\\\/author\\\/lagarto\\\/\"}]}<\/script>\n<!-- \/ Yoast SEO plugin. -->","yoast_head_json":{"title":"REFORZAR\u00c1N SEGURIDAD EN FIESTAS PATRONALES - Kuali","robots":{"index":"index","follow":"follow","max-snippet":"max-snippet:-1","max-image-preview":"max-image-preview:large","max-video-preview":"max-video-preview:-1"},"canonical":"https:\/\/kuali.com.mx\/web\/2025\/06\/30\/reforzaran-seguridad-en-fiestas-patronales\/","og_locale":"es_MX","og_type":"article","og_title":"REFORZAR\u00c1N SEGURIDAD EN FIESTAS PATRONALES - Kuali","og_description":"Milagros Tadeo\/Le\u00f3n, Gto.-\u00a0La gobernadora, Libia Dennise Garc\u00eda Mu\u00f1oz Ledo, anunci\u00f3 el reforzamiento de la seguridad durante los festejos patronales a efecto de reducir la posibilidad que se vuelvan a registrar ataques armados como los registrados en Irapuato y San Felipe. Indic\u00f3 que se estar\u00e1n reforzando los protocolos para tener mayor conocimiento sobre las fiestas patronales [&hellip;]","og_url":"https:\/\/kuali.com.mx\/web\/2025\/06\/30\/reforzaran-seguridad-en-fiestas-patronales\/","og_site_name":"Kuali","article_publisher":"https:\/\/kuali.com.mx\/web\/wp-content\/uploads\/2018\/04\/cropped-kuali_logo-1-1.png","article_published_time":"2025-06-30T23:50:07+00:00","article_modified_time":"2025-07-01T12:53:02+00:00","og_image":[{"width":1992,"height":750,"url":"https:\/\/kuali.com.mx\/web\/wp-content\/uploads\/2025\/03\/Policias-San-Francisco-del-Rincon.jpeg","type":"image\/jpeg"}],"author":"Kuali Staff","twitter_card":"summary_large_image","twitter_creator":"@kuali_noticias","twitter_site":"@kuali_noticias","twitter_misc":{"Escrito por":"Kuali Staff","Tiempo de lectura":"2 minutos"},"schema":{"@context":"https:\/\/schema.org","@graph":[{"@type":"Article","@id":"https:\/\/kuali.com.mx\/web\/2025\/06\/30\/reforzaran-seguridad-en-fiestas-patronales\/#article","isPartOf":{"@id":"https:\/\/kuali.com.mx\/web\/2025\/06\/30\/reforzaran-seguridad-en-fiestas-patronales\/"},"author":{"name":"Kuali Staff","@id":"https:\/\/kuali.com.mx\/web\/#\/schema\/person\/6f89ffa8ecba9dae50662357923c5289"},"headline":"REFORZAR\u00c1N SEGURIDAD EN FIESTAS PATRONALES","datePublished":"2025-06-30T23:50:07+00:00","dateModified":"2025-07-01T12:53:02+00:00","mainEntityOfPage":{"@id":"https:\/\/kuali.com.mx\/web\/2025\/06\/30\/reforzaran-seguridad-en-fiestas-patronales\/"},"wordCount":319,"commentCount":0,"image":{"@id":"https:\/\/kuali.com.mx\/web\/2025\/06\/30\/reforzaran-seguridad-en-fiestas-patronales\/#primaryimage"},"thumbnailUrl":"https:\/\/kuali.com.mx\/web\/wp-content\/uploads\/2025\/03\/Policias-San-Francisco-del-Rincon.jpeg","articleSection":["Pol\u00edtica"],"inLanguage":"es","potentialAction":[{"@type":"CommentAction","name":"Comment","target":["https:\/\/kuali.com.mx\/web\/2025\/06\/30\/reforzaran-seguridad-en-fiestas-patronales\/#respond"]}]},{"@type":"WebPage","@id":"https:\/\/kuali.com.mx\/web\/2025\/06\/30\/reforzaran-seguridad-en-fiestas-patronales\/","url":"https:\/\/kuali.com.mx\/web\/2025\/06\/30\/reforzaran-seguridad-en-fiestas-patronales\/","name":"REFORZAR\u00c1N SEGURIDAD EN FIESTAS PATRONALES - Kuali","isPartOf":{"@id":"https:\/\/kuali.com.mx\/web\/#website"},"primaryImageOfPage":{"@id":"https:\/\/kuali.com.mx\/web\/2025\/06\/30\/reforzaran-seguridad-en-fiestas-patronales\/#primaryimage"},"image":{"@id":"https:\/\/kuali.com.mx\/web\/2025\/06\/30\/reforzaran-seguridad-en-fiestas-patronales\/#primaryimage"},"thumbnailUrl":"https:\/\/kuali.com.mx\/web\/wp-content\/uploads\/2025\/03\/Policias-San-Francisco-del-Rincon.jpeg","datePublished":"2025-06-30T23:50:07+00:00","dateModified":"2025-07-01T12:53:02+00:00","author":{"@id":"https:\/\/kuali.com.mx\/web\/#\/schema\/person\/6f89ffa8ecba9dae50662357923c5289"},"breadcrumb":{"@id":"https:\/\/kuali.com.mx\/web\/2025\/06\/30\/reforzaran-seguridad-en-fiestas-patronales\/#breadcrumb"},"inLanguage":"es","potentialAction":[{"@type":"ReadAction","target":["https:\/\/kuali.com.mx\/web\/2025\/06\/30\/reforzaran-seguridad-en-fiestas-patronales\/"]}]},{"@type":"ImageObject","inLanguage":"es","@id":"https:\/\/kuali.com.mx\/web\/2025\/06\/30\/reforzaran-seguridad-en-fiestas-patronales\/#primaryimage","url":"https:\/\/kuali.com.mx\/web\/wp-content\/uploads\/2025\/03\/Policias-San-Francisco-del-Rincon.jpeg","contentUrl":"https:\/\/kuali.com.mx\/web\/wp-content\/uploads\/2025\/03\/Policias-San-Francisco-del-Rincon.jpeg","width":1992,"height":750},{"@type":"BreadcrumbList","@id":"https:\/\/kuali.com.mx\/web\/2025\/06\/30\/reforzaran-seguridad-en-fiestas-patronales\/#breadcrumb","itemListElement":[{"@type":"ListItem","position":1,"name":"Inicio","item":"https:\/\/kuali.com.mx\/web\/"},{"@type":"ListItem","position":2,"name":"REFORZAR\u00c1N SEGURIDAD EN FIESTAS PATRONALES"}]},{"@type":"WebSite","@id":"https:\/\/kuali.com.mx\/web\/#website","url":"https:\/\/kuali.com.mx\/web\/","name":"Kuali","description":"","potentialAction":[{"@type":"SearchAction","target":{"@type":"EntryPoint","urlTemplate":"https:\/\/kuali.com.mx\/web\/?s={search_term_string}"},"query-input":{"@type":"PropertyValueSpecification","valueRequired":true,"valueName":"search_term_string"}}],"inLanguage":"es"},{"@type":"Person","@id":"https:\/\/kuali.com.mx\/web\/#\/schema\/person\/6f89ffa8ecba9dae50662357923c5289","name":"Kuali Staff","image":{"@type":"ImageObject","inLanguage":"es","@id":"https:\/\/secure.gravatar.com\/avatar\/f917ad82e5ab71227a733c78b6e60715476f69ee6be59feee4eb5d9920c89e0f?s=96&d=mm&r=g","url":"https:\/\/secure.gravatar.com\/avatar\/f917ad82e5ab71227a733c78b6e60715476f69ee6be59feee4eb5d9920c89e0f?s=96&d=mm&r=g","contentUrl":"https:\/\/secure.gravatar.com\/avatar\/f917ad82e5ab71227a733c78b6e60715476f69ee6be59feee4eb5d9920c89e0f?s=96&d=mm&r=g","caption":"Kuali Staff"},"url":"https:\/\/kuali.com.mx\/web\/author\/lagarto\/"}]}},"_links":{"self":[{"href":"https:\/\/kuali.com.mx\/web\/wp-json\/wp\/v2\/posts\/179217","targetHints":{"allow":["GET"]}}],"collection":[{"href":"https:\/\/kuali.com.mx\/web\/wp-json\/wp\/v2\/posts"}],"about":[{"href":"https:\/\/kuali.com.mx\/web\/wp-json\/wp\/v2\/types\/post"}],"author":[{"embeddable":true,"href":"https:\/\/kuali.com.mx\/web\/wp-json\/wp\/v2\/users\/2"}],"replies":[{"embeddable":true,"href":"https:\/\/kuali.com.mx\/web\/wp-json\/wp\/v2\/comments?post=179217"}],"version-history":[{"count":2,"href":"https:\/\/kuali.com.mx\/web\/wp-json\/wp\/v2\/posts\/179217\/revisions"}],"predecessor-version":[{"id":179283,"href":"https:\/\/kuali.com.mx\/web\/wp-json\/wp\/v2\/posts\/179217\/revisions\/179283"}],"wp:featuredmedia":[{"embeddable":true,"href":"https:\/\/kuali.com.mx\/web\/wp-json\/wp\/v2\/media\/172025"}],"wp:attachment":[{"href":"https:\/\/kuali.com.mx\/web\/wp-json\/wp\/v2\/media?parent=179217"}],"wp:term":[{"taxonomy":"category","embeddable":true,"href":"https:\/\/kuali.com.mx\/web\/wp-json\/wp\/v2\/categories?post=179217"},{"taxonomy":"post_tag","embeddable":true,"href":"https:\/\/kuali.com.mx\/web\/wp-json\/wp\/v2\/tags?post=179217"}],"curies":[{"name":"wp","href":"https:\/\/api.w.org\/{rel}","templated":true}]}}