{"id":179159,"date":"2025-06-29T19:32:58","date_gmt":"2025-06-30T01:32:58","guid":{"rendered":"https:\/\/kuali.com.mx\/web\/?p=179159"},"modified":"2025-06-30T08:17:42","modified_gmt":"2025-06-30T14:17:42","slug":"afecta-la-ley-silla-a-los-restaurantes-canirac","status":"publish","type":"post","link":"https:\/\/kuali.com.mx\/web\/2025\/06\/29\/afecta-la-ley-silla-a-los-restaurantes-canirac\/","title":{"rendered":"AFECTA LA &#8220;LEY SILLA&#8221; A LOS RESTAURANTES: CANIRAC"},"content":{"rendered":"\n<p><strong><em>Milagros Tadeo\/Le\u00f3n, Gto.-<\/em><\/strong>\u00a0La vicepresidenta de la CANIRAC en la regi\u00f3n centro,\u00a0Helen Anaya\u00a0Sanrom\u00e1n, indic\u00f3 la entrada en vigor de la Ley Silla afecta a los restaurantes, pero iniciaron con la implementaci\u00f3n de descansos programados durante las jornadas laborales.<\/p>\n\n\n\n<p>La Ley Silla se aprob\u00f3 por unanimidad en el Senado el a\u00f1o pasado y se public\u00f3 en el Diario Oficial de la Federaci\u00f3n el 19 de diciembre del 2024, entrando en vigor el 17 de junio de 2025, en \u00e9sta, se establece la obligaci\u00f3n de los empleadores a proveer de sillas con respaldo a los trabajadores para la ejecuci\u00f3n de sus funciones o para el descanso peri\u00f3dico durante la jornada laboral.&nbsp;<\/p>\n\n\n\n<p>Anaya Sanrom\u00e1n indic\u00f3 que esta ley tiene una afectaci\u00f3n para la industria restaurantera, pues muchos de los trabajadores tienen que estar de pie para realizar su labor, entre ellos, los meseros.<\/p>\n\n\n\n<p>\u201cEn el \u00e1rea de servicios, los meseros est\u00e1n trabajando de pie todo el tiempo, en el \u00e1rea de cocina normalmente el \u00e1rea de reporter\u00eda, los lavalozas, entonces es algo que nos afecte, porque no son puestos administrativos sino operativos\u201d, expres\u00f3.<\/p>\n\n\n\n<p>A\u00f1adi\u00f3 que el 70% de los trabajadores en la industria restaurantera son operativos y solo el 30% administrativos, por lo que, se ha optado por los descansos programados para meseros, guardias, valet parking, reporteros y capitanes.<\/p>\n","protected":false},"excerpt":{"rendered":"Milagros Tadeo\/Le\u00f3n, Gto.-\u00a0La vicepresidenta de la CANIRAC en la regi\u00f3n centro,\u00a0Helen Anaya\u00a0Sanrom\u00e1n, indic\u00f3 la entrada en vigor de la Ley Silla afecta a los restaurantes, pero iniciaron con la implementaci\u00f3n de descansos programados durante las jornadas laborales. La Ley Silla se aprob\u00f3 por unanimidad en el Senado el a\u00f1o pasado y se public\u00f3 en el [&hellip;]","protected":false},"author":2,"featured_media":179162,"comment_status":"open","ping_status":"open","sticky":false,"template":"","format":"standard","meta":{"_seopress_robots_primary_cat":"none","_seopress_titles_title":"","_seopress_titles_desc":"","_seopress_robots_index":"","_monsterinsights_skip_tracking":false,"_monsterinsights_sitenote_active":false,"_monsterinsights_sitenote_note":"","_monsterinsights_sitenote_category":0,"footnotes":""},"categories":[3,69],"tags":[],"class_list":["post-179159","post","type-post","status-publish","format-standard","has-post-thumbnail","hentry","category-politica","category-slider"],"yoast_head":"<!-- This site is optimized with the Yoast SEO plugin v27.5 - https:\/\/yoast.com\/product\/yoast-seo-wordpress\/ -->\n<title>AFECTA LA &quot;LEY SILLA&quot; A LOS RESTAURANTES: CANIRAC - Kuali<\/title>\n<meta name=\"robots\" content=\"index, follow, max-snippet:-1, max-image-preview:large, max-video-preview:-1\" \/>\n<link rel=\"canonical\" href=\"https:\/\/kuali.com.mx\/web\/2025\/06\/29\/afecta-la-ley-silla-a-los-restaurantes-canirac\/\" \/>\n<meta property=\"og:locale\" content=\"es_MX\" \/>\n<meta property=\"og:type\" content=\"article\" \/>\n<meta property=\"og:title\" content=\"AFECTA LA &quot;LEY SILLA&quot; A LOS RESTAURANTES: CANIRAC - Kuali\" \/>\n<meta property=\"og:description\" content=\"Milagros Tadeo\/Le\u00f3n, Gto.-\u00a0La vicepresidenta de la CANIRAC en la regi\u00f3n centro,\u00a0Helen Anaya\u00a0Sanrom\u00e1n, indic\u00f3 la entrada en vigor de la Ley Silla afecta a los restaurantes, pero iniciaron con la implementaci\u00f3n de descansos programados durante las jornadas laborales. La Ley Silla se aprob\u00f3 por unanimidad en el Senado el a\u00f1o pasado y se public\u00f3 en el [&hellip;]\" \/>\n<meta property=\"og:url\" content=\"https:\/\/kuali.com.mx\/web\/2025\/06\/29\/afecta-la-ley-silla-a-los-restaurantes-canirac\/\" \/>\n<meta property=\"og:site_name\" content=\"Kuali\" \/>\n<meta property=\"article:publisher\" content=\"https:\/\/kuali.com.mx\/web\/wp-content\/uploads\/2018\/04\/cropped-kuali_logo-1-1.png\" \/>\n<meta property=\"article:published_time\" content=\"2025-06-30T01:32:58+00:00\" \/>\n<meta property=\"article:modified_time\" content=\"2025-06-30T14:17:42+00:00\" \/>\n<meta property=\"og:image\" content=\"https:\/\/kuali.com.mx\/web\/wp-content\/uploads\/2025\/06\/Canirac.jpg\" \/>\n\t<meta property=\"og:image:width\" content=\"1833\" \/>\n\t<meta property=\"og:image:height\" content=\"750\" \/>\n\t<meta property=\"og:image:type\" content=\"image\/jpeg\" \/>\n<meta name=\"author\" content=\"Kuali Staff\" \/>\n<meta name=\"twitter:card\" content=\"summary_large_image\" \/>\n<meta name=\"twitter:creator\" content=\"@kuali_noticias\" \/>\n<meta name=\"twitter:site\" content=\"@kuali_noticias\" \/>\n<meta name=\"twitter:label1\" content=\"Escrito por\" \/>\n\t<meta name=\"twitter:data1\" content=\"Kuali Staff\" \/>\n\t<meta name=\"twitter:label2\" content=\"Tiempo de lectura\" \/>\n\t<meta name=\"twitter:data2\" content=\"1 minuto\" \/>\n<script type=\"application\/ld+json\" class=\"yoast-schema-graph\">{\"@context\":\"https:\\\/\\\/schema.org\",\"@graph\":[{\"@type\":\"Article\",\"@id\":\"https:\\\/\\\/kuali.com.mx\\\/web\\\/2025\\\/06\\\/29\\\/afecta-la-ley-silla-a-los-restaurantes-canirac\\\/#article\",\"isPartOf\":{\"@id\":\"https:\\\/\\\/kuali.com.mx\\\/web\\\/2025\\\/06\\\/29\\\/afecta-la-ley-silla-a-los-restaurantes-canirac\\\/\"},\"author\":{\"name\":\"Kuali Staff\",\"@id\":\"https:\\\/\\\/kuali.com.mx\\\/web\\\/#\\\/schema\\\/person\\\/6f89ffa8ecba9dae50662357923c5289\"},\"headline\":\"AFECTA LA &#8220;LEY SILLA&#8221; A LOS RESTAURANTES: CANIRAC\",\"datePublished\":\"2025-06-30T01:32:58+00:00\",\"dateModified\":\"2025-06-30T14:17:42+00:00\",\"mainEntityOfPage\":{\"@id\":\"https:\\\/\\\/kuali.com.mx\\\/web\\\/2025\\\/06\\\/29\\\/afecta-la-ley-silla-a-los-restaurantes-canirac\\\/\"},\"wordCount\":237,\"commentCount\":0,\"image\":{\"@id\":\"https:\\\/\\\/kuali.com.mx\\\/web\\\/2025\\\/06\\\/29\\\/afecta-la-ley-silla-a-los-restaurantes-canirac\\\/#primaryimage\"},\"thumbnailUrl\":\"https:\\\/\\\/kuali.com.mx\\\/web\\\/wp-content\\\/uploads\\\/2025\\\/06\\\/Canirac.jpg\",\"articleSection\":[\"Pol\u00edtica\",\"slider\"],\"inLanguage\":\"es\",\"potentialAction\":[{\"@type\":\"CommentAction\",\"name\":\"Comment\",\"target\":[\"https:\\\/\\\/kuali.com.mx\\\/web\\\/2025\\\/06\\\/29\\\/afecta-la-ley-silla-a-los-restaurantes-canirac\\\/#respond\"]}]},{\"@type\":\"WebPage\",\"@id\":\"https:\\\/\\\/kuali.com.mx\\\/web\\\/2025\\\/06\\\/29\\\/afecta-la-ley-silla-a-los-restaurantes-canirac\\\/\",\"url\":\"https:\\\/\\\/kuali.com.mx\\\/web\\\/2025\\\/06\\\/29\\\/afecta-la-ley-silla-a-los-restaurantes-canirac\\\/\",\"name\":\"AFECTA LA \\\"LEY SILLA\\\" A LOS RESTAURANTES: CANIRAC - Kuali\",\"isPartOf\":{\"@id\":\"https:\\\/\\\/kuali.com.mx\\\/web\\\/#website\"},\"primaryImageOfPage\":{\"@id\":\"https:\\\/\\\/kuali.com.mx\\\/web\\\/2025\\\/06\\\/29\\\/afecta-la-ley-silla-a-los-restaurantes-canirac\\\/#primaryimage\"},\"image\":{\"@id\":\"https:\\\/\\\/kuali.com.mx\\\/web\\\/2025\\\/06\\\/29\\\/afecta-la-ley-silla-a-los-restaurantes-canirac\\\/#primaryimage\"},\"thumbnailUrl\":\"https:\\\/\\\/kuali.com.mx\\\/web\\\/wp-content\\\/uploads\\\/2025\\\/06\\\/Canirac.jpg\",\"datePublished\":\"2025-06-30T01:32:58+00:00\",\"dateModified\":\"2025-06-30T14:17:42+00:00\",\"author\":{\"@id\":\"https:\\\/\\\/kuali.com.mx\\\/web\\\/#\\\/schema\\\/person\\\/6f89ffa8ecba9dae50662357923c5289\"},\"breadcrumb\":{\"@id\":\"https:\\\/\\\/kuali.com.mx\\\/web\\\/2025\\\/06\\\/29\\\/afecta-la-ley-silla-a-los-restaurantes-canirac\\\/#breadcrumb\"},\"inLanguage\":\"es\",\"potentialAction\":[{\"@type\":\"ReadAction\",\"target\":[\"https:\\\/\\\/kuali.com.mx\\\/web\\\/2025\\\/06\\\/29\\\/afecta-la-ley-silla-a-los-restaurantes-canirac\\\/\"]}]},{\"@type\":\"ImageObject\",\"inLanguage\":\"es\",\"@id\":\"https:\\\/\\\/kuali.com.mx\\\/web\\\/2025\\\/06\\\/29\\\/afecta-la-ley-silla-a-los-restaurantes-canirac\\\/#primaryimage\",\"url\":\"https:\\\/\\\/kuali.com.mx\\\/web\\\/wp-content\\\/uploads\\\/2025\\\/06\\\/Canirac.jpg\",\"contentUrl\":\"https:\\\/\\\/kuali.com.mx\\\/web\\\/wp-content\\\/uploads\\\/2025\\\/06\\\/Canirac.jpg\",\"width\":1833,\"height\":750},{\"@type\":\"BreadcrumbList\",\"@id\":\"https:\\\/\\\/kuali.com.mx\\\/web\\\/2025\\\/06\\\/29\\\/afecta-la-ley-silla-a-los-restaurantes-canirac\\\/#breadcrumb\",\"itemListElement\":[{\"@type\":\"ListItem\",\"position\":1,\"name\":\"Inicio\",\"item\":\"https:\\\/\\\/kuali.com.mx\\\/web\\\/\"},{\"@type\":\"ListItem\",\"position\":2,\"name\":\"AFECTA LA &#8220;LEY SILLA&#8221; A LOS RESTAURANTES: CANIRAC\"}]},{\"@type\":\"WebSite\",\"@id\":\"https:\\\/\\\/kuali.com.mx\\\/web\\\/#website\",\"url\":\"https:\\\/\\\/kuali.com.mx\\\/web\\\/\",\"name\":\"Kuali\",\"description\":\"\",\"potentialAction\":[{\"@type\":\"SearchAction\",\"target\":{\"@type\":\"EntryPoint\",\"urlTemplate\":\"https:\\\/\\\/kuali.com.mx\\\/web\\\/?s={search_term_string}\"},\"query-input\":{\"@type\":\"PropertyValueSpecification\",\"valueRequired\":true,\"valueName\":\"search_term_string\"}}],\"inLanguage\":\"es\"},{\"@type\":\"Person\",\"@id\":\"https:\\\/\\\/kuali.com.mx\\\/web\\\/#\\\/schema\\\/person\\\/6f89ffa8ecba9dae50662357923c5289\",\"name\":\"Kuali Staff\",\"image\":{\"@type\":\"ImageObject\",\"inLanguage\":\"es\",\"@id\":\"https:\\\/\\\/secure.gravatar.com\\\/avatar\\\/f917ad82e5ab71227a733c78b6e60715476f69ee6be59feee4eb5d9920c89e0f?s=96&d=mm&r=g\",\"url\":\"https:\\\/\\\/secure.gravatar.com\\\/avatar\\\/f917ad82e5ab71227a733c78b6e60715476f69ee6be59feee4eb5d9920c89e0f?s=96&d=mm&r=g\",\"contentUrl\":\"https:\\\/\\\/secure.gravatar.com\\\/avatar\\\/f917ad82e5ab71227a733c78b6e60715476f69ee6be59feee4eb5d9920c89e0f?s=96&d=mm&r=g\",\"caption\":\"Kuali Staff\"},\"url\":\"https:\\\/\\\/kuali.com.mx\\\/web\\\/author\\\/lagarto\\\/\"}]}<\/script>\n<!-- \/ Yoast SEO plugin. -->","yoast_head_json":{"title":"AFECTA LA \"LEY SILLA\" A LOS RESTAURANTES: CANIRAC - Kuali","robots":{"index":"index","follow":"follow","max-snippet":"max-snippet:-1","max-image-preview":"max-image-preview:large","max-video-preview":"max-video-preview:-1"},"canonical":"https:\/\/kuali.com.mx\/web\/2025\/06\/29\/afecta-la-ley-silla-a-los-restaurantes-canirac\/","og_locale":"es_MX","og_type":"article","og_title":"AFECTA LA \"LEY SILLA\" A LOS RESTAURANTES: CANIRAC - Kuali","og_description":"Milagros Tadeo\/Le\u00f3n, Gto.-\u00a0La vicepresidenta de la CANIRAC en la regi\u00f3n centro,\u00a0Helen Anaya\u00a0Sanrom\u00e1n, indic\u00f3 la entrada en vigor de la Ley Silla afecta a los restaurantes, pero iniciaron con la implementaci\u00f3n de descansos programados durante las jornadas laborales. La Ley Silla se aprob\u00f3 por unanimidad en el Senado el a\u00f1o pasado y se public\u00f3 en el [&hellip;]","og_url":"https:\/\/kuali.com.mx\/web\/2025\/06\/29\/afecta-la-ley-silla-a-los-restaurantes-canirac\/","og_site_name":"Kuali","article_publisher":"https:\/\/kuali.com.mx\/web\/wp-content\/uploads\/2018\/04\/cropped-kuali_logo-1-1.png","article_published_time":"2025-06-30T01:32:58+00:00","article_modified_time":"2025-06-30T14:17:42+00:00","og_image":[{"width":1833,"height":750,"url":"https:\/\/kuali.com.mx\/web\/wp-content\/uploads\/2025\/06\/Canirac.jpg","type":"image\/jpeg"}],"author":"Kuali Staff","twitter_card":"summary_large_image","twitter_creator":"@kuali_noticias","twitter_site":"@kuali_noticias","twitter_misc":{"Escrito por":"Kuali Staff","Tiempo de lectura":"1 minuto"},"schema":{"@context":"https:\/\/schema.org","@graph":[{"@type":"Article","@id":"https:\/\/kuali.com.mx\/web\/2025\/06\/29\/afecta-la-ley-silla-a-los-restaurantes-canirac\/#article","isPartOf":{"@id":"https:\/\/kuali.com.mx\/web\/2025\/06\/29\/afecta-la-ley-silla-a-los-restaurantes-canirac\/"},"author":{"name":"Kuali Staff","@id":"https:\/\/kuali.com.mx\/web\/#\/schema\/person\/6f89ffa8ecba9dae50662357923c5289"},"headline":"AFECTA LA &#8220;LEY SILLA&#8221; A LOS RESTAURANTES: CANIRAC","datePublished":"2025-06-30T01:32:58+00:00","dateModified":"2025-06-30T14:17:42+00:00","mainEntityOfPage":{"@id":"https:\/\/kuali.com.mx\/web\/2025\/06\/29\/afecta-la-ley-silla-a-los-restaurantes-canirac\/"},"wordCount":237,"commentCount":0,"image":{"@id":"https:\/\/kuali.com.mx\/web\/2025\/06\/29\/afecta-la-ley-silla-a-los-restaurantes-canirac\/#primaryimage"},"thumbnailUrl":"https:\/\/kuali.com.mx\/web\/wp-content\/uploads\/2025\/06\/Canirac.jpg","articleSection":["Pol\u00edtica","slider"],"inLanguage":"es","potentialAction":[{"@type":"CommentAction","name":"Comment","target":["https:\/\/kuali.com.mx\/web\/2025\/06\/29\/afecta-la-ley-silla-a-los-restaurantes-canirac\/#respond"]}]},{"@type":"WebPage","@id":"https:\/\/kuali.com.mx\/web\/2025\/06\/29\/afecta-la-ley-silla-a-los-restaurantes-canirac\/","url":"https:\/\/kuali.com.mx\/web\/2025\/06\/29\/afecta-la-ley-silla-a-los-restaurantes-canirac\/","name":"AFECTA LA \"LEY SILLA\" A LOS RESTAURANTES: CANIRAC - Kuali","isPartOf":{"@id":"https:\/\/kuali.com.mx\/web\/#website"},"primaryImageOfPage":{"@id":"https:\/\/kuali.com.mx\/web\/2025\/06\/29\/afecta-la-ley-silla-a-los-restaurantes-canirac\/#primaryimage"},"image":{"@id":"https:\/\/kuali.com.mx\/web\/2025\/06\/29\/afecta-la-ley-silla-a-los-restaurantes-canirac\/#primaryimage"},"thumbnailUrl":"https:\/\/kuali.com.mx\/web\/wp-content\/uploads\/2025\/06\/Canirac.jpg","datePublished":"2025-06-30T01:32:58+00:00","dateModified":"2025-06-30T14:17:42+00:00","author":{"@id":"https:\/\/kuali.com.mx\/web\/#\/schema\/person\/6f89ffa8ecba9dae50662357923c5289"},"breadcrumb":{"@id":"https:\/\/kuali.com.mx\/web\/2025\/06\/29\/afecta-la-ley-silla-a-los-restaurantes-canirac\/#breadcrumb"},"inLanguage":"es","potentialAction":[{"@type":"ReadAction","target":["https:\/\/kuali.com.mx\/web\/2025\/06\/29\/afecta-la-ley-silla-a-los-restaurantes-canirac\/"]}]},{"@type":"ImageObject","inLanguage":"es","@id":"https:\/\/kuali.com.mx\/web\/2025\/06\/29\/afecta-la-ley-silla-a-los-restaurantes-canirac\/#primaryimage","url":"https:\/\/kuali.com.mx\/web\/wp-content\/uploads\/2025\/06\/Canirac.jpg","contentUrl":"https:\/\/kuali.com.mx\/web\/wp-content\/uploads\/2025\/06\/Canirac.jpg","width":1833,"height":750},{"@type":"BreadcrumbList","@id":"https:\/\/kuali.com.mx\/web\/2025\/06\/29\/afecta-la-ley-silla-a-los-restaurantes-canirac\/#breadcrumb","itemListElement":[{"@type":"ListItem","position":1,"name":"Inicio","item":"https:\/\/kuali.com.mx\/web\/"},{"@type":"ListItem","position":2,"name":"AFECTA LA &#8220;LEY SILLA&#8221; A LOS RESTAURANTES: CANIRAC"}]},{"@type":"WebSite","@id":"https:\/\/kuali.com.mx\/web\/#website","url":"https:\/\/kuali.com.mx\/web\/","name":"Kuali","description":"","potentialAction":[{"@type":"SearchAction","target":{"@type":"EntryPoint","urlTemplate":"https:\/\/kuali.com.mx\/web\/?s={search_term_string}"},"query-input":{"@type":"PropertyValueSpecification","valueRequired":true,"valueName":"search_term_string"}}],"inLanguage":"es"},{"@type":"Person","@id":"https:\/\/kuali.com.mx\/web\/#\/schema\/person\/6f89ffa8ecba9dae50662357923c5289","name":"Kuali Staff","image":{"@type":"ImageObject","inLanguage":"es","@id":"https:\/\/secure.gravatar.com\/avatar\/f917ad82e5ab71227a733c78b6e60715476f69ee6be59feee4eb5d9920c89e0f?s=96&d=mm&r=g","url":"https:\/\/secure.gravatar.com\/avatar\/f917ad82e5ab71227a733c78b6e60715476f69ee6be59feee4eb5d9920c89e0f?s=96&d=mm&r=g","contentUrl":"https:\/\/secure.gravatar.com\/avatar\/f917ad82e5ab71227a733c78b6e60715476f69ee6be59feee4eb5d9920c89e0f?s=96&d=mm&r=g","caption":"Kuali Staff"},"url":"https:\/\/kuali.com.mx\/web\/author\/lagarto\/"}]}},"_links":{"self":[{"href":"https:\/\/kuali.com.mx\/web\/wp-json\/wp\/v2\/posts\/179159","targetHints":{"allow":["GET"]}}],"collection":[{"href":"https:\/\/kuali.com.mx\/web\/wp-json\/wp\/v2\/posts"}],"about":[{"href":"https:\/\/kuali.com.mx\/web\/wp-json\/wp\/v2\/types\/post"}],"author":[{"embeddable":true,"href":"https:\/\/kuali.com.mx\/web\/wp-json\/wp\/v2\/users\/2"}],"replies":[{"embeddable":true,"href":"https:\/\/kuali.com.mx\/web\/wp-json\/wp\/v2\/comments?post=179159"}],"version-history":[{"count":2,"href":"https:\/\/kuali.com.mx\/web\/wp-json\/wp\/v2\/posts\/179159\/revisions"}],"predecessor-version":[{"id":179188,"href":"https:\/\/kuali.com.mx\/web\/wp-json\/wp\/v2\/posts\/179159\/revisions\/179188"}],"wp:featuredmedia":[{"embeddable":true,"href":"https:\/\/kuali.com.mx\/web\/wp-json\/wp\/v2\/media\/179162"}],"wp:attachment":[{"href":"https:\/\/kuali.com.mx\/web\/wp-json\/wp\/v2\/media?parent=179159"}],"wp:term":[{"taxonomy":"category","embeddable":true,"href":"https:\/\/kuali.com.mx\/web\/wp-json\/wp\/v2\/categories?post=179159"},{"taxonomy":"post_tag","embeddable":true,"href":"https:\/\/kuali.com.mx\/web\/wp-json\/wp\/v2\/tags?post=179159"}],"curies":[{"name":"wp","href":"https:\/\/api.w.org\/{rel}","templated":true}]}}