{"id":178556,"date":"2025-06-22T13:49:49","date_gmt":"2025-06-22T19:49:49","guid":{"rendered":"https:\/\/kuali.com.mx\/web\/?p=178556"},"modified":"2025-06-22T20:54:29","modified_gmt":"2025-06-23T02:54:29","slug":"aumenta-el-nivel-de-la-presa-el-palote","status":"publish","type":"post","link":"https:\/\/kuali.com.mx\/web\/2025\/06\/22\/aumenta-el-nivel-de-la-presa-el-palote\/","title":{"rendered":"AUMENTA EL NIVEL DE LA PRESA EL PALOTE"},"content":{"rendered":"\n<p><strong><em>Carlos Garc\u00eda\/Le\u00f3n, Gto.- <\/em><\/strong>Las lluvias que duraron 36 horas en el municipio de Le\u00f3n subieron en un 42.26 por ciento el nivel de la presa de El Palote, que desde el a\u00f1o 2023 se hab\u00eda secado, pero tambi\u00e9n generaron afectaciones en la ciudad.<\/p>\n\n\n\n<p>El Comit\u00e9 de Prevenci\u00f3n de Inundaciones del gobierno de Le\u00f3n inform\u00f3 que la lluvia acumulada anual para la ciudad se estima en 270 mm. El a\u00f1o pasado fue de &nbsp;40.33 mm de precipitaci\u00f3n acumulada.<\/p>\n\n\n\n<p>El gobierno local anunci\u00f3 que el lunes ser\u00e1n liberados peces en la presa de El Palote, ubicada en el Parque Metropolitano y que sirve para dotar de agua a la zona norte de la ciudad.<\/p>\n\n\n\n<p>Las lluvias generaron inundaciones, ingreso de agua en viviendas, \u00e1rboles ca\u00eddos, arrastre de material p\u00e9treo, da\u00f1os en veh\u00edculos y cableado el\u00e9ctrico da\u00f1ado.<\/p>\n\n\n\n<p>Del s\u00e1bado al domingo se registraron inundaciones en 21 casas, ocho cortos circuitos, 10 \u00e1rboles ca\u00eddos y 12 ramas de \u00e1rboles con riesgo de caer.<\/p>\n\n\n\n<p>A dem\u00e1s, se reportaron inundaciones en los bulevares Delta, Juan Jos\u00e9 Torres Landa, Timoteo Lozano, Francisco Villa y en el Malec\u00f3n del R\u00edo.<\/p>\n\n\n\n<p>\u201cPor las condiciones del lugar en diferentes colonias se generaron escurrimientos, tales como San Juan Bosco, Piletas, La Espa\u00f1a, Los Olivos, Chapalita y La Obrera\u201d, enumer\u00f3 el gobierno municipal.<\/p>\n\n\n\n<p>La Polic\u00eda Vial ayud\u00f3 a 53 conductores que tuvieron percances viales o fallas mec\u00e1nicas y realiz\u00f3 24 cierres &nbsp;de vialidades donde el agua super\u00f3 el nivel de las banquetas.<\/p>\n","protected":false},"excerpt":{"rendered":"Carlos Garc\u00eda\/Le\u00f3n, Gto.- Las lluvias que duraron 36 horas en el municipio de Le\u00f3n subieron en un 42.26 por ciento el nivel de la presa de El Palote, que desde el a\u00f1o 2023 se hab\u00eda secado, pero tambi\u00e9n generaron afectaciones en la ciudad. El Comit\u00e9 de Prevenci\u00f3n de Inundaciones del gobierno de Le\u00f3n inform\u00f3 que [&hellip;]","protected":false},"author":2,"featured_media":148657,"comment_status":"open","ping_status":"open","sticky":false,"template":"","format":"standard","meta":{"_seopress_robots_primary_cat":"none","_seopress_titles_title":"","_seopress_titles_desc":"","_seopress_robots_index":"","_monsterinsights_skip_tracking":false,"_monsterinsights_sitenote_active":false,"_monsterinsights_sitenote_note":"","_monsterinsights_sitenote_category":0,"footnotes":""},"categories":[17,69],"tags":[],"class_list":["post-178556","post","type-post","status-publish","format-standard","has-post-thumbnail","hentry","category-ecologia","category-slider"],"yoast_head":"<!-- This site is optimized with the Yoast SEO plugin v27.4 - https:\/\/yoast.com\/product\/yoast-seo-wordpress\/ -->\n<title>AUMENTA EL NIVEL DE LA PRESA EL PALOTE - Kuali<\/title>\n<meta name=\"robots\" content=\"index, follow, max-snippet:-1, max-image-preview:large, max-video-preview:-1\" \/>\n<link rel=\"canonical\" href=\"https:\/\/kuali.com.mx\/web\/2025\/06\/22\/aumenta-el-nivel-de-la-presa-el-palote\/\" \/>\n<meta property=\"og:locale\" content=\"es_MX\" \/>\n<meta property=\"og:type\" content=\"article\" \/>\n<meta property=\"og:title\" content=\"AUMENTA EL NIVEL DE LA PRESA EL PALOTE - Kuali\" \/>\n<meta property=\"og:description\" content=\"Carlos Garc\u00eda\/Le\u00f3n, Gto.- Las lluvias que duraron 36 horas en el municipio de Le\u00f3n subieron en un 42.26 por ciento el nivel de la presa de El Palote, que desde el a\u00f1o 2023 se hab\u00eda secado, pero tambi\u00e9n generaron afectaciones en la ciudad. El Comit\u00e9 de Prevenci\u00f3n de Inundaciones del gobierno de Le\u00f3n inform\u00f3 que [&hellip;]\" \/>\n<meta property=\"og:url\" content=\"https:\/\/kuali.com.mx\/web\/2025\/06\/22\/aumenta-el-nivel-de-la-presa-el-palote\/\" \/>\n<meta property=\"og:site_name\" content=\"Kuali\" \/>\n<meta property=\"article:publisher\" content=\"https:\/\/kuali.com.mx\/web\/wp-content\/uploads\/2018\/04\/cropped-kuali_logo-1-1.png\" \/>\n<meta property=\"article:published_time\" content=\"2025-06-22T19:49:49+00:00\" \/>\n<meta property=\"article:modified_time\" content=\"2025-06-23T02:54:29+00:00\" \/>\n<meta property=\"og:image\" content=\"https:\/\/kuali.com.mx\/web\/wp-content\/uploads\/2024\/07\/Presa-Palote-3.jpg\" \/>\n\t<meta property=\"og:image:width\" content=\"1860\" \/>\n\t<meta property=\"og:image:height\" content=\"750\" \/>\n\t<meta property=\"og:image:type\" content=\"image\/jpeg\" \/>\n<meta name=\"author\" content=\"Kuali Staff\" \/>\n<meta name=\"twitter:card\" content=\"summary_large_image\" \/>\n<meta name=\"twitter:creator\" content=\"@kuali_noticias\" \/>\n<meta name=\"twitter:site\" content=\"@kuali_noticias\" \/>\n<meta name=\"twitter:label1\" content=\"Escrito por\" \/>\n\t<meta name=\"twitter:data1\" content=\"Kuali Staff\" \/>\n\t<meta name=\"twitter:label2\" content=\"Tiempo de lectura\" \/>\n\t<meta name=\"twitter:data2\" content=\"1 minuto\" \/>\n<script type=\"application\/ld+json\" class=\"yoast-schema-graph\">{\"@context\":\"https:\\\/\\\/schema.org\",\"@graph\":[{\"@type\":\"Article\",\"@id\":\"https:\\\/\\\/kuali.com.mx\\\/web\\\/2025\\\/06\\\/22\\\/aumenta-el-nivel-de-la-presa-el-palote\\\/#article\",\"isPartOf\":{\"@id\":\"https:\\\/\\\/kuali.com.mx\\\/web\\\/2025\\\/06\\\/22\\\/aumenta-el-nivel-de-la-presa-el-palote\\\/\"},\"author\":{\"name\":\"Kuali Staff\",\"@id\":\"https:\\\/\\\/kuali.com.mx\\\/web\\\/#\\\/schema\\\/person\\\/6f89ffa8ecba9dae50662357923c5289\"},\"headline\":\"AUMENTA EL NIVEL DE LA PRESA EL PALOTE\",\"datePublished\":\"2025-06-22T19:49:49+00:00\",\"dateModified\":\"2025-06-23T02:54:29+00:00\",\"mainEntityOfPage\":{\"@id\":\"https:\\\/\\\/kuali.com.mx\\\/web\\\/2025\\\/06\\\/22\\\/aumenta-el-nivel-de-la-presa-el-palote\\\/\"},\"wordCount\":267,\"commentCount\":0,\"image\":{\"@id\":\"https:\\\/\\\/kuali.com.mx\\\/web\\\/2025\\\/06\\\/22\\\/aumenta-el-nivel-de-la-presa-el-palote\\\/#primaryimage\"},\"thumbnailUrl\":\"https:\\\/\\\/kuali.com.mx\\\/web\\\/wp-content\\\/uploads\\\/2024\\\/07\\\/Presa-Palote-3.jpg\",\"articleSection\":[\"Ecolog\u00eda\",\"slider\"],\"inLanguage\":\"es\",\"potentialAction\":[{\"@type\":\"CommentAction\",\"name\":\"Comment\",\"target\":[\"https:\\\/\\\/kuali.com.mx\\\/web\\\/2025\\\/06\\\/22\\\/aumenta-el-nivel-de-la-presa-el-palote\\\/#respond\"]}]},{\"@type\":\"WebPage\",\"@id\":\"https:\\\/\\\/kuali.com.mx\\\/web\\\/2025\\\/06\\\/22\\\/aumenta-el-nivel-de-la-presa-el-palote\\\/\",\"url\":\"https:\\\/\\\/kuali.com.mx\\\/web\\\/2025\\\/06\\\/22\\\/aumenta-el-nivel-de-la-presa-el-palote\\\/\",\"name\":\"AUMENTA EL NIVEL DE LA PRESA EL PALOTE - Kuali\",\"isPartOf\":{\"@id\":\"https:\\\/\\\/kuali.com.mx\\\/web\\\/#website\"},\"primaryImageOfPage\":{\"@id\":\"https:\\\/\\\/kuali.com.mx\\\/web\\\/2025\\\/06\\\/22\\\/aumenta-el-nivel-de-la-presa-el-palote\\\/#primaryimage\"},\"image\":{\"@id\":\"https:\\\/\\\/kuali.com.mx\\\/web\\\/2025\\\/06\\\/22\\\/aumenta-el-nivel-de-la-presa-el-palote\\\/#primaryimage\"},\"thumbnailUrl\":\"https:\\\/\\\/kuali.com.mx\\\/web\\\/wp-content\\\/uploads\\\/2024\\\/07\\\/Presa-Palote-3.jpg\",\"datePublished\":\"2025-06-22T19:49:49+00:00\",\"dateModified\":\"2025-06-23T02:54:29+00:00\",\"author\":{\"@id\":\"https:\\\/\\\/kuali.com.mx\\\/web\\\/#\\\/schema\\\/person\\\/6f89ffa8ecba9dae50662357923c5289\"},\"breadcrumb\":{\"@id\":\"https:\\\/\\\/kuali.com.mx\\\/web\\\/2025\\\/06\\\/22\\\/aumenta-el-nivel-de-la-presa-el-palote\\\/#breadcrumb\"},\"inLanguage\":\"es\",\"potentialAction\":[{\"@type\":\"ReadAction\",\"target\":[\"https:\\\/\\\/kuali.com.mx\\\/web\\\/2025\\\/06\\\/22\\\/aumenta-el-nivel-de-la-presa-el-palote\\\/\"]}]},{\"@type\":\"ImageObject\",\"inLanguage\":\"es\",\"@id\":\"https:\\\/\\\/kuali.com.mx\\\/web\\\/2025\\\/06\\\/22\\\/aumenta-el-nivel-de-la-presa-el-palote\\\/#primaryimage\",\"url\":\"https:\\\/\\\/kuali.com.mx\\\/web\\\/wp-content\\\/uploads\\\/2024\\\/07\\\/Presa-Palote-3.jpg\",\"contentUrl\":\"https:\\\/\\\/kuali.com.mx\\\/web\\\/wp-content\\\/uploads\\\/2024\\\/07\\\/Presa-Palote-3.jpg\",\"width\":1860,\"height\":750},{\"@type\":\"BreadcrumbList\",\"@id\":\"https:\\\/\\\/kuali.com.mx\\\/web\\\/2025\\\/06\\\/22\\\/aumenta-el-nivel-de-la-presa-el-palote\\\/#breadcrumb\",\"itemListElement\":[{\"@type\":\"ListItem\",\"position\":1,\"name\":\"Inicio\",\"item\":\"https:\\\/\\\/kuali.com.mx\\\/web\\\/\"},{\"@type\":\"ListItem\",\"position\":2,\"name\":\"AUMENTA EL NIVEL DE LA PRESA EL PALOTE\"}]},{\"@type\":\"WebSite\",\"@id\":\"https:\\\/\\\/kuali.com.mx\\\/web\\\/#website\",\"url\":\"https:\\\/\\\/kuali.com.mx\\\/web\\\/\",\"name\":\"Kuali\",\"description\":\"\",\"potentialAction\":[{\"@type\":\"SearchAction\",\"target\":{\"@type\":\"EntryPoint\",\"urlTemplate\":\"https:\\\/\\\/kuali.com.mx\\\/web\\\/?s={search_term_string}\"},\"query-input\":{\"@type\":\"PropertyValueSpecification\",\"valueRequired\":true,\"valueName\":\"search_term_string\"}}],\"inLanguage\":\"es\"},{\"@type\":\"Person\",\"@id\":\"https:\\\/\\\/kuali.com.mx\\\/web\\\/#\\\/schema\\\/person\\\/6f89ffa8ecba9dae50662357923c5289\",\"name\":\"Kuali Staff\",\"image\":{\"@type\":\"ImageObject\",\"inLanguage\":\"es\",\"@id\":\"https:\\\/\\\/secure.gravatar.com\\\/avatar\\\/f917ad82e5ab71227a733c78b6e60715476f69ee6be59feee4eb5d9920c89e0f?s=96&d=mm&r=g\",\"url\":\"https:\\\/\\\/secure.gravatar.com\\\/avatar\\\/f917ad82e5ab71227a733c78b6e60715476f69ee6be59feee4eb5d9920c89e0f?s=96&d=mm&r=g\",\"contentUrl\":\"https:\\\/\\\/secure.gravatar.com\\\/avatar\\\/f917ad82e5ab71227a733c78b6e60715476f69ee6be59feee4eb5d9920c89e0f?s=96&d=mm&r=g\",\"caption\":\"Kuali Staff\"},\"url\":\"https:\\\/\\\/kuali.com.mx\\\/web\\\/author\\\/lagarto\\\/\"}]}<\/script>\n<!-- \/ Yoast SEO plugin. -->","yoast_head_json":{"title":"AUMENTA EL NIVEL DE LA PRESA EL PALOTE - Kuali","robots":{"index":"index","follow":"follow","max-snippet":"max-snippet:-1","max-image-preview":"max-image-preview:large","max-video-preview":"max-video-preview:-1"},"canonical":"https:\/\/kuali.com.mx\/web\/2025\/06\/22\/aumenta-el-nivel-de-la-presa-el-palote\/","og_locale":"es_MX","og_type":"article","og_title":"AUMENTA EL NIVEL DE LA PRESA EL PALOTE - Kuali","og_description":"Carlos Garc\u00eda\/Le\u00f3n, Gto.- Las lluvias que duraron 36 horas en el municipio de Le\u00f3n subieron en un 42.26 por ciento el nivel de la presa de El Palote, que desde el a\u00f1o 2023 se hab\u00eda secado, pero tambi\u00e9n generaron afectaciones en la ciudad. El Comit\u00e9 de Prevenci\u00f3n de Inundaciones del gobierno de Le\u00f3n inform\u00f3 que [&hellip;]","og_url":"https:\/\/kuali.com.mx\/web\/2025\/06\/22\/aumenta-el-nivel-de-la-presa-el-palote\/","og_site_name":"Kuali","article_publisher":"https:\/\/kuali.com.mx\/web\/wp-content\/uploads\/2018\/04\/cropped-kuali_logo-1-1.png","article_published_time":"2025-06-22T19:49:49+00:00","article_modified_time":"2025-06-23T02:54:29+00:00","og_image":[{"width":1860,"height":750,"url":"https:\/\/kuali.com.mx\/web\/wp-content\/uploads\/2024\/07\/Presa-Palote-3.jpg","type":"image\/jpeg"}],"author":"Kuali Staff","twitter_card":"summary_large_image","twitter_creator":"@kuali_noticias","twitter_site":"@kuali_noticias","twitter_misc":{"Escrito por":"Kuali Staff","Tiempo de lectura":"1 minuto"},"schema":{"@context":"https:\/\/schema.org","@graph":[{"@type":"Article","@id":"https:\/\/kuali.com.mx\/web\/2025\/06\/22\/aumenta-el-nivel-de-la-presa-el-palote\/#article","isPartOf":{"@id":"https:\/\/kuali.com.mx\/web\/2025\/06\/22\/aumenta-el-nivel-de-la-presa-el-palote\/"},"author":{"name":"Kuali Staff","@id":"https:\/\/kuali.com.mx\/web\/#\/schema\/person\/6f89ffa8ecba9dae50662357923c5289"},"headline":"AUMENTA EL NIVEL DE LA PRESA EL PALOTE","datePublished":"2025-06-22T19:49:49+00:00","dateModified":"2025-06-23T02:54:29+00:00","mainEntityOfPage":{"@id":"https:\/\/kuali.com.mx\/web\/2025\/06\/22\/aumenta-el-nivel-de-la-presa-el-palote\/"},"wordCount":267,"commentCount":0,"image":{"@id":"https:\/\/kuali.com.mx\/web\/2025\/06\/22\/aumenta-el-nivel-de-la-presa-el-palote\/#primaryimage"},"thumbnailUrl":"https:\/\/kuali.com.mx\/web\/wp-content\/uploads\/2024\/07\/Presa-Palote-3.jpg","articleSection":["Ecolog\u00eda","slider"],"inLanguage":"es","potentialAction":[{"@type":"CommentAction","name":"Comment","target":["https:\/\/kuali.com.mx\/web\/2025\/06\/22\/aumenta-el-nivel-de-la-presa-el-palote\/#respond"]}]},{"@type":"WebPage","@id":"https:\/\/kuali.com.mx\/web\/2025\/06\/22\/aumenta-el-nivel-de-la-presa-el-palote\/","url":"https:\/\/kuali.com.mx\/web\/2025\/06\/22\/aumenta-el-nivel-de-la-presa-el-palote\/","name":"AUMENTA EL NIVEL DE LA PRESA EL PALOTE - Kuali","isPartOf":{"@id":"https:\/\/kuali.com.mx\/web\/#website"},"primaryImageOfPage":{"@id":"https:\/\/kuali.com.mx\/web\/2025\/06\/22\/aumenta-el-nivel-de-la-presa-el-palote\/#primaryimage"},"image":{"@id":"https:\/\/kuali.com.mx\/web\/2025\/06\/22\/aumenta-el-nivel-de-la-presa-el-palote\/#primaryimage"},"thumbnailUrl":"https:\/\/kuali.com.mx\/web\/wp-content\/uploads\/2024\/07\/Presa-Palote-3.jpg","datePublished":"2025-06-22T19:49:49+00:00","dateModified":"2025-06-23T02:54:29+00:00","author":{"@id":"https:\/\/kuali.com.mx\/web\/#\/schema\/person\/6f89ffa8ecba9dae50662357923c5289"},"breadcrumb":{"@id":"https:\/\/kuali.com.mx\/web\/2025\/06\/22\/aumenta-el-nivel-de-la-presa-el-palote\/#breadcrumb"},"inLanguage":"es","potentialAction":[{"@type":"ReadAction","target":["https:\/\/kuali.com.mx\/web\/2025\/06\/22\/aumenta-el-nivel-de-la-presa-el-palote\/"]}]},{"@type":"ImageObject","inLanguage":"es","@id":"https:\/\/kuali.com.mx\/web\/2025\/06\/22\/aumenta-el-nivel-de-la-presa-el-palote\/#primaryimage","url":"https:\/\/kuali.com.mx\/web\/wp-content\/uploads\/2024\/07\/Presa-Palote-3.jpg","contentUrl":"https:\/\/kuali.com.mx\/web\/wp-content\/uploads\/2024\/07\/Presa-Palote-3.jpg","width":1860,"height":750},{"@type":"BreadcrumbList","@id":"https:\/\/kuali.com.mx\/web\/2025\/06\/22\/aumenta-el-nivel-de-la-presa-el-palote\/#breadcrumb","itemListElement":[{"@type":"ListItem","position":1,"name":"Inicio","item":"https:\/\/kuali.com.mx\/web\/"},{"@type":"ListItem","position":2,"name":"AUMENTA EL NIVEL DE LA PRESA EL PALOTE"}]},{"@type":"WebSite","@id":"https:\/\/kuali.com.mx\/web\/#website","url":"https:\/\/kuali.com.mx\/web\/","name":"Kuali","description":"","potentialAction":[{"@type":"SearchAction","target":{"@type":"EntryPoint","urlTemplate":"https:\/\/kuali.com.mx\/web\/?s={search_term_string}"},"query-input":{"@type":"PropertyValueSpecification","valueRequired":true,"valueName":"search_term_string"}}],"inLanguage":"es"},{"@type":"Person","@id":"https:\/\/kuali.com.mx\/web\/#\/schema\/person\/6f89ffa8ecba9dae50662357923c5289","name":"Kuali Staff","image":{"@type":"ImageObject","inLanguage":"es","@id":"https:\/\/secure.gravatar.com\/avatar\/f917ad82e5ab71227a733c78b6e60715476f69ee6be59feee4eb5d9920c89e0f?s=96&d=mm&r=g","url":"https:\/\/secure.gravatar.com\/avatar\/f917ad82e5ab71227a733c78b6e60715476f69ee6be59feee4eb5d9920c89e0f?s=96&d=mm&r=g","contentUrl":"https:\/\/secure.gravatar.com\/avatar\/f917ad82e5ab71227a733c78b6e60715476f69ee6be59feee4eb5d9920c89e0f?s=96&d=mm&r=g","caption":"Kuali Staff"},"url":"https:\/\/kuali.com.mx\/web\/author\/lagarto\/"}]}},"_links":{"self":[{"href":"https:\/\/kuali.com.mx\/web\/wp-json\/wp\/v2\/posts\/178556","targetHints":{"allow":["GET"]}}],"collection":[{"href":"https:\/\/kuali.com.mx\/web\/wp-json\/wp\/v2\/posts"}],"about":[{"href":"https:\/\/kuali.com.mx\/web\/wp-json\/wp\/v2\/types\/post"}],"author":[{"embeddable":true,"href":"https:\/\/kuali.com.mx\/web\/wp-json\/wp\/v2\/users\/2"}],"replies":[{"embeddable":true,"href":"https:\/\/kuali.com.mx\/web\/wp-json\/wp\/v2\/comments?post=178556"}],"version-history":[{"count":1,"href":"https:\/\/kuali.com.mx\/web\/wp-json\/wp\/v2\/posts\/178556\/revisions"}],"predecessor-version":[{"id":178559,"href":"https:\/\/kuali.com.mx\/web\/wp-json\/wp\/v2\/posts\/178556\/revisions\/178559"}],"wp:featuredmedia":[{"embeddable":true,"href":"https:\/\/kuali.com.mx\/web\/wp-json\/wp\/v2\/media\/148657"}],"wp:attachment":[{"href":"https:\/\/kuali.com.mx\/web\/wp-json\/wp\/v2\/media?parent=178556"}],"wp:term":[{"taxonomy":"category","embeddable":true,"href":"https:\/\/kuali.com.mx\/web\/wp-json\/wp\/v2\/categories?post=178556"},{"taxonomy":"post_tag","embeddable":true,"href":"https:\/\/kuali.com.mx\/web\/wp-json\/wp\/v2\/tags?post=178556"}],"curies":[{"name":"wp","href":"https:\/\/api.w.org\/{rel}","templated":true}]}}