{"id":178512,"date":"2025-06-22T13:45:12","date_gmt":"2025-06-22T19:45:12","guid":{"rendered":"https:\/\/kuali.com.mx\/web\/?p=178512"},"modified":"2025-06-22T21:16:45","modified_gmt":"2025-06-23T03:16:45","slug":"dejo-inundacion-afectaciones-importantes-gobernadora","status":"publish","type":"post","link":"https:\/\/kuali.com.mx\/web\/2025\/06\/22\/dejo-inundacion-afectaciones-importantes-gobernadora\/","title":{"rendered":"DEJ\u00d3 INUNDACI\u00d3N &#8220;AFECTACIONES IMPORTANTES&#8221;: GOBERNADORA"},"content":{"rendered":"\n<p><strong><em>Carlos Garc\u00eda\/Ocampo, Gto.-<\/em><\/strong> La inundaci\u00f3n en la comunidad de San Pedro de Ibarra en el municipio de Ocampo dej\u00f3 \u201cafectaciones importantes\u201d y se realiza un levantamiento de los da\u00f1os para ayudar a los damnificados, anunci\u00f3 la gobernadora, Libia Garc\u00eda Mu\u00f1oz Ledo.<\/p>\n\n\n\n<p>La noche del s\u00e1bado se revent\u00f3 el bordo conocido como \u201cLas Golondrinas\u201d, ubicado en un predio particular en Vergel de la Sierra.<\/p>\n\n\n\n<p>El agua inund\u00f3 a la comunidad donde viven m\u00e1s de mil personas y se tuvo que implementar un operativo de evacuaci\u00f3n. Familias fueron llevadas al auditorio Nabor Quiroz de la cabecera municipal de Ocampo.&nbsp;<\/p>\n\n\n\n<p>\u201cLas lluvias ocasionaron afectaciones importantes en la Comunidad San Pedro de Ibarra en Ocampo; en coordinaci\u00f3n con el municipio, el d\u00eda de hoy estar\u00e1n all\u00e1 las #BrigadasDelGobiernoDeLaGente para hacer los levantamientos que nos permitan apoyar a las familias que se han visto afectadas\u201d, difundi\u00f3 la mandataria.<\/p>\n\n\n\n<p>Los afectados por la inundaci\u00f3n \u201cno est\u00e1n solos, el gobierno de la Gente est\u00e1 con ustedes y ah\u00ed estaremos donde nos necesitan\u201d, concluy\u00f3.<\/p>\n\n\n\n<p>Hasta el momento, la Coordinaci\u00f3n Estatal de Protecci\u00f3n Civil no ha emitido un corte sobre el n\u00famero de personas evacuadas, ni sobre los da\u00f1os cuantificados hasta el momento.<\/p>\n\n\n\n<p>\u201cEs importante mencionar que no se reportan personas fallecidas ni desaparecidas, aunque hay una persona lesionada con posible fractura de rodilla\u201d, ventil\u00f3 la Secretar\u00eda de Seguridad y Paz.<\/p>\n","protected":false},"excerpt":{"rendered":"Carlos Garc\u00eda\/Ocampo, Gto.- La inundaci\u00f3n en la comunidad de San Pedro de Ibarra en el municipio de Ocampo dej\u00f3 \u201cafectaciones importantes\u201d y se realiza un levantamiento de los da\u00f1os para ayudar a los damnificados, anunci\u00f3 la gobernadora, Libia Garc\u00eda Mu\u00f1oz Ledo. La noche del s\u00e1bado se revent\u00f3 el bordo conocido como \u201cLas Golondrinas\u201d, ubicado en [&hellip;]","protected":false},"author":2,"featured_media":178515,"comment_status":"open","ping_status":"open","sticky":false,"template":"","format":"standard","meta":{"_seopress_robots_primary_cat":"none","_seopress_titles_title":"","_seopress_titles_desc":"","_seopress_robots_index":"","_monsterinsights_skip_tracking":false,"_monsterinsights_sitenote_active":false,"_monsterinsights_sitenote_note":"","_monsterinsights_sitenote_category":0,"footnotes":""},"categories":[17],"tags":[],"class_list":["post-178512","post","type-post","status-publish","format-standard","has-post-thumbnail","hentry","category-ecologia"],"yoast_head":"<!-- This site is optimized with the Yoast SEO plugin v27.4 - https:\/\/yoast.com\/product\/yoast-seo-wordpress\/ -->\n<title>DEJ\u00d3 INUNDACI\u00d3N &quot;AFECTACIONES IMPORTANTES&quot;: GOBERNADORA - Kuali<\/title>\n<meta name=\"robots\" content=\"index, follow, max-snippet:-1, max-image-preview:large, max-video-preview:-1\" \/>\n<link rel=\"canonical\" href=\"https:\/\/kuali.com.mx\/web\/2025\/06\/22\/dejo-inundacion-afectaciones-importantes-gobernadora\/\" \/>\n<meta property=\"og:locale\" content=\"es_MX\" \/>\n<meta property=\"og:type\" content=\"article\" \/>\n<meta property=\"og:title\" content=\"DEJ\u00d3 INUNDACI\u00d3N &quot;AFECTACIONES IMPORTANTES&quot;: GOBERNADORA - Kuali\" \/>\n<meta property=\"og:description\" content=\"Carlos Garc\u00eda\/Ocampo, Gto.- La inundaci\u00f3n en la comunidad de San Pedro de Ibarra en el municipio de Ocampo dej\u00f3 \u201cafectaciones importantes\u201d y se realiza un levantamiento de los da\u00f1os para ayudar a los damnificados, anunci\u00f3 la gobernadora, Libia Garc\u00eda Mu\u00f1oz Ledo. La noche del s\u00e1bado se revent\u00f3 el bordo conocido como \u201cLas Golondrinas\u201d, ubicado en [&hellip;]\" \/>\n<meta property=\"og:url\" content=\"https:\/\/kuali.com.mx\/web\/2025\/06\/22\/dejo-inundacion-afectaciones-importantes-gobernadora\/\" \/>\n<meta property=\"og:site_name\" content=\"Kuali\" \/>\n<meta property=\"article:publisher\" content=\"https:\/\/kuali.com.mx\/web\/wp-content\/uploads\/2018\/04\/cropped-kuali_logo-1-1.png\" \/>\n<meta property=\"article:published_time\" content=\"2025-06-22T19:45:12+00:00\" \/>\n<meta property=\"article:modified_time\" content=\"2025-06-23T03:16:45+00:00\" \/>\n<meta property=\"og:image\" content=\"https:\/\/kuali.com.mx\/web\/wp-content\/uploads\/2025\/06\/Inundacion-Ocampo.jpg\" \/>\n\t<meta property=\"og:image:width\" content=\"1711\" \/>\n\t<meta property=\"og:image:height\" content=\"750\" \/>\n\t<meta property=\"og:image:type\" content=\"image\/jpeg\" \/>\n<meta name=\"author\" content=\"Kuali Staff\" \/>\n<meta name=\"twitter:card\" content=\"summary_large_image\" \/>\n<meta name=\"twitter:creator\" content=\"@kuali_noticias\" \/>\n<meta name=\"twitter:site\" content=\"@kuali_noticias\" \/>\n<meta name=\"twitter:label1\" content=\"Escrito por\" \/>\n\t<meta name=\"twitter:data1\" content=\"Kuali Staff\" \/>\n\t<meta name=\"twitter:label2\" content=\"Tiempo de lectura\" \/>\n\t<meta name=\"twitter:data2\" content=\"1 minuto\" \/>\n<script type=\"application\/ld+json\" class=\"yoast-schema-graph\">{\"@context\":\"https:\\\/\\\/schema.org\",\"@graph\":[{\"@type\":\"Article\",\"@id\":\"https:\\\/\\\/kuali.com.mx\\\/web\\\/2025\\\/06\\\/22\\\/dejo-inundacion-afectaciones-importantes-gobernadora\\\/#article\",\"isPartOf\":{\"@id\":\"https:\\\/\\\/kuali.com.mx\\\/web\\\/2025\\\/06\\\/22\\\/dejo-inundacion-afectaciones-importantes-gobernadora\\\/\"},\"author\":{\"name\":\"Kuali Staff\",\"@id\":\"https:\\\/\\\/kuali.com.mx\\\/web\\\/#\\\/schema\\\/person\\\/6f89ffa8ecba9dae50662357923c5289\"},\"headline\":\"DEJ\u00d3 INUNDACI\u00d3N &#8220;AFECTACIONES IMPORTANTES&#8221;: GOBERNADORA\",\"datePublished\":\"2025-06-22T19:45:12+00:00\",\"dateModified\":\"2025-06-23T03:16:45+00:00\",\"mainEntityOfPage\":{\"@id\":\"https:\\\/\\\/kuali.com.mx\\\/web\\\/2025\\\/06\\\/22\\\/dejo-inundacion-afectaciones-importantes-gobernadora\\\/\"},\"wordCount\":249,\"commentCount\":0,\"image\":{\"@id\":\"https:\\\/\\\/kuali.com.mx\\\/web\\\/2025\\\/06\\\/22\\\/dejo-inundacion-afectaciones-importantes-gobernadora\\\/#primaryimage\"},\"thumbnailUrl\":\"https:\\\/\\\/kuali.com.mx\\\/web\\\/wp-content\\\/uploads\\\/2025\\\/06\\\/Inundacion-Ocampo.jpg\",\"articleSection\":[\"Ecolog\u00eda\"],\"inLanguage\":\"es\",\"potentialAction\":[{\"@type\":\"CommentAction\",\"name\":\"Comment\",\"target\":[\"https:\\\/\\\/kuali.com.mx\\\/web\\\/2025\\\/06\\\/22\\\/dejo-inundacion-afectaciones-importantes-gobernadora\\\/#respond\"]}]},{\"@type\":\"WebPage\",\"@id\":\"https:\\\/\\\/kuali.com.mx\\\/web\\\/2025\\\/06\\\/22\\\/dejo-inundacion-afectaciones-importantes-gobernadora\\\/\",\"url\":\"https:\\\/\\\/kuali.com.mx\\\/web\\\/2025\\\/06\\\/22\\\/dejo-inundacion-afectaciones-importantes-gobernadora\\\/\",\"name\":\"DEJ\u00d3 INUNDACI\u00d3N \\\"AFECTACIONES IMPORTANTES\\\": GOBERNADORA - Kuali\",\"isPartOf\":{\"@id\":\"https:\\\/\\\/kuali.com.mx\\\/web\\\/#website\"},\"primaryImageOfPage\":{\"@id\":\"https:\\\/\\\/kuali.com.mx\\\/web\\\/2025\\\/06\\\/22\\\/dejo-inundacion-afectaciones-importantes-gobernadora\\\/#primaryimage\"},\"image\":{\"@id\":\"https:\\\/\\\/kuali.com.mx\\\/web\\\/2025\\\/06\\\/22\\\/dejo-inundacion-afectaciones-importantes-gobernadora\\\/#primaryimage\"},\"thumbnailUrl\":\"https:\\\/\\\/kuali.com.mx\\\/web\\\/wp-content\\\/uploads\\\/2025\\\/06\\\/Inundacion-Ocampo.jpg\",\"datePublished\":\"2025-06-22T19:45:12+00:00\",\"dateModified\":\"2025-06-23T03:16:45+00:00\",\"author\":{\"@id\":\"https:\\\/\\\/kuali.com.mx\\\/web\\\/#\\\/schema\\\/person\\\/6f89ffa8ecba9dae50662357923c5289\"},\"breadcrumb\":{\"@id\":\"https:\\\/\\\/kuali.com.mx\\\/web\\\/2025\\\/06\\\/22\\\/dejo-inundacion-afectaciones-importantes-gobernadora\\\/#breadcrumb\"},\"inLanguage\":\"es\",\"potentialAction\":[{\"@type\":\"ReadAction\",\"target\":[\"https:\\\/\\\/kuali.com.mx\\\/web\\\/2025\\\/06\\\/22\\\/dejo-inundacion-afectaciones-importantes-gobernadora\\\/\"]}]},{\"@type\":\"ImageObject\",\"inLanguage\":\"es\",\"@id\":\"https:\\\/\\\/kuali.com.mx\\\/web\\\/2025\\\/06\\\/22\\\/dejo-inundacion-afectaciones-importantes-gobernadora\\\/#primaryimage\",\"url\":\"https:\\\/\\\/kuali.com.mx\\\/web\\\/wp-content\\\/uploads\\\/2025\\\/06\\\/Inundacion-Ocampo.jpg\",\"contentUrl\":\"https:\\\/\\\/kuali.com.mx\\\/web\\\/wp-content\\\/uploads\\\/2025\\\/06\\\/Inundacion-Ocampo.jpg\",\"width\":1711,\"height\":750},{\"@type\":\"BreadcrumbList\",\"@id\":\"https:\\\/\\\/kuali.com.mx\\\/web\\\/2025\\\/06\\\/22\\\/dejo-inundacion-afectaciones-importantes-gobernadora\\\/#breadcrumb\",\"itemListElement\":[{\"@type\":\"ListItem\",\"position\":1,\"name\":\"Inicio\",\"item\":\"https:\\\/\\\/kuali.com.mx\\\/web\\\/\"},{\"@type\":\"ListItem\",\"position\":2,\"name\":\"DEJ\u00d3 INUNDACI\u00d3N &#8220;AFECTACIONES IMPORTANTES&#8221;: GOBERNADORA\"}]},{\"@type\":\"WebSite\",\"@id\":\"https:\\\/\\\/kuali.com.mx\\\/web\\\/#website\",\"url\":\"https:\\\/\\\/kuali.com.mx\\\/web\\\/\",\"name\":\"Kuali\",\"description\":\"\",\"potentialAction\":[{\"@type\":\"SearchAction\",\"target\":{\"@type\":\"EntryPoint\",\"urlTemplate\":\"https:\\\/\\\/kuali.com.mx\\\/web\\\/?s={search_term_string}\"},\"query-input\":{\"@type\":\"PropertyValueSpecification\",\"valueRequired\":true,\"valueName\":\"search_term_string\"}}],\"inLanguage\":\"es\"},{\"@type\":\"Person\",\"@id\":\"https:\\\/\\\/kuali.com.mx\\\/web\\\/#\\\/schema\\\/person\\\/6f89ffa8ecba9dae50662357923c5289\",\"name\":\"Kuali Staff\",\"image\":{\"@type\":\"ImageObject\",\"inLanguage\":\"es\",\"@id\":\"https:\\\/\\\/secure.gravatar.com\\\/avatar\\\/f917ad82e5ab71227a733c78b6e60715476f69ee6be59feee4eb5d9920c89e0f?s=96&d=mm&r=g\",\"url\":\"https:\\\/\\\/secure.gravatar.com\\\/avatar\\\/f917ad82e5ab71227a733c78b6e60715476f69ee6be59feee4eb5d9920c89e0f?s=96&d=mm&r=g\",\"contentUrl\":\"https:\\\/\\\/secure.gravatar.com\\\/avatar\\\/f917ad82e5ab71227a733c78b6e60715476f69ee6be59feee4eb5d9920c89e0f?s=96&d=mm&r=g\",\"caption\":\"Kuali Staff\"},\"url\":\"https:\\\/\\\/kuali.com.mx\\\/web\\\/author\\\/lagarto\\\/\"}]}<\/script>\n<!-- \/ Yoast SEO plugin. -->","yoast_head_json":{"title":"DEJ\u00d3 INUNDACI\u00d3N \"AFECTACIONES IMPORTANTES\": GOBERNADORA - Kuali","robots":{"index":"index","follow":"follow","max-snippet":"max-snippet:-1","max-image-preview":"max-image-preview:large","max-video-preview":"max-video-preview:-1"},"canonical":"https:\/\/kuali.com.mx\/web\/2025\/06\/22\/dejo-inundacion-afectaciones-importantes-gobernadora\/","og_locale":"es_MX","og_type":"article","og_title":"DEJ\u00d3 INUNDACI\u00d3N \"AFECTACIONES IMPORTANTES\": GOBERNADORA - Kuali","og_description":"Carlos Garc\u00eda\/Ocampo, Gto.- La inundaci\u00f3n en la comunidad de San Pedro de Ibarra en el municipio de Ocampo dej\u00f3 \u201cafectaciones importantes\u201d y se realiza un levantamiento de los da\u00f1os para ayudar a los damnificados, anunci\u00f3 la gobernadora, Libia Garc\u00eda Mu\u00f1oz Ledo. La noche del s\u00e1bado se revent\u00f3 el bordo conocido como \u201cLas Golondrinas\u201d, ubicado en [&hellip;]","og_url":"https:\/\/kuali.com.mx\/web\/2025\/06\/22\/dejo-inundacion-afectaciones-importantes-gobernadora\/","og_site_name":"Kuali","article_publisher":"https:\/\/kuali.com.mx\/web\/wp-content\/uploads\/2018\/04\/cropped-kuali_logo-1-1.png","article_published_time":"2025-06-22T19:45:12+00:00","article_modified_time":"2025-06-23T03:16:45+00:00","og_image":[{"width":1711,"height":750,"url":"https:\/\/kuali.com.mx\/web\/wp-content\/uploads\/2025\/06\/Inundacion-Ocampo.jpg","type":"image\/jpeg"}],"author":"Kuali Staff","twitter_card":"summary_large_image","twitter_creator":"@kuali_noticias","twitter_site":"@kuali_noticias","twitter_misc":{"Escrito por":"Kuali Staff","Tiempo de lectura":"1 minuto"},"schema":{"@context":"https:\/\/schema.org","@graph":[{"@type":"Article","@id":"https:\/\/kuali.com.mx\/web\/2025\/06\/22\/dejo-inundacion-afectaciones-importantes-gobernadora\/#article","isPartOf":{"@id":"https:\/\/kuali.com.mx\/web\/2025\/06\/22\/dejo-inundacion-afectaciones-importantes-gobernadora\/"},"author":{"name":"Kuali Staff","@id":"https:\/\/kuali.com.mx\/web\/#\/schema\/person\/6f89ffa8ecba9dae50662357923c5289"},"headline":"DEJ\u00d3 INUNDACI\u00d3N &#8220;AFECTACIONES IMPORTANTES&#8221;: GOBERNADORA","datePublished":"2025-06-22T19:45:12+00:00","dateModified":"2025-06-23T03:16:45+00:00","mainEntityOfPage":{"@id":"https:\/\/kuali.com.mx\/web\/2025\/06\/22\/dejo-inundacion-afectaciones-importantes-gobernadora\/"},"wordCount":249,"commentCount":0,"image":{"@id":"https:\/\/kuali.com.mx\/web\/2025\/06\/22\/dejo-inundacion-afectaciones-importantes-gobernadora\/#primaryimage"},"thumbnailUrl":"https:\/\/kuali.com.mx\/web\/wp-content\/uploads\/2025\/06\/Inundacion-Ocampo.jpg","articleSection":["Ecolog\u00eda"],"inLanguage":"es","potentialAction":[{"@type":"CommentAction","name":"Comment","target":["https:\/\/kuali.com.mx\/web\/2025\/06\/22\/dejo-inundacion-afectaciones-importantes-gobernadora\/#respond"]}]},{"@type":"WebPage","@id":"https:\/\/kuali.com.mx\/web\/2025\/06\/22\/dejo-inundacion-afectaciones-importantes-gobernadora\/","url":"https:\/\/kuali.com.mx\/web\/2025\/06\/22\/dejo-inundacion-afectaciones-importantes-gobernadora\/","name":"DEJ\u00d3 INUNDACI\u00d3N \"AFECTACIONES IMPORTANTES\": GOBERNADORA - Kuali","isPartOf":{"@id":"https:\/\/kuali.com.mx\/web\/#website"},"primaryImageOfPage":{"@id":"https:\/\/kuali.com.mx\/web\/2025\/06\/22\/dejo-inundacion-afectaciones-importantes-gobernadora\/#primaryimage"},"image":{"@id":"https:\/\/kuali.com.mx\/web\/2025\/06\/22\/dejo-inundacion-afectaciones-importantes-gobernadora\/#primaryimage"},"thumbnailUrl":"https:\/\/kuali.com.mx\/web\/wp-content\/uploads\/2025\/06\/Inundacion-Ocampo.jpg","datePublished":"2025-06-22T19:45:12+00:00","dateModified":"2025-06-23T03:16:45+00:00","author":{"@id":"https:\/\/kuali.com.mx\/web\/#\/schema\/person\/6f89ffa8ecba9dae50662357923c5289"},"breadcrumb":{"@id":"https:\/\/kuali.com.mx\/web\/2025\/06\/22\/dejo-inundacion-afectaciones-importantes-gobernadora\/#breadcrumb"},"inLanguage":"es","potentialAction":[{"@type":"ReadAction","target":["https:\/\/kuali.com.mx\/web\/2025\/06\/22\/dejo-inundacion-afectaciones-importantes-gobernadora\/"]}]},{"@type":"ImageObject","inLanguage":"es","@id":"https:\/\/kuali.com.mx\/web\/2025\/06\/22\/dejo-inundacion-afectaciones-importantes-gobernadora\/#primaryimage","url":"https:\/\/kuali.com.mx\/web\/wp-content\/uploads\/2025\/06\/Inundacion-Ocampo.jpg","contentUrl":"https:\/\/kuali.com.mx\/web\/wp-content\/uploads\/2025\/06\/Inundacion-Ocampo.jpg","width":1711,"height":750},{"@type":"BreadcrumbList","@id":"https:\/\/kuali.com.mx\/web\/2025\/06\/22\/dejo-inundacion-afectaciones-importantes-gobernadora\/#breadcrumb","itemListElement":[{"@type":"ListItem","position":1,"name":"Inicio","item":"https:\/\/kuali.com.mx\/web\/"},{"@type":"ListItem","position":2,"name":"DEJ\u00d3 INUNDACI\u00d3N &#8220;AFECTACIONES IMPORTANTES&#8221;: GOBERNADORA"}]},{"@type":"WebSite","@id":"https:\/\/kuali.com.mx\/web\/#website","url":"https:\/\/kuali.com.mx\/web\/","name":"Kuali","description":"","potentialAction":[{"@type":"SearchAction","target":{"@type":"EntryPoint","urlTemplate":"https:\/\/kuali.com.mx\/web\/?s={search_term_string}"},"query-input":{"@type":"PropertyValueSpecification","valueRequired":true,"valueName":"search_term_string"}}],"inLanguage":"es"},{"@type":"Person","@id":"https:\/\/kuali.com.mx\/web\/#\/schema\/person\/6f89ffa8ecba9dae50662357923c5289","name":"Kuali Staff","image":{"@type":"ImageObject","inLanguage":"es","@id":"https:\/\/secure.gravatar.com\/avatar\/f917ad82e5ab71227a733c78b6e60715476f69ee6be59feee4eb5d9920c89e0f?s=96&d=mm&r=g","url":"https:\/\/secure.gravatar.com\/avatar\/f917ad82e5ab71227a733c78b6e60715476f69ee6be59feee4eb5d9920c89e0f?s=96&d=mm&r=g","contentUrl":"https:\/\/secure.gravatar.com\/avatar\/f917ad82e5ab71227a733c78b6e60715476f69ee6be59feee4eb5d9920c89e0f?s=96&d=mm&r=g","caption":"Kuali Staff"},"url":"https:\/\/kuali.com.mx\/web\/author\/lagarto\/"}]}},"_links":{"self":[{"href":"https:\/\/kuali.com.mx\/web\/wp-json\/wp\/v2\/posts\/178512","targetHints":{"allow":["GET"]}}],"collection":[{"href":"https:\/\/kuali.com.mx\/web\/wp-json\/wp\/v2\/posts"}],"about":[{"href":"https:\/\/kuali.com.mx\/web\/wp-json\/wp\/v2\/types\/post"}],"author":[{"embeddable":true,"href":"https:\/\/kuali.com.mx\/web\/wp-json\/wp\/v2\/users\/2"}],"replies":[{"embeddable":true,"href":"https:\/\/kuali.com.mx\/web\/wp-json\/wp\/v2\/comments?post=178512"}],"version-history":[{"count":1,"href":"https:\/\/kuali.com.mx\/web\/wp-json\/wp\/v2\/posts\/178512\/revisions"}],"predecessor-version":[{"id":178516,"href":"https:\/\/kuali.com.mx\/web\/wp-json\/wp\/v2\/posts\/178512\/revisions\/178516"}],"wp:featuredmedia":[{"embeddable":true,"href":"https:\/\/kuali.com.mx\/web\/wp-json\/wp\/v2\/media\/178515"}],"wp:attachment":[{"href":"https:\/\/kuali.com.mx\/web\/wp-json\/wp\/v2\/media?parent=178512"}],"wp:term":[{"taxonomy":"category","embeddable":true,"href":"https:\/\/kuali.com.mx\/web\/wp-json\/wp\/v2\/categories?post=178512"},{"taxonomy":"post_tag","embeddable":true,"href":"https:\/\/kuali.com.mx\/web\/wp-json\/wp\/v2\/tags?post=178512"}],"curies":[{"name":"wp","href":"https:\/\/api.w.org\/{rel}","templated":true}]}}