{"id":177026,"date":"2025-06-02T19:31:45","date_gmt":"2025-06-03T01:31:45","guid":{"rendered":"https:\/\/kuali.com.mx\/web\/?p=177026"},"modified":"2025-06-02T19:31:46","modified_gmt":"2025-06-03T01:31:46","slug":"dejara-de-llover-y-aumentara-la-temperatura","status":"publish","type":"post","link":"https:\/\/kuali.com.mx\/web\/2025\/06\/02\/dejara-de-llover-y-aumentara-la-temperatura\/","title":{"rendered":"DEJAR\u00c1 DE LLOVER Y AUMENTAR\u00c1 LA TEMPERATURA"},"content":{"rendered":"\n<p><strong><em>Kuali\/Guanajuato, Gto.-<\/em><\/strong>A partir del mi\u00e9rcoles y hasta concluir la semana, las precipitaciones pluviales se reducir\u00e1n, con cielos despejados y un ligero incremento en la temperatura, pronostic\u00f3 Marcos Irineo Esquivel Longoria, responsable del \u00c1rea de Ciencias Atmosf\u00e9ricas y Observatorio Meteorol\u00f3gico de la Universidad de Guanajuato (UG).<\/p>\n\n\n\n<p>Para la zona sur y norte de la entidad, se espera que el term\u00f3metro llegue a los 31\u00b0C, mientras que municipios como Celaya, Irapuato, Salamanca y Le\u00f3n podr\u00edan alcanzar los 32\u00b0C, con temperaturas m\u00ednimas por la ma\u00f1ana de 17\u00b0C para todo el estado.<\/p>\n\n\n\n<p>En la tarde del jueves, se esperan r\u00e1fagas de viento entre los 40 y 50 Km\/h en la regi\u00f3n occidente, que contempla los municipios de Le\u00f3n, San Francisco del Rinc\u00f3n, Silao, Irapuato y Guanajuato.<\/p>\n\n\n\n<p>Es importante mencionar que las intensas lluvias de los \u00faltimos d\u00edas registraron un acumulado entre 30 y 40 mililitros de agua en el estado, superior al promedio del mes de mayo con entre 30 a 35 mililitros de agua.<\/p>\n\n\n\n<p>Para los pr\u00f3ximos siete d\u00edas, hay una probabilidad del 40 por ciento para la formaci\u00f3n una nueva tormenta tropical en la zona del Oc\u00e9ano Pac\u00edfico, cerca del Golfo de Tehuantepec, bajo el nombre de \u201cB\u00e1rbara\u201d, de la cual no se tiene una trayectoria prevista por el momento.<\/p>\n","protected":false},"excerpt":{"rendered":"Kuali\/Guanajuato, Gto.-A partir del mi\u00e9rcoles y hasta concluir la semana, las precipitaciones pluviales se reducir\u00e1n, con cielos despejados y un ligero incremento en la temperatura, pronostic\u00f3 Marcos Irineo Esquivel Longoria, responsable del \u00c1rea de Ciencias Atmosf\u00e9ricas y Observatorio Meteorol\u00f3gico de la Universidad de Guanajuato (UG). Para la zona sur y norte de la entidad, se [&hellip;]","protected":false},"author":2,"featured_media":174933,"comment_status":"open","ping_status":"open","sticky":false,"template":"","format":"standard","meta":{"_seopress_robots_primary_cat":"none","_seopress_titles_title":"","_seopress_titles_desc":"","_seopress_robots_index":"","_monsterinsights_skip_tracking":false,"_monsterinsights_sitenote_active":false,"_monsterinsights_sitenote_note":"","_monsterinsights_sitenote_category":0,"footnotes":""},"categories":[17],"tags":[],"class_list":["post-177026","post","type-post","status-publish","format-standard","has-post-thumbnail","hentry","category-ecologia"],"yoast_head":"<!-- This site is optimized with the Yoast SEO plugin v27.4 - https:\/\/yoast.com\/product\/yoast-seo-wordpress\/ -->\n<title>DEJAR\u00c1 DE LLOVER Y AUMENTAR\u00c1 LA TEMPERATURA - Kuali<\/title>\n<meta name=\"robots\" content=\"index, follow, max-snippet:-1, max-image-preview:large, max-video-preview:-1\" \/>\n<link rel=\"canonical\" href=\"https:\/\/kuali.com.mx\/web\/2025\/06\/02\/dejara-de-llover-y-aumentara-la-temperatura\/\" \/>\n<meta property=\"og:locale\" content=\"es_MX\" \/>\n<meta property=\"og:type\" content=\"article\" \/>\n<meta property=\"og:title\" content=\"DEJAR\u00c1 DE LLOVER Y AUMENTAR\u00c1 LA TEMPERATURA - Kuali\" \/>\n<meta property=\"og:description\" content=\"Kuali\/Guanajuato, Gto.-A partir del mi\u00e9rcoles y hasta concluir la semana, las precipitaciones pluviales se reducir\u00e1n, con cielos despejados y un ligero incremento en la temperatura, pronostic\u00f3 Marcos Irineo Esquivel Longoria, responsable del \u00c1rea de Ciencias Atmosf\u00e9ricas y Observatorio Meteorol\u00f3gico de la Universidad de Guanajuato (UG). Para la zona sur y norte de la entidad, se [&hellip;]\" \/>\n<meta property=\"og:url\" content=\"https:\/\/kuali.com.mx\/web\/2025\/06\/02\/dejara-de-llover-y-aumentara-la-temperatura\/\" \/>\n<meta property=\"og:site_name\" content=\"Kuali\" \/>\n<meta property=\"article:publisher\" content=\"https:\/\/kuali.com.mx\/web\/wp-content\/uploads\/2018\/04\/cropped-kuali_logo-1-1.png\" \/>\n<meta property=\"article:published_time\" content=\"2025-06-03T01:31:45+00:00\" \/>\n<meta property=\"article:modified_time\" content=\"2025-06-03T01:31:46+00:00\" \/>\n<meta property=\"og:image\" content=\"https:\/\/kuali.com.mx\/web\/wp-content\/uploads\/2025\/05\/golpe-de-calor-02.jpeg\" \/>\n\t<meta property=\"og:image:width\" content=\"1280\" \/>\n\t<meta property=\"og:image:height\" content=\"853\" \/>\n\t<meta property=\"og:image:type\" content=\"image\/jpeg\" \/>\n<meta name=\"author\" content=\"Kuali Staff\" \/>\n<meta name=\"twitter:card\" content=\"summary_large_image\" \/>\n<meta name=\"twitter:creator\" content=\"@kuali_noticias\" \/>\n<meta name=\"twitter:site\" content=\"@kuali_noticias\" \/>\n<meta name=\"twitter:label1\" content=\"Escrito por\" \/>\n\t<meta name=\"twitter:data1\" content=\"Kuali Staff\" \/>\n\t<meta name=\"twitter:label2\" content=\"Tiempo de lectura\" \/>\n\t<meta name=\"twitter:data2\" content=\"1 minuto\" \/>\n<script type=\"application\/ld+json\" class=\"yoast-schema-graph\">{\"@context\":\"https:\\\/\\\/schema.org\",\"@graph\":[{\"@type\":\"Article\",\"@id\":\"https:\\\/\\\/kuali.com.mx\\\/web\\\/2025\\\/06\\\/02\\\/dejara-de-llover-y-aumentara-la-temperatura\\\/#article\",\"isPartOf\":{\"@id\":\"https:\\\/\\\/kuali.com.mx\\\/web\\\/2025\\\/06\\\/02\\\/dejara-de-llover-y-aumentara-la-temperatura\\\/\"},\"author\":{\"name\":\"Kuali Staff\",\"@id\":\"https:\\\/\\\/kuali.com.mx\\\/web\\\/#\\\/schema\\\/person\\\/6f89ffa8ecba9dae50662357923c5289\"},\"headline\":\"DEJAR\u00c1 DE LLOVER Y AUMENTAR\u00c1 LA TEMPERATURA\",\"datePublished\":\"2025-06-03T01:31:45+00:00\",\"dateModified\":\"2025-06-03T01:31:46+00:00\",\"mainEntityOfPage\":{\"@id\":\"https:\\\/\\\/kuali.com.mx\\\/web\\\/2025\\\/06\\\/02\\\/dejara-de-llover-y-aumentara-la-temperatura\\\/\"},\"wordCount\":232,\"commentCount\":0,\"image\":{\"@id\":\"https:\\\/\\\/kuali.com.mx\\\/web\\\/2025\\\/06\\\/02\\\/dejara-de-llover-y-aumentara-la-temperatura\\\/#primaryimage\"},\"thumbnailUrl\":\"https:\\\/\\\/kuali.com.mx\\\/web\\\/wp-content\\\/uploads\\\/2025\\\/05\\\/golpe-de-calor-02.jpeg\",\"articleSection\":[\"Ecolog\u00eda\"],\"inLanguage\":\"es\",\"potentialAction\":[{\"@type\":\"CommentAction\",\"name\":\"Comment\",\"target\":[\"https:\\\/\\\/kuali.com.mx\\\/web\\\/2025\\\/06\\\/02\\\/dejara-de-llover-y-aumentara-la-temperatura\\\/#respond\"]}]},{\"@type\":\"WebPage\",\"@id\":\"https:\\\/\\\/kuali.com.mx\\\/web\\\/2025\\\/06\\\/02\\\/dejara-de-llover-y-aumentara-la-temperatura\\\/\",\"url\":\"https:\\\/\\\/kuali.com.mx\\\/web\\\/2025\\\/06\\\/02\\\/dejara-de-llover-y-aumentara-la-temperatura\\\/\",\"name\":\"DEJAR\u00c1 DE LLOVER Y AUMENTAR\u00c1 LA TEMPERATURA - Kuali\",\"isPartOf\":{\"@id\":\"https:\\\/\\\/kuali.com.mx\\\/web\\\/#website\"},\"primaryImageOfPage\":{\"@id\":\"https:\\\/\\\/kuali.com.mx\\\/web\\\/2025\\\/06\\\/02\\\/dejara-de-llover-y-aumentara-la-temperatura\\\/#primaryimage\"},\"image\":{\"@id\":\"https:\\\/\\\/kuali.com.mx\\\/web\\\/2025\\\/06\\\/02\\\/dejara-de-llover-y-aumentara-la-temperatura\\\/#primaryimage\"},\"thumbnailUrl\":\"https:\\\/\\\/kuali.com.mx\\\/web\\\/wp-content\\\/uploads\\\/2025\\\/05\\\/golpe-de-calor-02.jpeg\",\"datePublished\":\"2025-06-03T01:31:45+00:00\",\"dateModified\":\"2025-06-03T01:31:46+00:00\",\"author\":{\"@id\":\"https:\\\/\\\/kuali.com.mx\\\/web\\\/#\\\/schema\\\/person\\\/6f89ffa8ecba9dae50662357923c5289\"},\"breadcrumb\":{\"@id\":\"https:\\\/\\\/kuali.com.mx\\\/web\\\/2025\\\/06\\\/02\\\/dejara-de-llover-y-aumentara-la-temperatura\\\/#breadcrumb\"},\"inLanguage\":\"es\",\"potentialAction\":[{\"@type\":\"ReadAction\",\"target\":[\"https:\\\/\\\/kuali.com.mx\\\/web\\\/2025\\\/06\\\/02\\\/dejara-de-llover-y-aumentara-la-temperatura\\\/\"]}]},{\"@type\":\"ImageObject\",\"inLanguage\":\"es\",\"@id\":\"https:\\\/\\\/kuali.com.mx\\\/web\\\/2025\\\/06\\\/02\\\/dejara-de-llover-y-aumentara-la-temperatura\\\/#primaryimage\",\"url\":\"https:\\\/\\\/kuali.com.mx\\\/web\\\/wp-content\\\/uploads\\\/2025\\\/05\\\/golpe-de-calor-02.jpeg\",\"contentUrl\":\"https:\\\/\\\/kuali.com.mx\\\/web\\\/wp-content\\\/uploads\\\/2025\\\/05\\\/golpe-de-calor-02.jpeg\",\"width\":1280,\"height\":853},{\"@type\":\"BreadcrumbList\",\"@id\":\"https:\\\/\\\/kuali.com.mx\\\/web\\\/2025\\\/06\\\/02\\\/dejara-de-llover-y-aumentara-la-temperatura\\\/#breadcrumb\",\"itemListElement\":[{\"@type\":\"ListItem\",\"position\":1,\"name\":\"Inicio\",\"item\":\"https:\\\/\\\/kuali.com.mx\\\/web\\\/\"},{\"@type\":\"ListItem\",\"position\":2,\"name\":\"DEJAR\u00c1 DE LLOVER Y AUMENTAR\u00c1 LA TEMPERATURA\"}]},{\"@type\":\"WebSite\",\"@id\":\"https:\\\/\\\/kuali.com.mx\\\/web\\\/#website\",\"url\":\"https:\\\/\\\/kuali.com.mx\\\/web\\\/\",\"name\":\"Kuali\",\"description\":\"\",\"potentialAction\":[{\"@type\":\"SearchAction\",\"target\":{\"@type\":\"EntryPoint\",\"urlTemplate\":\"https:\\\/\\\/kuali.com.mx\\\/web\\\/?s={search_term_string}\"},\"query-input\":{\"@type\":\"PropertyValueSpecification\",\"valueRequired\":true,\"valueName\":\"search_term_string\"}}],\"inLanguage\":\"es\"},{\"@type\":\"Person\",\"@id\":\"https:\\\/\\\/kuali.com.mx\\\/web\\\/#\\\/schema\\\/person\\\/6f89ffa8ecba9dae50662357923c5289\",\"name\":\"Kuali Staff\",\"image\":{\"@type\":\"ImageObject\",\"inLanguage\":\"es\",\"@id\":\"https:\\\/\\\/secure.gravatar.com\\\/avatar\\\/f917ad82e5ab71227a733c78b6e60715476f69ee6be59feee4eb5d9920c89e0f?s=96&d=mm&r=g\",\"url\":\"https:\\\/\\\/secure.gravatar.com\\\/avatar\\\/f917ad82e5ab71227a733c78b6e60715476f69ee6be59feee4eb5d9920c89e0f?s=96&d=mm&r=g\",\"contentUrl\":\"https:\\\/\\\/secure.gravatar.com\\\/avatar\\\/f917ad82e5ab71227a733c78b6e60715476f69ee6be59feee4eb5d9920c89e0f?s=96&d=mm&r=g\",\"caption\":\"Kuali Staff\"},\"url\":\"https:\\\/\\\/kuali.com.mx\\\/web\\\/author\\\/lagarto\\\/\"}]}<\/script>\n<!-- \/ Yoast SEO plugin. -->","yoast_head_json":{"title":"DEJAR\u00c1 DE LLOVER Y AUMENTAR\u00c1 LA TEMPERATURA - Kuali","robots":{"index":"index","follow":"follow","max-snippet":"max-snippet:-1","max-image-preview":"max-image-preview:large","max-video-preview":"max-video-preview:-1"},"canonical":"https:\/\/kuali.com.mx\/web\/2025\/06\/02\/dejara-de-llover-y-aumentara-la-temperatura\/","og_locale":"es_MX","og_type":"article","og_title":"DEJAR\u00c1 DE LLOVER Y AUMENTAR\u00c1 LA TEMPERATURA - Kuali","og_description":"Kuali\/Guanajuato, Gto.-A partir del mi\u00e9rcoles y hasta concluir la semana, las precipitaciones pluviales se reducir\u00e1n, con cielos despejados y un ligero incremento en la temperatura, pronostic\u00f3 Marcos Irineo Esquivel Longoria, responsable del \u00c1rea de Ciencias Atmosf\u00e9ricas y Observatorio Meteorol\u00f3gico de la Universidad de Guanajuato (UG). Para la zona sur y norte de la entidad, se [&hellip;]","og_url":"https:\/\/kuali.com.mx\/web\/2025\/06\/02\/dejara-de-llover-y-aumentara-la-temperatura\/","og_site_name":"Kuali","article_publisher":"https:\/\/kuali.com.mx\/web\/wp-content\/uploads\/2018\/04\/cropped-kuali_logo-1-1.png","article_published_time":"2025-06-03T01:31:45+00:00","article_modified_time":"2025-06-03T01:31:46+00:00","og_image":[{"width":1280,"height":853,"url":"https:\/\/kuali.com.mx\/web\/wp-content\/uploads\/2025\/05\/golpe-de-calor-02.jpeg","type":"image\/jpeg"}],"author":"Kuali Staff","twitter_card":"summary_large_image","twitter_creator":"@kuali_noticias","twitter_site":"@kuali_noticias","twitter_misc":{"Escrito por":"Kuali Staff","Tiempo de lectura":"1 minuto"},"schema":{"@context":"https:\/\/schema.org","@graph":[{"@type":"Article","@id":"https:\/\/kuali.com.mx\/web\/2025\/06\/02\/dejara-de-llover-y-aumentara-la-temperatura\/#article","isPartOf":{"@id":"https:\/\/kuali.com.mx\/web\/2025\/06\/02\/dejara-de-llover-y-aumentara-la-temperatura\/"},"author":{"name":"Kuali Staff","@id":"https:\/\/kuali.com.mx\/web\/#\/schema\/person\/6f89ffa8ecba9dae50662357923c5289"},"headline":"DEJAR\u00c1 DE LLOVER Y AUMENTAR\u00c1 LA TEMPERATURA","datePublished":"2025-06-03T01:31:45+00:00","dateModified":"2025-06-03T01:31:46+00:00","mainEntityOfPage":{"@id":"https:\/\/kuali.com.mx\/web\/2025\/06\/02\/dejara-de-llover-y-aumentara-la-temperatura\/"},"wordCount":232,"commentCount":0,"image":{"@id":"https:\/\/kuali.com.mx\/web\/2025\/06\/02\/dejara-de-llover-y-aumentara-la-temperatura\/#primaryimage"},"thumbnailUrl":"https:\/\/kuali.com.mx\/web\/wp-content\/uploads\/2025\/05\/golpe-de-calor-02.jpeg","articleSection":["Ecolog\u00eda"],"inLanguage":"es","potentialAction":[{"@type":"CommentAction","name":"Comment","target":["https:\/\/kuali.com.mx\/web\/2025\/06\/02\/dejara-de-llover-y-aumentara-la-temperatura\/#respond"]}]},{"@type":"WebPage","@id":"https:\/\/kuali.com.mx\/web\/2025\/06\/02\/dejara-de-llover-y-aumentara-la-temperatura\/","url":"https:\/\/kuali.com.mx\/web\/2025\/06\/02\/dejara-de-llover-y-aumentara-la-temperatura\/","name":"DEJAR\u00c1 DE LLOVER Y AUMENTAR\u00c1 LA TEMPERATURA - Kuali","isPartOf":{"@id":"https:\/\/kuali.com.mx\/web\/#website"},"primaryImageOfPage":{"@id":"https:\/\/kuali.com.mx\/web\/2025\/06\/02\/dejara-de-llover-y-aumentara-la-temperatura\/#primaryimage"},"image":{"@id":"https:\/\/kuali.com.mx\/web\/2025\/06\/02\/dejara-de-llover-y-aumentara-la-temperatura\/#primaryimage"},"thumbnailUrl":"https:\/\/kuali.com.mx\/web\/wp-content\/uploads\/2025\/05\/golpe-de-calor-02.jpeg","datePublished":"2025-06-03T01:31:45+00:00","dateModified":"2025-06-03T01:31:46+00:00","author":{"@id":"https:\/\/kuali.com.mx\/web\/#\/schema\/person\/6f89ffa8ecba9dae50662357923c5289"},"breadcrumb":{"@id":"https:\/\/kuali.com.mx\/web\/2025\/06\/02\/dejara-de-llover-y-aumentara-la-temperatura\/#breadcrumb"},"inLanguage":"es","potentialAction":[{"@type":"ReadAction","target":["https:\/\/kuali.com.mx\/web\/2025\/06\/02\/dejara-de-llover-y-aumentara-la-temperatura\/"]}]},{"@type":"ImageObject","inLanguage":"es","@id":"https:\/\/kuali.com.mx\/web\/2025\/06\/02\/dejara-de-llover-y-aumentara-la-temperatura\/#primaryimage","url":"https:\/\/kuali.com.mx\/web\/wp-content\/uploads\/2025\/05\/golpe-de-calor-02.jpeg","contentUrl":"https:\/\/kuali.com.mx\/web\/wp-content\/uploads\/2025\/05\/golpe-de-calor-02.jpeg","width":1280,"height":853},{"@type":"BreadcrumbList","@id":"https:\/\/kuali.com.mx\/web\/2025\/06\/02\/dejara-de-llover-y-aumentara-la-temperatura\/#breadcrumb","itemListElement":[{"@type":"ListItem","position":1,"name":"Inicio","item":"https:\/\/kuali.com.mx\/web\/"},{"@type":"ListItem","position":2,"name":"DEJAR\u00c1 DE LLOVER Y AUMENTAR\u00c1 LA TEMPERATURA"}]},{"@type":"WebSite","@id":"https:\/\/kuali.com.mx\/web\/#website","url":"https:\/\/kuali.com.mx\/web\/","name":"Kuali","description":"","potentialAction":[{"@type":"SearchAction","target":{"@type":"EntryPoint","urlTemplate":"https:\/\/kuali.com.mx\/web\/?s={search_term_string}"},"query-input":{"@type":"PropertyValueSpecification","valueRequired":true,"valueName":"search_term_string"}}],"inLanguage":"es"},{"@type":"Person","@id":"https:\/\/kuali.com.mx\/web\/#\/schema\/person\/6f89ffa8ecba9dae50662357923c5289","name":"Kuali Staff","image":{"@type":"ImageObject","inLanguage":"es","@id":"https:\/\/secure.gravatar.com\/avatar\/f917ad82e5ab71227a733c78b6e60715476f69ee6be59feee4eb5d9920c89e0f?s=96&d=mm&r=g","url":"https:\/\/secure.gravatar.com\/avatar\/f917ad82e5ab71227a733c78b6e60715476f69ee6be59feee4eb5d9920c89e0f?s=96&d=mm&r=g","contentUrl":"https:\/\/secure.gravatar.com\/avatar\/f917ad82e5ab71227a733c78b6e60715476f69ee6be59feee4eb5d9920c89e0f?s=96&d=mm&r=g","caption":"Kuali Staff"},"url":"https:\/\/kuali.com.mx\/web\/author\/lagarto\/"}]}},"_links":{"self":[{"href":"https:\/\/kuali.com.mx\/web\/wp-json\/wp\/v2\/posts\/177026","targetHints":{"allow":["GET"]}}],"collection":[{"href":"https:\/\/kuali.com.mx\/web\/wp-json\/wp\/v2\/posts"}],"about":[{"href":"https:\/\/kuali.com.mx\/web\/wp-json\/wp\/v2\/types\/post"}],"author":[{"embeddable":true,"href":"https:\/\/kuali.com.mx\/web\/wp-json\/wp\/v2\/users\/2"}],"replies":[{"embeddable":true,"href":"https:\/\/kuali.com.mx\/web\/wp-json\/wp\/v2\/comments?post=177026"}],"version-history":[{"count":1,"href":"https:\/\/kuali.com.mx\/web\/wp-json\/wp\/v2\/posts\/177026\/revisions"}],"predecessor-version":[{"id":177029,"href":"https:\/\/kuali.com.mx\/web\/wp-json\/wp\/v2\/posts\/177026\/revisions\/177029"}],"wp:featuredmedia":[{"embeddable":true,"href":"https:\/\/kuali.com.mx\/web\/wp-json\/wp\/v2\/media\/174933"}],"wp:attachment":[{"href":"https:\/\/kuali.com.mx\/web\/wp-json\/wp\/v2\/media?parent=177026"}],"wp:term":[{"taxonomy":"category","embeddable":true,"href":"https:\/\/kuali.com.mx\/web\/wp-json\/wp\/v2\/categories?post=177026"},{"taxonomy":"post_tag","embeddable":true,"href":"https:\/\/kuali.com.mx\/web\/wp-json\/wp\/v2\/tags?post=177026"}],"curies":[{"name":"wp","href":"https:\/\/api.w.org\/{rel}","templated":true}]}}