{"id":177003,"date":"2025-06-02T19:11:56","date_gmt":"2025-06-03T01:11:56","guid":{"rendered":"https:\/\/kuali.com.mx\/web\/?p=177003"},"modified":"2025-06-02T19:11:58","modified_gmt":"2025-06-03T01:11:58","slug":"encarcelan-a-policia-estatal-ligado-al-crimen","status":"publish","type":"post","link":"https:\/\/kuali.com.mx\/web\/2025\/06\/02\/encarcelan-a-policia-estatal-ligado-al-crimen\/","title":{"rendered":"ENCARCELAN A POLIC\u00cdA ESTATAL LIGADO AL CRIMEN"},"content":{"rendered":"\n<p><strong><em>Carlos Garc\u00eda\/Guanajuato, Gto.- <\/em><\/strong>Un elemento de las Fuerzas de Seguridad P\u00fablica del Estado (FSPE) fue arrestado por tener presuntos v\u00ednculos con un grupo criminal dedicado a la extorsi\u00f3n.<\/p>\n\n\n\n<p>La Secretar\u00eda de Seguridad y Paz inform\u00f3 que derivado de una investigaci\u00f3n interna fue que la Fiscal\u00eda General del Estado (FGE) arrest\u00f3 al elemento activo identificado como Alejandro por su presunta participaci\u00f3n en actividades il\u00edcitas.&nbsp;<\/p>\n\n\n\n<p>El arresto del polic\u00eda estatal se realiz\u00f3 durante un cateo donde fueron asegurados un arma larga, un arma corta, cartuchos \u00fatiles, seis dosis de presunta droga, diversas credenciales, dinero en efectivo, tarjetas utilizadas para extorsionar y varios celulares, enumer\u00f3.<\/p>\n\n\n\n<p>\u201cEl detenido estaba asignado a la Divisi\u00f3n de Polic\u00eda Tur\u00edstica en el municipio de Celaya y fue puesto a disposici\u00f3n del Ministerio P\u00fablico\u201d, ventil\u00f3.<\/p>\n\n\n\n<p>Un juez lo vincul\u00f3 a proceso penal por acopio de armas y est\u00e1 encerrado en un penal federal, se\u00f1al\u00f3 la Secretar\u00eda de Seguridad.<\/p>\n\n\n\n<p>Agreg\u00f3 que tiene el compromiso no solo de separar del cargo a los polic\u00edas \u201cque traicionan la confianza p\u00fablica\u201d, tambi\u00e9n de investigar y denunciar ante la autoridad ministerial.&nbsp;<\/p>\n\n\n\n<p>\u201cEl objetivo de que toda conducta contraria a la ley y a la legitimidad del servicio p\u00fablico sea sancionada conforme a derecho\u201d para que no exista impunidad, concluy\u00f3.<\/p>\n","protected":false},"excerpt":{"rendered":"Carlos Garc\u00eda\/Guanajuato, Gto.- Un elemento de las Fuerzas de Seguridad P\u00fablica del Estado (FSPE) fue arrestado por tener presuntos v\u00ednculos con un grupo criminal dedicado a la extorsi\u00f3n. La Secretar\u00eda de Seguridad y Paz inform\u00f3 que derivado de una investigaci\u00f3n interna fue que la Fiscal\u00eda General del Estado (FGE) arrest\u00f3 al elemento activo identificado como [&hellip;]","protected":false},"author":2,"featured_media":177006,"comment_status":"open","ping_status":"open","sticky":false,"template":"","format":"standard","meta":{"_seopress_robots_primary_cat":"none","_seopress_titles_title":"","_seopress_titles_desc":"","_seopress_robots_index":"","_monsterinsights_skip_tracking":false,"_monsterinsights_sitenote_active":false,"_monsterinsights_sitenote_note":"","_monsterinsights_sitenote_category":0,"footnotes":""},"categories":[1],"tags":[],"class_list":["post-177003","post","type-post","status-publish","format-standard","has-post-thumbnail","hentry","category-actualidad"],"yoast_head":"<!-- This site is optimized with the Yoast SEO plugin v27.4 - https:\/\/yoast.com\/product\/yoast-seo-wordpress\/ -->\n<title>ENCARCELAN A POLIC\u00cdA ESTATAL LIGADO AL CRIMEN - Kuali<\/title>\n<meta name=\"robots\" content=\"index, follow, max-snippet:-1, max-image-preview:large, max-video-preview:-1\" \/>\n<link rel=\"canonical\" href=\"https:\/\/kuali.com.mx\/web\/2025\/06\/02\/encarcelan-a-policia-estatal-ligado-al-crimen\/\" \/>\n<meta property=\"og:locale\" content=\"es_MX\" \/>\n<meta property=\"og:type\" content=\"article\" \/>\n<meta property=\"og:title\" content=\"ENCARCELAN A POLIC\u00cdA ESTATAL LIGADO AL CRIMEN - Kuali\" \/>\n<meta property=\"og:description\" content=\"Carlos Garc\u00eda\/Guanajuato, Gto.- Un elemento de las Fuerzas de Seguridad P\u00fablica del Estado (FSPE) fue arrestado por tener presuntos v\u00ednculos con un grupo criminal dedicado a la extorsi\u00f3n. La Secretar\u00eda de Seguridad y Paz inform\u00f3 que derivado de una investigaci\u00f3n interna fue que la Fiscal\u00eda General del Estado (FGE) arrest\u00f3 al elemento activo identificado como [&hellip;]\" \/>\n<meta property=\"og:url\" content=\"https:\/\/kuali.com.mx\/web\/2025\/06\/02\/encarcelan-a-policia-estatal-ligado-al-crimen\/\" \/>\n<meta property=\"og:site_name\" content=\"Kuali\" \/>\n<meta property=\"article:publisher\" content=\"https:\/\/kuali.com.mx\/web\/wp-content\/uploads\/2018\/04\/cropped-kuali_logo-1-1.png\" \/>\n<meta property=\"article:published_time\" content=\"2025-06-03T01:11:56+00:00\" \/>\n<meta property=\"article:modified_time\" content=\"2025-06-03T01:11:58+00:00\" \/>\n<meta property=\"og:image\" content=\"https:\/\/kuali.com.mx\/web\/wp-content\/uploads\/2025\/06\/Policia-estatal-detenido-e1748913109995.jpg\" \/>\n\t<meta property=\"og:image:width\" content=\"466\" \/>\n\t<meta property=\"og:image:height\" content=\"344\" \/>\n\t<meta property=\"og:image:type\" content=\"image\/jpeg\" \/>\n<meta name=\"author\" content=\"Kuali Staff\" \/>\n<meta name=\"twitter:card\" content=\"summary_large_image\" \/>\n<meta name=\"twitter:creator\" content=\"@kuali_noticias\" \/>\n<meta name=\"twitter:site\" content=\"@kuali_noticias\" \/>\n<meta name=\"twitter:label1\" content=\"Escrito por\" \/>\n\t<meta name=\"twitter:data1\" content=\"Kuali Staff\" \/>\n\t<meta name=\"twitter:label2\" content=\"Tiempo de lectura\" \/>\n\t<meta name=\"twitter:data2\" content=\"1 minuto\" \/>\n<script type=\"application\/ld+json\" class=\"yoast-schema-graph\">{\"@context\":\"https:\\\/\\\/schema.org\",\"@graph\":[{\"@type\":\"Article\",\"@id\":\"https:\\\/\\\/kuali.com.mx\\\/web\\\/2025\\\/06\\\/02\\\/encarcelan-a-policia-estatal-ligado-al-crimen\\\/#article\",\"isPartOf\":{\"@id\":\"https:\\\/\\\/kuali.com.mx\\\/web\\\/2025\\\/06\\\/02\\\/encarcelan-a-policia-estatal-ligado-al-crimen\\\/\"},\"author\":{\"name\":\"Kuali Staff\",\"@id\":\"https:\\\/\\\/kuali.com.mx\\\/web\\\/#\\\/schema\\\/person\\\/6f89ffa8ecba9dae50662357923c5289\"},\"headline\":\"ENCARCELAN A POLIC\u00cdA ESTATAL LIGADO AL CRIMEN\",\"datePublished\":\"2025-06-03T01:11:56+00:00\",\"dateModified\":\"2025-06-03T01:11:58+00:00\",\"mainEntityOfPage\":{\"@id\":\"https:\\\/\\\/kuali.com.mx\\\/web\\\/2025\\\/06\\\/02\\\/encarcelan-a-policia-estatal-ligado-al-crimen\\\/\"},\"wordCount\":238,\"commentCount\":0,\"image\":{\"@id\":\"https:\\\/\\\/kuali.com.mx\\\/web\\\/2025\\\/06\\\/02\\\/encarcelan-a-policia-estatal-ligado-al-crimen\\\/#primaryimage\"},\"thumbnailUrl\":\"https:\\\/\\\/kuali.com.mx\\\/web\\\/wp-content\\\/uploads\\\/2025\\\/06\\\/Policia-estatal-detenido-e1748913109995.jpg\",\"articleSection\":[\"Versatil\"],\"inLanguage\":\"es\",\"potentialAction\":[{\"@type\":\"CommentAction\",\"name\":\"Comment\",\"target\":[\"https:\\\/\\\/kuali.com.mx\\\/web\\\/2025\\\/06\\\/02\\\/encarcelan-a-policia-estatal-ligado-al-crimen\\\/#respond\"]}]},{\"@type\":\"WebPage\",\"@id\":\"https:\\\/\\\/kuali.com.mx\\\/web\\\/2025\\\/06\\\/02\\\/encarcelan-a-policia-estatal-ligado-al-crimen\\\/\",\"url\":\"https:\\\/\\\/kuali.com.mx\\\/web\\\/2025\\\/06\\\/02\\\/encarcelan-a-policia-estatal-ligado-al-crimen\\\/\",\"name\":\"ENCARCELAN A POLIC\u00cdA ESTATAL LIGADO AL CRIMEN - Kuali\",\"isPartOf\":{\"@id\":\"https:\\\/\\\/kuali.com.mx\\\/web\\\/#website\"},\"primaryImageOfPage\":{\"@id\":\"https:\\\/\\\/kuali.com.mx\\\/web\\\/2025\\\/06\\\/02\\\/encarcelan-a-policia-estatal-ligado-al-crimen\\\/#primaryimage\"},\"image\":{\"@id\":\"https:\\\/\\\/kuali.com.mx\\\/web\\\/2025\\\/06\\\/02\\\/encarcelan-a-policia-estatal-ligado-al-crimen\\\/#primaryimage\"},\"thumbnailUrl\":\"https:\\\/\\\/kuali.com.mx\\\/web\\\/wp-content\\\/uploads\\\/2025\\\/06\\\/Policia-estatal-detenido-e1748913109995.jpg\",\"datePublished\":\"2025-06-03T01:11:56+00:00\",\"dateModified\":\"2025-06-03T01:11:58+00:00\",\"author\":{\"@id\":\"https:\\\/\\\/kuali.com.mx\\\/web\\\/#\\\/schema\\\/person\\\/6f89ffa8ecba9dae50662357923c5289\"},\"breadcrumb\":{\"@id\":\"https:\\\/\\\/kuali.com.mx\\\/web\\\/2025\\\/06\\\/02\\\/encarcelan-a-policia-estatal-ligado-al-crimen\\\/#breadcrumb\"},\"inLanguage\":\"es\",\"potentialAction\":[{\"@type\":\"ReadAction\",\"target\":[\"https:\\\/\\\/kuali.com.mx\\\/web\\\/2025\\\/06\\\/02\\\/encarcelan-a-policia-estatal-ligado-al-crimen\\\/\"]}]},{\"@type\":\"ImageObject\",\"inLanguage\":\"es\",\"@id\":\"https:\\\/\\\/kuali.com.mx\\\/web\\\/2025\\\/06\\\/02\\\/encarcelan-a-policia-estatal-ligado-al-crimen\\\/#primaryimage\",\"url\":\"https:\\\/\\\/kuali.com.mx\\\/web\\\/wp-content\\\/uploads\\\/2025\\\/06\\\/Policia-estatal-detenido-e1748913109995.jpg\",\"contentUrl\":\"https:\\\/\\\/kuali.com.mx\\\/web\\\/wp-content\\\/uploads\\\/2025\\\/06\\\/Policia-estatal-detenido-e1748913109995.jpg\",\"width\":466,\"height\":344},{\"@type\":\"BreadcrumbList\",\"@id\":\"https:\\\/\\\/kuali.com.mx\\\/web\\\/2025\\\/06\\\/02\\\/encarcelan-a-policia-estatal-ligado-al-crimen\\\/#breadcrumb\",\"itemListElement\":[{\"@type\":\"ListItem\",\"position\":1,\"name\":\"Inicio\",\"item\":\"https:\\\/\\\/kuali.com.mx\\\/web\\\/\"},{\"@type\":\"ListItem\",\"position\":2,\"name\":\"ENCARCELAN A POLIC\u00cdA ESTATAL LIGADO AL CRIMEN\"}]},{\"@type\":\"WebSite\",\"@id\":\"https:\\\/\\\/kuali.com.mx\\\/web\\\/#website\",\"url\":\"https:\\\/\\\/kuali.com.mx\\\/web\\\/\",\"name\":\"Kuali\",\"description\":\"\",\"potentialAction\":[{\"@type\":\"SearchAction\",\"target\":{\"@type\":\"EntryPoint\",\"urlTemplate\":\"https:\\\/\\\/kuali.com.mx\\\/web\\\/?s={search_term_string}\"},\"query-input\":{\"@type\":\"PropertyValueSpecification\",\"valueRequired\":true,\"valueName\":\"search_term_string\"}}],\"inLanguage\":\"es\"},{\"@type\":\"Person\",\"@id\":\"https:\\\/\\\/kuali.com.mx\\\/web\\\/#\\\/schema\\\/person\\\/6f89ffa8ecba9dae50662357923c5289\",\"name\":\"Kuali Staff\",\"image\":{\"@type\":\"ImageObject\",\"inLanguage\":\"es\",\"@id\":\"https:\\\/\\\/secure.gravatar.com\\\/avatar\\\/f917ad82e5ab71227a733c78b6e60715476f69ee6be59feee4eb5d9920c89e0f?s=96&d=mm&r=g\",\"url\":\"https:\\\/\\\/secure.gravatar.com\\\/avatar\\\/f917ad82e5ab71227a733c78b6e60715476f69ee6be59feee4eb5d9920c89e0f?s=96&d=mm&r=g\",\"contentUrl\":\"https:\\\/\\\/secure.gravatar.com\\\/avatar\\\/f917ad82e5ab71227a733c78b6e60715476f69ee6be59feee4eb5d9920c89e0f?s=96&d=mm&r=g\",\"caption\":\"Kuali Staff\"},\"url\":\"https:\\\/\\\/kuali.com.mx\\\/web\\\/author\\\/lagarto\\\/\"}]}<\/script>\n<!-- \/ Yoast SEO plugin. -->","yoast_head_json":{"title":"ENCARCELAN A POLIC\u00cdA ESTATAL LIGADO AL CRIMEN - Kuali","robots":{"index":"index","follow":"follow","max-snippet":"max-snippet:-1","max-image-preview":"max-image-preview:large","max-video-preview":"max-video-preview:-1"},"canonical":"https:\/\/kuali.com.mx\/web\/2025\/06\/02\/encarcelan-a-policia-estatal-ligado-al-crimen\/","og_locale":"es_MX","og_type":"article","og_title":"ENCARCELAN A POLIC\u00cdA ESTATAL LIGADO AL CRIMEN - Kuali","og_description":"Carlos Garc\u00eda\/Guanajuato, Gto.- Un elemento de las Fuerzas de Seguridad P\u00fablica del Estado (FSPE) fue arrestado por tener presuntos v\u00ednculos con un grupo criminal dedicado a la extorsi\u00f3n. La Secretar\u00eda de Seguridad y Paz inform\u00f3 que derivado de una investigaci\u00f3n interna fue que la Fiscal\u00eda General del Estado (FGE) arrest\u00f3 al elemento activo identificado como [&hellip;]","og_url":"https:\/\/kuali.com.mx\/web\/2025\/06\/02\/encarcelan-a-policia-estatal-ligado-al-crimen\/","og_site_name":"Kuali","article_publisher":"https:\/\/kuali.com.mx\/web\/wp-content\/uploads\/2018\/04\/cropped-kuali_logo-1-1.png","article_published_time":"2025-06-03T01:11:56+00:00","article_modified_time":"2025-06-03T01:11:58+00:00","og_image":[{"width":466,"height":344,"url":"https:\/\/kuali.com.mx\/web\/wp-content\/uploads\/2025\/06\/Policia-estatal-detenido-e1748913109995.jpg","type":"image\/jpeg"}],"author":"Kuali Staff","twitter_card":"summary_large_image","twitter_creator":"@kuali_noticias","twitter_site":"@kuali_noticias","twitter_misc":{"Escrito por":"Kuali Staff","Tiempo de lectura":"1 minuto"},"schema":{"@context":"https:\/\/schema.org","@graph":[{"@type":"Article","@id":"https:\/\/kuali.com.mx\/web\/2025\/06\/02\/encarcelan-a-policia-estatal-ligado-al-crimen\/#article","isPartOf":{"@id":"https:\/\/kuali.com.mx\/web\/2025\/06\/02\/encarcelan-a-policia-estatal-ligado-al-crimen\/"},"author":{"name":"Kuali Staff","@id":"https:\/\/kuali.com.mx\/web\/#\/schema\/person\/6f89ffa8ecba9dae50662357923c5289"},"headline":"ENCARCELAN A POLIC\u00cdA ESTATAL LIGADO AL CRIMEN","datePublished":"2025-06-03T01:11:56+00:00","dateModified":"2025-06-03T01:11:58+00:00","mainEntityOfPage":{"@id":"https:\/\/kuali.com.mx\/web\/2025\/06\/02\/encarcelan-a-policia-estatal-ligado-al-crimen\/"},"wordCount":238,"commentCount":0,"image":{"@id":"https:\/\/kuali.com.mx\/web\/2025\/06\/02\/encarcelan-a-policia-estatal-ligado-al-crimen\/#primaryimage"},"thumbnailUrl":"https:\/\/kuali.com.mx\/web\/wp-content\/uploads\/2025\/06\/Policia-estatal-detenido-e1748913109995.jpg","articleSection":["Versatil"],"inLanguage":"es","potentialAction":[{"@type":"CommentAction","name":"Comment","target":["https:\/\/kuali.com.mx\/web\/2025\/06\/02\/encarcelan-a-policia-estatal-ligado-al-crimen\/#respond"]}]},{"@type":"WebPage","@id":"https:\/\/kuali.com.mx\/web\/2025\/06\/02\/encarcelan-a-policia-estatal-ligado-al-crimen\/","url":"https:\/\/kuali.com.mx\/web\/2025\/06\/02\/encarcelan-a-policia-estatal-ligado-al-crimen\/","name":"ENCARCELAN A POLIC\u00cdA ESTATAL LIGADO AL CRIMEN - Kuali","isPartOf":{"@id":"https:\/\/kuali.com.mx\/web\/#website"},"primaryImageOfPage":{"@id":"https:\/\/kuali.com.mx\/web\/2025\/06\/02\/encarcelan-a-policia-estatal-ligado-al-crimen\/#primaryimage"},"image":{"@id":"https:\/\/kuali.com.mx\/web\/2025\/06\/02\/encarcelan-a-policia-estatal-ligado-al-crimen\/#primaryimage"},"thumbnailUrl":"https:\/\/kuali.com.mx\/web\/wp-content\/uploads\/2025\/06\/Policia-estatal-detenido-e1748913109995.jpg","datePublished":"2025-06-03T01:11:56+00:00","dateModified":"2025-06-03T01:11:58+00:00","author":{"@id":"https:\/\/kuali.com.mx\/web\/#\/schema\/person\/6f89ffa8ecba9dae50662357923c5289"},"breadcrumb":{"@id":"https:\/\/kuali.com.mx\/web\/2025\/06\/02\/encarcelan-a-policia-estatal-ligado-al-crimen\/#breadcrumb"},"inLanguage":"es","potentialAction":[{"@type":"ReadAction","target":["https:\/\/kuali.com.mx\/web\/2025\/06\/02\/encarcelan-a-policia-estatal-ligado-al-crimen\/"]}]},{"@type":"ImageObject","inLanguage":"es","@id":"https:\/\/kuali.com.mx\/web\/2025\/06\/02\/encarcelan-a-policia-estatal-ligado-al-crimen\/#primaryimage","url":"https:\/\/kuali.com.mx\/web\/wp-content\/uploads\/2025\/06\/Policia-estatal-detenido-e1748913109995.jpg","contentUrl":"https:\/\/kuali.com.mx\/web\/wp-content\/uploads\/2025\/06\/Policia-estatal-detenido-e1748913109995.jpg","width":466,"height":344},{"@type":"BreadcrumbList","@id":"https:\/\/kuali.com.mx\/web\/2025\/06\/02\/encarcelan-a-policia-estatal-ligado-al-crimen\/#breadcrumb","itemListElement":[{"@type":"ListItem","position":1,"name":"Inicio","item":"https:\/\/kuali.com.mx\/web\/"},{"@type":"ListItem","position":2,"name":"ENCARCELAN A POLIC\u00cdA ESTATAL LIGADO AL CRIMEN"}]},{"@type":"WebSite","@id":"https:\/\/kuali.com.mx\/web\/#website","url":"https:\/\/kuali.com.mx\/web\/","name":"Kuali","description":"","potentialAction":[{"@type":"SearchAction","target":{"@type":"EntryPoint","urlTemplate":"https:\/\/kuali.com.mx\/web\/?s={search_term_string}"},"query-input":{"@type":"PropertyValueSpecification","valueRequired":true,"valueName":"search_term_string"}}],"inLanguage":"es"},{"@type":"Person","@id":"https:\/\/kuali.com.mx\/web\/#\/schema\/person\/6f89ffa8ecba9dae50662357923c5289","name":"Kuali Staff","image":{"@type":"ImageObject","inLanguage":"es","@id":"https:\/\/secure.gravatar.com\/avatar\/f917ad82e5ab71227a733c78b6e60715476f69ee6be59feee4eb5d9920c89e0f?s=96&d=mm&r=g","url":"https:\/\/secure.gravatar.com\/avatar\/f917ad82e5ab71227a733c78b6e60715476f69ee6be59feee4eb5d9920c89e0f?s=96&d=mm&r=g","contentUrl":"https:\/\/secure.gravatar.com\/avatar\/f917ad82e5ab71227a733c78b6e60715476f69ee6be59feee4eb5d9920c89e0f?s=96&d=mm&r=g","caption":"Kuali Staff"},"url":"https:\/\/kuali.com.mx\/web\/author\/lagarto\/"}]}},"_links":{"self":[{"href":"https:\/\/kuali.com.mx\/web\/wp-json\/wp\/v2\/posts\/177003","targetHints":{"allow":["GET"]}}],"collection":[{"href":"https:\/\/kuali.com.mx\/web\/wp-json\/wp\/v2\/posts"}],"about":[{"href":"https:\/\/kuali.com.mx\/web\/wp-json\/wp\/v2\/types\/post"}],"author":[{"embeddable":true,"href":"https:\/\/kuali.com.mx\/web\/wp-json\/wp\/v2\/users\/2"}],"replies":[{"embeddable":true,"href":"https:\/\/kuali.com.mx\/web\/wp-json\/wp\/v2\/comments?post=177003"}],"version-history":[{"count":1,"href":"https:\/\/kuali.com.mx\/web\/wp-json\/wp\/v2\/posts\/177003\/revisions"}],"predecessor-version":[{"id":177007,"href":"https:\/\/kuali.com.mx\/web\/wp-json\/wp\/v2\/posts\/177003\/revisions\/177007"}],"wp:featuredmedia":[{"embeddable":true,"href":"https:\/\/kuali.com.mx\/web\/wp-json\/wp\/v2\/media\/177006"}],"wp:attachment":[{"href":"https:\/\/kuali.com.mx\/web\/wp-json\/wp\/v2\/media?parent=177003"}],"wp:term":[{"taxonomy":"category","embeddable":true,"href":"https:\/\/kuali.com.mx\/web\/wp-json\/wp\/v2\/categories?post=177003"},{"taxonomy":"post_tag","embeddable":true,"href":"https:\/\/kuali.com.mx\/web\/wp-json\/wp\/v2\/tags?post=177003"}],"curies":[{"name":"wp","href":"https:\/\/api.w.org\/{rel}","templated":true}]}}