{"id":176960,"date":"2025-06-02T13:15:11","date_gmt":"2025-06-02T19:15:11","guid":{"rendered":"https:\/\/kuali.com.mx\/web\/?p=176960"},"modified":"2025-06-02T19:26:47","modified_gmt":"2025-06-03T01:26:47","slug":"viaja-alejandra-a-colombia-ella-cubre-sus-gastos","status":"publish","type":"post","link":"https:\/\/kuali.com.mx\/web\/2025\/06\/02\/viaja-alejandra-a-colombia-ella-cubre-sus-gastos\/","title":{"rendered":"VIAJA ALEJANDRA A COLOMBIA; ELLA CUBRE SUS GASTOS"},"content":{"rendered":"\n<p><strong><em>Carlos Garc\u00eda\/Le\u00f3n, Gto.-<\/em><\/strong> La presidenta municipal de Le\u00f3n, Alejandra Guti\u00e9rrez Campos, viaj\u00f3 a Colombia a recibir un reconocimiento del Senado de ese pa\u00eds y los gastos correr\u00e1n por su cuenta, inform\u00f3 el secretario de Vinculaci\u00f3n y Atenci\u00f3n a los Leoneses y encargado del despacho de la alcald\u00eda, Allan Le\u00f3n Aguirre.<\/p>\n\n\n\n<p>\u201cElla regresa el d\u00eda mi\u00e9rcoles, que es la licencia que se firm\u00f3, licencia de vacaciones.No se ejerce ning\u00fan recurso por parte del municipio, todos los gastos los cubre ella de manera personal\u201d, precis\u00f3.<\/p>\n\n\n\n<p>Sobre el reconocimiento, dijo que tiene relaci\u00f3n con la forma humanista de gobernar al poner siempre a la persona por encima de todas las decisiones.<\/p>\n\n\n\n<p>\u201cLas encomiendas, hay que estar al pendiente pr\u00e1cticamente de todo y m\u00e1s en esta temporada de lluvias. Como lo platiqu\u00e9 hace rato, estuvimos al pendiente m\u00e1s o menos hasta las tres y media de la madrugada, cuando ya los reportes cesaron\u201d, coment\u00f3 el funcionario.<\/p>\n\n\n\n<p>La presidenta municipal nunca ha tomado vacaciones en la actual administraci\u00f3n y la licencia es del 2 al 4 de junio, precis\u00f3.<\/p>\n","protected":false},"excerpt":{"rendered":"Carlos Garc\u00eda\/Le\u00f3n, Gto.- La presidenta municipal de Le\u00f3n, Alejandra Guti\u00e9rrez Campos, viaj\u00f3 a Colombia a recibir un reconocimiento del Senado de ese pa\u00eds y los gastos correr\u00e1n por su cuenta, inform\u00f3 el secretario de Vinculaci\u00f3n y Atenci\u00f3n a los Leoneses y encargado del despacho de la alcald\u00eda, Allan Le\u00f3n Aguirre. \u201cElla regresa el d\u00eda mi\u00e9rcoles, [&hellip;]","protected":false},"author":2,"featured_media":168192,"comment_status":"open","ping_status":"open","sticky":false,"template":"","format":"standard","meta":{"_seopress_robots_primary_cat":"none","_seopress_titles_title":"","_seopress_titles_desc":"","_seopress_robots_index":"","_monsterinsights_skip_tracking":false,"_monsterinsights_sitenote_active":false,"_monsterinsights_sitenote_note":"","_monsterinsights_sitenote_category":0,"footnotes":""},"categories":[3],"tags":[],"class_list":["post-176960","post","type-post","status-publish","format-standard","has-post-thumbnail","hentry","category-politica"],"yoast_head":"<!-- This site is optimized with the Yoast SEO plugin v27.4 - https:\/\/yoast.com\/product\/yoast-seo-wordpress\/ -->\n<title>VIAJA ALEJANDRA A COLOMBIA; ELLA CUBRE SUS GASTOS - Kuali<\/title>\n<meta name=\"robots\" content=\"index, follow, max-snippet:-1, max-image-preview:large, max-video-preview:-1\" \/>\n<link rel=\"canonical\" href=\"https:\/\/kuali.com.mx\/web\/2025\/06\/02\/viaja-alejandra-a-colombia-ella-cubre-sus-gastos\/\" \/>\n<meta property=\"og:locale\" content=\"es_MX\" \/>\n<meta property=\"og:type\" content=\"article\" \/>\n<meta property=\"og:title\" content=\"VIAJA ALEJANDRA A COLOMBIA; ELLA CUBRE SUS GASTOS - Kuali\" \/>\n<meta property=\"og:description\" content=\"Carlos Garc\u00eda\/Le\u00f3n, Gto.- La presidenta municipal de Le\u00f3n, Alejandra Guti\u00e9rrez Campos, viaj\u00f3 a Colombia a recibir un reconocimiento del Senado de ese pa\u00eds y los gastos correr\u00e1n por su cuenta, inform\u00f3 el secretario de Vinculaci\u00f3n y Atenci\u00f3n a los Leoneses y encargado del despacho de la alcald\u00eda, Allan Le\u00f3n Aguirre. \u201cElla regresa el d\u00eda mi\u00e9rcoles, [&hellip;]\" \/>\n<meta property=\"og:url\" content=\"https:\/\/kuali.com.mx\/web\/2025\/06\/02\/viaja-alejandra-a-colombia-ella-cubre-sus-gastos\/\" \/>\n<meta property=\"og:site_name\" content=\"Kuali\" \/>\n<meta property=\"article:publisher\" content=\"https:\/\/kuali.com.mx\/web\/wp-content\/uploads\/2018\/04\/cropped-kuali_logo-1-1.png\" \/>\n<meta property=\"article:published_time\" content=\"2025-06-02T19:15:11+00:00\" \/>\n<meta property=\"article:modified_time\" content=\"2025-06-03T01:26:47+00:00\" \/>\n<meta property=\"og:image\" content=\"https:\/\/kuali.com.mx\/web\/wp-content\/uploads\/2025\/02\/Alejandra-alcaldesa-Leon.jpeg\" \/>\n\t<meta property=\"og:image:width\" content=\"1864\" \/>\n\t<meta property=\"og:image:height\" content=\"750\" \/>\n\t<meta property=\"og:image:type\" content=\"image\/jpeg\" \/>\n<meta name=\"author\" content=\"Kuali Staff\" \/>\n<meta name=\"twitter:card\" content=\"summary_large_image\" \/>\n<meta name=\"twitter:creator\" content=\"@kuali_noticias\" \/>\n<meta name=\"twitter:site\" content=\"@kuali_noticias\" \/>\n<meta name=\"twitter:label1\" content=\"Escrito por\" \/>\n\t<meta name=\"twitter:data1\" content=\"Kuali Staff\" \/>\n\t<meta name=\"twitter:label2\" content=\"Tiempo de lectura\" \/>\n\t<meta name=\"twitter:data2\" content=\"1 minuto\" \/>\n<script type=\"application\/ld+json\" class=\"yoast-schema-graph\">{\"@context\":\"https:\\\/\\\/schema.org\",\"@graph\":[{\"@type\":\"Article\",\"@id\":\"https:\\\/\\\/kuali.com.mx\\\/web\\\/2025\\\/06\\\/02\\\/viaja-alejandra-a-colombia-ella-cubre-sus-gastos\\\/#article\",\"isPartOf\":{\"@id\":\"https:\\\/\\\/kuali.com.mx\\\/web\\\/2025\\\/06\\\/02\\\/viaja-alejandra-a-colombia-ella-cubre-sus-gastos\\\/\"},\"author\":{\"name\":\"Kuali Staff\",\"@id\":\"https:\\\/\\\/kuali.com.mx\\\/web\\\/#\\\/schema\\\/person\\\/6f89ffa8ecba9dae50662357923c5289\"},\"headline\":\"VIAJA ALEJANDRA A COLOMBIA; ELLA CUBRE SUS GASTOS\",\"datePublished\":\"2025-06-02T19:15:11+00:00\",\"dateModified\":\"2025-06-03T01:26:47+00:00\",\"mainEntityOfPage\":{\"@id\":\"https:\\\/\\\/kuali.com.mx\\\/web\\\/2025\\\/06\\\/02\\\/viaja-alejandra-a-colombia-ella-cubre-sus-gastos\\\/\"},\"wordCount\":201,\"commentCount\":0,\"image\":{\"@id\":\"https:\\\/\\\/kuali.com.mx\\\/web\\\/2025\\\/06\\\/02\\\/viaja-alejandra-a-colombia-ella-cubre-sus-gastos\\\/#primaryimage\"},\"thumbnailUrl\":\"https:\\\/\\\/kuali.com.mx\\\/web\\\/wp-content\\\/uploads\\\/2025\\\/02\\\/Alejandra-alcaldesa-Leon.jpeg\",\"articleSection\":[\"Pol\u00edtica\"],\"inLanguage\":\"es\",\"potentialAction\":[{\"@type\":\"CommentAction\",\"name\":\"Comment\",\"target\":[\"https:\\\/\\\/kuali.com.mx\\\/web\\\/2025\\\/06\\\/02\\\/viaja-alejandra-a-colombia-ella-cubre-sus-gastos\\\/#respond\"]}]},{\"@type\":\"WebPage\",\"@id\":\"https:\\\/\\\/kuali.com.mx\\\/web\\\/2025\\\/06\\\/02\\\/viaja-alejandra-a-colombia-ella-cubre-sus-gastos\\\/\",\"url\":\"https:\\\/\\\/kuali.com.mx\\\/web\\\/2025\\\/06\\\/02\\\/viaja-alejandra-a-colombia-ella-cubre-sus-gastos\\\/\",\"name\":\"VIAJA ALEJANDRA A COLOMBIA; ELLA CUBRE SUS GASTOS - Kuali\",\"isPartOf\":{\"@id\":\"https:\\\/\\\/kuali.com.mx\\\/web\\\/#website\"},\"primaryImageOfPage\":{\"@id\":\"https:\\\/\\\/kuali.com.mx\\\/web\\\/2025\\\/06\\\/02\\\/viaja-alejandra-a-colombia-ella-cubre-sus-gastos\\\/#primaryimage\"},\"image\":{\"@id\":\"https:\\\/\\\/kuali.com.mx\\\/web\\\/2025\\\/06\\\/02\\\/viaja-alejandra-a-colombia-ella-cubre-sus-gastos\\\/#primaryimage\"},\"thumbnailUrl\":\"https:\\\/\\\/kuali.com.mx\\\/web\\\/wp-content\\\/uploads\\\/2025\\\/02\\\/Alejandra-alcaldesa-Leon.jpeg\",\"datePublished\":\"2025-06-02T19:15:11+00:00\",\"dateModified\":\"2025-06-03T01:26:47+00:00\",\"author\":{\"@id\":\"https:\\\/\\\/kuali.com.mx\\\/web\\\/#\\\/schema\\\/person\\\/6f89ffa8ecba9dae50662357923c5289\"},\"breadcrumb\":{\"@id\":\"https:\\\/\\\/kuali.com.mx\\\/web\\\/2025\\\/06\\\/02\\\/viaja-alejandra-a-colombia-ella-cubre-sus-gastos\\\/#breadcrumb\"},\"inLanguage\":\"es\",\"potentialAction\":[{\"@type\":\"ReadAction\",\"target\":[\"https:\\\/\\\/kuali.com.mx\\\/web\\\/2025\\\/06\\\/02\\\/viaja-alejandra-a-colombia-ella-cubre-sus-gastos\\\/\"]}]},{\"@type\":\"ImageObject\",\"inLanguage\":\"es\",\"@id\":\"https:\\\/\\\/kuali.com.mx\\\/web\\\/2025\\\/06\\\/02\\\/viaja-alejandra-a-colombia-ella-cubre-sus-gastos\\\/#primaryimage\",\"url\":\"https:\\\/\\\/kuali.com.mx\\\/web\\\/wp-content\\\/uploads\\\/2025\\\/02\\\/Alejandra-alcaldesa-Leon.jpeg\",\"contentUrl\":\"https:\\\/\\\/kuali.com.mx\\\/web\\\/wp-content\\\/uploads\\\/2025\\\/02\\\/Alejandra-alcaldesa-Leon.jpeg\",\"width\":1864,\"height\":750},{\"@type\":\"BreadcrumbList\",\"@id\":\"https:\\\/\\\/kuali.com.mx\\\/web\\\/2025\\\/06\\\/02\\\/viaja-alejandra-a-colombia-ella-cubre-sus-gastos\\\/#breadcrumb\",\"itemListElement\":[{\"@type\":\"ListItem\",\"position\":1,\"name\":\"Inicio\",\"item\":\"https:\\\/\\\/kuali.com.mx\\\/web\\\/\"},{\"@type\":\"ListItem\",\"position\":2,\"name\":\"VIAJA ALEJANDRA A COLOMBIA; ELLA CUBRE SUS GASTOS\"}]},{\"@type\":\"WebSite\",\"@id\":\"https:\\\/\\\/kuali.com.mx\\\/web\\\/#website\",\"url\":\"https:\\\/\\\/kuali.com.mx\\\/web\\\/\",\"name\":\"Kuali\",\"description\":\"\",\"potentialAction\":[{\"@type\":\"SearchAction\",\"target\":{\"@type\":\"EntryPoint\",\"urlTemplate\":\"https:\\\/\\\/kuali.com.mx\\\/web\\\/?s={search_term_string}\"},\"query-input\":{\"@type\":\"PropertyValueSpecification\",\"valueRequired\":true,\"valueName\":\"search_term_string\"}}],\"inLanguage\":\"es\"},{\"@type\":\"Person\",\"@id\":\"https:\\\/\\\/kuali.com.mx\\\/web\\\/#\\\/schema\\\/person\\\/6f89ffa8ecba9dae50662357923c5289\",\"name\":\"Kuali Staff\",\"image\":{\"@type\":\"ImageObject\",\"inLanguage\":\"es\",\"@id\":\"https:\\\/\\\/secure.gravatar.com\\\/avatar\\\/f917ad82e5ab71227a733c78b6e60715476f69ee6be59feee4eb5d9920c89e0f?s=96&d=mm&r=g\",\"url\":\"https:\\\/\\\/secure.gravatar.com\\\/avatar\\\/f917ad82e5ab71227a733c78b6e60715476f69ee6be59feee4eb5d9920c89e0f?s=96&d=mm&r=g\",\"contentUrl\":\"https:\\\/\\\/secure.gravatar.com\\\/avatar\\\/f917ad82e5ab71227a733c78b6e60715476f69ee6be59feee4eb5d9920c89e0f?s=96&d=mm&r=g\",\"caption\":\"Kuali Staff\"},\"url\":\"https:\\\/\\\/kuali.com.mx\\\/web\\\/author\\\/lagarto\\\/\"}]}<\/script>\n<!-- \/ Yoast SEO plugin. -->","yoast_head_json":{"title":"VIAJA ALEJANDRA A COLOMBIA; ELLA CUBRE SUS GASTOS - Kuali","robots":{"index":"index","follow":"follow","max-snippet":"max-snippet:-1","max-image-preview":"max-image-preview:large","max-video-preview":"max-video-preview:-1"},"canonical":"https:\/\/kuali.com.mx\/web\/2025\/06\/02\/viaja-alejandra-a-colombia-ella-cubre-sus-gastos\/","og_locale":"es_MX","og_type":"article","og_title":"VIAJA ALEJANDRA A COLOMBIA; ELLA CUBRE SUS GASTOS - Kuali","og_description":"Carlos Garc\u00eda\/Le\u00f3n, Gto.- La presidenta municipal de Le\u00f3n, Alejandra Guti\u00e9rrez Campos, viaj\u00f3 a Colombia a recibir un reconocimiento del Senado de ese pa\u00eds y los gastos correr\u00e1n por su cuenta, inform\u00f3 el secretario de Vinculaci\u00f3n y Atenci\u00f3n a los Leoneses y encargado del despacho de la alcald\u00eda, Allan Le\u00f3n Aguirre. \u201cElla regresa el d\u00eda mi\u00e9rcoles, [&hellip;]","og_url":"https:\/\/kuali.com.mx\/web\/2025\/06\/02\/viaja-alejandra-a-colombia-ella-cubre-sus-gastos\/","og_site_name":"Kuali","article_publisher":"https:\/\/kuali.com.mx\/web\/wp-content\/uploads\/2018\/04\/cropped-kuali_logo-1-1.png","article_published_time":"2025-06-02T19:15:11+00:00","article_modified_time":"2025-06-03T01:26:47+00:00","og_image":[{"width":1864,"height":750,"url":"https:\/\/kuali.com.mx\/web\/wp-content\/uploads\/2025\/02\/Alejandra-alcaldesa-Leon.jpeg","type":"image\/jpeg"}],"author":"Kuali Staff","twitter_card":"summary_large_image","twitter_creator":"@kuali_noticias","twitter_site":"@kuali_noticias","twitter_misc":{"Escrito por":"Kuali Staff","Tiempo de lectura":"1 minuto"},"schema":{"@context":"https:\/\/schema.org","@graph":[{"@type":"Article","@id":"https:\/\/kuali.com.mx\/web\/2025\/06\/02\/viaja-alejandra-a-colombia-ella-cubre-sus-gastos\/#article","isPartOf":{"@id":"https:\/\/kuali.com.mx\/web\/2025\/06\/02\/viaja-alejandra-a-colombia-ella-cubre-sus-gastos\/"},"author":{"name":"Kuali Staff","@id":"https:\/\/kuali.com.mx\/web\/#\/schema\/person\/6f89ffa8ecba9dae50662357923c5289"},"headline":"VIAJA ALEJANDRA A COLOMBIA; ELLA CUBRE SUS GASTOS","datePublished":"2025-06-02T19:15:11+00:00","dateModified":"2025-06-03T01:26:47+00:00","mainEntityOfPage":{"@id":"https:\/\/kuali.com.mx\/web\/2025\/06\/02\/viaja-alejandra-a-colombia-ella-cubre-sus-gastos\/"},"wordCount":201,"commentCount":0,"image":{"@id":"https:\/\/kuali.com.mx\/web\/2025\/06\/02\/viaja-alejandra-a-colombia-ella-cubre-sus-gastos\/#primaryimage"},"thumbnailUrl":"https:\/\/kuali.com.mx\/web\/wp-content\/uploads\/2025\/02\/Alejandra-alcaldesa-Leon.jpeg","articleSection":["Pol\u00edtica"],"inLanguage":"es","potentialAction":[{"@type":"CommentAction","name":"Comment","target":["https:\/\/kuali.com.mx\/web\/2025\/06\/02\/viaja-alejandra-a-colombia-ella-cubre-sus-gastos\/#respond"]}]},{"@type":"WebPage","@id":"https:\/\/kuali.com.mx\/web\/2025\/06\/02\/viaja-alejandra-a-colombia-ella-cubre-sus-gastos\/","url":"https:\/\/kuali.com.mx\/web\/2025\/06\/02\/viaja-alejandra-a-colombia-ella-cubre-sus-gastos\/","name":"VIAJA ALEJANDRA A COLOMBIA; ELLA CUBRE SUS GASTOS - Kuali","isPartOf":{"@id":"https:\/\/kuali.com.mx\/web\/#website"},"primaryImageOfPage":{"@id":"https:\/\/kuali.com.mx\/web\/2025\/06\/02\/viaja-alejandra-a-colombia-ella-cubre-sus-gastos\/#primaryimage"},"image":{"@id":"https:\/\/kuali.com.mx\/web\/2025\/06\/02\/viaja-alejandra-a-colombia-ella-cubre-sus-gastos\/#primaryimage"},"thumbnailUrl":"https:\/\/kuali.com.mx\/web\/wp-content\/uploads\/2025\/02\/Alejandra-alcaldesa-Leon.jpeg","datePublished":"2025-06-02T19:15:11+00:00","dateModified":"2025-06-03T01:26:47+00:00","author":{"@id":"https:\/\/kuali.com.mx\/web\/#\/schema\/person\/6f89ffa8ecba9dae50662357923c5289"},"breadcrumb":{"@id":"https:\/\/kuali.com.mx\/web\/2025\/06\/02\/viaja-alejandra-a-colombia-ella-cubre-sus-gastos\/#breadcrumb"},"inLanguage":"es","potentialAction":[{"@type":"ReadAction","target":["https:\/\/kuali.com.mx\/web\/2025\/06\/02\/viaja-alejandra-a-colombia-ella-cubre-sus-gastos\/"]}]},{"@type":"ImageObject","inLanguage":"es","@id":"https:\/\/kuali.com.mx\/web\/2025\/06\/02\/viaja-alejandra-a-colombia-ella-cubre-sus-gastos\/#primaryimage","url":"https:\/\/kuali.com.mx\/web\/wp-content\/uploads\/2025\/02\/Alejandra-alcaldesa-Leon.jpeg","contentUrl":"https:\/\/kuali.com.mx\/web\/wp-content\/uploads\/2025\/02\/Alejandra-alcaldesa-Leon.jpeg","width":1864,"height":750},{"@type":"BreadcrumbList","@id":"https:\/\/kuali.com.mx\/web\/2025\/06\/02\/viaja-alejandra-a-colombia-ella-cubre-sus-gastos\/#breadcrumb","itemListElement":[{"@type":"ListItem","position":1,"name":"Inicio","item":"https:\/\/kuali.com.mx\/web\/"},{"@type":"ListItem","position":2,"name":"VIAJA ALEJANDRA A COLOMBIA; ELLA CUBRE SUS GASTOS"}]},{"@type":"WebSite","@id":"https:\/\/kuali.com.mx\/web\/#website","url":"https:\/\/kuali.com.mx\/web\/","name":"Kuali","description":"","potentialAction":[{"@type":"SearchAction","target":{"@type":"EntryPoint","urlTemplate":"https:\/\/kuali.com.mx\/web\/?s={search_term_string}"},"query-input":{"@type":"PropertyValueSpecification","valueRequired":true,"valueName":"search_term_string"}}],"inLanguage":"es"},{"@type":"Person","@id":"https:\/\/kuali.com.mx\/web\/#\/schema\/person\/6f89ffa8ecba9dae50662357923c5289","name":"Kuali Staff","image":{"@type":"ImageObject","inLanguage":"es","@id":"https:\/\/secure.gravatar.com\/avatar\/f917ad82e5ab71227a733c78b6e60715476f69ee6be59feee4eb5d9920c89e0f?s=96&d=mm&r=g","url":"https:\/\/secure.gravatar.com\/avatar\/f917ad82e5ab71227a733c78b6e60715476f69ee6be59feee4eb5d9920c89e0f?s=96&d=mm&r=g","contentUrl":"https:\/\/secure.gravatar.com\/avatar\/f917ad82e5ab71227a733c78b6e60715476f69ee6be59feee4eb5d9920c89e0f?s=96&d=mm&r=g","caption":"Kuali Staff"},"url":"https:\/\/kuali.com.mx\/web\/author\/lagarto\/"}]}},"_links":{"self":[{"href":"https:\/\/kuali.com.mx\/web\/wp-json\/wp\/v2\/posts\/176960","targetHints":{"allow":["GET"]}}],"collection":[{"href":"https:\/\/kuali.com.mx\/web\/wp-json\/wp\/v2\/posts"}],"about":[{"href":"https:\/\/kuali.com.mx\/web\/wp-json\/wp\/v2\/types\/post"}],"author":[{"embeddable":true,"href":"https:\/\/kuali.com.mx\/web\/wp-json\/wp\/v2\/users\/2"}],"replies":[{"embeddable":true,"href":"https:\/\/kuali.com.mx\/web\/wp-json\/wp\/v2\/comments?post=176960"}],"version-history":[{"count":1,"href":"https:\/\/kuali.com.mx\/web\/wp-json\/wp\/v2\/posts\/176960\/revisions"}],"predecessor-version":[{"id":176963,"href":"https:\/\/kuali.com.mx\/web\/wp-json\/wp\/v2\/posts\/176960\/revisions\/176963"}],"wp:featuredmedia":[{"embeddable":true,"href":"https:\/\/kuali.com.mx\/web\/wp-json\/wp\/v2\/media\/168192"}],"wp:attachment":[{"href":"https:\/\/kuali.com.mx\/web\/wp-json\/wp\/v2\/media?parent=176960"}],"wp:term":[{"taxonomy":"category","embeddable":true,"href":"https:\/\/kuali.com.mx\/web\/wp-json\/wp\/v2\/categories?post=176960"},{"taxonomy":"post_tag","embeddable":true,"href":"https:\/\/kuali.com.mx\/web\/wp-json\/wp\/v2\/tags?post=176960"}],"curies":[{"name":"wp","href":"https:\/\/api.w.org\/{rel}","templated":true}]}}