{"id":175914,"date":"2025-05-19T18:54:13","date_gmt":"2025-05-20T00:54:13","guid":{"rendered":"https:\/\/kuali.com.mx\/web\/?p=175914"},"modified":"2025-05-19T18:54:15","modified_gmt":"2025-05-20T00:54:15","slug":"celebra-ug-80-anos-de-ser-universidad-publica","status":"publish","type":"post","link":"https:\/\/kuali.com.mx\/web\/2025\/05\/19\/celebra-ug-80-anos-de-ser-universidad-publica\/","title":{"rendered":"CELEBRA UG 80 A\u00d1OS DE SER UNIVERSIDAD P\u00daBLICA"},"content":{"rendered":"\n<p><strong><em>Kuali\/Guanajuato, Gto.-<\/em><\/strong>La Universidad de Guanajuato (UG) celebr\u00f3 80 a\u00f1os de ser la Universidad P\u00fablica del Estado en sesi\u00f3n p\u00fablica y solemne del Consejo General Universitario, la cual se llev\u00f3 a cabo en el Auditorio General del Edificio Central.<\/p>\n\n\n\n<p>La sei\u00f3n cont\u00f3 con la presencia de autoridades universitarias, municipales, estatales, federales y comunidad acad\u00e9mica.\u00a0<\/p>\n\n\n\n<p>El acto memor\u00f3 lo que fue la instalaci\u00f3n del primer Consejo Universitario el 16 de mayo de 1945, d\u00eda en que el entonces Colegio del Estado se transform\u00f3 oficialmente en la Universidad de Guanajuato, consolidando su papel como la instituci\u00f3n p\u00fablica educativa del estado, misma que a su vez instaur\u00f3 el Servicio Social Universitario, otorgando una identidad universitaria moderna.&nbsp;<\/p>\n\n\n\n<p>En su calidad de Presidenta del Consejo General Universitario, la Dra. Claudia Susana G\u00f3mez L\u00f3pez, Rectora General, subray\u00f3 el compromiso de la&nbsp;UG&nbsp;con una educaci\u00f3n de calidad, la modernizaci\u00f3n institucional, as\u00ed como el compromiso y vinculaci\u00f3n social como parte de los retos que&nbsp;contin\u00faan escribiendo la historia de la instituci\u00f3n.&nbsp;<\/p>\n\n\n\n<p>\u201cYa que hablamos de historias, tambi\u00e9n es tiempo de reflexi\u00f3n. \u00bfQu\u00e9 historia quiere contar la Universidad de Guanajuato para los pr\u00f3ximos a\u00f1os? Sin duda la de la pertinencia, la cultura de paz, el impacto social y la transformaci\u00f3n institucional ante los cambios tecnol\u00f3gicos. Hoy, particularmente hablamos de la inteligencia artificial en procesos, investigaci\u00f3n y docencia. Juntas y juntos formamos y damos vida a un espacio de construcci\u00f3n y transformaci\u00f3n social, pero, sobre todo, tenemos la determinaci\u00f3n de persistir en este ideal. \u00a1Que viva la Universidad de Guanajuato! Larga vida a la Universidad de Guanajuato\u201d, declar\u00f3.&nbsp;<\/p>\n\n\n\n<p>Asimismo, la Rectora General se refiri\u00f3 a la trayectoria y evoluci\u00f3n que la Universidad de Guanajuato ha experimentado desde sus inicios como Colegio hasta convertirse \u201cen una instituci\u00f3n l\u00edder a nivel nacional e internacional, reconocida por su excelencia acad\u00e9mica y su contribuci\u00f3n a la sociedad\u201d.&nbsp;<\/p>\n\n\n\n<p>La Rectora General destac\u00f3 que la celebraci\u00f3n de estos 80 a\u00f1os representa un reconocimiento y agradecimiento a la labor de generaciones de estudiantes, personal acad\u00e9mico, de gesti\u00f3n y administraci\u00f3n, en quienes reconoci\u00f3 su contribuci\u00f3n a la construcci\u00f3n de una universidad comprometida con el futuro de la sociedad guanajuatense y de otros estados.&nbsp;<\/p>\n\n\n\n<p>La historia de la&nbsp;UG&nbsp;tiene sus or\u00edgenes en 1732 con el Hospicio de la Sant\u00edsima&nbsp;Trinidad, inicio de la tradici\u00f3n educativa en la entidad, el cual para 1870 se convirti\u00f3 en el Colegio del Estado. Esta evoluci\u00f3n institucional culmin\u00f3 en 1945 con su reconocimiento como universidad, afianzando su misi\u00f3n de formar generaciones con vocaci\u00f3n y compromiso.<\/p>\n\n\n\n<p>Un momento clave se dio en 1994, cuando la Universidad de Guanajuato obtuvo por el Congreso del Estado el reconocimiento de su autonom\u00eda. Y en 2007 se aprob\u00f3 su nueva Ley Org\u00e1nica, que establece su actual modelo acad\u00e9mico multicampus.<\/p>\n\n\n\n<p>A la sesi\u00f3n solemne asisti\u00f3 la Gobernadora del Estado de Guanajuato, la Mtra. Libia Dennise Garc\u00eda Mu\u00f1oz Ledo, quien al destacar el&nbsp;legado de la&nbsp;UG&nbsp;reconoci\u00f3 la labor de la Universidad como pilar del desarrollo humano y social.&nbsp;<\/p>\n\n\n\n<p>\u201cLos invito a que esta Universidad de Guanajuato siga formando personas libres y solidarias que trasciendan a la comunidad. Les invito a que nuestra Universidad de Guanajuato siga siendo el resonador potente que registre las m\u00e1s peque\u00f1as vibraciones que vengan de todos los rumbos del destino del hombre. Los invito a seguir aportando su talento, su inteligencia, su innovaci\u00f3n, pero sobre todo su pasi\u00f3n para que Guanajuato siga brillando con luz propia\u201d.&nbsp;<\/p>\n\n\n\n<p>De igual manera, para la construcci\u00f3n del progreso y desarrollo, la gobernadora&nbsp;llamo a la&nbsp;UG&nbsp;a consolidarse&nbsp;como el semillero que impulse soluciones innovadoras a los desaf\u00edos que enfrenta el entorno.&nbsp;<\/p>\n\n\n\n<p>A 80 a\u00f1os de su fundaci\u00f3n como universidad p\u00fablica, con casi tres siglos de vida institucional, y&nbsp;30 a\u00f1os de autonom\u00eda universitaria, la Universidad de Guanajuato reafirma su liderazgo, al ser una instituci\u00f3n comprometida con la excelencia, la inclusi\u00f3n y su expansi\u00f3n para la formaci\u00f3n de profesionistas con vocaci\u00f3n humanista.&nbsp;<\/p>\n\n\n\n<p>En la conmemoraci\u00f3n estuvieron presentes la exrectora, exrectores, como exrectores generales de la Universidad de Guanajuato, y representantes de los tres niveles de gobierno; autoridades unipersonales, representantes de \u00f3rganos colegiados e integrantes de la comunidad universitaria.<\/p>\n","protected":false},"excerpt":{"rendered":"Kuali\/Guanajuato, Gto.-La Universidad de Guanajuato (UG) celebr\u00f3 80 a\u00f1os de ser la Universidad P\u00fablica del Estado en sesi\u00f3n p\u00fablica y solemne del Consejo General Universitario, la cual se llev\u00f3 a cabo en el Auditorio General del Edificio Central. La sei\u00f3n cont\u00f3 con la presencia de autoridades universitarias, municipales, estatales, federales y comunidad acad\u00e9mica.\u00a0 El acto [&hellip;]","protected":false},"author":2,"featured_media":175917,"comment_status":"open","ping_status":"open","sticky":false,"template":"","format":"standard","meta":{"_seopress_robots_primary_cat":"none","_seopress_titles_title":"","_seopress_titles_desc":"","_seopress_robots_index":"","_monsterinsights_skip_tracking":false,"_monsterinsights_sitenote_active":false,"_monsterinsights_sitenote_note":"","_monsterinsights_sitenote_category":0,"footnotes":""},"categories":[4],"tags":[],"class_list":["post-175914","post","type-post","status-publish","format-standard","has-post-thumbnail","hentry","category-educacion"],"yoast_head":"<!-- This site is optimized with the Yoast SEO plugin v27.5 - https:\/\/yoast.com\/product\/yoast-seo-wordpress\/ -->\n<title>CELEBRA UG 80 A\u00d1OS DE SER UNIVERSIDAD P\u00daBLICA - Kuali<\/title>\n<meta name=\"robots\" content=\"index, follow, max-snippet:-1, max-image-preview:large, max-video-preview:-1\" \/>\n<link rel=\"canonical\" href=\"https:\/\/kuali.com.mx\/web\/2025\/05\/19\/celebra-ug-80-anos-de-ser-universidad-publica\/\" \/>\n<meta property=\"og:locale\" content=\"es_MX\" \/>\n<meta property=\"og:type\" content=\"article\" \/>\n<meta property=\"og:title\" content=\"CELEBRA UG 80 A\u00d1OS DE SER UNIVERSIDAD P\u00daBLICA - Kuali\" \/>\n<meta property=\"og:description\" content=\"Kuali\/Guanajuato, Gto.-La Universidad de Guanajuato (UG) celebr\u00f3 80 a\u00f1os de ser la Universidad P\u00fablica del Estado en sesi\u00f3n p\u00fablica y solemne del Consejo General Universitario, la cual se llev\u00f3 a cabo en el Auditorio General del Edificio Central. La sei\u00f3n cont\u00f3 con la presencia de autoridades universitarias, municipales, estatales, federales y comunidad acad\u00e9mica.\u00a0 El acto [&hellip;]\" \/>\n<meta property=\"og:url\" content=\"https:\/\/kuali.com.mx\/web\/2025\/05\/19\/celebra-ug-80-anos-de-ser-universidad-publica\/\" \/>\n<meta property=\"og:site_name\" content=\"Kuali\" \/>\n<meta property=\"article:publisher\" content=\"https:\/\/kuali.com.mx\/web\/wp-content\/uploads\/2018\/04\/cropped-kuali_logo-1-1.png\" \/>\n<meta property=\"article:published_time\" content=\"2025-05-20T00:54:13+00:00\" \/>\n<meta property=\"article:modified_time\" content=\"2025-05-20T00:54:15+00:00\" \/>\n<meta property=\"og:image\" content=\"https:\/\/kuali.com.mx\/web\/wp-content\/uploads\/2025\/05\/80-anos-ug-1.jpeg\" \/>\n\t<meta property=\"og:image:width\" content=\"1600\" \/>\n\t<meta property=\"og:image:height\" content=\"898\" \/>\n\t<meta property=\"og:image:type\" content=\"image\/jpeg\" \/>\n<meta name=\"author\" content=\"Kuali Staff\" \/>\n<meta name=\"twitter:card\" content=\"summary_large_image\" \/>\n<meta name=\"twitter:creator\" content=\"@kuali_noticias\" \/>\n<meta name=\"twitter:site\" content=\"@kuali_noticias\" \/>\n<meta name=\"twitter:label1\" content=\"Escrito por\" \/>\n\t<meta name=\"twitter:data1\" content=\"Kuali Staff\" \/>\n\t<meta name=\"twitter:label2\" content=\"Tiempo de lectura\" \/>\n\t<meta name=\"twitter:data2\" content=\"4 minutos\" \/>\n<script type=\"application\/ld+json\" class=\"yoast-schema-graph\">{\"@context\":\"https:\\\/\\\/schema.org\",\"@graph\":[{\"@type\":\"Article\",\"@id\":\"https:\\\/\\\/kuali.com.mx\\\/web\\\/2025\\\/05\\\/19\\\/celebra-ug-80-anos-de-ser-universidad-publica\\\/#article\",\"isPartOf\":{\"@id\":\"https:\\\/\\\/kuali.com.mx\\\/web\\\/2025\\\/05\\\/19\\\/celebra-ug-80-anos-de-ser-universidad-publica\\\/\"},\"author\":{\"name\":\"Kuali Staff\",\"@id\":\"https:\\\/\\\/kuali.com.mx\\\/web\\\/#\\\/schema\\\/person\\\/6f89ffa8ecba9dae50662357923c5289\"},\"headline\":\"CELEBRA UG 80 A\u00d1OS DE SER UNIVERSIDAD P\u00daBLICA\",\"datePublished\":\"2025-05-20T00:54:13+00:00\",\"dateModified\":\"2025-05-20T00:54:15+00:00\",\"mainEntityOfPage\":{\"@id\":\"https:\\\/\\\/kuali.com.mx\\\/web\\\/2025\\\/05\\\/19\\\/celebra-ug-80-anos-de-ser-universidad-publica\\\/\"},\"wordCount\":772,\"commentCount\":0,\"image\":{\"@id\":\"https:\\\/\\\/kuali.com.mx\\\/web\\\/2025\\\/05\\\/19\\\/celebra-ug-80-anos-de-ser-universidad-publica\\\/#primaryimage\"},\"thumbnailUrl\":\"https:\\\/\\\/kuali.com.mx\\\/web\\\/wp-content\\\/uploads\\\/2025\\\/05\\\/80-anos-ug-1.jpeg\",\"articleSection\":[\"Educaci\u00f3n\"],\"inLanguage\":\"es\",\"potentialAction\":[{\"@type\":\"CommentAction\",\"name\":\"Comment\",\"target\":[\"https:\\\/\\\/kuali.com.mx\\\/web\\\/2025\\\/05\\\/19\\\/celebra-ug-80-anos-de-ser-universidad-publica\\\/#respond\"]}]},{\"@type\":\"WebPage\",\"@id\":\"https:\\\/\\\/kuali.com.mx\\\/web\\\/2025\\\/05\\\/19\\\/celebra-ug-80-anos-de-ser-universidad-publica\\\/\",\"url\":\"https:\\\/\\\/kuali.com.mx\\\/web\\\/2025\\\/05\\\/19\\\/celebra-ug-80-anos-de-ser-universidad-publica\\\/\",\"name\":\"CELEBRA UG 80 A\u00d1OS DE SER UNIVERSIDAD P\u00daBLICA - Kuali\",\"isPartOf\":{\"@id\":\"https:\\\/\\\/kuali.com.mx\\\/web\\\/#website\"},\"primaryImageOfPage\":{\"@id\":\"https:\\\/\\\/kuali.com.mx\\\/web\\\/2025\\\/05\\\/19\\\/celebra-ug-80-anos-de-ser-universidad-publica\\\/#primaryimage\"},\"image\":{\"@id\":\"https:\\\/\\\/kuali.com.mx\\\/web\\\/2025\\\/05\\\/19\\\/celebra-ug-80-anos-de-ser-universidad-publica\\\/#primaryimage\"},\"thumbnailUrl\":\"https:\\\/\\\/kuali.com.mx\\\/web\\\/wp-content\\\/uploads\\\/2025\\\/05\\\/80-anos-ug-1.jpeg\",\"datePublished\":\"2025-05-20T00:54:13+00:00\",\"dateModified\":\"2025-05-20T00:54:15+00:00\",\"author\":{\"@id\":\"https:\\\/\\\/kuali.com.mx\\\/web\\\/#\\\/schema\\\/person\\\/6f89ffa8ecba9dae50662357923c5289\"},\"breadcrumb\":{\"@id\":\"https:\\\/\\\/kuali.com.mx\\\/web\\\/2025\\\/05\\\/19\\\/celebra-ug-80-anos-de-ser-universidad-publica\\\/#breadcrumb\"},\"inLanguage\":\"es\",\"potentialAction\":[{\"@type\":\"ReadAction\",\"target\":[\"https:\\\/\\\/kuali.com.mx\\\/web\\\/2025\\\/05\\\/19\\\/celebra-ug-80-anos-de-ser-universidad-publica\\\/\"]}]},{\"@type\":\"ImageObject\",\"inLanguage\":\"es\",\"@id\":\"https:\\\/\\\/kuali.com.mx\\\/web\\\/2025\\\/05\\\/19\\\/celebra-ug-80-anos-de-ser-universidad-publica\\\/#primaryimage\",\"url\":\"https:\\\/\\\/kuali.com.mx\\\/web\\\/wp-content\\\/uploads\\\/2025\\\/05\\\/80-anos-ug-1.jpeg\",\"contentUrl\":\"https:\\\/\\\/kuali.com.mx\\\/web\\\/wp-content\\\/uploads\\\/2025\\\/05\\\/80-anos-ug-1.jpeg\",\"width\":1600,\"height\":898},{\"@type\":\"BreadcrumbList\",\"@id\":\"https:\\\/\\\/kuali.com.mx\\\/web\\\/2025\\\/05\\\/19\\\/celebra-ug-80-anos-de-ser-universidad-publica\\\/#breadcrumb\",\"itemListElement\":[{\"@type\":\"ListItem\",\"position\":1,\"name\":\"Inicio\",\"item\":\"https:\\\/\\\/kuali.com.mx\\\/web\\\/\"},{\"@type\":\"ListItem\",\"position\":2,\"name\":\"CELEBRA UG 80 A\u00d1OS DE SER UNIVERSIDAD P\u00daBLICA\"}]},{\"@type\":\"WebSite\",\"@id\":\"https:\\\/\\\/kuali.com.mx\\\/web\\\/#website\",\"url\":\"https:\\\/\\\/kuali.com.mx\\\/web\\\/\",\"name\":\"Kuali\",\"description\":\"\",\"potentialAction\":[{\"@type\":\"SearchAction\",\"target\":{\"@type\":\"EntryPoint\",\"urlTemplate\":\"https:\\\/\\\/kuali.com.mx\\\/web\\\/?s={search_term_string}\"},\"query-input\":{\"@type\":\"PropertyValueSpecification\",\"valueRequired\":true,\"valueName\":\"search_term_string\"}}],\"inLanguage\":\"es\"},{\"@type\":\"Person\",\"@id\":\"https:\\\/\\\/kuali.com.mx\\\/web\\\/#\\\/schema\\\/person\\\/6f89ffa8ecba9dae50662357923c5289\",\"name\":\"Kuali Staff\",\"image\":{\"@type\":\"ImageObject\",\"inLanguage\":\"es\",\"@id\":\"https:\\\/\\\/secure.gravatar.com\\\/avatar\\\/f917ad82e5ab71227a733c78b6e60715476f69ee6be59feee4eb5d9920c89e0f?s=96&d=mm&r=g\",\"url\":\"https:\\\/\\\/secure.gravatar.com\\\/avatar\\\/f917ad82e5ab71227a733c78b6e60715476f69ee6be59feee4eb5d9920c89e0f?s=96&d=mm&r=g\",\"contentUrl\":\"https:\\\/\\\/secure.gravatar.com\\\/avatar\\\/f917ad82e5ab71227a733c78b6e60715476f69ee6be59feee4eb5d9920c89e0f?s=96&d=mm&r=g\",\"caption\":\"Kuali Staff\"},\"url\":\"https:\\\/\\\/kuali.com.mx\\\/web\\\/author\\\/lagarto\\\/\"}]}<\/script>\n<!-- \/ Yoast SEO plugin. -->","yoast_head_json":{"title":"CELEBRA UG 80 A\u00d1OS DE SER UNIVERSIDAD P\u00daBLICA - Kuali","robots":{"index":"index","follow":"follow","max-snippet":"max-snippet:-1","max-image-preview":"max-image-preview:large","max-video-preview":"max-video-preview:-1"},"canonical":"https:\/\/kuali.com.mx\/web\/2025\/05\/19\/celebra-ug-80-anos-de-ser-universidad-publica\/","og_locale":"es_MX","og_type":"article","og_title":"CELEBRA UG 80 A\u00d1OS DE SER UNIVERSIDAD P\u00daBLICA - Kuali","og_description":"Kuali\/Guanajuato, Gto.-La Universidad de Guanajuato (UG) celebr\u00f3 80 a\u00f1os de ser la Universidad P\u00fablica del Estado en sesi\u00f3n p\u00fablica y solemne del Consejo General Universitario, la cual se llev\u00f3 a cabo en el Auditorio General del Edificio Central. La sei\u00f3n cont\u00f3 con la presencia de autoridades universitarias, municipales, estatales, federales y comunidad acad\u00e9mica.\u00a0 El acto [&hellip;]","og_url":"https:\/\/kuali.com.mx\/web\/2025\/05\/19\/celebra-ug-80-anos-de-ser-universidad-publica\/","og_site_name":"Kuali","article_publisher":"https:\/\/kuali.com.mx\/web\/wp-content\/uploads\/2018\/04\/cropped-kuali_logo-1-1.png","article_published_time":"2025-05-20T00:54:13+00:00","article_modified_time":"2025-05-20T00:54:15+00:00","og_image":[{"width":1600,"height":898,"url":"https:\/\/kuali.com.mx\/web\/wp-content\/uploads\/2025\/05\/80-anos-ug-1.jpeg","type":"image\/jpeg"}],"author":"Kuali Staff","twitter_card":"summary_large_image","twitter_creator":"@kuali_noticias","twitter_site":"@kuali_noticias","twitter_misc":{"Escrito por":"Kuali Staff","Tiempo de lectura":"4 minutos"},"schema":{"@context":"https:\/\/schema.org","@graph":[{"@type":"Article","@id":"https:\/\/kuali.com.mx\/web\/2025\/05\/19\/celebra-ug-80-anos-de-ser-universidad-publica\/#article","isPartOf":{"@id":"https:\/\/kuali.com.mx\/web\/2025\/05\/19\/celebra-ug-80-anos-de-ser-universidad-publica\/"},"author":{"name":"Kuali Staff","@id":"https:\/\/kuali.com.mx\/web\/#\/schema\/person\/6f89ffa8ecba9dae50662357923c5289"},"headline":"CELEBRA UG 80 A\u00d1OS DE SER UNIVERSIDAD P\u00daBLICA","datePublished":"2025-05-20T00:54:13+00:00","dateModified":"2025-05-20T00:54:15+00:00","mainEntityOfPage":{"@id":"https:\/\/kuali.com.mx\/web\/2025\/05\/19\/celebra-ug-80-anos-de-ser-universidad-publica\/"},"wordCount":772,"commentCount":0,"image":{"@id":"https:\/\/kuali.com.mx\/web\/2025\/05\/19\/celebra-ug-80-anos-de-ser-universidad-publica\/#primaryimage"},"thumbnailUrl":"https:\/\/kuali.com.mx\/web\/wp-content\/uploads\/2025\/05\/80-anos-ug-1.jpeg","articleSection":["Educaci\u00f3n"],"inLanguage":"es","potentialAction":[{"@type":"CommentAction","name":"Comment","target":["https:\/\/kuali.com.mx\/web\/2025\/05\/19\/celebra-ug-80-anos-de-ser-universidad-publica\/#respond"]}]},{"@type":"WebPage","@id":"https:\/\/kuali.com.mx\/web\/2025\/05\/19\/celebra-ug-80-anos-de-ser-universidad-publica\/","url":"https:\/\/kuali.com.mx\/web\/2025\/05\/19\/celebra-ug-80-anos-de-ser-universidad-publica\/","name":"CELEBRA UG 80 A\u00d1OS DE SER UNIVERSIDAD P\u00daBLICA - Kuali","isPartOf":{"@id":"https:\/\/kuali.com.mx\/web\/#website"},"primaryImageOfPage":{"@id":"https:\/\/kuali.com.mx\/web\/2025\/05\/19\/celebra-ug-80-anos-de-ser-universidad-publica\/#primaryimage"},"image":{"@id":"https:\/\/kuali.com.mx\/web\/2025\/05\/19\/celebra-ug-80-anos-de-ser-universidad-publica\/#primaryimage"},"thumbnailUrl":"https:\/\/kuali.com.mx\/web\/wp-content\/uploads\/2025\/05\/80-anos-ug-1.jpeg","datePublished":"2025-05-20T00:54:13+00:00","dateModified":"2025-05-20T00:54:15+00:00","author":{"@id":"https:\/\/kuali.com.mx\/web\/#\/schema\/person\/6f89ffa8ecba9dae50662357923c5289"},"breadcrumb":{"@id":"https:\/\/kuali.com.mx\/web\/2025\/05\/19\/celebra-ug-80-anos-de-ser-universidad-publica\/#breadcrumb"},"inLanguage":"es","potentialAction":[{"@type":"ReadAction","target":["https:\/\/kuali.com.mx\/web\/2025\/05\/19\/celebra-ug-80-anos-de-ser-universidad-publica\/"]}]},{"@type":"ImageObject","inLanguage":"es","@id":"https:\/\/kuali.com.mx\/web\/2025\/05\/19\/celebra-ug-80-anos-de-ser-universidad-publica\/#primaryimage","url":"https:\/\/kuali.com.mx\/web\/wp-content\/uploads\/2025\/05\/80-anos-ug-1.jpeg","contentUrl":"https:\/\/kuali.com.mx\/web\/wp-content\/uploads\/2025\/05\/80-anos-ug-1.jpeg","width":1600,"height":898},{"@type":"BreadcrumbList","@id":"https:\/\/kuali.com.mx\/web\/2025\/05\/19\/celebra-ug-80-anos-de-ser-universidad-publica\/#breadcrumb","itemListElement":[{"@type":"ListItem","position":1,"name":"Inicio","item":"https:\/\/kuali.com.mx\/web\/"},{"@type":"ListItem","position":2,"name":"CELEBRA UG 80 A\u00d1OS DE SER UNIVERSIDAD P\u00daBLICA"}]},{"@type":"WebSite","@id":"https:\/\/kuali.com.mx\/web\/#website","url":"https:\/\/kuali.com.mx\/web\/","name":"Kuali","description":"","potentialAction":[{"@type":"SearchAction","target":{"@type":"EntryPoint","urlTemplate":"https:\/\/kuali.com.mx\/web\/?s={search_term_string}"},"query-input":{"@type":"PropertyValueSpecification","valueRequired":true,"valueName":"search_term_string"}}],"inLanguage":"es"},{"@type":"Person","@id":"https:\/\/kuali.com.mx\/web\/#\/schema\/person\/6f89ffa8ecba9dae50662357923c5289","name":"Kuali Staff","image":{"@type":"ImageObject","inLanguage":"es","@id":"https:\/\/secure.gravatar.com\/avatar\/f917ad82e5ab71227a733c78b6e60715476f69ee6be59feee4eb5d9920c89e0f?s=96&d=mm&r=g","url":"https:\/\/secure.gravatar.com\/avatar\/f917ad82e5ab71227a733c78b6e60715476f69ee6be59feee4eb5d9920c89e0f?s=96&d=mm&r=g","contentUrl":"https:\/\/secure.gravatar.com\/avatar\/f917ad82e5ab71227a733c78b6e60715476f69ee6be59feee4eb5d9920c89e0f?s=96&d=mm&r=g","caption":"Kuali Staff"},"url":"https:\/\/kuali.com.mx\/web\/author\/lagarto\/"}]}},"_links":{"self":[{"href":"https:\/\/kuali.com.mx\/web\/wp-json\/wp\/v2\/posts\/175914","targetHints":{"allow":["GET"]}}],"collection":[{"href":"https:\/\/kuali.com.mx\/web\/wp-json\/wp\/v2\/posts"}],"about":[{"href":"https:\/\/kuali.com.mx\/web\/wp-json\/wp\/v2\/types\/post"}],"author":[{"embeddable":true,"href":"https:\/\/kuali.com.mx\/web\/wp-json\/wp\/v2\/users\/2"}],"replies":[{"embeddable":true,"href":"https:\/\/kuali.com.mx\/web\/wp-json\/wp\/v2\/comments?post=175914"}],"version-history":[{"count":1,"href":"https:\/\/kuali.com.mx\/web\/wp-json\/wp\/v2\/posts\/175914\/revisions"}],"predecessor-version":[{"id":175918,"href":"https:\/\/kuali.com.mx\/web\/wp-json\/wp\/v2\/posts\/175914\/revisions\/175918"}],"wp:featuredmedia":[{"embeddable":true,"href":"https:\/\/kuali.com.mx\/web\/wp-json\/wp\/v2\/media\/175917"}],"wp:attachment":[{"href":"https:\/\/kuali.com.mx\/web\/wp-json\/wp\/v2\/media?parent=175914"}],"wp:term":[{"taxonomy":"category","embeddable":true,"href":"https:\/\/kuali.com.mx\/web\/wp-json\/wp\/v2\/categories?post=175914"},{"taxonomy":"post_tag","embeddable":true,"href":"https:\/\/kuali.com.mx\/web\/wp-json\/wp\/v2\/tags?post=175914"}],"curies":[{"name":"wp","href":"https:\/\/api.w.org\/{rel}","templated":true}]}}