{"id":175900,"date":"2025-05-19T18:42:29","date_gmt":"2025-05-20T00:42:29","guid":{"rendered":"https:\/\/kuali.com.mx\/web\/?p=175900"},"modified":"2025-05-19T18:42:32","modified_gmt":"2025-05-20T00:42:32","slug":"esperan-hoteleros-ocupacion-del-49-con-el-rally","status":"publish","type":"post","link":"https:\/\/kuali.com.mx\/web\/2025\/05\/19\/esperan-hoteleros-ocupacion-del-49-con-el-rally\/","title":{"rendered":"ESPERAN HOTELEROS OCUPACI\u00d3N DEL 49% CON EL RALLY"},"content":{"rendered":"\n<p><strong>Milagros Tadeo\/Le\u00f3n, Gto.-&nbsp;<\/strong>Los hoteleros de la ciudad esperan alcanzar una ocupaci\u00f3n hotelera del 49% ante la realizaci\u00f3n del Rally de las Naciones que se realizar\u00e1 del 23 al 25 de mayo.<\/p>\n\n\n\n<p>Este evento automovil\u00edstico de talla internacional tendr\u00e1 actividades en los municipios de Le\u00f3n, Guanajuato, San Luis de la Paz, Xich\u00fa y San Francisco del Rinc\u00f3n.<\/p>\n\n\n\n<p>El presidente de la Asociaci\u00f3n de Hoteles y Moteles de Le\u00f3n, Eduardo Bujaidar Mu\u00f1oz, dijo que para este fin de semana se espera alcanzar una ocupaci\u00f3n del 49% y una buena derrama econ\u00f3mica.<\/p>\n\n\n\n<p>\u201cPara nuestro sector es muy importante que se sigan promoviendo eventos que posicionan a Le\u00f3n como un gran destino para la realizaci\u00f3n de eventos de talla internacional. Hemos comentado con los organizadores la importancia de tener siempre a la par del evento una buena campa\u00f1a de promoci\u00f3n en medios para hacer que la gente sepa del evento\u201d, se\u00f1al\u00f3.<\/p>\n\n\n\n<p>Destac\u00f3 que el Rally de las Naciones posiciona a Le\u00f3n a nivel internacional e incluso nacional, pues se espera la llegada de muchos visitantes.<\/p>\n\n\n\n<p>\u201cTenemos una ocupaci\u00f3n proyectada de un 49% para este fin de semana del evento muy importante, como saben mayo es un mes bajo en ocupaci\u00f3n hotelera esto viene a dar un respiro importante a nuestro sector\u201d, indic\u00f3.<\/p>\n\n\n\n<p>Finalmente, dijo que mayo ser\u00e1 un buen mes para los 73 hoteles que est\u00e1n adheridos a la asociaci\u00f3n; mismos que ofertan 900 habitaciones en Le\u00f3n.&nbsp;<\/p>\n","protected":false},"excerpt":{"rendered":"Milagros Tadeo\/Le\u00f3n, Gto.-&nbsp;Los hoteleros de la ciudad esperan alcanzar una ocupaci\u00f3n hotelera del 49% ante la realizaci\u00f3n del Rally de las Naciones que se realizar\u00e1 del 23 al 25 de mayo. Este evento automovil\u00edstico de talla internacional tendr\u00e1 actividades en los municipios de Le\u00f3n, Guanajuato, San Luis de la Paz, Xich\u00fa y San Francisco del [&hellip;]","protected":false},"author":2,"featured_media":62196,"comment_status":"open","ping_status":"open","sticky":false,"template":"","format":"standard","meta":{"_seopress_robots_primary_cat":"none","_seopress_titles_title":"","_seopress_titles_desc":"","_seopress_robots_index":"","_monsterinsights_skip_tracking":false,"_monsterinsights_sitenote_active":false,"_monsterinsights_sitenote_note":"","_monsterinsights_sitenote_category":0,"footnotes":""},"categories":[13],"tags":[],"class_list":["post-175900","post","type-post","status-publish","format-standard","has-post-thumbnail","hentry","category-turismo"],"yoast_head":"<!-- This site is optimized with the Yoast SEO plugin v27.5 - https:\/\/yoast.com\/product\/yoast-seo-wordpress\/ -->\n<title>ESPERAN HOTELEROS OCUPACI\u00d3N DEL 49% CON EL RALLY - Kuali<\/title>\n<meta name=\"robots\" content=\"index, follow, max-snippet:-1, max-image-preview:large, max-video-preview:-1\" \/>\n<link rel=\"canonical\" href=\"https:\/\/kuali.com.mx\/web\/2025\/05\/19\/esperan-hoteleros-ocupacion-del-49-con-el-rally\/\" \/>\n<meta property=\"og:locale\" content=\"es_MX\" \/>\n<meta property=\"og:type\" content=\"article\" \/>\n<meta property=\"og:title\" content=\"ESPERAN HOTELEROS OCUPACI\u00d3N DEL 49% CON EL RALLY - Kuali\" \/>\n<meta property=\"og:description\" content=\"Milagros Tadeo\/Le\u00f3n, Gto.-&nbsp;Los hoteleros de la ciudad esperan alcanzar una ocupaci\u00f3n hotelera del 49% ante la realizaci\u00f3n del Rally de las Naciones que se realizar\u00e1 del 23 al 25 de mayo. Este evento automovil\u00edstico de talla internacional tendr\u00e1 actividades en los municipios de Le\u00f3n, Guanajuato, San Luis de la Paz, Xich\u00fa y San Francisco del [&hellip;]\" \/>\n<meta property=\"og:url\" content=\"https:\/\/kuali.com.mx\/web\/2025\/05\/19\/esperan-hoteleros-ocupacion-del-49-con-el-rally\/\" \/>\n<meta property=\"og:site_name\" content=\"Kuali\" \/>\n<meta property=\"article:publisher\" content=\"https:\/\/kuali.com.mx\/web\/wp-content\/uploads\/2018\/04\/cropped-kuali_logo-1-1.png\" \/>\n<meta property=\"article:published_time\" content=\"2025-05-20T00:42:29+00:00\" \/>\n<meta property=\"article:modified_time\" content=\"2025-05-20T00:42:32+00:00\" \/>\n<meta property=\"og:image\" content=\"https:\/\/kuali.com.mx\/web\/wp-content\/uploads\/2019\/11\/Hotel-habitaci\u00f3n.jpg\" \/>\n\t<meta property=\"og:image:width\" content=\"1890\" \/>\n\t<meta property=\"og:image:height\" content=\"750\" \/>\n\t<meta property=\"og:image:type\" content=\"image\/jpeg\" \/>\n<meta name=\"author\" content=\"Kuali Staff\" \/>\n<meta name=\"twitter:card\" content=\"summary_large_image\" \/>\n<meta name=\"twitter:creator\" content=\"@kuali_noticias\" \/>\n<meta name=\"twitter:site\" content=\"@kuali_noticias\" \/>\n<meta name=\"twitter:label1\" content=\"Escrito por\" \/>\n\t<meta name=\"twitter:data1\" content=\"Kuali Staff\" \/>\n\t<meta name=\"twitter:label2\" content=\"Tiempo de lectura\" \/>\n\t<meta name=\"twitter:data2\" content=\"1 minuto\" \/>\n<script type=\"application\/ld+json\" class=\"yoast-schema-graph\">{\"@context\":\"https:\\\/\\\/schema.org\",\"@graph\":[{\"@type\":\"Article\",\"@id\":\"https:\\\/\\\/kuali.com.mx\\\/web\\\/2025\\\/05\\\/19\\\/esperan-hoteleros-ocupacion-del-49-con-el-rally\\\/#article\",\"isPartOf\":{\"@id\":\"https:\\\/\\\/kuali.com.mx\\\/web\\\/2025\\\/05\\\/19\\\/esperan-hoteleros-ocupacion-del-49-con-el-rally\\\/\"},\"author\":{\"name\":\"Kuali Staff\",\"@id\":\"https:\\\/\\\/kuali.com.mx\\\/web\\\/#\\\/schema\\\/person\\\/6f89ffa8ecba9dae50662357923c5289\"},\"headline\":\"ESPERAN HOTELEROS OCUPACI\u00d3N DEL 49% CON EL RALLY\",\"datePublished\":\"2025-05-20T00:42:29+00:00\",\"dateModified\":\"2025-05-20T00:42:32+00:00\",\"mainEntityOfPage\":{\"@id\":\"https:\\\/\\\/kuali.com.mx\\\/web\\\/2025\\\/05\\\/19\\\/esperan-hoteleros-ocupacion-del-49-con-el-rally\\\/\"},\"wordCount\":261,\"commentCount\":0,\"image\":{\"@id\":\"https:\\\/\\\/kuali.com.mx\\\/web\\\/2025\\\/05\\\/19\\\/esperan-hoteleros-ocupacion-del-49-con-el-rally\\\/#primaryimage\"},\"thumbnailUrl\":\"https:\\\/\\\/kuali.com.mx\\\/web\\\/wp-content\\\/uploads\\\/2019\\\/11\\\/Hotel-habitaci\u00f3n.jpg\",\"articleSection\":[\"Turismo\"],\"inLanguage\":\"es\",\"potentialAction\":[{\"@type\":\"CommentAction\",\"name\":\"Comment\",\"target\":[\"https:\\\/\\\/kuali.com.mx\\\/web\\\/2025\\\/05\\\/19\\\/esperan-hoteleros-ocupacion-del-49-con-el-rally\\\/#respond\"]}]},{\"@type\":\"WebPage\",\"@id\":\"https:\\\/\\\/kuali.com.mx\\\/web\\\/2025\\\/05\\\/19\\\/esperan-hoteleros-ocupacion-del-49-con-el-rally\\\/\",\"url\":\"https:\\\/\\\/kuali.com.mx\\\/web\\\/2025\\\/05\\\/19\\\/esperan-hoteleros-ocupacion-del-49-con-el-rally\\\/\",\"name\":\"ESPERAN HOTELEROS OCUPACI\u00d3N DEL 49% CON EL RALLY - Kuali\",\"isPartOf\":{\"@id\":\"https:\\\/\\\/kuali.com.mx\\\/web\\\/#website\"},\"primaryImageOfPage\":{\"@id\":\"https:\\\/\\\/kuali.com.mx\\\/web\\\/2025\\\/05\\\/19\\\/esperan-hoteleros-ocupacion-del-49-con-el-rally\\\/#primaryimage\"},\"image\":{\"@id\":\"https:\\\/\\\/kuali.com.mx\\\/web\\\/2025\\\/05\\\/19\\\/esperan-hoteleros-ocupacion-del-49-con-el-rally\\\/#primaryimage\"},\"thumbnailUrl\":\"https:\\\/\\\/kuali.com.mx\\\/web\\\/wp-content\\\/uploads\\\/2019\\\/11\\\/Hotel-habitaci\u00f3n.jpg\",\"datePublished\":\"2025-05-20T00:42:29+00:00\",\"dateModified\":\"2025-05-20T00:42:32+00:00\",\"author\":{\"@id\":\"https:\\\/\\\/kuali.com.mx\\\/web\\\/#\\\/schema\\\/person\\\/6f89ffa8ecba9dae50662357923c5289\"},\"breadcrumb\":{\"@id\":\"https:\\\/\\\/kuali.com.mx\\\/web\\\/2025\\\/05\\\/19\\\/esperan-hoteleros-ocupacion-del-49-con-el-rally\\\/#breadcrumb\"},\"inLanguage\":\"es\",\"potentialAction\":[{\"@type\":\"ReadAction\",\"target\":[\"https:\\\/\\\/kuali.com.mx\\\/web\\\/2025\\\/05\\\/19\\\/esperan-hoteleros-ocupacion-del-49-con-el-rally\\\/\"]}]},{\"@type\":\"ImageObject\",\"inLanguage\":\"es\",\"@id\":\"https:\\\/\\\/kuali.com.mx\\\/web\\\/2025\\\/05\\\/19\\\/esperan-hoteleros-ocupacion-del-49-con-el-rally\\\/#primaryimage\",\"url\":\"https:\\\/\\\/kuali.com.mx\\\/web\\\/wp-content\\\/uploads\\\/2019\\\/11\\\/Hotel-habitaci\u00f3n.jpg\",\"contentUrl\":\"https:\\\/\\\/kuali.com.mx\\\/web\\\/wp-content\\\/uploads\\\/2019\\\/11\\\/Hotel-habitaci\u00f3n.jpg\",\"width\":1890,\"height\":750},{\"@type\":\"BreadcrumbList\",\"@id\":\"https:\\\/\\\/kuali.com.mx\\\/web\\\/2025\\\/05\\\/19\\\/esperan-hoteleros-ocupacion-del-49-con-el-rally\\\/#breadcrumb\",\"itemListElement\":[{\"@type\":\"ListItem\",\"position\":1,\"name\":\"Inicio\",\"item\":\"https:\\\/\\\/kuali.com.mx\\\/web\\\/\"},{\"@type\":\"ListItem\",\"position\":2,\"name\":\"ESPERAN HOTELEROS OCUPACI\u00d3N DEL 49% CON EL RALLY\"}]},{\"@type\":\"WebSite\",\"@id\":\"https:\\\/\\\/kuali.com.mx\\\/web\\\/#website\",\"url\":\"https:\\\/\\\/kuali.com.mx\\\/web\\\/\",\"name\":\"Kuali\",\"description\":\"\",\"potentialAction\":[{\"@type\":\"SearchAction\",\"target\":{\"@type\":\"EntryPoint\",\"urlTemplate\":\"https:\\\/\\\/kuali.com.mx\\\/web\\\/?s={search_term_string}\"},\"query-input\":{\"@type\":\"PropertyValueSpecification\",\"valueRequired\":true,\"valueName\":\"search_term_string\"}}],\"inLanguage\":\"es\"},{\"@type\":\"Person\",\"@id\":\"https:\\\/\\\/kuali.com.mx\\\/web\\\/#\\\/schema\\\/person\\\/6f89ffa8ecba9dae50662357923c5289\",\"name\":\"Kuali Staff\",\"image\":{\"@type\":\"ImageObject\",\"inLanguage\":\"es\",\"@id\":\"https:\\\/\\\/secure.gravatar.com\\\/avatar\\\/f917ad82e5ab71227a733c78b6e60715476f69ee6be59feee4eb5d9920c89e0f?s=96&d=mm&r=g\",\"url\":\"https:\\\/\\\/secure.gravatar.com\\\/avatar\\\/f917ad82e5ab71227a733c78b6e60715476f69ee6be59feee4eb5d9920c89e0f?s=96&d=mm&r=g\",\"contentUrl\":\"https:\\\/\\\/secure.gravatar.com\\\/avatar\\\/f917ad82e5ab71227a733c78b6e60715476f69ee6be59feee4eb5d9920c89e0f?s=96&d=mm&r=g\",\"caption\":\"Kuali Staff\"},\"url\":\"https:\\\/\\\/kuali.com.mx\\\/web\\\/author\\\/lagarto\\\/\"}]}<\/script>\n<!-- \/ Yoast SEO plugin. -->","yoast_head_json":{"title":"ESPERAN HOTELEROS OCUPACI\u00d3N DEL 49% CON EL RALLY - Kuali","robots":{"index":"index","follow":"follow","max-snippet":"max-snippet:-1","max-image-preview":"max-image-preview:large","max-video-preview":"max-video-preview:-1"},"canonical":"https:\/\/kuali.com.mx\/web\/2025\/05\/19\/esperan-hoteleros-ocupacion-del-49-con-el-rally\/","og_locale":"es_MX","og_type":"article","og_title":"ESPERAN HOTELEROS OCUPACI\u00d3N DEL 49% CON EL RALLY - Kuali","og_description":"Milagros Tadeo\/Le\u00f3n, Gto.-&nbsp;Los hoteleros de la ciudad esperan alcanzar una ocupaci\u00f3n hotelera del 49% ante la realizaci\u00f3n del Rally de las Naciones que se realizar\u00e1 del 23 al 25 de mayo. Este evento automovil\u00edstico de talla internacional tendr\u00e1 actividades en los municipios de Le\u00f3n, Guanajuato, San Luis de la Paz, Xich\u00fa y San Francisco del [&hellip;]","og_url":"https:\/\/kuali.com.mx\/web\/2025\/05\/19\/esperan-hoteleros-ocupacion-del-49-con-el-rally\/","og_site_name":"Kuali","article_publisher":"https:\/\/kuali.com.mx\/web\/wp-content\/uploads\/2018\/04\/cropped-kuali_logo-1-1.png","article_published_time":"2025-05-20T00:42:29+00:00","article_modified_time":"2025-05-20T00:42:32+00:00","og_image":[{"width":1890,"height":750,"url":"https:\/\/kuali.com.mx\/web\/wp-content\/uploads\/2019\/11\/Hotel-habitaci\u00f3n.jpg","type":"image\/jpeg"}],"author":"Kuali Staff","twitter_card":"summary_large_image","twitter_creator":"@kuali_noticias","twitter_site":"@kuali_noticias","twitter_misc":{"Escrito por":"Kuali Staff","Tiempo de lectura":"1 minuto"},"schema":{"@context":"https:\/\/schema.org","@graph":[{"@type":"Article","@id":"https:\/\/kuali.com.mx\/web\/2025\/05\/19\/esperan-hoteleros-ocupacion-del-49-con-el-rally\/#article","isPartOf":{"@id":"https:\/\/kuali.com.mx\/web\/2025\/05\/19\/esperan-hoteleros-ocupacion-del-49-con-el-rally\/"},"author":{"name":"Kuali Staff","@id":"https:\/\/kuali.com.mx\/web\/#\/schema\/person\/6f89ffa8ecba9dae50662357923c5289"},"headline":"ESPERAN HOTELEROS OCUPACI\u00d3N DEL 49% CON EL RALLY","datePublished":"2025-05-20T00:42:29+00:00","dateModified":"2025-05-20T00:42:32+00:00","mainEntityOfPage":{"@id":"https:\/\/kuali.com.mx\/web\/2025\/05\/19\/esperan-hoteleros-ocupacion-del-49-con-el-rally\/"},"wordCount":261,"commentCount":0,"image":{"@id":"https:\/\/kuali.com.mx\/web\/2025\/05\/19\/esperan-hoteleros-ocupacion-del-49-con-el-rally\/#primaryimage"},"thumbnailUrl":"https:\/\/kuali.com.mx\/web\/wp-content\/uploads\/2019\/11\/Hotel-habitaci\u00f3n.jpg","articleSection":["Turismo"],"inLanguage":"es","potentialAction":[{"@type":"CommentAction","name":"Comment","target":["https:\/\/kuali.com.mx\/web\/2025\/05\/19\/esperan-hoteleros-ocupacion-del-49-con-el-rally\/#respond"]}]},{"@type":"WebPage","@id":"https:\/\/kuali.com.mx\/web\/2025\/05\/19\/esperan-hoteleros-ocupacion-del-49-con-el-rally\/","url":"https:\/\/kuali.com.mx\/web\/2025\/05\/19\/esperan-hoteleros-ocupacion-del-49-con-el-rally\/","name":"ESPERAN HOTELEROS OCUPACI\u00d3N DEL 49% CON EL RALLY - Kuali","isPartOf":{"@id":"https:\/\/kuali.com.mx\/web\/#website"},"primaryImageOfPage":{"@id":"https:\/\/kuali.com.mx\/web\/2025\/05\/19\/esperan-hoteleros-ocupacion-del-49-con-el-rally\/#primaryimage"},"image":{"@id":"https:\/\/kuali.com.mx\/web\/2025\/05\/19\/esperan-hoteleros-ocupacion-del-49-con-el-rally\/#primaryimage"},"thumbnailUrl":"https:\/\/kuali.com.mx\/web\/wp-content\/uploads\/2019\/11\/Hotel-habitaci\u00f3n.jpg","datePublished":"2025-05-20T00:42:29+00:00","dateModified":"2025-05-20T00:42:32+00:00","author":{"@id":"https:\/\/kuali.com.mx\/web\/#\/schema\/person\/6f89ffa8ecba9dae50662357923c5289"},"breadcrumb":{"@id":"https:\/\/kuali.com.mx\/web\/2025\/05\/19\/esperan-hoteleros-ocupacion-del-49-con-el-rally\/#breadcrumb"},"inLanguage":"es","potentialAction":[{"@type":"ReadAction","target":["https:\/\/kuali.com.mx\/web\/2025\/05\/19\/esperan-hoteleros-ocupacion-del-49-con-el-rally\/"]}]},{"@type":"ImageObject","inLanguage":"es","@id":"https:\/\/kuali.com.mx\/web\/2025\/05\/19\/esperan-hoteleros-ocupacion-del-49-con-el-rally\/#primaryimage","url":"https:\/\/kuali.com.mx\/web\/wp-content\/uploads\/2019\/11\/Hotel-habitaci\u00f3n.jpg","contentUrl":"https:\/\/kuali.com.mx\/web\/wp-content\/uploads\/2019\/11\/Hotel-habitaci\u00f3n.jpg","width":1890,"height":750},{"@type":"BreadcrumbList","@id":"https:\/\/kuali.com.mx\/web\/2025\/05\/19\/esperan-hoteleros-ocupacion-del-49-con-el-rally\/#breadcrumb","itemListElement":[{"@type":"ListItem","position":1,"name":"Inicio","item":"https:\/\/kuali.com.mx\/web\/"},{"@type":"ListItem","position":2,"name":"ESPERAN HOTELEROS OCUPACI\u00d3N DEL 49% CON EL RALLY"}]},{"@type":"WebSite","@id":"https:\/\/kuali.com.mx\/web\/#website","url":"https:\/\/kuali.com.mx\/web\/","name":"Kuali","description":"","potentialAction":[{"@type":"SearchAction","target":{"@type":"EntryPoint","urlTemplate":"https:\/\/kuali.com.mx\/web\/?s={search_term_string}"},"query-input":{"@type":"PropertyValueSpecification","valueRequired":true,"valueName":"search_term_string"}}],"inLanguage":"es"},{"@type":"Person","@id":"https:\/\/kuali.com.mx\/web\/#\/schema\/person\/6f89ffa8ecba9dae50662357923c5289","name":"Kuali Staff","image":{"@type":"ImageObject","inLanguage":"es","@id":"https:\/\/secure.gravatar.com\/avatar\/f917ad82e5ab71227a733c78b6e60715476f69ee6be59feee4eb5d9920c89e0f?s=96&d=mm&r=g","url":"https:\/\/secure.gravatar.com\/avatar\/f917ad82e5ab71227a733c78b6e60715476f69ee6be59feee4eb5d9920c89e0f?s=96&d=mm&r=g","contentUrl":"https:\/\/secure.gravatar.com\/avatar\/f917ad82e5ab71227a733c78b6e60715476f69ee6be59feee4eb5d9920c89e0f?s=96&d=mm&r=g","caption":"Kuali Staff"},"url":"https:\/\/kuali.com.mx\/web\/author\/lagarto\/"}]}},"_links":{"self":[{"href":"https:\/\/kuali.com.mx\/web\/wp-json\/wp\/v2\/posts\/175900","targetHints":{"allow":["GET"]}}],"collection":[{"href":"https:\/\/kuali.com.mx\/web\/wp-json\/wp\/v2\/posts"}],"about":[{"href":"https:\/\/kuali.com.mx\/web\/wp-json\/wp\/v2\/types\/post"}],"author":[{"embeddable":true,"href":"https:\/\/kuali.com.mx\/web\/wp-json\/wp\/v2\/users\/2"}],"replies":[{"embeddable":true,"href":"https:\/\/kuali.com.mx\/web\/wp-json\/wp\/v2\/comments?post=175900"}],"version-history":[{"count":1,"href":"https:\/\/kuali.com.mx\/web\/wp-json\/wp\/v2\/posts\/175900\/revisions"}],"predecessor-version":[{"id":175903,"href":"https:\/\/kuali.com.mx\/web\/wp-json\/wp\/v2\/posts\/175900\/revisions\/175903"}],"wp:featuredmedia":[{"embeddable":true,"href":"https:\/\/kuali.com.mx\/web\/wp-json\/wp\/v2\/media\/62196"}],"wp:attachment":[{"href":"https:\/\/kuali.com.mx\/web\/wp-json\/wp\/v2\/media?parent=175900"}],"wp:term":[{"taxonomy":"category","embeddable":true,"href":"https:\/\/kuali.com.mx\/web\/wp-json\/wp\/v2\/categories?post=175900"},{"taxonomy":"post_tag","embeddable":true,"href":"https:\/\/kuali.com.mx\/web\/wp-json\/wp\/v2\/tags?post=175900"}],"curies":[{"name":"wp","href":"https:\/\/api.w.org\/{rel}","templated":true}]}}