{"id":175893,"date":"2025-05-19T18:41:16","date_gmt":"2025-05-20T00:41:16","guid":{"rendered":"https:\/\/kuali.com.mx\/web\/?p=175893"},"modified":"2025-05-19T18:50:41","modified_gmt":"2025-05-20T00:50:41","slug":"denuncian-formalmente-amenazas-contra-estudiantes","status":"publish","type":"post","link":"https:\/\/kuali.com.mx\/web\/2025\/05\/19\/denuncian-formalmente-amenazas-contra-estudiantes\/","title":{"rendered":"DENUNCIAN FORMALMENTE AMENAZAS CONTRA ESTUDIANTES"},"content":{"rendered":"\n<p><strong>Milagros Tadeo\/Le\u00f3n, Gto.-<\/strong>&nbsp;El delegado de la Secretar\u00eda de Educaci\u00f3n, Alfredo Ling Altamirano, dio a conocer que 5 padres de familia interpusieron denuncias derivado de las amenazas hechas en redes sociales en contra de estudiantes de escuelas de la zona de Las Joyas.<\/p>\n\n\n\n<p>A pesar de que se trataron de denuncias an\u00f3nimas las que se hicieron en redes sociales para advertir agresiones en contra de alumnos aparentemente involucrados con la venta de drogas, dijo que la SEG dio acompa\u00f1amiento a 5 padres para que interpusieran las denuncias ante la Procuradur\u00eda de Protecci\u00f3n de Ni\u00f1as, Ni\u00f1os y Adolescentes (PEPNNA), quien remiti\u00f3 la informaci\u00f3n a las instancias de seguridad correspondientes.<\/p>\n\n\n\n<figure class=\"wp-block-embed is-type-wp-embed is-provider-kuali wp-block-embed-kuali\"><div class=\"wp-block-embed__wrapper\">\n<blockquote class=\"wp-embedded-content\" data-secret=\"gsWHHQ6v7b\"><a href=\"https:\/\/kuali.com.mx\/web\/2025\/05\/15\/viven-con-miedo-en-las-joyas-por-amenzas-del-crimen-organzado\/\">VIVEN CON MIEDO EN LAS JOYAS POR AMENZAS DEL CRIMEN ORGANZADO<\/a><\/blockquote><iframe loading=\"lazy\" class=\"wp-embedded-content\" sandbox=\"allow-scripts\" security=\"restricted\" style=\"position: absolute; visibility: hidden;\" title=\"&#8220;VIVEN CON MIEDO EN LAS JOYAS POR AMENZAS DEL CRIMEN ORGANZADO&#8221; &#8212; Kuali\" src=\"https:\/\/kuali.com.mx\/web\/2025\/05\/15\/viven-con-miedo-en-las-joyas-por-amenzas-del-crimen-organzado\/embed\/#?secret=yjLMoEnFdI#?secret=gsWHHQ6v7b\" data-secret=\"gsWHHQ6v7b\" width=\"600\" height=\"338\" frameborder=\"0\" marginwidth=\"0\" marginheight=\"0\" scrolling=\"no\"><\/iframe>\n<\/div><\/figure>\n\n\n\n<p>Indic\u00f3 que ahora ser\u00e1 el \u00e1rea de inteligencia cibern\u00e9tica quien deber\u00e1 investigar y determinar si fueron reales o falas las denuncias an\u00f3nimas en contra de algunas escuelas secundarias de Las Joyas.<\/p>\n\n\n\n<p>&nbsp;\u201c\u00bfQu\u00e9 podemos hacer nosotros ante esta clase de an\u00f3nimos? Tener las precauciones del caso, no podemos desestimar el tema porque est\u00e1 de por medio la vida de nuestros estudiantes, sin embargo, a nosotros nos toca brindar la seguridad en la escuela y eso lo estamos haciendo. En uso de nuestras facultades acompa\u00f1amos a los padres de familia que quisieron y pudieron hacerlo, para presentar las denuncias correspondientes ante PEPNNA, ya fueron presentadas y deber\u00e1n pasar a la polic\u00eda cibern\u00e9tica\u201d, explic\u00f3.<\/p>\n\n\n\n<p>Adem\u00e1s, ante la demanda y exigencia de algunos padres de familia que piden la implementaci\u00f3n de clases virtuales derivado de las amenazas, dijo que las escuelas son los espacios m\u00e1s seguros y que est\u00e1n dadas todas las condiciones de seguridad para que los ni\u00f1os asistan a la escuela.<\/p>\n\n\n\n<figure class=\"wp-block-embed is-type-wp-embed is-provider-kuali wp-block-embed-kuali\"><div class=\"wp-block-embed__wrapper\">\n<blockquote class=\"wp-embedded-content\" data-secret=\"GEhMJa2up1\"><a href=\"https:\/\/kuali.com.mx\/web\/2025\/05\/16\/todas-las-medidas-de-seguridad-en-escuelas-de-las-joyas-seg\/\">TODAS LAS MEDIDAS DE SEGURIDAD EN ESCUELAS DE LAS JOYAS: SEG<\/a><\/blockquote><iframe loading=\"lazy\" class=\"wp-embedded-content\" sandbox=\"allow-scripts\" security=\"restricted\" style=\"position: absolute; visibility: hidden;\" title=\"&#8220;TODAS LAS MEDIDAS DE SEGURIDAD EN ESCUELAS DE LAS JOYAS: SEG&#8221; &#8212; Kuali\" src=\"https:\/\/kuali.com.mx\/web\/2025\/05\/16\/todas-las-medidas-de-seguridad-en-escuelas-de-las-joyas-seg\/embed\/#?secret=Sgpob5Ljd1#?secret=GEhMJa2up1\" data-secret=\"GEhMJa2up1\" width=\"600\" height=\"338\" frameborder=\"0\" marginwidth=\"0\" marginheight=\"0\" scrolling=\"no\"><\/iframe>\n<\/div><\/figure>\n\n\n\n<p>\u201cYa van 3 semanas en donde se pactaron rondines a la hora de la entrada y salidas durante el horario matutino y vespertino en 5 escuelas del pol\u00edgono que se sinti\u00f3 afectado por algunos mensajes publicados en las redes sociales (\u2026) en muchos de los casos los padres fueron testigo de que los ni\u00f1os estaban protegidos dentro de la escuela, se nos pide garant\u00eda; dentro de la escuela yo les puedo ofrecer garant\u00eda, fuera de la escuela no es competencia de la SEG, ofrecer garant\u00edas\u201d, asegur\u00f3.<\/p>\n\n\n\n<p>Sobre la escuela primaria&nbsp;Mar\u00eda&nbsp;Grever en donde los padres de familia se manifestaron la semana pasada, dijo que en dicho plantel se estar\u00e1 construyendo una nueva barda perimetral para dar mayor seguridad f\u00edsica a los estudiantes.<\/p>\n\n\n\n<figure class=\"wp-block-embed is-type-wp-embed is-provider-kuali wp-block-embed-kuali\"><div class=\"wp-block-embed__wrapper\">\n<blockquote class=\"wp-embedded-content\" data-secret=\"ltNY4XqYkA\"><a href=\"https:\/\/kuali.com.mx\/web\/2025\/05\/16\/pide-snte-no-dejar-de-acudir-a-escuelas-de-las-joyas\/\">PIDE SNTE NO DEJAR DE ACUDIR A ESCUELAS DE LAS JOYAS<\/a><\/blockquote><iframe loading=\"lazy\" class=\"wp-embedded-content\" sandbox=\"allow-scripts\" security=\"restricted\" style=\"position: absolute; visibility: hidden;\" title=\"&#8220;PIDE SNTE NO DEJAR DE ACUDIR A ESCUELAS DE LAS JOYAS&#8221; &#8212; Kuali\" src=\"https:\/\/kuali.com.mx\/web\/2025\/05\/16\/pide-snte-no-dejar-de-acudir-a-escuelas-de-las-joyas\/embed\/#?secret=HGZIOCYCwj#?secret=ltNY4XqYkA\" data-secret=\"ltNY4XqYkA\" width=\"600\" height=\"338\" frameborder=\"0\" marginwidth=\"0\" marginheight=\"0\" scrolling=\"no\"><\/iframe>\n<\/div><\/figure>\n","protected":false},"excerpt":{"rendered":"Milagros Tadeo\/Le\u00f3n, Gto.-&nbsp;El delegado de la Secretar\u00eda de Educaci\u00f3n, Alfredo Ling Altamirano, dio a conocer que 5 padres de familia interpusieron denuncias derivado de las amenazas hechas en redes sociales en contra de estudiantes de escuelas de la zona de Las Joyas. A pesar de que se trataron de denuncias an\u00f3nimas las que se hicieron [&hellip;]","protected":false},"author":2,"featured_media":90394,"comment_status":"open","ping_status":"open","sticky":false,"template":"","format":"standard","meta":{"_seopress_robots_primary_cat":"none","_seopress_titles_title":"","_seopress_titles_desc":"","_seopress_robots_index":"","_monsterinsights_skip_tracking":false,"_monsterinsights_sitenote_active":false,"_monsterinsights_sitenote_note":"","_monsterinsights_sitenote_category":0,"footnotes":""},"categories":[3,69],"tags":[],"class_list":["post-175893","post","type-post","status-publish","format-standard","has-post-thumbnail","hentry","category-politica","category-slider"],"yoast_head":"<!-- This site is optimized with the Yoast SEO plugin v27.5 - https:\/\/yoast.com\/product\/yoast-seo-wordpress\/ -->\n<title>DENUNCIAN FORMALMENTE AMENAZAS CONTRA ESTUDIANTES - Kuali<\/title>\n<meta name=\"robots\" content=\"index, follow, max-snippet:-1, max-image-preview:large, max-video-preview:-1\" \/>\n<link rel=\"canonical\" href=\"https:\/\/kuali.com.mx\/web\/2025\/05\/19\/denuncian-formalmente-amenazas-contra-estudiantes\/\" \/>\n<meta property=\"og:locale\" content=\"es_MX\" \/>\n<meta property=\"og:type\" content=\"article\" \/>\n<meta property=\"og:title\" content=\"DENUNCIAN FORMALMENTE AMENAZAS CONTRA ESTUDIANTES - Kuali\" \/>\n<meta property=\"og:description\" content=\"Milagros Tadeo\/Le\u00f3n, Gto.-&nbsp;El delegado de la Secretar\u00eda de Educaci\u00f3n, Alfredo Ling Altamirano, dio a conocer que 5 padres de familia interpusieron denuncias derivado de las amenazas hechas en redes sociales en contra de estudiantes de escuelas de la zona de Las Joyas. A pesar de que se trataron de denuncias an\u00f3nimas las que se hicieron [&hellip;]\" \/>\n<meta property=\"og:url\" content=\"https:\/\/kuali.com.mx\/web\/2025\/05\/19\/denuncian-formalmente-amenazas-contra-estudiantes\/\" \/>\n<meta property=\"og:site_name\" content=\"Kuali\" \/>\n<meta property=\"article:publisher\" content=\"https:\/\/kuali.com.mx\/web\/wp-content\/uploads\/2018\/04\/cropped-kuali_logo-1-1.png\" \/>\n<meta property=\"article:published_time\" content=\"2025-05-20T00:41:16+00:00\" \/>\n<meta property=\"article:modified_time\" content=\"2025-05-20T00:50:41+00:00\" \/>\n<meta property=\"og:image\" content=\"https:\/\/kuali.com.mx\/web\/wp-content\/uploads\/2022\/01\/Bachillerato-Militarizado-de-las-Joyas.jpeg\" \/>\n\t<meta property=\"og:image:width\" content=\"1599\" \/>\n\t<meta property=\"og:image:height\" content=\"722\" \/>\n\t<meta property=\"og:image:type\" content=\"image\/jpeg\" \/>\n<meta name=\"author\" content=\"Kuali Staff\" \/>\n<meta name=\"twitter:card\" content=\"summary_large_image\" \/>\n<meta name=\"twitter:creator\" content=\"@kuali_noticias\" \/>\n<meta name=\"twitter:site\" content=\"@kuali_noticias\" \/>\n<meta name=\"twitter:label1\" content=\"Escrito por\" \/>\n\t<meta name=\"twitter:data1\" content=\"Kuali Staff\" \/>\n\t<meta name=\"twitter:label2\" content=\"Tiempo de lectura\" \/>\n\t<meta name=\"twitter:data2\" content=\"2 minutos\" \/>\n<script type=\"application\/ld+json\" class=\"yoast-schema-graph\">{\"@context\":\"https:\\\/\\\/schema.org\",\"@graph\":[{\"@type\":\"Article\",\"@id\":\"https:\\\/\\\/kuali.com.mx\\\/web\\\/2025\\\/05\\\/19\\\/denuncian-formalmente-amenazas-contra-estudiantes\\\/#article\",\"isPartOf\":{\"@id\":\"https:\\\/\\\/kuali.com.mx\\\/web\\\/2025\\\/05\\\/19\\\/denuncian-formalmente-amenazas-contra-estudiantes\\\/\"},\"author\":{\"name\":\"Kuali Staff\",\"@id\":\"https:\\\/\\\/kuali.com.mx\\\/web\\\/#\\\/schema\\\/person\\\/6f89ffa8ecba9dae50662357923c5289\"},\"headline\":\"DENUNCIAN FORMALMENTE AMENAZAS CONTRA ESTUDIANTES\",\"datePublished\":\"2025-05-20T00:41:16+00:00\",\"dateModified\":\"2025-05-20T00:50:41+00:00\",\"mainEntityOfPage\":{\"@id\":\"https:\\\/\\\/kuali.com.mx\\\/web\\\/2025\\\/05\\\/19\\\/denuncian-formalmente-amenazas-contra-estudiantes\\\/\"},\"wordCount\":443,\"commentCount\":0,\"image\":{\"@id\":\"https:\\\/\\\/kuali.com.mx\\\/web\\\/2025\\\/05\\\/19\\\/denuncian-formalmente-amenazas-contra-estudiantes\\\/#primaryimage\"},\"thumbnailUrl\":\"https:\\\/\\\/kuali.com.mx\\\/web\\\/wp-content\\\/uploads\\\/2022\\\/01\\\/Bachillerato-Militarizado-de-las-Joyas.jpeg\",\"articleSection\":[\"Pol\u00edtica\",\"slider\"],\"inLanguage\":\"es\",\"potentialAction\":[{\"@type\":\"CommentAction\",\"name\":\"Comment\",\"target\":[\"https:\\\/\\\/kuali.com.mx\\\/web\\\/2025\\\/05\\\/19\\\/denuncian-formalmente-amenazas-contra-estudiantes\\\/#respond\"]}]},{\"@type\":\"WebPage\",\"@id\":\"https:\\\/\\\/kuali.com.mx\\\/web\\\/2025\\\/05\\\/19\\\/denuncian-formalmente-amenazas-contra-estudiantes\\\/\",\"url\":\"https:\\\/\\\/kuali.com.mx\\\/web\\\/2025\\\/05\\\/19\\\/denuncian-formalmente-amenazas-contra-estudiantes\\\/\",\"name\":\"DENUNCIAN FORMALMENTE AMENAZAS CONTRA ESTUDIANTES - Kuali\",\"isPartOf\":{\"@id\":\"https:\\\/\\\/kuali.com.mx\\\/web\\\/#website\"},\"primaryImageOfPage\":{\"@id\":\"https:\\\/\\\/kuali.com.mx\\\/web\\\/2025\\\/05\\\/19\\\/denuncian-formalmente-amenazas-contra-estudiantes\\\/#primaryimage\"},\"image\":{\"@id\":\"https:\\\/\\\/kuali.com.mx\\\/web\\\/2025\\\/05\\\/19\\\/denuncian-formalmente-amenazas-contra-estudiantes\\\/#primaryimage\"},\"thumbnailUrl\":\"https:\\\/\\\/kuali.com.mx\\\/web\\\/wp-content\\\/uploads\\\/2022\\\/01\\\/Bachillerato-Militarizado-de-las-Joyas.jpeg\",\"datePublished\":\"2025-05-20T00:41:16+00:00\",\"dateModified\":\"2025-05-20T00:50:41+00:00\",\"author\":{\"@id\":\"https:\\\/\\\/kuali.com.mx\\\/web\\\/#\\\/schema\\\/person\\\/6f89ffa8ecba9dae50662357923c5289\"},\"breadcrumb\":{\"@id\":\"https:\\\/\\\/kuali.com.mx\\\/web\\\/2025\\\/05\\\/19\\\/denuncian-formalmente-amenazas-contra-estudiantes\\\/#breadcrumb\"},\"inLanguage\":\"es\",\"potentialAction\":[{\"@type\":\"ReadAction\",\"target\":[\"https:\\\/\\\/kuali.com.mx\\\/web\\\/2025\\\/05\\\/19\\\/denuncian-formalmente-amenazas-contra-estudiantes\\\/\"]}]},{\"@type\":\"ImageObject\",\"inLanguage\":\"es\",\"@id\":\"https:\\\/\\\/kuali.com.mx\\\/web\\\/2025\\\/05\\\/19\\\/denuncian-formalmente-amenazas-contra-estudiantes\\\/#primaryimage\",\"url\":\"https:\\\/\\\/kuali.com.mx\\\/web\\\/wp-content\\\/uploads\\\/2022\\\/01\\\/Bachillerato-Militarizado-de-las-Joyas.jpeg\",\"contentUrl\":\"https:\\\/\\\/kuali.com.mx\\\/web\\\/wp-content\\\/uploads\\\/2022\\\/01\\\/Bachillerato-Militarizado-de-las-Joyas.jpeg\",\"width\":1599,\"height\":722},{\"@type\":\"BreadcrumbList\",\"@id\":\"https:\\\/\\\/kuali.com.mx\\\/web\\\/2025\\\/05\\\/19\\\/denuncian-formalmente-amenazas-contra-estudiantes\\\/#breadcrumb\",\"itemListElement\":[{\"@type\":\"ListItem\",\"position\":1,\"name\":\"Inicio\",\"item\":\"https:\\\/\\\/kuali.com.mx\\\/web\\\/\"},{\"@type\":\"ListItem\",\"position\":2,\"name\":\"DENUNCIAN FORMALMENTE AMENAZAS CONTRA ESTUDIANTES\"}]},{\"@type\":\"WebSite\",\"@id\":\"https:\\\/\\\/kuali.com.mx\\\/web\\\/#website\",\"url\":\"https:\\\/\\\/kuali.com.mx\\\/web\\\/\",\"name\":\"Kuali\",\"description\":\"\",\"potentialAction\":[{\"@type\":\"SearchAction\",\"target\":{\"@type\":\"EntryPoint\",\"urlTemplate\":\"https:\\\/\\\/kuali.com.mx\\\/web\\\/?s={search_term_string}\"},\"query-input\":{\"@type\":\"PropertyValueSpecification\",\"valueRequired\":true,\"valueName\":\"search_term_string\"}}],\"inLanguage\":\"es\"},{\"@type\":\"Person\",\"@id\":\"https:\\\/\\\/kuali.com.mx\\\/web\\\/#\\\/schema\\\/person\\\/6f89ffa8ecba9dae50662357923c5289\",\"name\":\"Kuali Staff\",\"image\":{\"@type\":\"ImageObject\",\"inLanguage\":\"es\",\"@id\":\"https:\\\/\\\/secure.gravatar.com\\\/avatar\\\/f917ad82e5ab71227a733c78b6e60715476f69ee6be59feee4eb5d9920c89e0f?s=96&d=mm&r=g\",\"url\":\"https:\\\/\\\/secure.gravatar.com\\\/avatar\\\/f917ad82e5ab71227a733c78b6e60715476f69ee6be59feee4eb5d9920c89e0f?s=96&d=mm&r=g\",\"contentUrl\":\"https:\\\/\\\/secure.gravatar.com\\\/avatar\\\/f917ad82e5ab71227a733c78b6e60715476f69ee6be59feee4eb5d9920c89e0f?s=96&d=mm&r=g\",\"caption\":\"Kuali Staff\"},\"url\":\"https:\\\/\\\/kuali.com.mx\\\/web\\\/author\\\/lagarto\\\/\"}]}<\/script>\n<!-- \/ Yoast SEO plugin. -->","yoast_head_json":{"title":"DENUNCIAN FORMALMENTE AMENAZAS CONTRA ESTUDIANTES - Kuali","robots":{"index":"index","follow":"follow","max-snippet":"max-snippet:-1","max-image-preview":"max-image-preview:large","max-video-preview":"max-video-preview:-1"},"canonical":"https:\/\/kuali.com.mx\/web\/2025\/05\/19\/denuncian-formalmente-amenazas-contra-estudiantes\/","og_locale":"es_MX","og_type":"article","og_title":"DENUNCIAN FORMALMENTE AMENAZAS CONTRA ESTUDIANTES - Kuali","og_description":"Milagros Tadeo\/Le\u00f3n, Gto.-&nbsp;El delegado de la Secretar\u00eda de Educaci\u00f3n, Alfredo Ling Altamirano, dio a conocer que 5 padres de familia interpusieron denuncias derivado de las amenazas hechas en redes sociales en contra de estudiantes de escuelas de la zona de Las Joyas. A pesar de que se trataron de denuncias an\u00f3nimas las que se hicieron [&hellip;]","og_url":"https:\/\/kuali.com.mx\/web\/2025\/05\/19\/denuncian-formalmente-amenazas-contra-estudiantes\/","og_site_name":"Kuali","article_publisher":"https:\/\/kuali.com.mx\/web\/wp-content\/uploads\/2018\/04\/cropped-kuali_logo-1-1.png","article_published_time":"2025-05-20T00:41:16+00:00","article_modified_time":"2025-05-20T00:50:41+00:00","og_image":[{"width":1599,"height":722,"url":"https:\/\/kuali.com.mx\/web\/wp-content\/uploads\/2022\/01\/Bachillerato-Militarizado-de-las-Joyas.jpeg","type":"image\/jpeg"}],"author":"Kuali Staff","twitter_card":"summary_large_image","twitter_creator":"@kuali_noticias","twitter_site":"@kuali_noticias","twitter_misc":{"Escrito por":"Kuali Staff","Tiempo de lectura":"2 minutos"},"schema":{"@context":"https:\/\/schema.org","@graph":[{"@type":"Article","@id":"https:\/\/kuali.com.mx\/web\/2025\/05\/19\/denuncian-formalmente-amenazas-contra-estudiantes\/#article","isPartOf":{"@id":"https:\/\/kuali.com.mx\/web\/2025\/05\/19\/denuncian-formalmente-amenazas-contra-estudiantes\/"},"author":{"name":"Kuali Staff","@id":"https:\/\/kuali.com.mx\/web\/#\/schema\/person\/6f89ffa8ecba9dae50662357923c5289"},"headline":"DENUNCIAN FORMALMENTE AMENAZAS CONTRA ESTUDIANTES","datePublished":"2025-05-20T00:41:16+00:00","dateModified":"2025-05-20T00:50:41+00:00","mainEntityOfPage":{"@id":"https:\/\/kuali.com.mx\/web\/2025\/05\/19\/denuncian-formalmente-amenazas-contra-estudiantes\/"},"wordCount":443,"commentCount":0,"image":{"@id":"https:\/\/kuali.com.mx\/web\/2025\/05\/19\/denuncian-formalmente-amenazas-contra-estudiantes\/#primaryimage"},"thumbnailUrl":"https:\/\/kuali.com.mx\/web\/wp-content\/uploads\/2022\/01\/Bachillerato-Militarizado-de-las-Joyas.jpeg","articleSection":["Pol\u00edtica","slider"],"inLanguage":"es","potentialAction":[{"@type":"CommentAction","name":"Comment","target":["https:\/\/kuali.com.mx\/web\/2025\/05\/19\/denuncian-formalmente-amenazas-contra-estudiantes\/#respond"]}]},{"@type":"WebPage","@id":"https:\/\/kuali.com.mx\/web\/2025\/05\/19\/denuncian-formalmente-amenazas-contra-estudiantes\/","url":"https:\/\/kuali.com.mx\/web\/2025\/05\/19\/denuncian-formalmente-amenazas-contra-estudiantes\/","name":"DENUNCIAN FORMALMENTE AMENAZAS CONTRA ESTUDIANTES - Kuali","isPartOf":{"@id":"https:\/\/kuali.com.mx\/web\/#website"},"primaryImageOfPage":{"@id":"https:\/\/kuali.com.mx\/web\/2025\/05\/19\/denuncian-formalmente-amenazas-contra-estudiantes\/#primaryimage"},"image":{"@id":"https:\/\/kuali.com.mx\/web\/2025\/05\/19\/denuncian-formalmente-amenazas-contra-estudiantes\/#primaryimage"},"thumbnailUrl":"https:\/\/kuali.com.mx\/web\/wp-content\/uploads\/2022\/01\/Bachillerato-Militarizado-de-las-Joyas.jpeg","datePublished":"2025-05-20T00:41:16+00:00","dateModified":"2025-05-20T00:50:41+00:00","author":{"@id":"https:\/\/kuali.com.mx\/web\/#\/schema\/person\/6f89ffa8ecba9dae50662357923c5289"},"breadcrumb":{"@id":"https:\/\/kuali.com.mx\/web\/2025\/05\/19\/denuncian-formalmente-amenazas-contra-estudiantes\/#breadcrumb"},"inLanguage":"es","potentialAction":[{"@type":"ReadAction","target":["https:\/\/kuali.com.mx\/web\/2025\/05\/19\/denuncian-formalmente-amenazas-contra-estudiantes\/"]}]},{"@type":"ImageObject","inLanguage":"es","@id":"https:\/\/kuali.com.mx\/web\/2025\/05\/19\/denuncian-formalmente-amenazas-contra-estudiantes\/#primaryimage","url":"https:\/\/kuali.com.mx\/web\/wp-content\/uploads\/2022\/01\/Bachillerato-Militarizado-de-las-Joyas.jpeg","contentUrl":"https:\/\/kuali.com.mx\/web\/wp-content\/uploads\/2022\/01\/Bachillerato-Militarizado-de-las-Joyas.jpeg","width":1599,"height":722},{"@type":"BreadcrumbList","@id":"https:\/\/kuali.com.mx\/web\/2025\/05\/19\/denuncian-formalmente-amenazas-contra-estudiantes\/#breadcrumb","itemListElement":[{"@type":"ListItem","position":1,"name":"Inicio","item":"https:\/\/kuali.com.mx\/web\/"},{"@type":"ListItem","position":2,"name":"DENUNCIAN FORMALMENTE AMENAZAS CONTRA ESTUDIANTES"}]},{"@type":"WebSite","@id":"https:\/\/kuali.com.mx\/web\/#website","url":"https:\/\/kuali.com.mx\/web\/","name":"Kuali","description":"","potentialAction":[{"@type":"SearchAction","target":{"@type":"EntryPoint","urlTemplate":"https:\/\/kuali.com.mx\/web\/?s={search_term_string}"},"query-input":{"@type":"PropertyValueSpecification","valueRequired":true,"valueName":"search_term_string"}}],"inLanguage":"es"},{"@type":"Person","@id":"https:\/\/kuali.com.mx\/web\/#\/schema\/person\/6f89ffa8ecba9dae50662357923c5289","name":"Kuali Staff","image":{"@type":"ImageObject","inLanguage":"es","@id":"https:\/\/secure.gravatar.com\/avatar\/f917ad82e5ab71227a733c78b6e60715476f69ee6be59feee4eb5d9920c89e0f?s=96&d=mm&r=g","url":"https:\/\/secure.gravatar.com\/avatar\/f917ad82e5ab71227a733c78b6e60715476f69ee6be59feee4eb5d9920c89e0f?s=96&d=mm&r=g","contentUrl":"https:\/\/secure.gravatar.com\/avatar\/f917ad82e5ab71227a733c78b6e60715476f69ee6be59feee4eb5d9920c89e0f?s=96&d=mm&r=g","caption":"Kuali Staff"},"url":"https:\/\/kuali.com.mx\/web\/author\/lagarto\/"}]}},"_links":{"self":[{"href":"https:\/\/kuali.com.mx\/web\/wp-json\/wp\/v2\/posts\/175893","targetHints":{"allow":["GET"]}}],"collection":[{"href":"https:\/\/kuali.com.mx\/web\/wp-json\/wp\/v2\/posts"}],"about":[{"href":"https:\/\/kuali.com.mx\/web\/wp-json\/wp\/v2\/types\/post"}],"author":[{"embeddable":true,"href":"https:\/\/kuali.com.mx\/web\/wp-json\/wp\/v2\/users\/2"}],"replies":[{"embeddable":true,"href":"https:\/\/kuali.com.mx\/web\/wp-json\/wp\/v2\/comments?post=175893"}],"version-history":[{"count":2,"href":"https:\/\/kuali.com.mx\/web\/wp-json\/wp\/v2\/posts\/175893\/revisions"}],"predecessor-version":[{"id":175912,"href":"https:\/\/kuali.com.mx\/web\/wp-json\/wp\/v2\/posts\/175893\/revisions\/175912"}],"wp:featuredmedia":[{"embeddable":true,"href":"https:\/\/kuali.com.mx\/web\/wp-json\/wp\/v2\/media\/90394"}],"wp:attachment":[{"href":"https:\/\/kuali.com.mx\/web\/wp-json\/wp\/v2\/media?parent=175893"}],"wp:term":[{"taxonomy":"category","embeddable":true,"href":"https:\/\/kuali.com.mx\/web\/wp-json\/wp\/v2\/categories?post=175893"},{"taxonomy":"post_tag","embeddable":true,"href":"https:\/\/kuali.com.mx\/web\/wp-json\/wp\/v2\/tags?post=175893"}],"curies":[{"name":"wp","href":"https:\/\/api.w.org\/{rel}","templated":true}]}}