{"id":175697,"date":"2025-05-17T15:14:21","date_gmt":"2025-05-17T21:14:21","guid":{"rendered":"https:\/\/kuali.com.mx\/web\/?p=175697"},"modified":"2025-05-17T20:45:00","modified_gmt":"2025-05-18T02:45:00","slug":"el-triunfo-puesta-en-escena-sobre-los-derechos-lgbtq","status":"publish","type":"post","link":"https:\/\/kuali.com.mx\/web\/2025\/05\/17\/el-triunfo-puesta-en-escena-sobre-los-derechos-lgbtq\/","title":{"rendered":"&#8220;El TRIUNFO\u201d, PUESTA EN ESCENA SOBRE LOS DERECHOS LGBTQ+"},"content":{"rendered":"\n<p><strong>Kuali\/Pur\u00edsima del Rinc\u00f3n, Gto<\/strong>.- EL Teatro de la ciudad fue el escenario de la presentaci\u00f3n de la obra de teatro \u201cEl Triunfo\u201d, presentada por el colectivo de San Miguel de Allende para conmemorar la lucha por los derechos de la comunidad LGBTQ+.<\/p>\n\n\n\n<p>La secretaria de Ayuntamiento, Ver\u00f3nica Ivette Becerra G\u00f3mez, en representaci\u00f3n del presidente Mmnicipal, Roberto Garc\u00eda Urbano, habl\u00f3 de la importancia del respeto y la libertad, as\u00ed como de la atenci\u00f3n a la dignidad de la persona, sin importar su orientaci\u00f3n sexual o identidad de g\u00e9nero.<\/p>\n\n\n\n<figure class=\"wp-block-image size-large\"><img loading=\"lazy\" decoding=\"async\" width=\"1024\" height=\"682\" src=\"https:\/\/kuali.com.mx\/web\/wp-content\/uploads\/2025\/05\/LGBT-1024x682.jpeg\" alt=\"\" class=\"wp-image-175702\" srcset=\"https:\/\/kuali.com.mx\/web\/wp-content\/uploads\/2025\/05\/LGBT-1024x682.jpeg 1024w, https:\/\/kuali.com.mx\/web\/wp-content\/uploads\/2025\/05\/LGBT-300x200.jpeg 300w, https:\/\/kuali.com.mx\/web\/wp-content\/uploads\/2025\/05\/LGBT-768x512.jpeg 768w, https:\/\/kuali.com.mx\/web\/wp-content\/uploads\/2025\/05\/LGBT-174x116.jpeg 174w, https:\/\/kuali.com.mx\/web\/wp-content\/uploads\/2025\/05\/LGBT.jpeg 1280w\" sizes=\"auto, (max-width: 1024px) 100vw, 1024px\" \/><figcaption class=\"wp-element-caption\">FOTO: CORTES\u00cdA<\/figcaption><\/figure>\n\n\n\n<p>Tambi\u00e9n reconoci\u00f3 que sigue habiendo una violencia a la sociedad LGBTQ+, por lo que en Pur\u00edsima del Rinc\u00f3n las autoridades municipales promueven una cultura de apertura, armon\u00eda y equilibrio.<\/p>\n\n\n\n<p>\u201cEs fundamental educar, sensibilizar y desafiar los prejuicios que alimentan el odio porque aqu\u00ed se construye y se celebra la presencia de una comunidad segura, con responsabilidades\u201d, asegur\u00f3.<\/p>\n\n\n\n<figure class=\"wp-block-embed is-type-wp-embed is-provider-kuali wp-block-embed-kuali\"><div class=\"wp-block-embed__wrapper\">\n<blockquote class=\"wp-embedded-content\" data-secret=\"iqKTCnCXCH\"><a href=\"https:\/\/kuali.com.mx\/web\/2025\/05\/17\/suman-19-casos-de-discriminacion-a-la-diversidad\/\">SUMAN 19 CASOS DE DISCRIMINACI\u00d3N A LA DIVERSIDAD<\/a><\/blockquote><iframe loading=\"lazy\" class=\"wp-embedded-content\" sandbox=\"allow-scripts\" security=\"restricted\" style=\"position: absolute; visibility: hidden;\" title=\"&#8220;SUMAN 19 CASOS DE DISCRIMINACI\u00d3N A LA DIVERSIDAD&#8221; &#8212; Kuali\" src=\"https:\/\/kuali.com.mx\/web\/2025\/05\/17\/suman-19-casos-de-discriminacion-a-la-diversidad\/embed\/#?secret=dQ6bwIFjMa#?secret=iqKTCnCXCH\" data-secret=\"iqKTCnCXCH\" width=\"600\" height=\"338\" frameborder=\"0\" marginwidth=\"0\" marginheight=\"0\" scrolling=\"no\"><\/iframe>\n<\/div><\/figure>\n\n\n\n<p>En representaci\u00f3n de la Secretar\u00eda de Derechos Humanos, Liz Esparza Frausto habl\u00f3 de la importancia de la igualdad, la inclusi\u00f3n y el respeto a las personas.<\/p>\n\n\n\n<p>Con la puesta en escena \u201cEl Triunfo\u201d se busca sensibilizar a los funcionarios p\u00fablicos y a la ciudadan\u00eda sobre las realidades, desaf\u00edos y experiencias que enfrentan las personas de la diversidad sexual y de g\u00e9nero, promoviendo la inclusi\u00f3n y la igualdad.<\/p>\n\n\n\n<p>El 17 de mayo de 1990, la Organizaci\u00f3n Mundial de la Salud (OMS, dej\u00f3 de considerar la homosexualidad como una enfermedad mental, y desde el a\u00f1o 2005 comenz\u00f3 a celebrarse en diferentes pa\u00edses el d\u00eda contra la LGBTI+Fobia mediante manifestaciones que reivindican la igualdad de derechos para personas homosexuales.<\/p>\n\n\n\n<figure class=\"wp-block-image size-large\"><img loading=\"lazy\" decoding=\"async\" width=\"1024\" height=\"682\" src=\"https:\/\/kuali.com.mx\/web\/wp-content\/uploads\/2025\/05\/LGBT-teatro-Purisima-1024x682.jpeg\" alt=\"\" class=\"wp-image-175701\" srcset=\"https:\/\/kuali.com.mx\/web\/wp-content\/uploads\/2025\/05\/LGBT-teatro-Purisima-1024x682.jpeg 1024w, https:\/\/kuali.com.mx\/web\/wp-content\/uploads\/2025\/05\/LGBT-teatro-Purisima-300x200.jpeg 300w, https:\/\/kuali.com.mx\/web\/wp-content\/uploads\/2025\/05\/LGBT-teatro-Purisima-768x512.jpeg 768w, https:\/\/kuali.com.mx\/web\/wp-content\/uploads\/2025\/05\/LGBT-teatro-Purisima-174x116.jpeg 174w, https:\/\/kuali.com.mx\/web\/wp-content\/uploads\/2025\/05\/LGBT-teatro-Purisima.jpeg 1280w\" sizes=\"auto, (max-width: 1024px) 100vw, 1024px\" \/><figcaption class=\"wp-element-caption\">Presentan en Pur\u00edsima \"El Triunfo\" una puesta en escena sobre los derechos LGBTQ+ para sensibilizar a funcionarios p\u00fablicos. FOTO: CORTES\u00cdA.<\/figcaption><\/figure>\n\n\n\n<p>El subsecretario de la Diversidad Sexual y de G\u00e9nero, V\u00edctor Ricardo Garc\u00eda Frausto, puntualiz\u00f3 que se sabe que existe la comunidad LGBTQ+ y que no es una comunidad limitada, pues es un grupo relevante y existe el compromiso de capacitar este a\u00f1o 17 mil &nbsp;personas de la Secretar\u00eda de Salud del Estado, as\u00ed como al grupo de fuerza y Seguridad y Paz.<\/p>\n","protected":false},"excerpt":{"rendered":"Kuali\/Pur\u00edsima del Rinc\u00f3n, Gto.- EL Teatro de la ciudad fue el escenario de la presentaci\u00f3n de la obra de teatro \u201cEl Triunfo\u201d, presentada por el colectivo de San Miguel de Allende para conmemorar la lucha por los derechos de la comunidad LGBTQ+. La secretaria de Ayuntamiento, Ver\u00f3nica Ivette Becerra G\u00f3mez, en representaci\u00f3n del presidente Mmnicipal, [&hellip;]","protected":false},"author":2,"featured_media":175700,"comment_status":"open","ping_status":"open","sticky":false,"template":"","format":"standard","meta":{"_seopress_robots_primary_cat":"none","_seopress_titles_title":"","_seopress_titles_desc":"","_seopress_robots_index":"","_monsterinsights_skip_tracking":false,"_monsterinsights_sitenote_active":false,"_monsterinsights_sitenote_note":"","_monsterinsights_sitenote_category":0,"footnotes":""},"categories":[14],"tags":[1269,100,5230,5231,1152,126],"class_list":["post-175697","post","type-post","status-publish","format-standard","has-post-thumbnail","hentry","category-derechos","tag-arte","tag-derechos-humanos","tag-derechos-lgbtq","tag-el-triunfo","tag-purisima","tag-teatro"],"yoast_head":"<!-- This site is optimized with the Yoast SEO plugin v27.4 - https:\/\/yoast.com\/product\/yoast-seo-wordpress\/ -->\n<title>&quot;El TRIUNFO\u201d, PUESTA EN ESCENA SOBRE LOS DERECHOS LGBTQ+ - Kuali<\/title>\n<meta name=\"robots\" content=\"index, follow, max-snippet:-1, max-image-preview:large, max-video-preview:-1\" \/>\n<link rel=\"canonical\" href=\"https:\/\/kuali.com.mx\/web\/2025\/05\/17\/el-triunfo-puesta-en-escena-sobre-los-derechos-lgbtq\/\" \/>\n<meta property=\"og:locale\" content=\"es_MX\" \/>\n<meta property=\"og:type\" content=\"article\" \/>\n<meta property=\"og:title\" content=\"&quot;El TRIUNFO\u201d, PUESTA EN ESCENA SOBRE LOS DERECHOS LGBTQ+ - Kuali\" \/>\n<meta property=\"og:description\" content=\"Kuali\/Pur\u00edsima del Rinc\u00f3n, Gto.- EL Teatro de la ciudad fue el escenario de la presentaci\u00f3n de la obra de teatro \u201cEl Triunfo\u201d, presentada por el colectivo de San Miguel de Allende para conmemorar la lucha por los derechos de la comunidad LGBTQ+. La secretaria de Ayuntamiento, Ver\u00f3nica Ivette Becerra G\u00f3mez, en representaci\u00f3n del presidente Mmnicipal, [&hellip;]\" \/>\n<meta property=\"og:url\" content=\"https:\/\/kuali.com.mx\/web\/2025\/05\/17\/el-triunfo-puesta-en-escena-sobre-los-derechos-lgbtq\/\" \/>\n<meta property=\"og:site_name\" content=\"Kuali\" \/>\n<meta property=\"article:publisher\" content=\"https:\/\/kuali.com.mx\/web\/wp-content\/uploads\/2018\/04\/cropped-kuali_logo-1-1.png\" \/>\n<meta property=\"article:published_time\" content=\"2025-05-17T21:14:21+00:00\" \/>\n<meta property=\"article:modified_time\" content=\"2025-05-18T02:45:00+00:00\" \/>\n<meta property=\"og:image\" content=\"https:\/\/kuali.com.mx\/web\/wp-content\/uploads\/2025\/05\/Teatro-LGBT.gif\" \/>\n\t<meta property=\"og:image:width\" content=\"1700\" \/>\n\t<meta property=\"og:image:height\" content=\"750\" \/>\n\t<meta property=\"og:image:type\" content=\"image\/gif\" \/>\n<meta name=\"author\" content=\"Kuali Staff\" \/>\n<meta name=\"twitter:card\" content=\"summary_large_image\" \/>\n<meta name=\"twitter:creator\" content=\"@kuali_noticias\" \/>\n<meta name=\"twitter:site\" content=\"@kuali_noticias\" \/>\n<meta name=\"twitter:label1\" content=\"Escrito por\" \/>\n\t<meta name=\"twitter:data1\" content=\"Kuali Staff\" \/>\n\t<meta name=\"twitter:label2\" content=\"Tiempo de lectura\" \/>\n\t<meta name=\"twitter:data2\" content=\"2 minutos\" \/>\n<script type=\"application\/ld+json\" class=\"yoast-schema-graph\">{\"@context\":\"https:\\\/\\\/schema.org\",\"@graph\":[{\"@type\":\"Article\",\"@id\":\"https:\\\/\\\/kuali.com.mx\\\/web\\\/2025\\\/05\\\/17\\\/el-triunfo-puesta-en-escena-sobre-los-derechos-lgbtq\\\/#article\",\"isPartOf\":{\"@id\":\"https:\\\/\\\/kuali.com.mx\\\/web\\\/2025\\\/05\\\/17\\\/el-triunfo-puesta-en-escena-sobre-los-derechos-lgbtq\\\/\"},\"author\":{\"name\":\"Kuali Staff\",\"@id\":\"https:\\\/\\\/kuali.com.mx\\\/web\\\/#\\\/schema\\\/person\\\/6f89ffa8ecba9dae50662357923c5289\"},\"headline\":\"&#8220;El TRIUNFO\u201d, PUESTA EN ESCENA SOBRE LOS DERECHOS LGBTQ+\",\"datePublished\":\"2025-05-17T21:14:21+00:00\",\"dateModified\":\"2025-05-18T02:45:00+00:00\",\"mainEntityOfPage\":{\"@id\":\"https:\\\/\\\/kuali.com.mx\\\/web\\\/2025\\\/05\\\/17\\\/el-triunfo-puesta-en-escena-sobre-los-derechos-lgbtq\\\/\"},\"wordCount\":395,\"commentCount\":0,\"image\":{\"@id\":\"https:\\\/\\\/kuali.com.mx\\\/web\\\/2025\\\/05\\\/17\\\/el-triunfo-puesta-en-escena-sobre-los-derechos-lgbtq\\\/#primaryimage\"},\"thumbnailUrl\":\"https:\\\/\\\/kuali.com.mx\\\/web\\\/wp-content\\\/uploads\\\/2025\\\/05\\\/Teatro-LGBT.gif\",\"keywords\":[\"Arte\",\"Derechos Humanos\",\"Derechos LGBTQ+\",\"El Triunfo\",\"Pur\u00edsima\",\"Teatro\"],\"articleSection\":[\"Derechos Humanos\"],\"inLanguage\":\"es\",\"potentialAction\":[{\"@type\":\"CommentAction\",\"name\":\"Comment\",\"target\":[\"https:\\\/\\\/kuali.com.mx\\\/web\\\/2025\\\/05\\\/17\\\/el-triunfo-puesta-en-escena-sobre-los-derechos-lgbtq\\\/#respond\"]}]},{\"@type\":\"WebPage\",\"@id\":\"https:\\\/\\\/kuali.com.mx\\\/web\\\/2025\\\/05\\\/17\\\/el-triunfo-puesta-en-escena-sobre-los-derechos-lgbtq\\\/\",\"url\":\"https:\\\/\\\/kuali.com.mx\\\/web\\\/2025\\\/05\\\/17\\\/el-triunfo-puesta-en-escena-sobre-los-derechos-lgbtq\\\/\",\"name\":\"\\\"El TRIUNFO\u201d, PUESTA EN ESCENA SOBRE LOS DERECHOS LGBTQ+ - Kuali\",\"isPartOf\":{\"@id\":\"https:\\\/\\\/kuali.com.mx\\\/web\\\/#website\"},\"primaryImageOfPage\":{\"@id\":\"https:\\\/\\\/kuali.com.mx\\\/web\\\/2025\\\/05\\\/17\\\/el-triunfo-puesta-en-escena-sobre-los-derechos-lgbtq\\\/#primaryimage\"},\"image\":{\"@id\":\"https:\\\/\\\/kuali.com.mx\\\/web\\\/2025\\\/05\\\/17\\\/el-triunfo-puesta-en-escena-sobre-los-derechos-lgbtq\\\/#primaryimage\"},\"thumbnailUrl\":\"https:\\\/\\\/kuali.com.mx\\\/web\\\/wp-content\\\/uploads\\\/2025\\\/05\\\/Teatro-LGBT.gif\",\"datePublished\":\"2025-05-17T21:14:21+00:00\",\"dateModified\":\"2025-05-18T02:45:00+00:00\",\"author\":{\"@id\":\"https:\\\/\\\/kuali.com.mx\\\/web\\\/#\\\/schema\\\/person\\\/6f89ffa8ecba9dae50662357923c5289\"},\"breadcrumb\":{\"@id\":\"https:\\\/\\\/kuali.com.mx\\\/web\\\/2025\\\/05\\\/17\\\/el-triunfo-puesta-en-escena-sobre-los-derechos-lgbtq\\\/#breadcrumb\"},\"inLanguage\":\"es\",\"potentialAction\":[{\"@type\":\"ReadAction\",\"target\":[\"https:\\\/\\\/kuali.com.mx\\\/web\\\/2025\\\/05\\\/17\\\/el-triunfo-puesta-en-escena-sobre-los-derechos-lgbtq\\\/\"]}]},{\"@type\":\"ImageObject\",\"inLanguage\":\"es\",\"@id\":\"https:\\\/\\\/kuali.com.mx\\\/web\\\/2025\\\/05\\\/17\\\/el-triunfo-puesta-en-escena-sobre-los-derechos-lgbtq\\\/#primaryimage\",\"url\":\"https:\\\/\\\/kuali.com.mx\\\/web\\\/wp-content\\\/uploads\\\/2025\\\/05\\\/Teatro-LGBT.gif\",\"contentUrl\":\"https:\\\/\\\/kuali.com.mx\\\/web\\\/wp-content\\\/uploads\\\/2025\\\/05\\\/Teatro-LGBT.gif\",\"width\":1700,\"height\":750},{\"@type\":\"BreadcrumbList\",\"@id\":\"https:\\\/\\\/kuali.com.mx\\\/web\\\/2025\\\/05\\\/17\\\/el-triunfo-puesta-en-escena-sobre-los-derechos-lgbtq\\\/#breadcrumb\",\"itemListElement\":[{\"@type\":\"ListItem\",\"position\":1,\"name\":\"Inicio\",\"item\":\"https:\\\/\\\/kuali.com.mx\\\/web\\\/\"},{\"@type\":\"ListItem\",\"position\":2,\"name\":\"&#8220;El TRIUNFO\u201d, PUESTA EN ESCENA SOBRE LOS DERECHOS LGBTQ+\"}]},{\"@type\":\"WebSite\",\"@id\":\"https:\\\/\\\/kuali.com.mx\\\/web\\\/#website\",\"url\":\"https:\\\/\\\/kuali.com.mx\\\/web\\\/\",\"name\":\"Kuali\",\"description\":\"\",\"potentialAction\":[{\"@type\":\"SearchAction\",\"target\":{\"@type\":\"EntryPoint\",\"urlTemplate\":\"https:\\\/\\\/kuali.com.mx\\\/web\\\/?s={search_term_string}\"},\"query-input\":{\"@type\":\"PropertyValueSpecification\",\"valueRequired\":true,\"valueName\":\"search_term_string\"}}],\"inLanguage\":\"es\"},{\"@type\":\"Person\",\"@id\":\"https:\\\/\\\/kuali.com.mx\\\/web\\\/#\\\/schema\\\/person\\\/6f89ffa8ecba9dae50662357923c5289\",\"name\":\"Kuali Staff\",\"image\":{\"@type\":\"ImageObject\",\"inLanguage\":\"es\",\"@id\":\"https:\\\/\\\/secure.gravatar.com\\\/avatar\\\/f917ad82e5ab71227a733c78b6e60715476f69ee6be59feee4eb5d9920c89e0f?s=96&d=mm&r=g\",\"url\":\"https:\\\/\\\/secure.gravatar.com\\\/avatar\\\/f917ad82e5ab71227a733c78b6e60715476f69ee6be59feee4eb5d9920c89e0f?s=96&d=mm&r=g\",\"contentUrl\":\"https:\\\/\\\/secure.gravatar.com\\\/avatar\\\/f917ad82e5ab71227a733c78b6e60715476f69ee6be59feee4eb5d9920c89e0f?s=96&d=mm&r=g\",\"caption\":\"Kuali Staff\"},\"url\":\"https:\\\/\\\/kuali.com.mx\\\/web\\\/author\\\/lagarto\\\/\"}]}<\/script>\n<!-- \/ Yoast SEO plugin. -->","yoast_head_json":{"title":"\"El TRIUNFO\u201d, PUESTA EN ESCENA SOBRE LOS DERECHOS LGBTQ+ - Kuali","robots":{"index":"index","follow":"follow","max-snippet":"max-snippet:-1","max-image-preview":"max-image-preview:large","max-video-preview":"max-video-preview:-1"},"canonical":"https:\/\/kuali.com.mx\/web\/2025\/05\/17\/el-triunfo-puesta-en-escena-sobre-los-derechos-lgbtq\/","og_locale":"es_MX","og_type":"article","og_title":"\"El TRIUNFO\u201d, PUESTA EN ESCENA SOBRE LOS DERECHOS LGBTQ+ - Kuali","og_description":"Kuali\/Pur\u00edsima del Rinc\u00f3n, Gto.- EL Teatro de la ciudad fue el escenario de la presentaci\u00f3n de la obra de teatro \u201cEl Triunfo\u201d, presentada por el colectivo de San Miguel de Allende para conmemorar la lucha por los derechos de la comunidad LGBTQ+. La secretaria de Ayuntamiento, Ver\u00f3nica Ivette Becerra G\u00f3mez, en representaci\u00f3n del presidente Mmnicipal, [&hellip;]","og_url":"https:\/\/kuali.com.mx\/web\/2025\/05\/17\/el-triunfo-puesta-en-escena-sobre-los-derechos-lgbtq\/","og_site_name":"Kuali","article_publisher":"https:\/\/kuali.com.mx\/web\/wp-content\/uploads\/2018\/04\/cropped-kuali_logo-1-1.png","article_published_time":"2025-05-17T21:14:21+00:00","article_modified_time":"2025-05-18T02:45:00+00:00","og_image":[{"width":1700,"height":750,"url":"https:\/\/kuali.com.mx\/web\/wp-content\/uploads\/2025\/05\/Teatro-LGBT.gif","type":"image\/gif"}],"author":"Kuali Staff","twitter_card":"summary_large_image","twitter_creator":"@kuali_noticias","twitter_site":"@kuali_noticias","twitter_misc":{"Escrito por":"Kuali Staff","Tiempo de lectura":"2 minutos"},"schema":{"@context":"https:\/\/schema.org","@graph":[{"@type":"Article","@id":"https:\/\/kuali.com.mx\/web\/2025\/05\/17\/el-triunfo-puesta-en-escena-sobre-los-derechos-lgbtq\/#article","isPartOf":{"@id":"https:\/\/kuali.com.mx\/web\/2025\/05\/17\/el-triunfo-puesta-en-escena-sobre-los-derechos-lgbtq\/"},"author":{"name":"Kuali Staff","@id":"https:\/\/kuali.com.mx\/web\/#\/schema\/person\/6f89ffa8ecba9dae50662357923c5289"},"headline":"&#8220;El TRIUNFO\u201d, PUESTA EN ESCENA SOBRE LOS DERECHOS LGBTQ+","datePublished":"2025-05-17T21:14:21+00:00","dateModified":"2025-05-18T02:45:00+00:00","mainEntityOfPage":{"@id":"https:\/\/kuali.com.mx\/web\/2025\/05\/17\/el-triunfo-puesta-en-escena-sobre-los-derechos-lgbtq\/"},"wordCount":395,"commentCount":0,"image":{"@id":"https:\/\/kuali.com.mx\/web\/2025\/05\/17\/el-triunfo-puesta-en-escena-sobre-los-derechos-lgbtq\/#primaryimage"},"thumbnailUrl":"https:\/\/kuali.com.mx\/web\/wp-content\/uploads\/2025\/05\/Teatro-LGBT.gif","keywords":["Arte","Derechos Humanos","Derechos LGBTQ+","El Triunfo","Pur\u00edsima","Teatro"],"articleSection":["Derechos Humanos"],"inLanguage":"es","potentialAction":[{"@type":"CommentAction","name":"Comment","target":["https:\/\/kuali.com.mx\/web\/2025\/05\/17\/el-triunfo-puesta-en-escena-sobre-los-derechos-lgbtq\/#respond"]}]},{"@type":"WebPage","@id":"https:\/\/kuali.com.mx\/web\/2025\/05\/17\/el-triunfo-puesta-en-escena-sobre-los-derechos-lgbtq\/","url":"https:\/\/kuali.com.mx\/web\/2025\/05\/17\/el-triunfo-puesta-en-escena-sobre-los-derechos-lgbtq\/","name":"\"El TRIUNFO\u201d, PUESTA EN ESCENA SOBRE LOS DERECHOS LGBTQ+ - Kuali","isPartOf":{"@id":"https:\/\/kuali.com.mx\/web\/#website"},"primaryImageOfPage":{"@id":"https:\/\/kuali.com.mx\/web\/2025\/05\/17\/el-triunfo-puesta-en-escena-sobre-los-derechos-lgbtq\/#primaryimage"},"image":{"@id":"https:\/\/kuali.com.mx\/web\/2025\/05\/17\/el-triunfo-puesta-en-escena-sobre-los-derechos-lgbtq\/#primaryimage"},"thumbnailUrl":"https:\/\/kuali.com.mx\/web\/wp-content\/uploads\/2025\/05\/Teatro-LGBT.gif","datePublished":"2025-05-17T21:14:21+00:00","dateModified":"2025-05-18T02:45:00+00:00","author":{"@id":"https:\/\/kuali.com.mx\/web\/#\/schema\/person\/6f89ffa8ecba9dae50662357923c5289"},"breadcrumb":{"@id":"https:\/\/kuali.com.mx\/web\/2025\/05\/17\/el-triunfo-puesta-en-escena-sobre-los-derechos-lgbtq\/#breadcrumb"},"inLanguage":"es","potentialAction":[{"@type":"ReadAction","target":["https:\/\/kuali.com.mx\/web\/2025\/05\/17\/el-triunfo-puesta-en-escena-sobre-los-derechos-lgbtq\/"]}]},{"@type":"ImageObject","inLanguage":"es","@id":"https:\/\/kuali.com.mx\/web\/2025\/05\/17\/el-triunfo-puesta-en-escena-sobre-los-derechos-lgbtq\/#primaryimage","url":"https:\/\/kuali.com.mx\/web\/wp-content\/uploads\/2025\/05\/Teatro-LGBT.gif","contentUrl":"https:\/\/kuali.com.mx\/web\/wp-content\/uploads\/2025\/05\/Teatro-LGBT.gif","width":1700,"height":750},{"@type":"BreadcrumbList","@id":"https:\/\/kuali.com.mx\/web\/2025\/05\/17\/el-triunfo-puesta-en-escena-sobre-los-derechos-lgbtq\/#breadcrumb","itemListElement":[{"@type":"ListItem","position":1,"name":"Inicio","item":"https:\/\/kuali.com.mx\/web\/"},{"@type":"ListItem","position":2,"name":"&#8220;El TRIUNFO\u201d, PUESTA EN ESCENA SOBRE LOS DERECHOS LGBTQ+"}]},{"@type":"WebSite","@id":"https:\/\/kuali.com.mx\/web\/#website","url":"https:\/\/kuali.com.mx\/web\/","name":"Kuali","description":"","potentialAction":[{"@type":"SearchAction","target":{"@type":"EntryPoint","urlTemplate":"https:\/\/kuali.com.mx\/web\/?s={search_term_string}"},"query-input":{"@type":"PropertyValueSpecification","valueRequired":true,"valueName":"search_term_string"}}],"inLanguage":"es"},{"@type":"Person","@id":"https:\/\/kuali.com.mx\/web\/#\/schema\/person\/6f89ffa8ecba9dae50662357923c5289","name":"Kuali Staff","image":{"@type":"ImageObject","inLanguage":"es","@id":"https:\/\/secure.gravatar.com\/avatar\/f917ad82e5ab71227a733c78b6e60715476f69ee6be59feee4eb5d9920c89e0f?s=96&d=mm&r=g","url":"https:\/\/secure.gravatar.com\/avatar\/f917ad82e5ab71227a733c78b6e60715476f69ee6be59feee4eb5d9920c89e0f?s=96&d=mm&r=g","contentUrl":"https:\/\/secure.gravatar.com\/avatar\/f917ad82e5ab71227a733c78b6e60715476f69ee6be59feee4eb5d9920c89e0f?s=96&d=mm&r=g","caption":"Kuali Staff"},"url":"https:\/\/kuali.com.mx\/web\/author\/lagarto\/"}]}},"_links":{"self":[{"href":"https:\/\/kuali.com.mx\/web\/wp-json\/wp\/v2\/posts\/175697","targetHints":{"allow":["GET"]}}],"collection":[{"href":"https:\/\/kuali.com.mx\/web\/wp-json\/wp\/v2\/posts"}],"about":[{"href":"https:\/\/kuali.com.mx\/web\/wp-json\/wp\/v2\/types\/post"}],"author":[{"embeddable":true,"href":"https:\/\/kuali.com.mx\/web\/wp-json\/wp\/v2\/users\/2"}],"replies":[{"embeddable":true,"href":"https:\/\/kuali.com.mx\/web\/wp-json\/wp\/v2\/comments?post=175697"}],"version-history":[{"count":2,"href":"https:\/\/kuali.com.mx\/web\/wp-json\/wp\/v2\/posts\/175697\/revisions"}],"predecessor-version":[{"id":175724,"href":"https:\/\/kuali.com.mx\/web\/wp-json\/wp\/v2\/posts\/175697\/revisions\/175724"}],"wp:featuredmedia":[{"embeddable":true,"href":"https:\/\/kuali.com.mx\/web\/wp-json\/wp\/v2\/media\/175700"}],"wp:attachment":[{"href":"https:\/\/kuali.com.mx\/web\/wp-json\/wp\/v2\/media?parent=175697"}],"wp:term":[{"taxonomy":"category","embeddable":true,"href":"https:\/\/kuali.com.mx\/web\/wp-json\/wp\/v2\/categories?post=175697"},{"taxonomy":"post_tag","embeddable":true,"href":"https:\/\/kuali.com.mx\/web\/wp-json\/wp\/v2\/tags?post=175697"}],"curies":[{"name":"wp","href":"https:\/\/api.w.org\/{rel}","templated":true}]}}