{"id":174984,"date":"2025-05-09T12:38:47","date_gmt":"2025-05-09T18:38:47","guid":{"rendered":"https:\/\/kuali.com.mx\/web\/?p=174984"},"modified":"2025-05-09T12:38:51","modified_gmt":"2025-05-09T18:38:51","slug":"la-iglesia-de-fiesta-papa-leon-xiv-la-eleccion-perfecta","status":"publish","type":"post","link":"https:\/\/kuali.com.mx\/web\/2025\/05\/09\/la-iglesia-de-fiesta-papa-leon-xiv-la-eleccion-perfecta\/","title":{"rendered":"\u00a0LA IGLESIA DE FIESTA, PAPA LEON XIV: LA ELECCI\u00d3N PERFECTA"},"content":{"rendered":"\n<p><em><strong>ENCUENTRO CON GOROSITO\u2026<\/strong><\/em><\/p>\n\n\n\n<p>En la cuarta votaci\u00f3n, \u201chabemus papam\u201d. Apareci\u00f3 la fumata blanca en la chimenea de la Capilla Sixtina. El&nbsp;&nbsp;C\u00f3nclave para elegir al sucesor del fallecido Francisco, anunciaba que la elecci\u00f3n llevada a cabo por los 133 cardenales electores ya ten\u00eda resultado, hab\u00eda el Papa n\u00famero 267 de la Iglesia Cat\u00f3lica.<\/p>\n\n\n\n<p>La elecci\u00f3n perfecta: Robert Prevost Mart\u00ednez, nacido en Chicago, el 14 de septiembre de 1955,&nbsp;&nbsp;Estados Unidos de Am\u00e9rica, de padre franc\u00e9s y madre espa\u00f1ola. Con ciudadan\u00eda estadounidense por nacimiento y peruana por naturalizaci\u00f3n, decidi\u00f3 asumir el papado hablando en italiano y espa\u00f1ol ambos sin acento, con tranquilidad emocional y seguridad intelectual.<\/p>\n\n\n\n<p>Un Papa de Estados Unidos de Am\u00e9rica, un Papa de la Rep\u00fablica del Per\u00fa, con acceso a la comunidad cat\u00f3lica m\u00e1s rica del mundo y sus pies firmemente plantados en la realidad de la pobreza econ\u00f3mica latinoamericana.<\/p>\n\n\n\n<p>Con recursos financieros estadounidenses a su disposici\u00f3n y una clara identificaci\u00f3n con los hispanoamericanos, y los migrantes hispanos indocumentados que tanto necesitan un defensor valiente y de claridad intelectual.<\/p>\n\n\n\n<p>Prevost tiene tambi\u00e9n la experiencia, el idioma y la presencia para influir en l\u00edderes como el actual presidente Donald Trump, oriundo de Chicago, ciudad donde estall\u00f3 la crisis de abuso infantil que tanto ha da\u00f1ado a la Iglesia Cat\u00f3lica y le ha restado un n\u00famero importante de fieles a nivel global sobre todo entre los m\u00e1s j\u00f3venes.<\/p>\n\n\n\n<p>Marianista de coraz\u00f3n, ha estado y sigue estando, ahora m\u00e1s que nunca desde la investidura que asumir\u00e1 como Su Santidad Le\u00f3n XIV, en el centro mismo de los eventos m\u00e1s importantes de la Iglesia actual.<\/p>\n\n\n\n<p>Se desempe\u00f1\u00f3 como Prefecto del Dicasterio para los Obispos y presidente de la Comisi\u00f3n Pontificia para Am\u00e9rica Latina desde el 2023. Anteriormente, fue Obispo de Chiclayo en Per\u00fa, de 2015 a 2023. Prior General de la Orden de San Agust\u00edn de 2001 a 2013. En el a\u00f1o 2015 el cardenal Prevost se naturaliz\u00f3 peruano, seg\u00fan confirmaci\u00f3n del Registro Civil Nacional del Per\u00fa.<\/p>\n\n\n\n<p>No hay dudas que posee la experiencia pastoral, la capacidad intelectual y la sensibilidad humana para impulsar grandes cambios en favor de su Iglesia, los pobres y toda la humanidad si decide ejercer su poder como \u00e9l espera.<\/p>\n\n\n\n<p>Esa fue la raz\u00f3n por la cual eligi\u00f3 el nombre de Le\u00f3n XIV, en honor a Le\u00f3n XIII, reconocido como gran diplom\u00e1tico e intelectual, cualidades que tambi\u00e9n definen a este nuevo Papa. Gioacchino Raffaele Luigi Pecci, conocido como el Papa Le\u00f3n XIII, fue el 257\u00ba Papa de la Iglesia Cat\u00f3lica, reinando desde 1878 hasta su muerte en 1903. Proven\u00eda de la nobleza italiana y fue reconocido por su defensa de los derechos de los trabajadores y su gran influencia en las relaciones internacionales.<\/p>\n\n\n\n<p>Robert Prevost Mart\u00ednez, con acceso a cat\u00f3licos estadounidenses como Marco Rubio y Jerry Vance&nbsp;&nbsp;(entre los dos estar\u00eda el sucesor de Donald Trump), a irlandeses, hispanos, e italianos cat\u00f3licos, podr\u00eda realizar una gran labor como puente (Pont\u00edfice = el que construye puentes), entre todo aquellos con doble nacionalidad o en busca de una posibilidad que les permita documentarse a los migrantes tanto en Estados Unidos como en Europa y el resto del mundo.<\/p>\n\n\n\n<p>Cuando en el 2023 el Papa Francisco nombr\u00f3 al cardenal Prevost, Prefecto del Dicasterio para los Obispos, un cargo destacado que elev\u00f3 su perfil como futuro candidato papal.<\/p>\n\n\n\n<p>Parecer\u00eda que el nuevo Papa por su experiencia de vida pastoral podr\u00eda tener las conexiones, y el conocimiento para construir puentes entre los m\u00e1s ricos y los m\u00e1s pobres, los m\u00e1s fuertes y los m\u00e1s d\u00e9biles a nivel global.<\/p>\n\n\n\n<p>&nbsp;&nbsp;&nbsp;&nbsp;&nbsp;&nbsp;&nbsp;&nbsp;&nbsp;&nbsp;&nbsp;&nbsp;&nbsp;&nbsp;&nbsp;&nbsp;&nbsp;&nbsp;&nbsp;Que la luz de su mandato ilumine al mundo entero.<\/p>\n\n\n\n<p>&nbsp;&nbsp;&nbsp;&nbsp;&nbsp;&nbsp;&nbsp;&nbsp;\u00a1Hasta el pr\u00f3ximo encuentro\u2026!<\/p>\n\n\n\n<p>\u00a0\u00a0\u00a0\u00a0\u00a0\u00a0\u00a0\u00a0\u00a0\u00a0\u00a0\u00a0\u00a0\u00a0\u00a0\u00a0\u00a0\u00a0\u00a0\u00a0\u00a0\u00a0\u00a0\u00a0\u00a0\u00a0\u00a0\u00a0\u00a0\u00a0\u00a0\u00a0\u00a0\u00a0\u00a0\u00a0\u00a0\u00a0\u00a0\u00a0\u00a0\u00a0\u00a0\u00a0\u00a0\u00a0\u00a0\u00a0\u00a0\u00a0\u00a0\u00a0\u00a0\u00a0\u00a0\u00a0<em>\u00a0Dr.(c).Washington Daniel Gorosito P\u00e9rez<\/em><\/p>\n","protected":false},"excerpt":{"rendered":"ENCUENTRO CON GOROSITO\u2026 En la cuarta votaci\u00f3n, \u201chabemus papam\u201d. Apareci\u00f3 la fumata blanca en la chimenea de la Capilla Sixtina. El&nbsp;&nbsp;C\u00f3nclave para elegir al sucesor del fallecido Francisco, anunciaba que la elecci\u00f3n llevada a cabo por los 133 cardenales electores ya ten\u00eda resultado, hab\u00eda el Papa n\u00famero 267 de la Iglesia Cat\u00f3lica. La elecci\u00f3n perfecta: [&hellip;]","protected":false},"author":2,"featured_media":174986,"comment_status":"open","ping_status":"open","sticky":false,"template":"","format":"standard","meta":{"_seopress_robots_primary_cat":"none","_seopress_titles_title":"","_seopress_titles_desc":"","_seopress_robots_index":"","_monsterinsights_skip_tracking":false,"_monsterinsights_sitenote_active":false,"_monsterinsights_sitenote_note":"","_monsterinsights_sitenote_category":0,"footnotes":""},"categories":[3],"tags":[],"class_list":["post-174984","post","type-post","status-publish","format-standard","has-post-thumbnail","hentry","category-politica"],"yoast_head":"<!-- This site is optimized with the Yoast SEO plugin v27.5 - https:\/\/yoast.com\/product\/yoast-seo-wordpress\/ -->\n<title>\u00a0LA IGLESIA DE FIESTA, PAPA LEON XIV: LA ELECCI\u00d3N PERFECTA - Kuali<\/title>\n<meta name=\"robots\" content=\"index, follow, max-snippet:-1, max-image-preview:large, max-video-preview:-1\" \/>\n<link rel=\"canonical\" href=\"https:\/\/kuali.com.mx\/web\/2025\/05\/09\/la-iglesia-de-fiesta-papa-leon-xiv-la-eleccion-perfecta\/\" \/>\n<meta property=\"og:locale\" content=\"es_MX\" \/>\n<meta property=\"og:type\" content=\"article\" \/>\n<meta property=\"og:title\" content=\"\u00a0LA IGLESIA DE FIESTA, PAPA LEON XIV: LA ELECCI\u00d3N PERFECTA - Kuali\" \/>\n<meta property=\"og:description\" content=\"ENCUENTRO CON GOROSITO\u2026 En la cuarta votaci\u00f3n, \u201chabemus papam\u201d. Apareci\u00f3 la fumata blanca en la chimenea de la Capilla Sixtina. El&nbsp;&nbsp;C\u00f3nclave para elegir al sucesor del fallecido Francisco, anunciaba que la elecci\u00f3n llevada a cabo por los 133 cardenales electores ya ten\u00eda resultado, hab\u00eda el Papa n\u00famero 267 de la Iglesia Cat\u00f3lica. La elecci\u00f3n perfecta: [&hellip;]\" \/>\n<meta property=\"og:url\" content=\"https:\/\/kuali.com.mx\/web\/2025\/05\/09\/la-iglesia-de-fiesta-papa-leon-xiv-la-eleccion-perfecta\/\" \/>\n<meta property=\"og:site_name\" content=\"Kuali\" \/>\n<meta property=\"article:publisher\" content=\"https:\/\/kuali.com.mx\/web\/wp-content\/uploads\/2018\/04\/cropped-kuali_logo-1-1.png\" \/>\n<meta property=\"article:published_time\" content=\"2025-05-09T18:38:47+00:00\" \/>\n<meta property=\"article:modified_time\" content=\"2025-05-09T18:38:51+00:00\" \/>\n<meta property=\"og:image\" content=\"https:\/\/kuali.com.mx\/web\/wp-content\/uploads\/2025\/05\/LEON-XIV.jpg\" \/>\n\t<meta property=\"og:image:width\" content=\"1677\" \/>\n\t<meta property=\"og:image:height\" content=\"750\" \/>\n\t<meta property=\"og:image:type\" content=\"image\/jpeg\" \/>\n<meta name=\"author\" content=\"Kuali Staff\" \/>\n<meta name=\"twitter:card\" content=\"summary_large_image\" \/>\n<meta name=\"twitter:creator\" content=\"@kuali_noticias\" \/>\n<meta name=\"twitter:site\" content=\"@kuali_noticias\" \/>\n<meta name=\"twitter:label1\" content=\"Escrito por\" \/>\n\t<meta name=\"twitter:data1\" content=\"Kuali Staff\" \/>\n\t<meta name=\"twitter:label2\" content=\"Tiempo de lectura\" \/>\n\t<meta name=\"twitter:data2\" content=\"3 minutos\" \/>\n<script type=\"application\/ld+json\" class=\"yoast-schema-graph\">{\"@context\":\"https:\\\/\\\/schema.org\",\"@graph\":[{\"@type\":\"Article\",\"@id\":\"https:\\\/\\\/kuali.com.mx\\\/web\\\/2025\\\/05\\\/09\\\/la-iglesia-de-fiesta-papa-leon-xiv-la-eleccion-perfecta\\\/#article\",\"isPartOf\":{\"@id\":\"https:\\\/\\\/kuali.com.mx\\\/web\\\/2025\\\/05\\\/09\\\/la-iglesia-de-fiesta-papa-leon-xiv-la-eleccion-perfecta\\\/\"},\"author\":{\"name\":\"Kuali Staff\",\"@id\":\"https:\\\/\\\/kuali.com.mx\\\/web\\\/#\\\/schema\\\/person\\\/6f89ffa8ecba9dae50662357923c5289\"},\"headline\":\"\u00a0LA IGLESIA DE FIESTA, PAPA LEON XIV: LA ELECCI\u00d3N PERFECTA\",\"datePublished\":\"2025-05-09T18:38:47+00:00\",\"dateModified\":\"2025-05-09T18:38:51+00:00\",\"mainEntityOfPage\":{\"@id\":\"https:\\\/\\\/kuali.com.mx\\\/web\\\/2025\\\/05\\\/09\\\/la-iglesia-de-fiesta-papa-leon-xiv-la-eleccion-perfecta\\\/\"},\"wordCount\":697,\"commentCount\":0,\"image\":{\"@id\":\"https:\\\/\\\/kuali.com.mx\\\/web\\\/2025\\\/05\\\/09\\\/la-iglesia-de-fiesta-papa-leon-xiv-la-eleccion-perfecta\\\/#primaryimage\"},\"thumbnailUrl\":\"https:\\\/\\\/kuali.com.mx\\\/web\\\/wp-content\\\/uploads\\\/2025\\\/05\\\/LEON-XIV.jpg\",\"articleSection\":[\"Pol\u00edtica\"],\"inLanguage\":\"es\",\"potentialAction\":[{\"@type\":\"CommentAction\",\"name\":\"Comment\",\"target\":[\"https:\\\/\\\/kuali.com.mx\\\/web\\\/2025\\\/05\\\/09\\\/la-iglesia-de-fiesta-papa-leon-xiv-la-eleccion-perfecta\\\/#respond\"]}]},{\"@type\":\"WebPage\",\"@id\":\"https:\\\/\\\/kuali.com.mx\\\/web\\\/2025\\\/05\\\/09\\\/la-iglesia-de-fiesta-papa-leon-xiv-la-eleccion-perfecta\\\/\",\"url\":\"https:\\\/\\\/kuali.com.mx\\\/web\\\/2025\\\/05\\\/09\\\/la-iglesia-de-fiesta-papa-leon-xiv-la-eleccion-perfecta\\\/\",\"name\":\"\u00a0LA IGLESIA DE FIESTA, PAPA LEON XIV: LA ELECCI\u00d3N PERFECTA - Kuali\",\"isPartOf\":{\"@id\":\"https:\\\/\\\/kuali.com.mx\\\/web\\\/#website\"},\"primaryImageOfPage\":{\"@id\":\"https:\\\/\\\/kuali.com.mx\\\/web\\\/2025\\\/05\\\/09\\\/la-iglesia-de-fiesta-papa-leon-xiv-la-eleccion-perfecta\\\/#primaryimage\"},\"image\":{\"@id\":\"https:\\\/\\\/kuali.com.mx\\\/web\\\/2025\\\/05\\\/09\\\/la-iglesia-de-fiesta-papa-leon-xiv-la-eleccion-perfecta\\\/#primaryimage\"},\"thumbnailUrl\":\"https:\\\/\\\/kuali.com.mx\\\/web\\\/wp-content\\\/uploads\\\/2025\\\/05\\\/LEON-XIV.jpg\",\"datePublished\":\"2025-05-09T18:38:47+00:00\",\"dateModified\":\"2025-05-09T18:38:51+00:00\",\"author\":{\"@id\":\"https:\\\/\\\/kuali.com.mx\\\/web\\\/#\\\/schema\\\/person\\\/6f89ffa8ecba9dae50662357923c5289\"},\"breadcrumb\":{\"@id\":\"https:\\\/\\\/kuali.com.mx\\\/web\\\/2025\\\/05\\\/09\\\/la-iglesia-de-fiesta-papa-leon-xiv-la-eleccion-perfecta\\\/#breadcrumb\"},\"inLanguage\":\"es\",\"potentialAction\":[{\"@type\":\"ReadAction\",\"target\":[\"https:\\\/\\\/kuali.com.mx\\\/web\\\/2025\\\/05\\\/09\\\/la-iglesia-de-fiesta-papa-leon-xiv-la-eleccion-perfecta\\\/\"]}]},{\"@type\":\"ImageObject\",\"inLanguage\":\"es\",\"@id\":\"https:\\\/\\\/kuali.com.mx\\\/web\\\/2025\\\/05\\\/09\\\/la-iglesia-de-fiesta-papa-leon-xiv-la-eleccion-perfecta\\\/#primaryimage\",\"url\":\"https:\\\/\\\/kuali.com.mx\\\/web\\\/wp-content\\\/uploads\\\/2025\\\/05\\\/LEON-XIV.jpg\",\"contentUrl\":\"https:\\\/\\\/kuali.com.mx\\\/web\\\/wp-content\\\/uploads\\\/2025\\\/05\\\/LEON-XIV.jpg\",\"width\":1677,\"height\":750},{\"@type\":\"BreadcrumbList\",\"@id\":\"https:\\\/\\\/kuali.com.mx\\\/web\\\/2025\\\/05\\\/09\\\/la-iglesia-de-fiesta-papa-leon-xiv-la-eleccion-perfecta\\\/#breadcrumb\",\"itemListElement\":[{\"@type\":\"ListItem\",\"position\":1,\"name\":\"Inicio\",\"item\":\"https:\\\/\\\/kuali.com.mx\\\/web\\\/\"},{\"@type\":\"ListItem\",\"position\":2,\"name\":\"\u00a0LA IGLESIA DE FIESTA, PAPA LEON XIV: LA ELECCI\u00d3N PERFECTA\"}]},{\"@type\":\"WebSite\",\"@id\":\"https:\\\/\\\/kuali.com.mx\\\/web\\\/#website\",\"url\":\"https:\\\/\\\/kuali.com.mx\\\/web\\\/\",\"name\":\"Kuali\",\"description\":\"\",\"potentialAction\":[{\"@type\":\"SearchAction\",\"target\":{\"@type\":\"EntryPoint\",\"urlTemplate\":\"https:\\\/\\\/kuali.com.mx\\\/web\\\/?s={search_term_string}\"},\"query-input\":{\"@type\":\"PropertyValueSpecification\",\"valueRequired\":true,\"valueName\":\"search_term_string\"}}],\"inLanguage\":\"es\"},{\"@type\":\"Person\",\"@id\":\"https:\\\/\\\/kuali.com.mx\\\/web\\\/#\\\/schema\\\/person\\\/6f89ffa8ecba9dae50662357923c5289\",\"name\":\"Kuali Staff\",\"image\":{\"@type\":\"ImageObject\",\"inLanguage\":\"es\",\"@id\":\"https:\\\/\\\/secure.gravatar.com\\\/avatar\\\/f917ad82e5ab71227a733c78b6e60715476f69ee6be59feee4eb5d9920c89e0f?s=96&d=mm&r=g\",\"url\":\"https:\\\/\\\/secure.gravatar.com\\\/avatar\\\/f917ad82e5ab71227a733c78b6e60715476f69ee6be59feee4eb5d9920c89e0f?s=96&d=mm&r=g\",\"contentUrl\":\"https:\\\/\\\/secure.gravatar.com\\\/avatar\\\/f917ad82e5ab71227a733c78b6e60715476f69ee6be59feee4eb5d9920c89e0f?s=96&d=mm&r=g\",\"caption\":\"Kuali Staff\"},\"url\":\"https:\\\/\\\/kuali.com.mx\\\/web\\\/author\\\/lagarto\\\/\"}]}<\/script>\n<!-- \/ Yoast SEO plugin. -->","yoast_head_json":{"title":"\u00a0LA IGLESIA DE FIESTA, PAPA LEON XIV: LA ELECCI\u00d3N PERFECTA - Kuali","robots":{"index":"index","follow":"follow","max-snippet":"max-snippet:-1","max-image-preview":"max-image-preview:large","max-video-preview":"max-video-preview:-1"},"canonical":"https:\/\/kuali.com.mx\/web\/2025\/05\/09\/la-iglesia-de-fiesta-papa-leon-xiv-la-eleccion-perfecta\/","og_locale":"es_MX","og_type":"article","og_title":"\u00a0LA IGLESIA DE FIESTA, PAPA LEON XIV: LA ELECCI\u00d3N PERFECTA - Kuali","og_description":"ENCUENTRO CON GOROSITO\u2026 En la cuarta votaci\u00f3n, \u201chabemus papam\u201d. Apareci\u00f3 la fumata blanca en la chimenea de la Capilla Sixtina. El&nbsp;&nbsp;C\u00f3nclave para elegir al sucesor del fallecido Francisco, anunciaba que la elecci\u00f3n llevada a cabo por los 133 cardenales electores ya ten\u00eda resultado, hab\u00eda el Papa n\u00famero 267 de la Iglesia Cat\u00f3lica. La elecci\u00f3n perfecta: [&hellip;]","og_url":"https:\/\/kuali.com.mx\/web\/2025\/05\/09\/la-iglesia-de-fiesta-papa-leon-xiv-la-eleccion-perfecta\/","og_site_name":"Kuali","article_publisher":"https:\/\/kuali.com.mx\/web\/wp-content\/uploads\/2018\/04\/cropped-kuali_logo-1-1.png","article_published_time":"2025-05-09T18:38:47+00:00","article_modified_time":"2025-05-09T18:38:51+00:00","og_image":[{"width":1677,"height":750,"url":"https:\/\/kuali.com.mx\/web\/wp-content\/uploads\/2025\/05\/LEON-XIV.jpg","type":"image\/jpeg"}],"author":"Kuali Staff","twitter_card":"summary_large_image","twitter_creator":"@kuali_noticias","twitter_site":"@kuali_noticias","twitter_misc":{"Escrito por":"Kuali Staff","Tiempo de lectura":"3 minutos"},"schema":{"@context":"https:\/\/schema.org","@graph":[{"@type":"Article","@id":"https:\/\/kuali.com.mx\/web\/2025\/05\/09\/la-iglesia-de-fiesta-papa-leon-xiv-la-eleccion-perfecta\/#article","isPartOf":{"@id":"https:\/\/kuali.com.mx\/web\/2025\/05\/09\/la-iglesia-de-fiesta-papa-leon-xiv-la-eleccion-perfecta\/"},"author":{"name":"Kuali Staff","@id":"https:\/\/kuali.com.mx\/web\/#\/schema\/person\/6f89ffa8ecba9dae50662357923c5289"},"headline":"\u00a0LA IGLESIA DE FIESTA, PAPA LEON XIV: LA ELECCI\u00d3N PERFECTA","datePublished":"2025-05-09T18:38:47+00:00","dateModified":"2025-05-09T18:38:51+00:00","mainEntityOfPage":{"@id":"https:\/\/kuali.com.mx\/web\/2025\/05\/09\/la-iglesia-de-fiesta-papa-leon-xiv-la-eleccion-perfecta\/"},"wordCount":697,"commentCount":0,"image":{"@id":"https:\/\/kuali.com.mx\/web\/2025\/05\/09\/la-iglesia-de-fiesta-papa-leon-xiv-la-eleccion-perfecta\/#primaryimage"},"thumbnailUrl":"https:\/\/kuali.com.mx\/web\/wp-content\/uploads\/2025\/05\/LEON-XIV.jpg","articleSection":["Pol\u00edtica"],"inLanguage":"es","potentialAction":[{"@type":"CommentAction","name":"Comment","target":["https:\/\/kuali.com.mx\/web\/2025\/05\/09\/la-iglesia-de-fiesta-papa-leon-xiv-la-eleccion-perfecta\/#respond"]}]},{"@type":"WebPage","@id":"https:\/\/kuali.com.mx\/web\/2025\/05\/09\/la-iglesia-de-fiesta-papa-leon-xiv-la-eleccion-perfecta\/","url":"https:\/\/kuali.com.mx\/web\/2025\/05\/09\/la-iglesia-de-fiesta-papa-leon-xiv-la-eleccion-perfecta\/","name":"\u00a0LA IGLESIA DE FIESTA, PAPA LEON XIV: LA ELECCI\u00d3N PERFECTA - Kuali","isPartOf":{"@id":"https:\/\/kuali.com.mx\/web\/#website"},"primaryImageOfPage":{"@id":"https:\/\/kuali.com.mx\/web\/2025\/05\/09\/la-iglesia-de-fiesta-papa-leon-xiv-la-eleccion-perfecta\/#primaryimage"},"image":{"@id":"https:\/\/kuali.com.mx\/web\/2025\/05\/09\/la-iglesia-de-fiesta-papa-leon-xiv-la-eleccion-perfecta\/#primaryimage"},"thumbnailUrl":"https:\/\/kuali.com.mx\/web\/wp-content\/uploads\/2025\/05\/LEON-XIV.jpg","datePublished":"2025-05-09T18:38:47+00:00","dateModified":"2025-05-09T18:38:51+00:00","author":{"@id":"https:\/\/kuali.com.mx\/web\/#\/schema\/person\/6f89ffa8ecba9dae50662357923c5289"},"breadcrumb":{"@id":"https:\/\/kuali.com.mx\/web\/2025\/05\/09\/la-iglesia-de-fiesta-papa-leon-xiv-la-eleccion-perfecta\/#breadcrumb"},"inLanguage":"es","potentialAction":[{"@type":"ReadAction","target":["https:\/\/kuali.com.mx\/web\/2025\/05\/09\/la-iglesia-de-fiesta-papa-leon-xiv-la-eleccion-perfecta\/"]}]},{"@type":"ImageObject","inLanguage":"es","@id":"https:\/\/kuali.com.mx\/web\/2025\/05\/09\/la-iglesia-de-fiesta-papa-leon-xiv-la-eleccion-perfecta\/#primaryimage","url":"https:\/\/kuali.com.mx\/web\/wp-content\/uploads\/2025\/05\/LEON-XIV.jpg","contentUrl":"https:\/\/kuali.com.mx\/web\/wp-content\/uploads\/2025\/05\/LEON-XIV.jpg","width":1677,"height":750},{"@type":"BreadcrumbList","@id":"https:\/\/kuali.com.mx\/web\/2025\/05\/09\/la-iglesia-de-fiesta-papa-leon-xiv-la-eleccion-perfecta\/#breadcrumb","itemListElement":[{"@type":"ListItem","position":1,"name":"Inicio","item":"https:\/\/kuali.com.mx\/web\/"},{"@type":"ListItem","position":2,"name":"\u00a0LA IGLESIA DE FIESTA, PAPA LEON XIV: LA ELECCI\u00d3N PERFECTA"}]},{"@type":"WebSite","@id":"https:\/\/kuali.com.mx\/web\/#website","url":"https:\/\/kuali.com.mx\/web\/","name":"Kuali","description":"","potentialAction":[{"@type":"SearchAction","target":{"@type":"EntryPoint","urlTemplate":"https:\/\/kuali.com.mx\/web\/?s={search_term_string}"},"query-input":{"@type":"PropertyValueSpecification","valueRequired":true,"valueName":"search_term_string"}}],"inLanguage":"es"},{"@type":"Person","@id":"https:\/\/kuali.com.mx\/web\/#\/schema\/person\/6f89ffa8ecba9dae50662357923c5289","name":"Kuali Staff","image":{"@type":"ImageObject","inLanguage":"es","@id":"https:\/\/secure.gravatar.com\/avatar\/f917ad82e5ab71227a733c78b6e60715476f69ee6be59feee4eb5d9920c89e0f?s=96&d=mm&r=g","url":"https:\/\/secure.gravatar.com\/avatar\/f917ad82e5ab71227a733c78b6e60715476f69ee6be59feee4eb5d9920c89e0f?s=96&d=mm&r=g","contentUrl":"https:\/\/secure.gravatar.com\/avatar\/f917ad82e5ab71227a733c78b6e60715476f69ee6be59feee4eb5d9920c89e0f?s=96&d=mm&r=g","caption":"Kuali Staff"},"url":"https:\/\/kuali.com.mx\/web\/author\/lagarto\/"}]}},"_links":{"self":[{"href":"https:\/\/kuali.com.mx\/web\/wp-json\/wp\/v2\/posts\/174984","targetHints":{"allow":["GET"]}}],"collection":[{"href":"https:\/\/kuali.com.mx\/web\/wp-json\/wp\/v2\/posts"}],"about":[{"href":"https:\/\/kuali.com.mx\/web\/wp-json\/wp\/v2\/types\/post"}],"author":[{"embeddable":true,"href":"https:\/\/kuali.com.mx\/web\/wp-json\/wp\/v2\/users\/2"}],"replies":[{"embeddable":true,"href":"https:\/\/kuali.com.mx\/web\/wp-json\/wp\/v2\/comments?post=174984"}],"version-history":[{"count":1,"href":"https:\/\/kuali.com.mx\/web\/wp-json\/wp\/v2\/posts\/174984\/revisions"}],"predecessor-version":[{"id":174987,"href":"https:\/\/kuali.com.mx\/web\/wp-json\/wp\/v2\/posts\/174984\/revisions\/174987"}],"wp:featuredmedia":[{"embeddable":true,"href":"https:\/\/kuali.com.mx\/web\/wp-json\/wp\/v2\/media\/174986"}],"wp:attachment":[{"href":"https:\/\/kuali.com.mx\/web\/wp-json\/wp\/v2\/media?parent=174984"}],"wp:term":[{"taxonomy":"category","embeddable":true,"href":"https:\/\/kuali.com.mx\/web\/wp-json\/wp\/v2\/categories?post=174984"},{"taxonomy":"post_tag","embeddable":true,"href":"https:\/\/kuali.com.mx\/web\/wp-json\/wp\/v2\/tags?post=174984"}],"curies":[{"name":"wp","href":"https:\/\/api.w.org\/{rel}","templated":true}]}}