{"id":174967,"date":"2025-05-09T07:36:28","date_gmt":"2025-05-09T13:36:28","guid":{"rendered":"https:\/\/kuali.com.mx\/web\/?p=174967"},"modified":"2025-05-09T07:36:31","modified_gmt":"2025-05-09T13:36:31","slug":"crecen-ataques-y-acusaciones-entre-india-y-pakistan","status":"publish","type":"post","link":"https:\/\/kuali.com.mx\/web\/2025\/05\/09\/crecen-ataques-y-acusaciones-entre-india-y-pakistan\/","title":{"rendered":"CRECEN ATAQUES Y ACUSACIONES ENTRE INDIA Y PAKIST\u00c1N"},"content":{"rendered":"\n<p><em><strong>ENCUENTRO CON GOROSITO\u2026<\/strong><\/em><\/p>\n\n\n\n<p>El enfrentamiento entre estas dos potencias nucleares asi\u00e1ticas ya casi va a cumplir una semana, la escalada militad ha dejado unos 50 civiles muertos, decenas de heridos y gran cantidad de ciudades en estado de alerta. El ej\u00e9rcito paquistan\u00ed anunci\u00f3 haber derribado 25 drones de fabricaci\u00f3n israel\u00ed Harop, lanzados desde la India, algunos de ellos con blancos en ciudades muy pobladas como Lahore, Karachi y Rawalpindi, en la que se encuentra la sede del Cuartel General del Ej\u00e9rcito paquistan\u00ed.<\/p>\n\n\n\n<p>Simult\u00e1neamente, el Ministerio de Defensa indio dio a conocer la neutralizaci\u00f3n de varios ataques contra objetivos militares en el oeste y norte del pa\u00eds, utilizando su sistema de defensa a\u00e9rea. Con represalia la India dice haber atacado radares y sistemas defensivos paquistan\u00edes.<\/p>\n\n\n\n<p>Pakist\u00e1n ha prometido responder a los ataques \u201cen el momento y lugar de su elecci\u00f3n\u201d y su primer ministro Shehbaz Sharif, afirm\u00f3 que \u201cIndia pagar\u00e1 un precio alto por su agresi\u00f3n desnuda\u201d.<\/p>\n\n\n\n<p>Mientras que el ministro de Defensa pakistan\u00ed Khawaja Asif, plante\u00f3 algo muy distinto, una apertura al di\u00e1logo, dando a conocer a la prensa internacional que Islamabad estar\u00eda dispuesta a desescalar si hay voluntad del otro lado.<\/p>\n\n\n\n<p>A su vez en India, el ministro de Relaciones Exteriores, Subrahmanyam Jaishankar afirm\u00f3 que \u201cno hay intenci\u00f3n de escalar en el conflicto\u201d, pero advirti\u00f3 que cualquier nuevo ataque de Pakist\u00e1n ser\u00e1 respondido \u201cde forma muy firme\u201d<\/p>\n\n\n\n<p>Ante este contexto, la comunidad internacional sigue muy de cerca la situaci\u00f3n, Rusia, China, Estados Unidos de Am\u00e9rica y la Organizaci\u00f3n de las Naciones Unidas (ONU), emitieron llamados a la contenci\u00f3n. El l\u00edder de la Casa Blanca expres\u00f3 su deseo de que ambas naciones \u201cresuelvan sus diferencias\u201d y ofreci\u00f3 intervenir si fuera necesario. Mientras que los l\u00edderes de la China y Rusia pidieron a ambos bandos \u201cactuar con responsabilidad\u201d.<\/p>\n\n\n\n<p>La denominada operaci\u00f3n \u201cSindoor\u201d que realiz\u00f3 la India, lanzando m\u00faltiples lanzamientos contra Pakist\u00e1n y su parte de Cachemira, fue seg\u00fan el pa\u00eds agresor en respuesta al ataque mort\u00edfero del pasado 22 de abril, en el que fallecieron 26 turistas hind\u00faes en Pahalgam, Cachemira, Administrada por India, en manos de un grupo armado denominado Frente de Resistencia. Quienes reivindicaron el atentado son conocidos por reclamar la Independencia de Cachemira, aunque la India afirma que es una rama del grupo terrorista Lashkar- e-Taiba (LeT), con sede en Pakist\u00e1n.<\/p>\n\n\n\n<p>Si bien Islamabad neg\u00f3 su participaci\u00f3n, Nueva Delhi comenz\u00f3 a tomar cartas en el asunto. Inicialmente, suspendi\u00f3 su participaci\u00f3n en el Tratado de las Aguas del Indo, del que depende Pakist\u00e1n para su abastecimiento de agua, generando respuestas desde Pakist\u00e1n amenazando con sus pender su participaci\u00f3n en el Acuerdo de Simla, un pacto firmado en el a\u00f1o 1972 tras la guerra indo- pakistan\u00ed.<\/p>\n\n\n\n<p>Desde ese momento, ambos pa\u00edses han tomado medidas dr\u00e1sticas que han reducido al m\u00ednimo sus relaciones diplom\u00e1ticas, como el cierre mutuo del espacio a\u00e9reo nacional y la expulsi\u00f3n de representantes del otro pa\u00eds, corte del comercio bilateral y la negaci\u00f3n del uso de sus puertos a barcos de bandera del rival.<\/p>\n\n\n\n<p>El ministro indio de Asuntos Exteriores declar\u00f3 que los ataques con misiles \u201cse centraron en desmantelas la infraestructura terrorista e inhabilitar a los terroristas que pudieran ser enviados a la India\u201d.<\/p>\n\n\n\n<p>A su vez el ministro de Defensa paquistan\u00ed extern\u00f3: \u201cLos cachemires tienen derecho a determinar su propio destino. El ej\u00e9rcito y el pueblo van de la mano y las crisis nos unen\u201d. Concluy\u00f3: \u201cNo tenemos miedo a la muerte y siempre estamos dispuestos a hacer sacrificios\u201d.<\/p>\n\n\n\n<p>&nbsp;&nbsp;&nbsp;&nbsp;&nbsp;&nbsp;&nbsp;&nbsp;&nbsp;&nbsp;\u00a1Hasta el pr\u00f3ximo encuentro\u2026!<\/p>\n\n\n\n<p><em><strong>\u00a0\u00a0\u00a0\u00a0\u00a0\u00a0\u00a0\u00a0\u00a0\u00a0\u00a0\u00a0\u00a0\u00a0\u00a0\u00a0\u00a0\u00a0\u00a0\u00a0\u00a0\u00a0\u00a0\u00a0\u00a0\u00a0\u00a0\u00a0\u00a0\u00a0\u00a0\u00a0\u00a0\u00a0\u00a0\u00a0\u00a0\u00a0\u00a0\u00a0\u00a0\u00a0\u00a0\u00a0\u00a0\u00a0\u00a0\u00a0\u00a0\u00a0\u00a0\u00a0\u00a0\u00a0\u00a0\u00a0\u00a0\u00a0\u00a0Dr.(c) Washington Daniel Gorosito P\u00e9rez<\/strong><\/em><\/p>\n","protected":false},"excerpt":{"rendered":"ENCUENTRO CON GOROSITO\u2026 El enfrentamiento entre estas dos potencias nucleares asi\u00e1ticas ya casi va a cumplir una semana, la escalada militad ha dejado unos 50 civiles muertos, decenas de heridos y gran cantidad de ciudades en estado de alerta. El ej\u00e9rcito paquistan\u00ed anunci\u00f3 haber derribado 25 drones de fabricaci\u00f3n israel\u00ed Harop, lanzados desde la India, [&hellip;]","protected":false},"author":2,"featured_media":174969,"comment_status":"open","ping_status":"open","sticky":false,"template":"","format":"standard","meta":{"_seopress_robots_primary_cat":"none","_seopress_titles_title":"","_seopress_titles_desc":"","_seopress_robots_index":"","_monsterinsights_skip_tracking":false,"_monsterinsights_sitenote_active":false,"_monsterinsights_sitenote_note":"","_monsterinsights_sitenote_category":0,"footnotes":""},"categories":[3],"tags":[],"class_list":["post-174967","post","type-post","status-publish","format-standard","has-post-thumbnail","hentry","category-politica"],"yoast_head":"<!-- This site is optimized with the Yoast SEO plugin v27.5 - https:\/\/yoast.com\/product\/yoast-seo-wordpress\/ -->\n<title>CRECEN ATAQUES Y ACUSACIONES ENTRE INDIA Y PAKIST\u00c1N - Kuali<\/title>\n<meta name=\"robots\" content=\"index, follow, max-snippet:-1, max-image-preview:large, max-video-preview:-1\" \/>\n<link rel=\"canonical\" href=\"https:\/\/kuali.com.mx\/web\/2025\/05\/09\/crecen-ataques-y-acusaciones-entre-india-y-pakistan\/\" \/>\n<meta property=\"og:locale\" content=\"es_MX\" \/>\n<meta property=\"og:type\" content=\"article\" \/>\n<meta property=\"og:title\" content=\"CRECEN ATAQUES Y ACUSACIONES ENTRE INDIA Y PAKIST\u00c1N - Kuali\" \/>\n<meta property=\"og:description\" content=\"ENCUENTRO CON GOROSITO\u2026 El enfrentamiento entre estas dos potencias nucleares asi\u00e1ticas ya casi va a cumplir una semana, la escalada militad ha dejado unos 50 civiles muertos, decenas de heridos y gran cantidad de ciudades en estado de alerta. El ej\u00e9rcito paquistan\u00ed anunci\u00f3 haber derribado 25 drones de fabricaci\u00f3n israel\u00ed Harop, lanzados desde la India, [&hellip;]\" \/>\n<meta property=\"og:url\" content=\"https:\/\/kuali.com.mx\/web\/2025\/05\/09\/crecen-ataques-y-acusaciones-entre-india-y-pakistan\/\" \/>\n<meta property=\"og:site_name\" content=\"Kuali\" \/>\n<meta property=\"article:publisher\" content=\"https:\/\/kuali.com.mx\/web\/wp-content\/uploads\/2018\/04\/cropped-kuali_logo-1-1.png\" \/>\n<meta property=\"article:published_time\" content=\"2025-05-09T13:36:28+00:00\" \/>\n<meta property=\"article:modified_time\" content=\"2025-05-09T13:36:31+00:00\" \/>\n<meta property=\"og:image\" content=\"https:\/\/kuali.com.mx\/web\/wp-content\/uploads\/2025\/05\/guerra.jpg\" \/>\n\t<meta property=\"og:image:width\" content=\"1267\" \/>\n\t<meta property=\"og:image:height\" content=\"750\" \/>\n\t<meta property=\"og:image:type\" content=\"image\/jpeg\" \/>\n<meta name=\"author\" content=\"Kuali Staff\" \/>\n<meta name=\"twitter:card\" content=\"summary_large_image\" \/>\n<meta name=\"twitter:creator\" content=\"@kuali_noticias\" \/>\n<meta name=\"twitter:site\" content=\"@kuali_noticias\" \/>\n<meta name=\"twitter:label1\" content=\"Escrito por\" \/>\n\t<meta name=\"twitter:data1\" content=\"Kuali Staff\" \/>\n\t<meta name=\"twitter:label2\" content=\"Tiempo de lectura\" \/>\n\t<meta name=\"twitter:data2\" content=\"3 minutos\" \/>\n<script type=\"application\/ld+json\" class=\"yoast-schema-graph\">{\"@context\":\"https:\\\/\\\/schema.org\",\"@graph\":[{\"@type\":\"Article\",\"@id\":\"https:\\\/\\\/kuali.com.mx\\\/web\\\/2025\\\/05\\\/09\\\/crecen-ataques-y-acusaciones-entre-india-y-pakistan\\\/#article\",\"isPartOf\":{\"@id\":\"https:\\\/\\\/kuali.com.mx\\\/web\\\/2025\\\/05\\\/09\\\/crecen-ataques-y-acusaciones-entre-india-y-pakistan\\\/\"},\"author\":{\"name\":\"Kuali Staff\",\"@id\":\"https:\\\/\\\/kuali.com.mx\\\/web\\\/#\\\/schema\\\/person\\\/6f89ffa8ecba9dae50662357923c5289\"},\"headline\":\"CRECEN ATAQUES Y ACUSACIONES ENTRE INDIA Y PAKIST\u00c1N\",\"datePublished\":\"2025-05-09T13:36:28+00:00\",\"dateModified\":\"2025-05-09T13:36:31+00:00\",\"mainEntityOfPage\":{\"@id\":\"https:\\\/\\\/kuali.com.mx\\\/web\\\/2025\\\/05\\\/09\\\/crecen-ataques-y-acusaciones-entre-india-y-pakistan\\\/\"},\"wordCount\":645,\"commentCount\":0,\"image\":{\"@id\":\"https:\\\/\\\/kuali.com.mx\\\/web\\\/2025\\\/05\\\/09\\\/crecen-ataques-y-acusaciones-entre-india-y-pakistan\\\/#primaryimage\"},\"thumbnailUrl\":\"https:\\\/\\\/kuali.com.mx\\\/web\\\/wp-content\\\/uploads\\\/2025\\\/05\\\/guerra.jpg\",\"articleSection\":[\"Pol\u00edtica\"],\"inLanguage\":\"es\",\"potentialAction\":[{\"@type\":\"CommentAction\",\"name\":\"Comment\",\"target\":[\"https:\\\/\\\/kuali.com.mx\\\/web\\\/2025\\\/05\\\/09\\\/crecen-ataques-y-acusaciones-entre-india-y-pakistan\\\/#respond\"]}]},{\"@type\":\"WebPage\",\"@id\":\"https:\\\/\\\/kuali.com.mx\\\/web\\\/2025\\\/05\\\/09\\\/crecen-ataques-y-acusaciones-entre-india-y-pakistan\\\/\",\"url\":\"https:\\\/\\\/kuali.com.mx\\\/web\\\/2025\\\/05\\\/09\\\/crecen-ataques-y-acusaciones-entre-india-y-pakistan\\\/\",\"name\":\"CRECEN ATAQUES Y ACUSACIONES ENTRE INDIA Y PAKIST\u00c1N - Kuali\",\"isPartOf\":{\"@id\":\"https:\\\/\\\/kuali.com.mx\\\/web\\\/#website\"},\"primaryImageOfPage\":{\"@id\":\"https:\\\/\\\/kuali.com.mx\\\/web\\\/2025\\\/05\\\/09\\\/crecen-ataques-y-acusaciones-entre-india-y-pakistan\\\/#primaryimage\"},\"image\":{\"@id\":\"https:\\\/\\\/kuali.com.mx\\\/web\\\/2025\\\/05\\\/09\\\/crecen-ataques-y-acusaciones-entre-india-y-pakistan\\\/#primaryimage\"},\"thumbnailUrl\":\"https:\\\/\\\/kuali.com.mx\\\/web\\\/wp-content\\\/uploads\\\/2025\\\/05\\\/guerra.jpg\",\"datePublished\":\"2025-05-09T13:36:28+00:00\",\"dateModified\":\"2025-05-09T13:36:31+00:00\",\"author\":{\"@id\":\"https:\\\/\\\/kuali.com.mx\\\/web\\\/#\\\/schema\\\/person\\\/6f89ffa8ecba9dae50662357923c5289\"},\"breadcrumb\":{\"@id\":\"https:\\\/\\\/kuali.com.mx\\\/web\\\/2025\\\/05\\\/09\\\/crecen-ataques-y-acusaciones-entre-india-y-pakistan\\\/#breadcrumb\"},\"inLanguage\":\"es\",\"potentialAction\":[{\"@type\":\"ReadAction\",\"target\":[\"https:\\\/\\\/kuali.com.mx\\\/web\\\/2025\\\/05\\\/09\\\/crecen-ataques-y-acusaciones-entre-india-y-pakistan\\\/\"]}]},{\"@type\":\"ImageObject\",\"inLanguage\":\"es\",\"@id\":\"https:\\\/\\\/kuali.com.mx\\\/web\\\/2025\\\/05\\\/09\\\/crecen-ataques-y-acusaciones-entre-india-y-pakistan\\\/#primaryimage\",\"url\":\"https:\\\/\\\/kuali.com.mx\\\/web\\\/wp-content\\\/uploads\\\/2025\\\/05\\\/guerra.jpg\",\"contentUrl\":\"https:\\\/\\\/kuali.com.mx\\\/web\\\/wp-content\\\/uploads\\\/2025\\\/05\\\/guerra.jpg\",\"width\":1267,\"height\":750},{\"@type\":\"BreadcrumbList\",\"@id\":\"https:\\\/\\\/kuali.com.mx\\\/web\\\/2025\\\/05\\\/09\\\/crecen-ataques-y-acusaciones-entre-india-y-pakistan\\\/#breadcrumb\",\"itemListElement\":[{\"@type\":\"ListItem\",\"position\":1,\"name\":\"Inicio\",\"item\":\"https:\\\/\\\/kuali.com.mx\\\/web\\\/\"},{\"@type\":\"ListItem\",\"position\":2,\"name\":\"CRECEN ATAQUES Y ACUSACIONES ENTRE INDIA Y PAKIST\u00c1N\"}]},{\"@type\":\"WebSite\",\"@id\":\"https:\\\/\\\/kuali.com.mx\\\/web\\\/#website\",\"url\":\"https:\\\/\\\/kuali.com.mx\\\/web\\\/\",\"name\":\"Kuali\",\"description\":\"\",\"potentialAction\":[{\"@type\":\"SearchAction\",\"target\":{\"@type\":\"EntryPoint\",\"urlTemplate\":\"https:\\\/\\\/kuali.com.mx\\\/web\\\/?s={search_term_string}\"},\"query-input\":{\"@type\":\"PropertyValueSpecification\",\"valueRequired\":true,\"valueName\":\"search_term_string\"}}],\"inLanguage\":\"es\"},{\"@type\":\"Person\",\"@id\":\"https:\\\/\\\/kuali.com.mx\\\/web\\\/#\\\/schema\\\/person\\\/6f89ffa8ecba9dae50662357923c5289\",\"name\":\"Kuali Staff\",\"image\":{\"@type\":\"ImageObject\",\"inLanguage\":\"es\",\"@id\":\"https:\\\/\\\/secure.gravatar.com\\\/avatar\\\/f917ad82e5ab71227a733c78b6e60715476f69ee6be59feee4eb5d9920c89e0f?s=96&d=mm&r=g\",\"url\":\"https:\\\/\\\/secure.gravatar.com\\\/avatar\\\/f917ad82e5ab71227a733c78b6e60715476f69ee6be59feee4eb5d9920c89e0f?s=96&d=mm&r=g\",\"contentUrl\":\"https:\\\/\\\/secure.gravatar.com\\\/avatar\\\/f917ad82e5ab71227a733c78b6e60715476f69ee6be59feee4eb5d9920c89e0f?s=96&d=mm&r=g\",\"caption\":\"Kuali Staff\"},\"url\":\"https:\\\/\\\/kuali.com.mx\\\/web\\\/author\\\/lagarto\\\/\"}]}<\/script>\n<!-- \/ Yoast SEO plugin. -->","yoast_head_json":{"title":"CRECEN ATAQUES Y ACUSACIONES ENTRE INDIA Y PAKIST\u00c1N - Kuali","robots":{"index":"index","follow":"follow","max-snippet":"max-snippet:-1","max-image-preview":"max-image-preview:large","max-video-preview":"max-video-preview:-1"},"canonical":"https:\/\/kuali.com.mx\/web\/2025\/05\/09\/crecen-ataques-y-acusaciones-entre-india-y-pakistan\/","og_locale":"es_MX","og_type":"article","og_title":"CRECEN ATAQUES Y ACUSACIONES ENTRE INDIA Y PAKIST\u00c1N - Kuali","og_description":"ENCUENTRO CON GOROSITO\u2026 El enfrentamiento entre estas dos potencias nucleares asi\u00e1ticas ya casi va a cumplir una semana, la escalada militad ha dejado unos 50 civiles muertos, decenas de heridos y gran cantidad de ciudades en estado de alerta. El ej\u00e9rcito paquistan\u00ed anunci\u00f3 haber derribado 25 drones de fabricaci\u00f3n israel\u00ed Harop, lanzados desde la India, [&hellip;]","og_url":"https:\/\/kuali.com.mx\/web\/2025\/05\/09\/crecen-ataques-y-acusaciones-entre-india-y-pakistan\/","og_site_name":"Kuali","article_publisher":"https:\/\/kuali.com.mx\/web\/wp-content\/uploads\/2018\/04\/cropped-kuali_logo-1-1.png","article_published_time":"2025-05-09T13:36:28+00:00","article_modified_time":"2025-05-09T13:36:31+00:00","og_image":[{"width":1267,"height":750,"url":"https:\/\/kuali.com.mx\/web\/wp-content\/uploads\/2025\/05\/guerra.jpg","type":"image\/jpeg"}],"author":"Kuali Staff","twitter_card":"summary_large_image","twitter_creator":"@kuali_noticias","twitter_site":"@kuali_noticias","twitter_misc":{"Escrito por":"Kuali Staff","Tiempo de lectura":"3 minutos"},"schema":{"@context":"https:\/\/schema.org","@graph":[{"@type":"Article","@id":"https:\/\/kuali.com.mx\/web\/2025\/05\/09\/crecen-ataques-y-acusaciones-entre-india-y-pakistan\/#article","isPartOf":{"@id":"https:\/\/kuali.com.mx\/web\/2025\/05\/09\/crecen-ataques-y-acusaciones-entre-india-y-pakistan\/"},"author":{"name":"Kuali Staff","@id":"https:\/\/kuali.com.mx\/web\/#\/schema\/person\/6f89ffa8ecba9dae50662357923c5289"},"headline":"CRECEN ATAQUES Y ACUSACIONES ENTRE INDIA Y PAKIST\u00c1N","datePublished":"2025-05-09T13:36:28+00:00","dateModified":"2025-05-09T13:36:31+00:00","mainEntityOfPage":{"@id":"https:\/\/kuali.com.mx\/web\/2025\/05\/09\/crecen-ataques-y-acusaciones-entre-india-y-pakistan\/"},"wordCount":645,"commentCount":0,"image":{"@id":"https:\/\/kuali.com.mx\/web\/2025\/05\/09\/crecen-ataques-y-acusaciones-entre-india-y-pakistan\/#primaryimage"},"thumbnailUrl":"https:\/\/kuali.com.mx\/web\/wp-content\/uploads\/2025\/05\/guerra.jpg","articleSection":["Pol\u00edtica"],"inLanguage":"es","potentialAction":[{"@type":"CommentAction","name":"Comment","target":["https:\/\/kuali.com.mx\/web\/2025\/05\/09\/crecen-ataques-y-acusaciones-entre-india-y-pakistan\/#respond"]}]},{"@type":"WebPage","@id":"https:\/\/kuali.com.mx\/web\/2025\/05\/09\/crecen-ataques-y-acusaciones-entre-india-y-pakistan\/","url":"https:\/\/kuali.com.mx\/web\/2025\/05\/09\/crecen-ataques-y-acusaciones-entre-india-y-pakistan\/","name":"CRECEN ATAQUES Y ACUSACIONES ENTRE INDIA Y PAKIST\u00c1N - Kuali","isPartOf":{"@id":"https:\/\/kuali.com.mx\/web\/#website"},"primaryImageOfPage":{"@id":"https:\/\/kuali.com.mx\/web\/2025\/05\/09\/crecen-ataques-y-acusaciones-entre-india-y-pakistan\/#primaryimage"},"image":{"@id":"https:\/\/kuali.com.mx\/web\/2025\/05\/09\/crecen-ataques-y-acusaciones-entre-india-y-pakistan\/#primaryimage"},"thumbnailUrl":"https:\/\/kuali.com.mx\/web\/wp-content\/uploads\/2025\/05\/guerra.jpg","datePublished":"2025-05-09T13:36:28+00:00","dateModified":"2025-05-09T13:36:31+00:00","author":{"@id":"https:\/\/kuali.com.mx\/web\/#\/schema\/person\/6f89ffa8ecba9dae50662357923c5289"},"breadcrumb":{"@id":"https:\/\/kuali.com.mx\/web\/2025\/05\/09\/crecen-ataques-y-acusaciones-entre-india-y-pakistan\/#breadcrumb"},"inLanguage":"es","potentialAction":[{"@type":"ReadAction","target":["https:\/\/kuali.com.mx\/web\/2025\/05\/09\/crecen-ataques-y-acusaciones-entre-india-y-pakistan\/"]}]},{"@type":"ImageObject","inLanguage":"es","@id":"https:\/\/kuali.com.mx\/web\/2025\/05\/09\/crecen-ataques-y-acusaciones-entre-india-y-pakistan\/#primaryimage","url":"https:\/\/kuali.com.mx\/web\/wp-content\/uploads\/2025\/05\/guerra.jpg","contentUrl":"https:\/\/kuali.com.mx\/web\/wp-content\/uploads\/2025\/05\/guerra.jpg","width":1267,"height":750},{"@type":"BreadcrumbList","@id":"https:\/\/kuali.com.mx\/web\/2025\/05\/09\/crecen-ataques-y-acusaciones-entre-india-y-pakistan\/#breadcrumb","itemListElement":[{"@type":"ListItem","position":1,"name":"Inicio","item":"https:\/\/kuali.com.mx\/web\/"},{"@type":"ListItem","position":2,"name":"CRECEN ATAQUES Y ACUSACIONES ENTRE INDIA Y PAKIST\u00c1N"}]},{"@type":"WebSite","@id":"https:\/\/kuali.com.mx\/web\/#website","url":"https:\/\/kuali.com.mx\/web\/","name":"Kuali","description":"","potentialAction":[{"@type":"SearchAction","target":{"@type":"EntryPoint","urlTemplate":"https:\/\/kuali.com.mx\/web\/?s={search_term_string}"},"query-input":{"@type":"PropertyValueSpecification","valueRequired":true,"valueName":"search_term_string"}}],"inLanguage":"es"},{"@type":"Person","@id":"https:\/\/kuali.com.mx\/web\/#\/schema\/person\/6f89ffa8ecba9dae50662357923c5289","name":"Kuali Staff","image":{"@type":"ImageObject","inLanguage":"es","@id":"https:\/\/secure.gravatar.com\/avatar\/f917ad82e5ab71227a733c78b6e60715476f69ee6be59feee4eb5d9920c89e0f?s=96&d=mm&r=g","url":"https:\/\/secure.gravatar.com\/avatar\/f917ad82e5ab71227a733c78b6e60715476f69ee6be59feee4eb5d9920c89e0f?s=96&d=mm&r=g","contentUrl":"https:\/\/secure.gravatar.com\/avatar\/f917ad82e5ab71227a733c78b6e60715476f69ee6be59feee4eb5d9920c89e0f?s=96&d=mm&r=g","caption":"Kuali Staff"},"url":"https:\/\/kuali.com.mx\/web\/author\/lagarto\/"}]}},"_links":{"self":[{"href":"https:\/\/kuali.com.mx\/web\/wp-json\/wp\/v2\/posts\/174967","targetHints":{"allow":["GET"]}}],"collection":[{"href":"https:\/\/kuali.com.mx\/web\/wp-json\/wp\/v2\/posts"}],"about":[{"href":"https:\/\/kuali.com.mx\/web\/wp-json\/wp\/v2\/types\/post"}],"author":[{"embeddable":true,"href":"https:\/\/kuali.com.mx\/web\/wp-json\/wp\/v2\/users\/2"}],"replies":[{"embeddable":true,"href":"https:\/\/kuali.com.mx\/web\/wp-json\/wp\/v2\/comments?post=174967"}],"version-history":[{"count":1,"href":"https:\/\/kuali.com.mx\/web\/wp-json\/wp\/v2\/posts\/174967\/revisions"}],"predecessor-version":[{"id":174970,"href":"https:\/\/kuali.com.mx\/web\/wp-json\/wp\/v2\/posts\/174967\/revisions\/174970"}],"wp:featuredmedia":[{"embeddable":true,"href":"https:\/\/kuali.com.mx\/web\/wp-json\/wp\/v2\/media\/174969"}],"wp:attachment":[{"href":"https:\/\/kuali.com.mx\/web\/wp-json\/wp\/v2\/media?parent=174967"}],"wp:term":[{"taxonomy":"category","embeddable":true,"href":"https:\/\/kuali.com.mx\/web\/wp-json\/wp\/v2\/categories?post=174967"},{"taxonomy":"post_tag","embeddable":true,"href":"https:\/\/kuali.com.mx\/web\/wp-json\/wp\/v2\/tags?post=174967"}],"curies":[{"name":"wp","href":"https:\/\/api.w.org\/{rel}","templated":true}]}}