{"id":173310,"date":"2025-04-16T11:31:14","date_gmt":"2025-04-16T17:31:14","guid":{"rendered":"https:\/\/kuali.com.mx\/web\/?p=173310"},"modified":"2025-04-17T08:20:23","modified_gmt":"2025-04-17T14:20:23","slug":"mexico-recuerda-al-periodista-uruguayo-eduardo-galeano","status":"publish","type":"post","link":"https:\/\/kuali.com.mx\/web\/2025\/04\/16\/mexico-recuerda-al-periodista-uruguayo-eduardo-galeano\/","title":{"rendered":"M\u00c9XICO RECUERDA AL\u00a0\u00a0PERIODISTA URUGUAYO\u00a0\u00a0EDUARDO GALEANO\u00a0"},"content":{"rendered":"\n<p><em><strong>ENCUENTRO CON GOROSITO\u2026<\/strong><\/em><\/p>\n\n\n\n<p>El escritor y periodista uruguayo Eduardo Galeano, fue homenajeado a 10 a\u00f1os de su fallecimiento en el emblem\u00e1tico Palacio de Bellas Artes en la Ciudad de M\u00e9xico. Naci\u00f3 en Montevideo, capital del Uruguay, el 3 de septiembre de 1940 y falleci\u00f3 en la misma ciudad el 13 de abril de 2015.<\/p>\n\n\n\n<p>La Sala Manuel M. Ponce estaba a \u201creventar\u201d, muchas personas no alcanzaron lugar&nbsp;&nbsp;en el recinto, que alberg\u00f3 ovaciones atronadoras y expresiones de fascinaci\u00f3n por el vigente y visionario Eduardo Galeano, quien registr\u00f3 en sus letras un sumario de pesares, luchas, injusticias, utop\u00eda, respeto y dignidad en el subcontinente y el mundo; comenta en su cr\u00f3nica, Reyes Mart\u00ednez Torrijos para el peri\u00f3dico La Jornada de CDMX, del que Galeano era colaborador.<\/p>\n\n\n\n<p>El embajador de la Rep\u00fablica Oriental del Uruguay en M\u00e9xico, Santiago Wins, extern\u00f3: \u201cSu obra y su pensamiento humanista resultan de una vigencia ineludible, siempre con un mensaje de esperanza y amor por los pueblos de Am\u00e9rica Latina. Su legado ha influido en generaciones de pol\u00edticos, acad\u00e9micos, pensadores, intelectuales y lectores de toda nuestra regi\u00f3n hasta nuestros d\u00edas\u201d.<\/p>\n\n\n\n<p>Afirm\u00f3 el diplom\u00e1tico Oriental, que M\u00e9xico entendi\u00f3 el mensaje de Galeano como pocas naciones. Comparti\u00f3 dos ejemplos del v\u00ednculo entre M\u00e9xico y el escritor: \u201cAnte la pregunta de cu\u00e1les tres autores lo hab\u00edan influido m\u00e1s, contesto \u201cJuan Rulfo, Juan Rulfo, Juan Rulfo\u201d , el segundo es la imagen de los auditorios colmados y las filas de personas, muchos j\u00f3venes, cada vez que hizo aqu\u00ed una presentaci\u00f3n o charla.<\/p>\n\n\n\n<p>La actriz uruguaya B\u00e1rbara Mori, radicada en M\u00e9xico hace a\u00f1os, ley\u00f3 fragmentos de la obra de Galeano provenientes de la trilog\u00eda Memorias del fuego y Patas arriba: La escuela del mundo al rev\u00e9s, acompa\u00f1ada al piano por Mar\u00eda Teresa Frenk.<\/p>\n\n\n\n<p>Roc\u00edo Mart\u00ednez Vel\u00e1zquez, directora de Siglo XXI Editores, con quien Galeano publicaba sus obras en M\u00e9xico, remarc\u00f3 que el pensamiento pol\u00edtico latinoamericano del siglo XX no podr\u00eda entenderse sin la voz inconfundible de Eduardo Galeano.<\/p>\n\n\n\n<p>Una vida marcada por la traves\u00eda entre el compromiso y el exilio, la palabra y la denuncia. Adentrarse en la obra de Galeano es confrontarse con la rebeld\u00eda de las ideas y la agudeza del an\u00e1lisis sobre nuestro continente, procurando la belleza del lenguaje, extern\u00f3 la editora.<\/p>\n\n\n\n<p>Destac\u00f3 la b\u00fasqueda del autor por \u201cnarrar la historia desde abajo, desde las voces silenciadas por el poder. En Las venas abiertas de Am\u00e9rica Latina, Galeano ofreci\u00f3 una radiograf\u00eda l\u00facida y vehemente del saqueo econ\u00f3mico y la dominaci\u00f3n imperial que ha sufrido el continente. Este libro, prohibido durante a\u00f1os por diversas dictaduras, se convirti\u00f3 en un s\u00edmbolo de resistencia y una lectura&nbsp;&nbsp;&nbsp;&nbsp;&nbsp;&nbsp;&nbsp;&nbsp;&nbsp;&nbsp;&nbsp;&nbsp;&nbsp;&nbsp;&nbsp;&nbsp;&nbsp;&nbsp;&nbsp;&nbsp;&nbsp;&nbsp;&nbsp;&nbsp;EDUARDO GALEANO EN M\u00c9XICO HACE 20 A\u00d1OS&nbsp;<\/p>\n\n\n\n<p>Comparto desde mi archivo algunos de los temas que tocara Eduardo Galeano&nbsp;&nbsp;en la conferencia magistral que impartiera en la Sala Ponce del hermoso Palacio de Bellas Artes CDMX, en diciembre de 1991, la misma donde en estos d\u00edas se realizara el homenaje de M\u00e9xico conmemorativo de la primer d\u00e9cada de su fallecimiento.<\/p>\n\n\n\n<p>LENGUAJE:<\/p>\n\n\n\n<p>\u201cMe gustar\u00eda muchos se capaz de recuperar un lenguaje que pudiera ayudar a restablecer la perdida unidad de la voz humana, rota por una cultura dominante que rompe todo lo que toca\u201d.<\/p>\n\n\n\n<p>G\u00c9NEROS LITERARIOS:<\/p>\n\n\n\n<p>\u201cA veces me dicen como reproche que, sobre todo mis \u00faltimos libros, no son clasificables y la verdad, es el mayor elogio. Yo no quiero que me clasifiquen. Me parece espantosa esa man\u00eda clasificatoria, siento que al clasificar a alguien o algo, est\u00e1n como defendi\u00e9ndose de la sorpresa de la libertad. Cuando la palabra est\u00e1 realmente libre, realmente viva, es sorprendente, es peligrosa y me da la impresi\u00f3n que al clasificarla se busca enjaularla, evitar que pueda ser conocida y se inventa la historia de que hay que manejarse dentro de lo que son los g\u00e9neros literarios, para poder ser digno del alto elogio de ser llamado escritor\u201d.<\/p>\n\n\n\n<p>PERIODISMO:<\/p>\n\n\n\n<p>\u201cAnte todo me considero periodista y no creo que el periodismo pertenezca a los bajos fondos de la literatura, porque no creo que en la literatura haya altares con dioses, ni haya niveles como no sean los de la calidad. Un poema o una novela no son necesariamente mejores que un art\u00edculo o una cr\u00f3nica. Un ensayo no tiene que ser sabiamente m\u00e1s aburrido que un cuento. Hay que recuperar esta p\u00e9rdida unidad de la voz y en ese sentido, me gusta mucho la posibilidad de poder ir alcanzando un lenguaje que nos ayude a salvarnos un poquito de estas fracturas producidas por la cultura dominante\u201d.<\/p>\n\n\n\n<p>DERECHO DE EXPRESI\u00d3N:<\/p>\n\n\n\n<p>\u201cEn las voces de los dem\u00e1s es donde est\u00e1n los sonidos que vale la pena escuchar, es en ese sentido que yo creo en la memoria colectiva: la memoria de las voces que suenan ahora y que no son escuchadas, no porque los de abajo no tengan voz, todos la tenemos.<\/p>\n\n\n\n<p>El problema es que la mayor\u00eda en este mundo tiene la boca muy tapada, aunque todas las constituciones y las leyes garanticen el derecho de expresi\u00f3n\u201d.<\/p>\n\n\n\n<p>MEMORIA COLECTIVA VIVA:<\/p>\n\n\n\n<p>\u201cEn esa memoria colectiva es en la que creo que no es la memoria de los museos, sino la memoria viva, de la gente, que es lo que hace para cambiar lo que es, en esa palabra que cuenta lo que somos. Porque para los navegantes con ganas de viento, la memoria es un puerto de partida\u201d.<\/p>\n\n\n\n<p>Cuenta la escritora y periodista mexicana, Elena Poniatowska, en un art\u00edculo titulado; Eduardo Galeano, el hombre de los abrazos: \u201cEl 13 de abril de 2015 en la Feria del Libro de Londres a la que M\u00e9xico fue invitado, me enter\u00e9 de la muerte de Eduardo Galeano. La noticia corri\u00f3 entre los pasillos y muchos libreros abandonaron sus stands para asegurarse de que era cierta. En cuanto a m\u00ed se refiere, recibir la mala noticia entre libros y tomos a la vista fue la consecuencia l\u00f3gica de una vida dedicada a la literatura y me ayud\u00f3 a pensar en Galeano, recordar su rostro fuerte y su mirada rigurosa e inquieta\u201d.<\/p>\n\n\n\n<p>&nbsp;&nbsp;&nbsp;&nbsp;&nbsp;&nbsp;&nbsp;&nbsp;&nbsp;&nbsp;&nbsp;\u00a1Hasta el pr\u00f3ximo encuentro\u2026!<\/p>\n\n\n\n<p>\u00a0\u00a0\u00a0\u00a0\u00a0\u00a0\u00a0\u00a0\u00a0\u00a0\u00a0\u00a0\u00a0\u00a0\u00a0\u00a0\u00a0\u00a0\u00a0\u00a0\u00a0\u00a0\u00a0\u00a0\u00a0\u00a0\u00a0\u00a0\u00a0\u00a0\u00a0\u00a0\u00a0\u00a0\u00a0\u00a0\u00a0\u00a0\u00a0\u00a0\u00a0\u00a0\u00a0\u00a0\u00a0\u00a0\u00a0\u00a0\u00a0\u00a0\u00a0\u00a0\u00a0\u00a0\u00a0\u00a0\u00a0\u00a0\u00a0\u00a0\u00a0<em><strong>Dr.(c).Washington Daniel Gorosito P\u00e9rez<\/strong><\/em><\/p>\n","protected":false},"excerpt":{"rendered":"ENCUENTRO CON GOROSITO\u2026 El escritor y periodista uruguayo Eduardo Galeano, fue homenajeado a 10 a\u00f1os de su fallecimiento en el emblem\u00e1tico Palacio de Bellas Artes en la Ciudad de M\u00e9xico. Naci\u00f3 en Montevideo, capital del Uruguay, el 3 de septiembre de 1940 y falleci\u00f3 en la misma ciudad el 13 de abril de 2015. La [&hellip;]","protected":false},"author":2,"featured_media":173312,"comment_status":"open","ping_status":"open","sticky":false,"template":"","format":"standard","meta":{"_seopress_robots_primary_cat":"none","_seopress_titles_title":"","_seopress_titles_desc":"","_seopress_robots_index":"","_monsterinsights_skip_tracking":false,"_monsterinsights_sitenote_active":false,"_monsterinsights_sitenote_note":"","_monsterinsights_sitenote_category":0,"footnotes":""},"categories":[8],"tags":[],"class_list":["post-173310","post","type-post","status-publish","format-standard","has-post-thumbnail","hentry","category-espectaculos"],"yoast_head":"<!-- This site is optimized with the Yoast SEO plugin v27.4 - https:\/\/yoast.com\/product\/yoast-seo-wordpress\/ -->\n<title>M\u00c9XICO RECUERDA AL\u00a0\u00a0PERIODISTA URUGUAYO\u00a0\u00a0EDUARDO GALEANO\u00a0 - Kuali<\/title>\n<meta name=\"robots\" content=\"index, follow, max-snippet:-1, max-image-preview:large, max-video-preview:-1\" \/>\n<link rel=\"canonical\" href=\"https:\/\/kuali.com.mx\/web\/2025\/04\/16\/mexico-recuerda-al-periodista-uruguayo-eduardo-galeano\/\" \/>\n<meta property=\"og:locale\" content=\"es_MX\" \/>\n<meta property=\"og:type\" content=\"article\" \/>\n<meta property=\"og:title\" content=\"M\u00c9XICO RECUERDA AL\u00a0\u00a0PERIODISTA URUGUAYO\u00a0\u00a0EDUARDO GALEANO\u00a0 - Kuali\" \/>\n<meta property=\"og:description\" content=\"ENCUENTRO CON GOROSITO\u2026 El escritor y periodista uruguayo Eduardo Galeano, fue homenajeado a 10 a\u00f1os de su fallecimiento en el emblem\u00e1tico Palacio de Bellas Artes en la Ciudad de M\u00e9xico. Naci\u00f3 en Montevideo, capital del Uruguay, el 3 de septiembre de 1940 y falleci\u00f3 en la misma ciudad el 13 de abril de 2015. La [&hellip;]\" \/>\n<meta property=\"og:url\" content=\"https:\/\/kuali.com.mx\/web\/2025\/04\/16\/mexico-recuerda-al-periodista-uruguayo-eduardo-galeano\/\" \/>\n<meta property=\"og:site_name\" content=\"Kuali\" \/>\n<meta property=\"article:publisher\" content=\"https:\/\/kuali.com.mx\/web\/wp-content\/uploads\/2018\/04\/cropped-kuali_logo-1-1.png\" \/>\n<meta property=\"article:published_time\" content=\"2025-04-16T17:31:14+00:00\" \/>\n<meta property=\"article:modified_time\" content=\"2025-04-17T14:20:23+00:00\" \/>\n<meta property=\"og:image\" content=\"https:\/\/kuali.com.mx\/web\/wp-content\/uploads\/2025\/04\/galeano.jpg\" \/>\n\t<meta property=\"og:image:width\" content=\"1849\" \/>\n\t<meta property=\"og:image:height\" content=\"750\" \/>\n\t<meta property=\"og:image:type\" content=\"image\/jpeg\" \/>\n<meta name=\"author\" content=\"Kuali Staff\" \/>\n<meta name=\"twitter:card\" content=\"summary_large_image\" \/>\n<meta name=\"twitter:creator\" content=\"@kuali_noticias\" \/>\n<meta name=\"twitter:site\" content=\"@kuali_noticias\" \/>\n<meta name=\"twitter:label1\" content=\"Escrito por\" \/>\n\t<meta name=\"twitter:data1\" content=\"Kuali Staff\" \/>\n\t<meta name=\"twitter:label2\" content=\"Tiempo de lectura\" \/>\n\t<meta name=\"twitter:data2\" content=\"6 minutos\" \/>\n<script type=\"application\/ld+json\" class=\"yoast-schema-graph\">{\"@context\":\"https:\\\/\\\/schema.org\",\"@graph\":[{\"@type\":\"Article\",\"@id\":\"https:\\\/\\\/kuali.com.mx\\\/web\\\/2025\\\/04\\\/16\\\/mexico-recuerda-al-periodista-uruguayo-eduardo-galeano\\\/#article\",\"isPartOf\":{\"@id\":\"https:\\\/\\\/kuali.com.mx\\\/web\\\/2025\\\/04\\\/16\\\/mexico-recuerda-al-periodista-uruguayo-eduardo-galeano\\\/\"},\"author\":{\"name\":\"Kuali Staff\",\"@id\":\"https:\\\/\\\/kuali.com.mx\\\/web\\\/#\\\/schema\\\/person\\\/6f89ffa8ecba9dae50662357923c5289\"},\"headline\":\"M\u00c9XICO RECUERDA AL\u00a0\u00a0PERIODISTA URUGUAYO\u00a0\u00a0EDUARDO GALEANO\u00a0\",\"datePublished\":\"2025-04-16T17:31:14+00:00\",\"dateModified\":\"2025-04-17T14:20:23+00:00\",\"mainEntityOfPage\":{\"@id\":\"https:\\\/\\\/kuali.com.mx\\\/web\\\/2025\\\/04\\\/16\\\/mexico-recuerda-al-periodista-uruguayo-eduardo-galeano\\\/\"},\"wordCount\":1116,\"commentCount\":0,\"image\":{\"@id\":\"https:\\\/\\\/kuali.com.mx\\\/web\\\/2025\\\/04\\\/16\\\/mexico-recuerda-al-periodista-uruguayo-eduardo-galeano\\\/#primaryimage\"},\"thumbnailUrl\":\"https:\\\/\\\/kuali.com.mx\\\/web\\\/wp-content\\\/uploads\\\/2025\\\/04\\\/galeano.jpg\",\"articleSection\":[\"Cultura\"],\"inLanguage\":\"es\",\"potentialAction\":[{\"@type\":\"CommentAction\",\"name\":\"Comment\",\"target\":[\"https:\\\/\\\/kuali.com.mx\\\/web\\\/2025\\\/04\\\/16\\\/mexico-recuerda-al-periodista-uruguayo-eduardo-galeano\\\/#respond\"]}]},{\"@type\":\"WebPage\",\"@id\":\"https:\\\/\\\/kuali.com.mx\\\/web\\\/2025\\\/04\\\/16\\\/mexico-recuerda-al-periodista-uruguayo-eduardo-galeano\\\/\",\"url\":\"https:\\\/\\\/kuali.com.mx\\\/web\\\/2025\\\/04\\\/16\\\/mexico-recuerda-al-periodista-uruguayo-eduardo-galeano\\\/\",\"name\":\"M\u00c9XICO RECUERDA AL\u00a0\u00a0PERIODISTA URUGUAYO\u00a0\u00a0EDUARDO GALEANO\u00a0 - Kuali\",\"isPartOf\":{\"@id\":\"https:\\\/\\\/kuali.com.mx\\\/web\\\/#website\"},\"primaryImageOfPage\":{\"@id\":\"https:\\\/\\\/kuali.com.mx\\\/web\\\/2025\\\/04\\\/16\\\/mexico-recuerda-al-periodista-uruguayo-eduardo-galeano\\\/#primaryimage\"},\"image\":{\"@id\":\"https:\\\/\\\/kuali.com.mx\\\/web\\\/2025\\\/04\\\/16\\\/mexico-recuerda-al-periodista-uruguayo-eduardo-galeano\\\/#primaryimage\"},\"thumbnailUrl\":\"https:\\\/\\\/kuali.com.mx\\\/web\\\/wp-content\\\/uploads\\\/2025\\\/04\\\/galeano.jpg\",\"datePublished\":\"2025-04-16T17:31:14+00:00\",\"dateModified\":\"2025-04-17T14:20:23+00:00\",\"author\":{\"@id\":\"https:\\\/\\\/kuali.com.mx\\\/web\\\/#\\\/schema\\\/person\\\/6f89ffa8ecba9dae50662357923c5289\"},\"breadcrumb\":{\"@id\":\"https:\\\/\\\/kuali.com.mx\\\/web\\\/2025\\\/04\\\/16\\\/mexico-recuerda-al-periodista-uruguayo-eduardo-galeano\\\/#breadcrumb\"},\"inLanguage\":\"es\",\"potentialAction\":[{\"@type\":\"ReadAction\",\"target\":[\"https:\\\/\\\/kuali.com.mx\\\/web\\\/2025\\\/04\\\/16\\\/mexico-recuerda-al-periodista-uruguayo-eduardo-galeano\\\/\"]}]},{\"@type\":\"ImageObject\",\"inLanguage\":\"es\",\"@id\":\"https:\\\/\\\/kuali.com.mx\\\/web\\\/2025\\\/04\\\/16\\\/mexico-recuerda-al-periodista-uruguayo-eduardo-galeano\\\/#primaryimage\",\"url\":\"https:\\\/\\\/kuali.com.mx\\\/web\\\/wp-content\\\/uploads\\\/2025\\\/04\\\/galeano.jpg\",\"contentUrl\":\"https:\\\/\\\/kuali.com.mx\\\/web\\\/wp-content\\\/uploads\\\/2025\\\/04\\\/galeano.jpg\",\"width\":1849,\"height\":750},{\"@type\":\"BreadcrumbList\",\"@id\":\"https:\\\/\\\/kuali.com.mx\\\/web\\\/2025\\\/04\\\/16\\\/mexico-recuerda-al-periodista-uruguayo-eduardo-galeano\\\/#breadcrumb\",\"itemListElement\":[{\"@type\":\"ListItem\",\"position\":1,\"name\":\"Inicio\",\"item\":\"https:\\\/\\\/kuali.com.mx\\\/web\\\/\"},{\"@type\":\"ListItem\",\"position\":2,\"name\":\"M\u00c9XICO RECUERDA AL\u00a0\u00a0PERIODISTA URUGUAYO\u00a0\u00a0EDUARDO GALEANO\u00a0\"}]},{\"@type\":\"WebSite\",\"@id\":\"https:\\\/\\\/kuali.com.mx\\\/web\\\/#website\",\"url\":\"https:\\\/\\\/kuali.com.mx\\\/web\\\/\",\"name\":\"Kuali\",\"description\":\"\",\"potentialAction\":[{\"@type\":\"SearchAction\",\"target\":{\"@type\":\"EntryPoint\",\"urlTemplate\":\"https:\\\/\\\/kuali.com.mx\\\/web\\\/?s={search_term_string}\"},\"query-input\":{\"@type\":\"PropertyValueSpecification\",\"valueRequired\":true,\"valueName\":\"search_term_string\"}}],\"inLanguage\":\"es\"},{\"@type\":\"Person\",\"@id\":\"https:\\\/\\\/kuali.com.mx\\\/web\\\/#\\\/schema\\\/person\\\/6f89ffa8ecba9dae50662357923c5289\",\"name\":\"Kuali Staff\",\"image\":{\"@type\":\"ImageObject\",\"inLanguage\":\"es\",\"@id\":\"https:\\\/\\\/secure.gravatar.com\\\/avatar\\\/f917ad82e5ab71227a733c78b6e60715476f69ee6be59feee4eb5d9920c89e0f?s=96&d=mm&r=g\",\"url\":\"https:\\\/\\\/secure.gravatar.com\\\/avatar\\\/f917ad82e5ab71227a733c78b6e60715476f69ee6be59feee4eb5d9920c89e0f?s=96&d=mm&r=g\",\"contentUrl\":\"https:\\\/\\\/secure.gravatar.com\\\/avatar\\\/f917ad82e5ab71227a733c78b6e60715476f69ee6be59feee4eb5d9920c89e0f?s=96&d=mm&r=g\",\"caption\":\"Kuali Staff\"},\"url\":\"https:\\\/\\\/kuali.com.mx\\\/web\\\/author\\\/lagarto\\\/\"}]}<\/script>\n<!-- \/ Yoast SEO plugin. -->","yoast_head_json":{"title":"M\u00c9XICO RECUERDA AL\u00a0\u00a0PERIODISTA URUGUAYO\u00a0\u00a0EDUARDO GALEANO\u00a0 - Kuali","robots":{"index":"index","follow":"follow","max-snippet":"max-snippet:-1","max-image-preview":"max-image-preview:large","max-video-preview":"max-video-preview:-1"},"canonical":"https:\/\/kuali.com.mx\/web\/2025\/04\/16\/mexico-recuerda-al-periodista-uruguayo-eduardo-galeano\/","og_locale":"es_MX","og_type":"article","og_title":"M\u00c9XICO RECUERDA AL\u00a0\u00a0PERIODISTA URUGUAYO\u00a0\u00a0EDUARDO GALEANO\u00a0 - Kuali","og_description":"ENCUENTRO CON GOROSITO\u2026 El escritor y periodista uruguayo Eduardo Galeano, fue homenajeado a 10 a\u00f1os de su fallecimiento en el emblem\u00e1tico Palacio de Bellas Artes en la Ciudad de M\u00e9xico. Naci\u00f3 en Montevideo, capital del Uruguay, el 3 de septiembre de 1940 y falleci\u00f3 en la misma ciudad el 13 de abril de 2015. La [&hellip;]","og_url":"https:\/\/kuali.com.mx\/web\/2025\/04\/16\/mexico-recuerda-al-periodista-uruguayo-eduardo-galeano\/","og_site_name":"Kuali","article_publisher":"https:\/\/kuali.com.mx\/web\/wp-content\/uploads\/2018\/04\/cropped-kuali_logo-1-1.png","article_published_time":"2025-04-16T17:31:14+00:00","article_modified_time":"2025-04-17T14:20:23+00:00","og_image":[{"width":1849,"height":750,"url":"https:\/\/kuali.com.mx\/web\/wp-content\/uploads\/2025\/04\/galeano.jpg","type":"image\/jpeg"}],"author":"Kuali Staff","twitter_card":"summary_large_image","twitter_creator":"@kuali_noticias","twitter_site":"@kuali_noticias","twitter_misc":{"Escrito por":"Kuali Staff","Tiempo de lectura":"6 minutos"},"schema":{"@context":"https:\/\/schema.org","@graph":[{"@type":"Article","@id":"https:\/\/kuali.com.mx\/web\/2025\/04\/16\/mexico-recuerda-al-periodista-uruguayo-eduardo-galeano\/#article","isPartOf":{"@id":"https:\/\/kuali.com.mx\/web\/2025\/04\/16\/mexico-recuerda-al-periodista-uruguayo-eduardo-galeano\/"},"author":{"name":"Kuali Staff","@id":"https:\/\/kuali.com.mx\/web\/#\/schema\/person\/6f89ffa8ecba9dae50662357923c5289"},"headline":"M\u00c9XICO RECUERDA AL\u00a0\u00a0PERIODISTA URUGUAYO\u00a0\u00a0EDUARDO GALEANO\u00a0","datePublished":"2025-04-16T17:31:14+00:00","dateModified":"2025-04-17T14:20:23+00:00","mainEntityOfPage":{"@id":"https:\/\/kuali.com.mx\/web\/2025\/04\/16\/mexico-recuerda-al-periodista-uruguayo-eduardo-galeano\/"},"wordCount":1116,"commentCount":0,"image":{"@id":"https:\/\/kuali.com.mx\/web\/2025\/04\/16\/mexico-recuerda-al-periodista-uruguayo-eduardo-galeano\/#primaryimage"},"thumbnailUrl":"https:\/\/kuali.com.mx\/web\/wp-content\/uploads\/2025\/04\/galeano.jpg","articleSection":["Cultura"],"inLanguage":"es","potentialAction":[{"@type":"CommentAction","name":"Comment","target":["https:\/\/kuali.com.mx\/web\/2025\/04\/16\/mexico-recuerda-al-periodista-uruguayo-eduardo-galeano\/#respond"]}]},{"@type":"WebPage","@id":"https:\/\/kuali.com.mx\/web\/2025\/04\/16\/mexico-recuerda-al-periodista-uruguayo-eduardo-galeano\/","url":"https:\/\/kuali.com.mx\/web\/2025\/04\/16\/mexico-recuerda-al-periodista-uruguayo-eduardo-galeano\/","name":"M\u00c9XICO RECUERDA AL\u00a0\u00a0PERIODISTA URUGUAYO\u00a0\u00a0EDUARDO GALEANO\u00a0 - Kuali","isPartOf":{"@id":"https:\/\/kuali.com.mx\/web\/#website"},"primaryImageOfPage":{"@id":"https:\/\/kuali.com.mx\/web\/2025\/04\/16\/mexico-recuerda-al-periodista-uruguayo-eduardo-galeano\/#primaryimage"},"image":{"@id":"https:\/\/kuali.com.mx\/web\/2025\/04\/16\/mexico-recuerda-al-periodista-uruguayo-eduardo-galeano\/#primaryimage"},"thumbnailUrl":"https:\/\/kuali.com.mx\/web\/wp-content\/uploads\/2025\/04\/galeano.jpg","datePublished":"2025-04-16T17:31:14+00:00","dateModified":"2025-04-17T14:20:23+00:00","author":{"@id":"https:\/\/kuali.com.mx\/web\/#\/schema\/person\/6f89ffa8ecba9dae50662357923c5289"},"breadcrumb":{"@id":"https:\/\/kuali.com.mx\/web\/2025\/04\/16\/mexico-recuerda-al-periodista-uruguayo-eduardo-galeano\/#breadcrumb"},"inLanguage":"es","potentialAction":[{"@type":"ReadAction","target":["https:\/\/kuali.com.mx\/web\/2025\/04\/16\/mexico-recuerda-al-periodista-uruguayo-eduardo-galeano\/"]}]},{"@type":"ImageObject","inLanguage":"es","@id":"https:\/\/kuali.com.mx\/web\/2025\/04\/16\/mexico-recuerda-al-periodista-uruguayo-eduardo-galeano\/#primaryimage","url":"https:\/\/kuali.com.mx\/web\/wp-content\/uploads\/2025\/04\/galeano.jpg","contentUrl":"https:\/\/kuali.com.mx\/web\/wp-content\/uploads\/2025\/04\/galeano.jpg","width":1849,"height":750},{"@type":"BreadcrumbList","@id":"https:\/\/kuali.com.mx\/web\/2025\/04\/16\/mexico-recuerda-al-periodista-uruguayo-eduardo-galeano\/#breadcrumb","itemListElement":[{"@type":"ListItem","position":1,"name":"Inicio","item":"https:\/\/kuali.com.mx\/web\/"},{"@type":"ListItem","position":2,"name":"M\u00c9XICO RECUERDA AL\u00a0\u00a0PERIODISTA URUGUAYO\u00a0\u00a0EDUARDO GALEANO\u00a0"}]},{"@type":"WebSite","@id":"https:\/\/kuali.com.mx\/web\/#website","url":"https:\/\/kuali.com.mx\/web\/","name":"Kuali","description":"","potentialAction":[{"@type":"SearchAction","target":{"@type":"EntryPoint","urlTemplate":"https:\/\/kuali.com.mx\/web\/?s={search_term_string}"},"query-input":{"@type":"PropertyValueSpecification","valueRequired":true,"valueName":"search_term_string"}}],"inLanguage":"es"},{"@type":"Person","@id":"https:\/\/kuali.com.mx\/web\/#\/schema\/person\/6f89ffa8ecba9dae50662357923c5289","name":"Kuali Staff","image":{"@type":"ImageObject","inLanguage":"es","@id":"https:\/\/secure.gravatar.com\/avatar\/f917ad82e5ab71227a733c78b6e60715476f69ee6be59feee4eb5d9920c89e0f?s=96&d=mm&r=g","url":"https:\/\/secure.gravatar.com\/avatar\/f917ad82e5ab71227a733c78b6e60715476f69ee6be59feee4eb5d9920c89e0f?s=96&d=mm&r=g","contentUrl":"https:\/\/secure.gravatar.com\/avatar\/f917ad82e5ab71227a733c78b6e60715476f69ee6be59feee4eb5d9920c89e0f?s=96&d=mm&r=g","caption":"Kuali Staff"},"url":"https:\/\/kuali.com.mx\/web\/author\/lagarto\/"}]}},"_links":{"self":[{"href":"https:\/\/kuali.com.mx\/web\/wp-json\/wp\/v2\/posts\/173310","targetHints":{"allow":["GET"]}}],"collection":[{"href":"https:\/\/kuali.com.mx\/web\/wp-json\/wp\/v2\/posts"}],"about":[{"href":"https:\/\/kuali.com.mx\/web\/wp-json\/wp\/v2\/types\/post"}],"author":[{"embeddable":true,"href":"https:\/\/kuali.com.mx\/web\/wp-json\/wp\/v2\/users\/2"}],"replies":[{"embeddable":true,"href":"https:\/\/kuali.com.mx\/web\/wp-json\/wp\/v2\/comments?post=173310"}],"version-history":[{"count":1,"href":"https:\/\/kuali.com.mx\/web\/wp-json\/wp\/v2\/posts\/173310\/revisions"}],"predecessor-version":[{"id":173313,"href":"https:\/\/kuali.com.mx\/web\/wp-json\/wp\/v2\/posts\/173310\/revisions\/173313"}],"wp:featuredmedia":[{"embeddable":true,"href":"https:\/\/kuali.com.mx\/web\/wp-json\/wp\/v2\/media\/173312"}],"wp:attachment":[{"href":"https:\/\/kuali.com.mx\/web\/wp-json\/wp\/v2\/media?parent=173310"}],"wp:term":[{"taxonomy":"category","embeddable":true,"href":"https:\/\/kuali.com.mx\/web\/wp-json\/wp\/v2\/categories?post=173310"},{"taxonomy":"post_tag","embeddable":true,"href":"https:\/\/kuali.com.mx\/web\/wp-json\/wp\/v2\/tags?post=173310"}],"curies":[{"name":"wp","href":"https:\/\/api.w.org\/{rel}","templated":true}]}}