{"id":173286,"date":"2025-04-16T21:12:37","date_gmt":"2025-04-17T03:12:37","guid":{"rendered":"https:\/\/kuali.com.mx\/web\/?p=173286"},"modified":"2025-04-17T09:10:20","modified_gmt":"2025-04-17T15:10:20","slug":"ex-lider-de-coparmex-nuevo-presidente-de-la-feria","status":"publish","type":"post","link":"https:\/\/kuali.com.mx\/web\/2025\/04\/16\/ex-lider-de-coparmex-nuevo-presidente-de-la-feria\/","title":{"rendered":"EX L\u00cdDER DE COPARMEX, NUEVO PRESIDENTE DE LA FERIA"},"content":{"rendered":"\n<p><strong>Milagros Tadeo\/Le\u00f3n, Gto.-<\/strong>&nbsp;El ex presidente de la COPARMEX Zona Metropolitana, H\u00e9ctor Rodr\u00edguez Vel\u00e1zquez, rindi\u00f3 protesta como el nuevo presidente del&nbsp;Consejo Directivo del Patronato de la Feria&nbsp;para el periodo 2025-2028.<\/p>\n\n\n\n<p>Posterior a la toma de protesta, se llev\u00f3 a cabo la primera sesi\u00f3n ordinaria del Consejo, en la que se eligi\u00f3 a H\u00e9ctor Rodr\u00edguez Vel\u00e1zquez como presidente del Consejo Directivo, acompa\u00f1ado de Alejandro Rafael Garc\u00eda Sainz Arena como secretario, y Cecilia Ovalle R\u00edos como tesorera.<\/p>\n\n\n\n<p><br>H\u00e9ctor Rodr\u00edguez se comprometi\u00f3 a generar las condiciones necesarias para que Le\u00f3n tenga una gran feria que sea digna del festejo del 450 aniversario de la ciudad.<br><br>\u201cVamos a trabajar en equipo y siempre pensando en el bien de los leoneses, pensando en los ni\u00f1os, en los j\u00f3venes, en las mujeres, pero en general en la sociedad. Tenemos un reto importante, no solamente porque la ciudad cumple 450 a\u00f1os, entonces vamos a hacer una feria, una gran feria que trascienda, porque somos de Le\u00f3n y nos tenemos que sentir orgullosos\u201d, expres\u00f3 el presidente del Consejo, H\u00e9ctor Rodr\u00edguez Vel\u00e1zquez.<\/p>\n\n\n\n<p>Este es el primer consejo que tiene integrantes ciudadanos que representan a cada una de las 7 delegaciones que conforman el municipio.<br><br>Por su parte, la alcaldesa dio la bienvenida al nuevo consejo y agradeci\u00f3 al saliente por todo su esfuerzo y reconoci\u00f3 que en los \u00faltimos 3 a\u00f1os se ha dejado un legado de la feria sin precedentes.<br><br>\u201cGracias por su trabajo, por su entrega, porque han hecho que la feria luzca y han hecho una feria completamente diferente, mejor y que dej\u00f3 precedentes; hicieron eventos adicionales que llevaron alegr\u00eda, que llevaron sonrisas a cada una de las leonesas y de los leoneses y que dejaron derrama econ\u00f3mica\u201d, se\u00f1al\u00f3.<\/p>\n","protected":false},"excerpt":{"rendered":"Milagros Tadeo\/Le\u00f3n, Gto.-&nbsp;El ex presidente de la COPARMEX Zona Metropolitana, H\u00e9ctor Rodr\u00edguez Vel\u00e1zquez, rindi\u00f3 protesta como el nuevo presidente del&nbsp;Consejo Directivo del Patronato de la Feria&nbsp;para el periodo 2025-2028. Posterior a la toma de protesta, se llev\u00f3 a cabo la primera sesi\u00f3n ordinaria del Consejo, en la que se eligi\u00f3 a H\u00e9ctor Rodr\u00edguez Vel\u00e1zquez como [&hellip;]","protected":false},"author":2,"featured_media":173289,"comment_status":"open","ping_status":"open","sticky":false,"template":"","format":"standard","meta":{"_seopress_robots_primary_cat":"none","_seopress_titles_title":"","_seopress_titles_desc":"","_seopress_robots_index":"","_monsterinsights_skip_tracking":false,"_monsterinsights_sitenote_active":false,"_monsterinsights_sitenote_note":"","_monsterinsights_sitenote_category":0,"footnotes":""},"categories":[3],"tags":[],"class_list":["post-173286","post","type-post","status-publish","format-standard","has-post-thumbnail","hentry","category-politica"],"yoast_head":"<!-- This site is optimized with the Yoast SEO plugin v27.4 - https:\/\/yoast.com\/product\/yoast-seo-wordpress\/ -->\n<title>EX L\u00cdDER DE COPARMEX, NUEVO PRESIDENTE DE LA FERIA - Kuali<\/title>\n<meta name=\"robots\" content=\"index, follow, max-snippet:-1, max-image-preview:large, max-video-preview:-1\" \/>\n<link rel=\"canonical\" href=\"https:\/\/kuali.com.mx\/web\/2025\/04\/16\/ex-lider-de-coparmex-nuevo-presidente-de-la-feria\/\" \/>\n<meta property=\"og:locale\" content=\"es_MX\" \/>\n<meta property=\"og:type\" content=\"article\" \/>\n<meta property=\"og:title\" content=\"EX L\u00cdDER DE COPARMEX, NUEVO PRESIDENTE DE LA FERIA - Kuali\" \/>\n<meta property=\"og:description\" content=\"Milagros Tadeo\/Le\u00f3n, Gto.-&nbsp;El ex presidente de la COPARMEX Zona Metropolitana, H\u00e9ctor Rodr\u00edguez Vel\u00e1zquez, rindi\u00f3 protesta como el nuevo presidente del&nbsp;Consejo Directivo del Patronato de la Feria&nbsp;para el periodo 2025-2028. Posterior a la toma de protesta, se llev\u00f3 a cabo la primera sesi\u00f3n ordinaria del Consejo, en la que se eligi\u00f3 a H\u00e9ctor Rodr\u00edguez Vel\u00e1zquez como [&hellip;]\" \/>\n<meta property=\"og:url\" content=\"https:\/\/kuali.com.mx\/web\/2025\/04\/16\/ex-lider-de-coparmex-nuevo-presidente-de-la-feria\/\" \/>\n<meta property=\"og:site_name\" content=\"Kuali\" \/>\n<meta property=\"article:publisher\" content=\"https:\/\/kuali.com.mx\/web\/wp-content\/uploads\/2018\/04\/cropped-kuali_logo-1-1.png\" \/>\n<meta property=\"article:published_time\" content=\"2025-04-17T03:12:37+00:00\" \/>\n<meta property=\"article:modified_time\" content=\"2025-04-17T15:10:20+00:00\" \/>\n<meta property=\"og:image\" content=\"https:\/\/kuali.com.mx\/web\/wp-content\/uploads\/2025\/04\/Patronato-Feria-Hector.jpeg\" \/>\n\t<meta property=\"og:image:width\" content=\"1776\" \/>\n\t<meta property=\"og:image:height\" content=\"1184\" \/>\n\t<meta property=\"og:image:type\" content=\"image\/jpeg\" \/>\n<meta name=\"author\" content=\"Kuali Staff\" \/>\n<meta name=\"twitter:card\" content=\"summary_large_image\" \/>\n<meta name=\"twitter:creator\" content=\"@kuali_noticias\" \/>\n<meta name=\"twitter:site\" content=\"@kuali_noticias\" \/>\n<meta name=\"twitter:label1\" content=\"Escrito por\" \/>\n\t<meta name=\"twitter:data1\" content=\"Kuali Staff\" \/>\n\t<meta name=\"twitter:label2\" content=\"Tiempo de lectura\" \/>\n\t<meta name=\"twitter:data2\" content=\"2 minutos\" \/>\n<script type=\"application\/ld+json\" class=\"yoast-schema-graph\">{\"@context\":\"https:\\\/\\\/schema.org\",\"@graph\":[{\"@type\":\"Article\",\"@id\":\"https:\\\/\\\/kuali.com.mx\\\/web\\\/2025\\\/04\\\/16\\\/ex-lider-de-coparmex-nuevo-presidente-de-la-feria\\\/#article\",\"isPartOf\":{\"@id\":\"https:\\\/\\\/kuali.com.mx\\\/web\\\/2025\\\/04\\\/16\\\/ex-lider-de-coparmex-nuevo-presidente-de-la-feria\\\/\"},\"author\":{\"name\":\"Kuali Staff\",\"@id\":\"https:\\\/\\\/kuali.com.mx\\\/web\\\/#\\\/schema\\\/person\\\/6f89ffa8ecba9dae50662357923c5289\"},\"headline\":\"EX L\u00cdDER DE COPARMEX, NUEVO PRESIDENTE DE LA FERIA\",\"datePublished\":\"2025-04-17T03:12:37+00:00\",\"dateModified\":\"2025-04-17T15:10:20+00:00\",\"mainEntityOfPage\":{\"@id\":\"https:\\\/\\\/kuali.com.mx\\\/web\\\/2025\\\/04\\\/16\\\/ex-lider-de-coparmex-nuevo-presidente-de-la-feria\\\/\"},\"wordCount\":321,\"commentCount\":0,\"image\":{\"@id\":\"https:\\\/\\\/kuali.com.mx\\\/web\\\/2025\\\/04\\\/16\\\/ex-lider-de-coparmex-nuevo-presidente-de-la-feria\\\/#primaryimage\"},\"thumbnailUrl\":\"https:\\\/\\\/kuali.com.mx\\\/web\\\/wp-content\\\/uploads\\\/2025\\\/04\\\/Patronato-Feria-Hector.jpeg\",\"articleSection\":[\"Pol\u00edtica\"],\"inLanguage\":\"es\",\"potentialAction\":[{\"@type\":\"CommentAction\",\"name\":\"Comment\",\"target\":[\"https:\\\/\\\/kuali.com.mx\\\/web\\\/2025\\\/04\\\/16\\\/ex-lider-de-coparmex-nuevo-presidente-de-la-feria\\\/#respond\"]}]},{\"@type\":\"WebPage\",\"@id\":\"https:\\\/\\\/kuali.com.mx\\\/web\\\/2025\\\/04\\\/16\\\/ex-lider-de-coparmex-nuevo-presidente-de-la-feria\\\/\",\"url\":\"https:\\\/\\\/kuali.com.mx\\\/web\\\/2025\\\/04\\\/16\\\/ex-lider-de-coparmex-nuevo-presidente-de-la-feria\\\/\",\"name\":\"EX L\u00cdDER DE COPARMEX, NUEVO PRESIDENTE DE LA FERIA - Kuali\",\"isPartOf\":{\"@id\":\"https:\\\/\\\/kuali.com.mx\\\/web\\\/#website\"},\"primaryImageOfPage\":{\"@id\":\"https:\\\/\\\/kuali.com.mx\\\/web\\\/2025\\\/04\\\/16\\\/ex-lider-de-coparmex-nuevo-presidente-de-la-feria\\\/#primaryimage\"},\"image\":{\"@id\":\"https:\\\/\\\/kuali.com.mx\\\/web\\\/2025\\\/04\\\/16\\\/ex-lider-de-coparmex-nuevo-presidente-de-la-feria\\\/#primaryimage\"},\"thumbnailUrl\":\"https:\\\/\\\/kuali.com.mx\\\/web\\\/wp-content\\\/uploads\\\/2025\\\/04\\\/Patronato-Feria-Hector.jpeg\",\"datePublished\":\"2025-04-17T03:12:37+00:00\",\"dateModified\":\"2025-04-17T15:10:20+00:00\",\"author\":{\"@id\":\"https:\\\/\\\/kuali.com.mx\\\/web\\\/#\\\/schema\\\/person\\\/6f89ffa8ecba9dae50662357923c5289\"},\"breadcrumb\":{\"@id\":\"https:\\\/\\\/kuali.com.mx\\\/web\\\/2025\\\/04\\\/16\\\/ex-lider-de-coparmex-nuevo-presidente-de-la-feria\\\/#breadcrumb\"},\"inLanguage\":\"es\",\"potentialAction\":[{\"@type\":\"ReadAction\",\"target\":[\"https:\\\/\\\/kuali.com.mx\\\/web\\\/2025\\\/04\\\/16\\\/ex-lider-de-coparmex-nuevo-presidente-de-la-feria\\\/\"]}]},{\"@type\":\"ImageObject\",\"inLanguage\":\"es\",\"@id\":\"https:\\\/\\\/kuali.com.mx\\\/web\\\/2025\\\/04\\\/16\\\/ex-lider-de-coparmex-nuevo-presidente-de-la-feria\\\/#primaryimage\",\"url\":\"https:\\\/\\\/kuali.com.mx\\\/web\\\/wp-content\\\/uploads\\\/2025\\\/04\\\/Patronato-Feria-Hector.jpeg\",\"contentUrl\":\"https:\\\/\\\/kuali.com.mx\\\/web\\\/wp-content\\\/uploads\\\/2025\\\/04\\\/Patronato-Feria-Hector.jpeg\",\"width\":1776,\"height\":1184},{\"@type\":\"BreadcrumbList\",\"@id\":\"https:\\\/\\\/kuali.com.mx\\\/web\\\/2025\\\/04\\\/16\\\/ex-lider-de-coparmex-nuevo-presidente-de-la-feria\\\/#breadcrumb\",\"itemListElement\":[{\"@type\":\"ListItem\",\"position\":1,\"name\":\"Inicio\",\"item\":\"https:\\\/\\\/kuali.com.mx\\\/web\\\/\"},{\"@type\":\"ListItem\",\"position\":2,\"name\":\"EX L\u00cdDER DE COPARMEX, NUEVO PRESIDENTE DE LA FERIA\"}]},{\"@type\":\"WebSite\",\"@id\":\"https:\\\/\\\/kuali.com.mx\\\/web\\\/#website\",\"url\":\"https:\\\/\\\/kuali.com.mx\\\/web\\\/\",\"name\":\"Kuali\",\"description\":\"\",\"potentialAction\":[{\"@type\":\"SearchAction\",\"target\":{\"@type\":\"EntryPoint\",\"urlTemplate\":\"https:\\\/\\\/kuali.com.mx\\\/web\\\/?s={search_term_string}\"},\"query-input\":{\"@type\":\"PropertyValueSpecification\",\"valueRequired\":true,\"valueName\":\"search_term_string\"}}],\"inLanguage\":\"es\"},{\"@type\":\"Person\",\"@id\":\"https:\\\/\\\/kuali.com.mx\\\/web\\\/#\\\/schema\\\/person\\\/6f89ffa8ecba9dae50662357923c5289\",\"name\":\"Kuali Staff\",\"image\":{\"@type\":\"ImageObject\",\"inLanguage\":\"es\",\"@id\":\"https:\\\/\\\/secure.gravatar.com\\\/avatar\\\/f917ad82e5ab71227a733c78b6e60715476f69ee6be59feee4eb5d9920c89e0f?s=96&d=mm&r=g\",\"url\":\"https:\\\/\\\/secure.gravatar.com\\\/avatar\\\/f917ad82e5ab71227a733c78b6e60715476f69ee6be59feee4eb5d9920c89e0f?s=96&d=mm&r=g\",\"contentUrl\":\"https:\\\/\\\/secure.gravatar.com\\\/avatar\\\/f917ad82e5ab71227a733c78b6e60715476f69ee6be59feee4eb5d9920c89e0f?s=96&d=mm&r=g\",\"caption\":\"Kuali Staff\"},\"url\":\"https:\\\/\\\/kuali.com.mx\\\/web\\\/author\\\/lagarto\\\/\"}]}<\/script>\n<!-- \/ Yoast SEO plugin. -->","yoast_head_json":{"title":"EX L\u00cdDER DE COPARMEX, NUEVO PRESIDENTE DE LA FERIA - Kuali","robots":{"index":"index","follow":"follow","max-snippet":"max-snippet:-1","max-image-preview":"max-image-preview:large","max-video-preview":"max-video-preview:-1"},"canonical":"https:\/\/kuali.com.mx\/web\/2025\/04\/16\/ex-lider-de-coparmex-nuevo-presidente-de-la-feria\/","og_locale":"es_MX","og_type":"article","og_title":"EX L\u00cdDER DE COPARMEX, NUEVO PRESIDENTE DE LA FERIA - Kuali","og_description":"Milagros Tadeo\/Le\u00f3n, Gto.-&nbsp;El ex presidente de la COPARMEX Zona Metropolitana, H\u00e9ctor Rodr\u00edguez Vel\u00e1zquez, rindi\u00f3 protesta como el nuevo presidente del&nbsp;Consejo Directivo del Patronato de la Feria&nbsp;para el periodo 2025-2028. Posterior a la toma de protesta, se llev\u00f3 a cabo la primera sesi\u00f3n ordinaria del Consejo, en la que se eligi\u00f3 a H\u00e9ctor Rodr\u00edguez Vel\u00e1zquez como [&hellip;]","og_url":"https:\/\/kuali.com.mx\/web\/2025\/04\/16\/ex-lider-de-coparmex-nuevo-presidente-de-la-feria\/","og_site_name":"Kuali","article_publisher":"https:\/\/kuali.com.mx\/web\/wp-content\/uploads\/2018\/04\/cropped-kuali_logo-1-1.png","article_published_time":"2025-04-17T03:12:37+00:00","article_modified_time":"2025-04-17T15:10:20+00:00","og_image":[{"width":1776,"height":1184,"url":"https:\/\/kuali.com.mx\/web\/wp-content\/uploads\/2025\/04\/Patronato-Feria-Hector.jpeg","type":"image\/jpeg"}],"author":"Kuali Staff","twitter_card":"summary_large_image","twitter_creator":"@kuali_noticias","twitter_site":"@kuali_noticias","twitter_misc":{"Escrito por":"Kuali Staff","Tiempo de lectura":"2 minutos"},"schema":{"@context":"https:\/\/schema.org","@graph":[{"@type":"Article","@id":"https:\/\/kuali.com.mx\/web\/2025\/04\/16\/ex-lider-de-coparmex-nuevo-presidente-de-la-feria\/#article","isPartOf":{"@id":"https:\/\/kuali.com.mx\/web\/2025\/04\/16\/ex-lider-de-coparmex-nuevo-presidente-de-la-feria\/"},"author":{"name":"Kuali Staff","@id":"https:\/\/kuali.com.mx\/web\/#\/schema\/person\/6f89ffa8ecba9dae50662357923c5289"},"headline":"EX L\u00cdDER DE COPARMEX, NUEVO PRESIDENTE DE LA FERIA","datePublished":"2025-04-17T03:12:37+00:00","dateModified":"2025-04-17T15:10:20+00:00","mainEntityOfPage":{"@id":"https:\/\/kuali.com.mx\/web\/2025\/04\/16\/ex-lider-de-coparmex-nuevo-presidente-de-la-feria\/"},"wordCount":321,"commentCount":0,"image":{"@id":"https:\/\/kuali.com.mx\/web\/2025\/04\/16\/ex-lider-de-coparmex-nuevo-presidente-de-la-feria\/#primaryimage"},"thumbnailUrl":"https:\/\/kuali.com.mx\/web\/wp-content\/uploads\/2025\/04\/Patronato-Feria-Hector.jpeg","articleSection":["Pol\u00edtica"],"inLanguage":"es","potentialAction":[{"@type":"CommentAction","name":"Comment","target":["https:\/\/kuali.com.mx\/web\/2025\/04\/16\/ex-lider-de-coparmex-nuevo-presidente-de-la-feria\/#respond"]}]},{"@type":"WebPage","@id":"https:\/\/kuali.com.mx\/web\/2025\/04\/16\/ex-lider-de-coparmex-nuevo-presidente-de-la-feria\/","url":"https:\/\/kuali.com.mx\/web\/2025\/04\/16\/ex-lider-de-coparmex-nuevo-presidente-de-la-feria\/","name":"EX L\u00cdDER DE COPARMEX, NUEVO PRESIDENTE DE LA FERIA - Kuali","isPartOf":{"@id":"https:\/\/kuali.com.mx\/web\/#website"},"primaryImageOfPage":{"@id":"https:\/\/kuali.com.mx\/web\/2025\/04\/16\/ex-lider-de-coparmex-nuevo-presidente-de-la-feria\/#primaryimage"},"image":{"@id":"https:\/\/kuali.com.mx\/web\/2025\/04\/16\/ex-lider-de-coparmex-nuevo-presidente-de-la-feria\/#primaryimage"},"thumbnailUrl":"https:\/\/kuali.com.mx\/web\/wp-content\/uploads\/2025\/04\/Patronato-Feria-Hector.jpeg","datePublished":"2025-04-17T03:12:37+00:00","dateModified":"2025-04-17T15:10:20+00:00","author":{"@id":"https:\/\/kuali.com.mx\/web\/#\/schema\/person\/6f89ffa8ecba9dae50662357923c5289"},"breadcrumb":{"@id":"https:\/\/kuali.com.mx\/web\/2025\/04\/16\/ex-lider-de-coparmex-nuevo-presidente-de-la-feria\/#breadcrumb"},"inLanguage":"es","potentialAction":[{"@type":"ReadAction","target":["https:\/\/kuali.com.mx\/web\/2025\/04\/16\/ex-lider-de-coparmex-nuevo-presidente-de-la-feria\/"]}]},{"@type":"ImageObject","inLanguage":"es","@id":"https:\/\/kuali.com.mx\/web\/2025\/04\/16\/ex-lider-de-coparmex-nuevo-presidente-de-la-feria\/#primaryimage","url":"https:\/\/kuali.com.mx\/web\/wp-content\/uploads\/2025\/04\/Patronato-Feria-Hector.jpeg","contentUrl":"https:\/\/kuali.com.mx\/web\/wp-content\/uploads\/2025\/04\/Patronato-Feria-Hector.jpeg","width":1776,"height":1184},{"@type":"BreadcrumbList","@id":"https:\/\/kuali.com.mx\/web\/2025\/04\/16\/ex-lider-de-coparmex-nuevo-presidente-de-la-feria\/#breadcrumb","itemListElement":[{"@type":"ListItem","position":1,"name":"Inicio","item":"https:\/\/kuali.com.mx\/web\/"},{"@type":"ListItem","position":2,"name":"EX L\u00cdDER DE COPARMEX, NUEVO PRESIDENTE DE LA FERIA"}]},{"@type":"WebSite","@id":"https:\/\/kuali.com.mx\/web\/#website","url":"https:\/\/kuali.com.mx\/web\/","name":"Kuali","description":"","potentialAction":[{"@type":"SearchAction","target":{"@type":"EntryPoint","urlTemplate":"https:\/\/kuali.com.mx\/web\/?s={search_term_string}"},"query-input":{"@type":"PropertyValueSpecification","valueRequired":true,"valueName":"search_term_string"}}],"inLanguage":"es"},{"@type":"Person","@id":"https:\/\/kuali.com.mx\/web\/#\/schema\/person\/6f89ffa8ecba9dae50662357923c5289","name":"Kuali Staff","image":{"@type":"ImageObject","inLanguage":"es","@id":"https:\/\/secure.gravatar.com\/avatar\/f917ad82e5ab71227a733c78b6e60715476f69ee6be59feee4eb5d9920c89e0f?s=96&d=mm&r=g","url":"https:\/\/secure.gravatar.com\/avatar\/f917ad82e5ab71227a733c78b6e60715476f69ee6be59feee4eb5d9920c89e0f?s=96&d=mm&r=g","contentUrl":"https:\/\/secure.gravatar.com\/avatar\/f917ad82e5ab71227a733c78b6e60715476f69ee6be59feee4eb5d9920c89e0f?s=96&d=mm&r=g","caption":"Kuali Staff"},"url":"https:\/\/kuali.com.mx\/web\/author\/lagarto\/"}]}},"_links":{"self":[{"href":"https:\/\/kuali.com.mx\/web\/wp-json\/wp\/v2\/posts\/173286","targetHints":{"allow":["GET"]}}],"collection":[{"href":"https:\/\/kuali.com.mx\/web\/wp-json\/wp\/v2\/posts"}],"about":[{"href":"https:\/\/kuali.com.mx\/web\/wp-json\/wp\/v2\/types\/post"}],"author":[{"embeddable":true,"href":"https:\/\/kuali.com.mx\/web\/wp-json\/wp\/v2\/users\/2"}],"replies":[{"embeddable":true,"href":"https:\/\/kuali.com.mx\/web\/wp-json\/wp\/v2\/comments?post=173286"}],"version-history":[{"count":2,"href":"https:\/\/kuali.com.mx\/web\/wp-json\/wp\/v2\/posts\/173286\/revisions"}],"predecessor-version":[{"id":173314,"href":"https:\/\/kuali.com.mx\/web\/wp-json\/wp\/v2\/posts\/173286\/revisions\/173314"}],"wp:featuredmedia":[{"embeddable":true,"href":"https:\/\/kuali.com.mx\/web\/wp-json\/wp\/v2\/media\/173289"}],"wp:attachment":[{"href":"https:\/\/kuali.com.mx\/web\/wp-json\/wp\/v2\/media?parent=173286"}],"wp:term":[{"taxonomy":"category","embeddable":true,"href":"https:\/\/kuali.com.mx\/web\/wp-json\/wp\/v2\/categories?post=173286"},{"taxonomy":"post_tag","embeddable":true,"href":"https:\/\/kuali.com.mx\/web\/wp-json\/wp\/v2\/tags?post=173286"}],"curies":[{"name":"wp","href":"https:\/\/api.w.org\/{rel}","templated":true}]}}