{"id":173240,"date":"2025-04-15T20:06:46","date_gmt":"2025-04-16T02:06:46","guid":{"rendered":"https:\/\/kuali.com.mx\/web\/?p=173240"},"modified":"2025-04-15T20:06:49","modified_gmt":"2025-04-16T02:06:49","slug":"disminuye-uso-del-transporte-publico","status":"publish","type":"post","link":"https:\/\/kuali.com.mx\/web\/2025\/04\/15\/disminuye-uso-del-transporte-publico\/","title":{"rendered":"DISMINUYE USO DEL TRANSPORTE P\u00daBLICO"},"content":{"rendered":"\n<p><strong>Milagros Tadeo\/Le\u00f3n, Gto.-<\/strong>&nbsp;Durante el mes de febrero en el municipio se registraron 15.5 millones de traslados de pasajeros dentro del Sistema Integrado de Transporte de Le\u00f3n, lo que represent\u00f3 una baja del 9.5% en este esquema de movilidad, a comparaci\u00f3n del mismo mes de 2024.<\/p>\n\n\n\n<p>De acuerdo a datos preliminares de la Estad\u00edstica de Transporte Urbano de Pasajeros del INEGI, se inform\u00f3 que la distancia completada por el sistema fue de 4.4 millones de km, lo que present\u00f3 un retroceso del 0.7 % anual.<\/p>\n\n\n\n<p>La Estad\u00edstica de Transporte Urbano de Pasajeros (ETUP) presenta las caracter\u00edsticas de los sistemas estructurados de transporte urbano de pasajeros de las principales \u00e1reas metropolitanas, como las y los pasajeros transportados y kil\u00f3metros recorridos, entre otras.<\/p>\n\n\n\n<p>Asimismo, el INEGI a trav\u00e9s de esta estad\u00edstica report\u00f3 que de enero de 2022 a febrero de 2025, el SIT otorg\u00f3 servicio a 18 millones de pasajeros.<\/p>\n\n\n\n<p>Durante febrero de 2025, el sistema de transporte urbano de la Zona Metropolitana del Valle de M\u00e9xico \u2014que se integra por las 16 alcald\u00edas de Ciudad de M\u00e9xico y los municipios conurbados del estado de M\u00e9xico con los que se comparte transporte\u2014 prest\u00f3 servicio a 164.9 millones de pasajeras y pasajeros, cantidad 0.7 % menor que la del mismo mes de 2024. La distancia que cubri\u00f3 el sistema fue de 28.2 millones de km, cifra que descendi\u00f3 3.0 % en su comparaci\u00f3n anual.<\/p>\n","protected":false},"excerpt":{"rendered":"Milagros Tadeo\/Le\u00f3n, Gto.-&nbsp;Durante el mes de febrero en el municipio se registraron 15.5 millones de traslados de pasajeros dentro del Sistema Integrado de Transporte de Le\u00f3n, lo que represent\u00f3 una baja del 9.5% en este esquema de movilidad, a comparaci\u00f3n del mismo mes de 2024. De acuerdo a datos preliminares de la Estad\u00edstica de Transporte [&hellip;]","protected":false},"author":2,"featured_media":57538,"comment_status":"open","ping_status":"open","sticky":false,"template":"","format":"standard","meta":{"_seopress_robots_primary_cat":"none","_seopress_titles_title":"","_seopress_titles_desc":"","_seopress_robots_index":"","_monsterinsights_skip_tracking":false,"_monsterinsights_sitenote_active":false,"_monsterinsights_sitenote_note":"","_monsterinsights_sitenote_category":0,"footnotes":""},"categories":[3,69],"tags":[],"class_list":["post-173240","post","type-post","status-publish","format-standard","has-post-thumbnail","hentry","category-politica","category-slider"],"yoast_head":"<!-- This site is optimized with the Yoast SEO plugin v27.4 - https:\/\/yoast.com\/product\/yoast-seo-wordpress\/ -->\n<title>DISMINUYE USO DEL TRANSPORTE P\u00daBLICO - Kuali<\/title>\n<meta name=\"robots\" content=\"index, follow, max-snippet:-1, max-image-preview:large, max-video-preview:-1\" \/>\n<link rel=\"canonical\" href=\"https:\/\/kuali.com.mx\/web\/2025\/04\/15\/disminuye-uso-del-transporte-publico\/\" \/>\n<meta property=\"og:locale\" content=\"es_MX\" \/>\n<meta property=\"og:type\" content=\"article\" \/>\n<meta property=\"og:title\" content=\"DISMINUYE USO DEL TRANSPORTE P\u00daBLICO - Kuali\" \/>\n<meta property=\"og:description\" content=\"Milagros Tadeo\/Le\u00f3n, Gto.-&nbsp;Durante el mes de febrero en el municipio se registraron 15.5 millones de traslados de pasajeros dentro del Sistema Integrado de Transporte de Le\u00f3n, lo que represent\u00f3 una baja del 9.5% en este esquema de movilidad, a comparaci\u00f3n del mismo mes de 2024. De acuerdo a datos preliminares de la Estad\u00edstica de Transporte [&hellip;]\" \/>\n<meta property=\"og:url\" content=\"https:\/\/kuali.com.mx\/web\/2025\/04\/15\/disminuye-uso-del-transporte-publico\/\" \/>\n<meta property=\"og:site_name\" content=\"Kuali\" \/>\n<meta property=\"article:publisher\" content=\"https:\/\/kuali.com.mx\/web\/wp-content\/uploads\/2018\/04\/cropped-kuali_logo-1-1.png\" \/>\n<meta property=\"article:published_time\" content=\"2025-04-16T02:06:46+00:00\" \/>\n<meta property=\"article:modified_time\" content=\"2025-04-16T02:06:49+00:00\" \/>\n<meta property=\"og:image\" content=\"https:\/\/kuali.com.mx\/web\/wp-content\/uploads\/2019\/07\/Cami\u00f3n-Oruga-SIT.jpg\" \/>\n\t<meta property=\"og:image:width\" content=\"1846\" \/>\n\t<meta property=\"og:image:height\" content=\"750\" \/>\n\t<meta property=\"og:image:type\" content=\"image\/jpeg\" \/>\n<meta name=\"author\" content=\"Kuali Staff\" \/>\n<meta name=\"twitter:card\" content=\"summary_large_image\" \/>\n<meta name=\"twitter:creator\" content=\"@kuali_noticias\" \/>\n<meta name=\"twitter:site\" content=\"@kuali_noticias\" \/>\n<meta name=\"twitter:label1\" content=\"Escrito por\" \/>\n\t<meta name=\"twitter:data1\" content=\"Kuali Staff\" \/>\n\t<meta name=\"twitter:label2\" content=\"Tiempo de lectura\" \/>\n\t<meta name=\"twitter:data2\" content=\"1 minuto\" \/>\n<script type=\"application\/ld+json\" class=\"yoast-schema-graph\">{\"@context\":\"https:\\\/\\\/schema.org\",\"@graph\":[{\"@type\":\"Article\",\"@id\":\"https:\\\/\\\/kuali.com.mx\\\/web\\\/2025\\\/04\\\/15\\\/disminuye-uso-del-transporte-publico\\\/#article\",\"isPartOf\":{\"@id\":\"https:\\\/\\\/kuali.com.mx\\\/web\\\/2025\\\/04\\\/15\\\/disminuye-uso-del-transporte-publico\\\/\"},\"author\":{\"name\":\"Kuali Staff\",\"@id\":\"https:\\\/\\\/kuali.com.mx\\\/web\\\/#\\\/schema\\\/person\\\/6f89ffa8ecba9dae50662357923c5289\"},\"headline\":\"DISMINUYE USO DEL TRANSPORTE P\u00daBLICO\",\"datePublished\":\"2025-04-16T02:06:46+00:00\",\"dateModified\":\"2025-04-16T02:06:49+00:00\",\"mainEntityOfPage\":{\"@id\":\"https:\\\/\\\/kuali.com.mx\\\/web\\\/2025\\\/04\\\/15\\\/disminuye-uso-del-transporte-publico\\\/\"},\"wordCount\":236,\"commentCount\":0,\"image\":{\"@id\":\"https:\\\/\\\/kuali.com.mx\\\/web\\\/2025\\\/04\\\/15\\\/disminuye-uso-del-transporte-publico\\\/#primaryimage\"},\"thumbnailUrl\":\"https:\\\/\\\/kuali.com.mx\\\/web\\\/wp-content\\\/uploads\\\/2019\\\/07\\\/Cami\u00f3n-Oruga-SIT.jpg\",\"articleSection\":[\"Pol\u00edtica\",\"slider\"],\"inLanguage\":\"es\",\"potentialAction\":[{\"@type\":\"CommentAction\",\"name\":\"Comment\",\"target\":[\"https:\\\/\\\/kuali.com.mx\\\/web\\\/2025\\\/04\\\/15\\\/disminuye-uso-del-transporte-publico\\\/#respond\"]}]},{\"@type\":\"WebPage\",\"@id\":\"https:\\\/\\\/kuali.com.mx\\\/web\\\/2025\\\/04\\\/15\\\/disminuye-uso-del-transporte-publico\\\/\",\"url\":\"https:\\\/\\\/kuali.com.mx\\\/web\\\/2025\\\/04\\\/15\\\/disminuye-uso-del-transporte-publico\\\/\",\"name\":\"DISMINUYE USO DEL TRANSPORTE P\u00daBLICO - Kuali\",\"isPartOf\":{\"@id\":\"https:\\\/\\\/kuali.com.mx\\\/web\\\/#website\"},\"primaryImageOfPage\":{\"@id\":\"https:\\\/\\\/kuali.com.mx\\\/web\\\/2025\\\/04\\\/15\\\/disminuye-uso-del-transporte-publico\\\/#primaryimage\"},\"image\":{\"@id\":\"https:\\\/\\\/kuali.com.mx\\\/web\\\/2025\\\/04\\\/15\\\/disminuye-uso-del-transporte-publico\\\/#primaryimage\"},\"thumbnailUrl\":\"https:\\\/\\\/kuali.com.mx\\\/web\\\/wp-content\\\/uploads\\\/2019\\\/07\\\/Cami\u00f3n-Oruga-SIT.jpg\",\"datePublished\":\"2025-04-16T02:06:46+00:00\",\"dateModified\":\"2025-04-16T02:06:49+00:00\",\"author\":{\"@id\":\"https:\\\/\\\/kuali.com.mx\\\/web\\\/#\\\/schema\\\/person\\\/6f89ffa8ecba9dae50662357923c5289\"},\"breadcrumb\":{\"@id\":\"https:\\\/\\\/kuali.com.mx\\\/web\\\/2025\\\/04\\\/15\\\/disminuye-uso-del-transporte-publico\\\/#breadcrumb\"},\"inLanguage\":\"es\",\"potentialAction\":[{\"@type\":\"ReadAction\",\"target\":[\"https:\\\/\\\/kuali.com.mx\\\/web\\\/2025\\\/04\\\/15\\\/disminuye-uso-del-transporte-publico\\\/\"]}]},{\"@type\":\"ImageObject\",\"inLanguage\":\"es\",\"@id\":\"https:\\\/\\\/kuali.com.mx\\\/web\\\/2025\\\/04\\\/15\\\/disminuye-uso-del-transporte-publico\\\/#primaryimage\",\"url\":\"https:\\\/\\\/kuali.com.mx\\\/web\\\/wp-content\\\/uploads\\\/2019\\\/07\\\/Cami\u00f3n-Oruga-SIT.jpg\",\"contentUrl\":\"https:\\\/\\\/kuali.com.mx\\\/web\\\/wp-content\\\/uploads\\\/2019\\\/07\\\/Cami\u00f3n-Oruga-SIT.jpg\",\"width\":1846,\"height\":750},{\"@type\":\"BreadcrumbList\",\"@id\":\"https:\\\/\\\/kuali.com.mx\\\/web\\\/2025\\\/04\\\/15\\\/disminuye-uso-del-transporte-publico\\\/#breadcrumb\",\"itemListElement\":[{\"@type\":\"ListItem\",\"position\":1,\"name\":\"Inicio\",\"item\":\"https:\\\/\\\/kuali.com.mx\\\/web\\\/\"},{\"@type\":\"ListItem\",\"position\":2,\"name\":\"DISMINUYE USO DEL TRANSPORTE P\u00daBLICO\"}]},{\"@type\":\"WebSite\",\"@id\":\"https:\\\/\\\/kuali.com.mx\\\/web\\\/#website\",\"url\":\"https:\\\/\\\/kuali.com.mx\\\/web\\\/\",\"name\":\"Kuali\",\"description\":\"\",\"potentialAction\":[{\"@type\":\"SearchAction\",\"target\":{\"@type\":\"EntryPoint\",\"urlTemplate\":\"https:\\\/\\\/kuali.com.mx\\\/web\\\/?s={search_term_string}\"},\"query-input\":{\"@type\":\"PropertyValueSpecification\",\"valueRequired\":true,\"valueName\":\"search_term_string\"}}],\"inLanguage\":\"es\"},{\"@type\":\"Person\",\"@id\":\"https:\\\/\\\/kuali.com.mx\\\/web\\\/#\\\/schema\\\/person\\\/6f89ffa8ecba9dae50662357923c5289\",\"name\":\"Kuali Staff\",\"image\":{\"@type\":\"ImageObject\",\"inLanguage\":\"es\",\"@id\":\"https:\\\/\\\/secure.gravatar.com\\\/avatar\\\/f917ad82e5ab71227a733c78b6e60715476f69ee6be59feee4eb5d9920c89e0f?s=96&d=mm&r=g\",\"url\":\"https:\\\/\\\/secure.gravatar.com\\\/avatar\\\/f917ad82e5ab71227a733c78b6e60715476f69ee6be59feee4eb5d9920c89e0f?s=96&d=mm&r=g\",\"contentUrl\":\"https:\\\/\\\/secure.gravatar.com\\\/avatar\\\/f917ad82e5ab71227a733c78b6e60715476f69ee6be59feee4eb5d9920c89e0f?s=96&d=mm&r=g\",\"caption\":\"Kuali Staff\"},\"url\":\"https:\\\/\\\/kuali.com.mx\\\/web\\\/author\\\/lagarto\\\/\"}]}<\/script>\n<!-- \/ Yoast SEO plugin. -->","yoast_head_json":{"title":"DISMINUYE USO DEL TRANSPORTE P\u00daBLICO - Kuali","robots":{"index":"index","follow":"follow","max-snippet":"max-snippet:-1","max-image-preview":"max-image-preview:large","max-video-preview":"max-video-preview:-1"},"canonical":"https:\/\/kuali.com.mx\/web\/2025\/04\/15\/disminuye-uso-del-transporte-publico\/","og_locale":"es_MX","og_type":"article","og_title":"DISMINUYE USO DEL TRANSPORTE P\u00daBLICO - Kuali","og_description":"Milagros Tadeo\/Le\u00f3n, Gto.-&nbsp;Durante el mes de febrero en el municipio se registraron 15.5 millones de traslados de pasajeros dentro del Sistema Integrado de Transporte de Le\u00f3n, lo que represent\u00f3 una baja del 9.5% en este esquema de movilidad, a comparaci\u00f3n del mismo mes de 2024. De acuerdo a datos preliminares de la Estad\u00edstica de Transporte [&hellip;]","og_url":"https:\/\/kuali.com.mx\/web\/2025\/04\/15\/disminuye-uso-del-transporte-publico\/","og_site_name":"Kuali","article_publisher":"https:\/\/kuali.com.mx\/web\/wp-content\/uploads\/2018\/04\/cropped-kuali_logo-1-1.png","article_published_time":"2025-04-16T02:06:46+00:00","article_modified_time":"2025-04-16T02:06:49+00:00","og_image":[{"width":1846,"height":750,"url":"https:\/\/kuali.com.mx\/web\/wp-content\/uploads\/2019\/07\/Cami\u00f3n-Oruga-SIT.jpg","type":"image\/jpeg"}],"author":"Kuali Staff","twitter_card":"summary_large_image","twitter_creator":"@kuali_noticias","twitter_site":"@kuali_noticias","twitter_misc":{"Escrito por":"Kuali Staff","Tiempo de lectura":"1 minuto"},"schema":{"@context":"https:\/\/schema.org","@graph":[{"@type":"Article","@id":"https:\/\/kuali.com.mx\/web\/2025\/04\/15\/disminuye-uso-del-transporte-publico\/#article","isPartOf":{"@id":"https:\/\/kuali.com.mx\/web\/2025\/04\/15\/disminuye-uso-del-transporte-publico\/"},"author":{"name":"Kuali Staff","@id":"https:\/\/kuali.com.mx\/web\/#\/schema\/person\/6f89ffa8ecba9dae50662357923c5289"},"headline":"DISMINUYE USO DEL TRANSPORTE P\u00daBLICO","datePublished":"2025-04-16T02:06:46+00:00","dateModified":"2025-04-16T02:06:49+00:00","mainEntityOfPage":{"@id":"https:\/\/kuali.com.mx\/web\/2025\/04\/15\/disminuye-uso-del-transporte-publico\/"},"wordCount":236,"commentCount":0,"image":{"@id":"https:\/\/kuali.com.mx\/web\/2025\/04\/15\/disminuye-uso-del-transporte-publico\/#primaryimage"},"thumbnailUrl":"https:\/\/kuali.com.mx\/web\/wp-content\/uploads\/2019\/07\/Cami\u00f3n-Oruga-SIT.jpg","articleSection":["Pol\u00edtica","slider"],"inLanguage":"es","potentialAction":[{"@type":"CommentAction","name":"Comment","target":["https:\/\/kuali.com.mx\/web\/2025\/04\/15\/disminuye-uso-del-transporte-publico\/#respond"]}]},{"@type":"WebPage","@id":"https:\/\/kuali.com.mx\/web\/2025\/04\/15\/disminuye-uso-del-transporte-publico\/","url":"https:\/\/kuali.com.mx\/web\/2025\/04\/15\/disminuye-uso-del-transporte-publico\/","name":"DISMINUYE USO DEL TRANSPORTE P\u00daBLICO - Kuali","isPartOf":{"@id":"https:\/\/kuali.com.mx\/web\/#website"},"primaryImageOfPage":{"@id":"https:\/\/kuali.com.mx\/web\/2025\/04\/15\/disminuye-uso-del-transporte-publico\/#primaryimage"},"image":{"@id":"https:\/\/kuali.com.mx\/web\/2025\/04\/15\/disminuye-uso-del-transporte-publico\/#primaryimage"},"thumbnailUrl":"https:\/\/kuali.com.mx\/web\/wp-content\/uploads\/2019\/07\/Cami\u00f3n-Oruga-SIT.jpg","datePublished":"2025-04-16T02:06:46+00:00","dateModified":"2025-04-16T02:06:49+00:00","author":{"@id":"https:\/\/kuali.com.mx\/web\/#\/schema\/person\/6f89ffa8ecba9dae50662357923c5289"},"breadcrumb":{"@id":"https:\/\/kuali.com.mx\/web\/2025\/04\/15\/disminuye-uso-del-transporte-publico\/#breadcrumb"},"inLanguage":"es","potentialAction":[{"@type":"ReadAction","target":["https:\/\/kuali.com.mx\/web\/2025\/04\/15\/disminuye-uso-del-transporte-publico\/"]}]},{"@type":"ImageObject","inLanguage":"es","@id":"https:\/\/kuali.com.mx\/web\/2025\/04\/15\/disminuye-uso-del-transporte-publico\/#primaryimage","url":"https:\/\/kuali.com.mx\/web\/wp-content\/uploads\/2019\/07\/Cami\u00f3n-Oruga-SIT.jpg","contentUrl":"https:\/\/kuali.com.mx\/web\/wp-content\/uploads\/2019\/07\/Cami\u00f3n-Oruga-SIT.jpg","width":1846,"height":750},{"@type":"BreadcrumbList","@id":"https:\/\/kuali.com.mx\/web\/2025\/04\/15\/disminuye-uso-del-transporte-publico\/#breadcrumb","itemListElement":[{"@type":"ListItem","position":1,"name":"Inicio","item":"https:\/\/kuali.com.mx\/web\/"},{"@type":"ListItem","position":2,"name":"DISMINUYE USO DEL TRANSPORTE P\u00daBLICO"}]},{"@type":"WebSite","@id":"https:\/\/kuali.com.mx\/web\/#website","url":"https:\/\/kuali.com.mx\/web\/","name":"Kuali","description":"","potentialAction":[{"@type":"SearchAction","target":{"@type":"EntryPoint","urlTemplate":"https:\/\/kuali.com.mx\/web\/?s={search_term_string}"},"query-input":{"@type":"PropertyValueSpecification","valueRequired":true,"valueName":"search_term_string"}}],"inLanguage":"es"},{"@type":"Person","@id":"https:\/\/kuali.com.mx\/web\/#\/schema\/person\/6f89ffa8ecba9dae50662357923c5289","name":"Kuali Staff","image":{"@type":"ImageObject","inLanguage":"es","@id":"https:\/\/secure.gravatar.com\/avatar\/f917ad82e5ab71227a733c78b6e60715476f69ee6be59feee4eb5d9920c89e0f?s=96&d=mm&r=g","url":"https:\/\/secure.gravatar.com\/avatar\/f917ad82e5ab71227a733c78b6e60715476f69ee6be59feee4eb5d9920c89e0f?s=96&d=mm&r=g","contentUrl":"https:\/\/secure.gravatar.com\/avatar\/f917ad82e5ab71227a733c78b6e60715476f69ee6be59feee4eb5d9920c89e0f?s=96&d=mm&r=g","caption":"Kuali Staff"},"url":"https:\/\/kuali.com.mx\/web\/author\/lagarto\/"}]}},"_links":{"self":[{"href":"https:\/\/kuali.com.mx\/web\/wp-json\/wp\/v2\/posts\/173240","targetHints":{"allow":["GET"]}}],"collection":[{"href":"https:\/\/kuali.com.mx\/web\/wp-json\/wp\/v2\/posts"}],"about":[{"href":"https:\/\/kuali.com.mx\/web\/wp-json\/wp\/v2\/types\/post"}],"author":[{"embeddable":true,"href":"https:\/\/kuali.com.mx\/web\/wp-json\/wp\/v2\/users\/2"}],"replies":[{"embeddable":true,"href":"https:\/\/kuali.com.mx\/web\/wp-json\/wp\/v2\/comments?post=173240"}],"version-history":[{"count":2,"href":"https:\/\/kuali.com.mx\/web\/wp-json\/wp\/v2\/posts\/173240\/revisions"}],"predecessor-version":[{"id":173244,"href":"https:\/\/kuali.com.mx\/web\/wp-json\/wp\/v2\/posts\/173240\/revisions\/173244"}],"wp:featuredmedia":[{"embeddable":true,"href":"https:\/\/kuali.com.mx\/web\/wp-json\/wp\/v2\/media\/57538"}],"wp:attachment":[{"href":"https:\/\/kuali.com.mx\/web\/wp-json\/wp\/v2\/media?parent=173240"}],"wp:term":[{"taxonomy":"category","embeddable":true,"href":"https:\/\/kuali.com.mx\/web\/wp-json\/wp\/v2\/categories?post=173240"},{"taxonomy":"post_tag","embeddable":true,"href":"https:\/\/kuali.com.mx\/web\/wp-json\/wp\/v2\/tags?post=173240"}],"curies":[{"name":"wp","href":"https:\/\/api.w.org\/{rel}","templated":true}]}}