{"id":171404,"date":"2025-03-21T10:55:42","date_gmt":"2025-03-21T16:55:42","guid":{"rendered":"https:\/\/kuali.com.mx\/web\/?p=171404"},"modified":"2025-03-22T11:16:15","modified_gmt":"2025-03-22T17:16:15","slug":"conmemoran-natalicio-de-benito-juarez-garcia","status":"publish","type":"post","link":"https:\/\/kuali.com.mx\/web\/2025\/03\/21\/conmemoran-natalicio-de-benito-juarez-garcia\/","title":{"rendered":"CONMEMORAN NATALICIO DE BENITO JU\u00c1REZ GARC\u00cdA"},"content":{"rendered":"\n<p><em><strong>Kuali\/Irapuato, Gto<\/strong><\/em>.-Autoridades del Gobierno de Irapuato, a trav\u00e9s de la Direcci\u00f3n de Educaci\u00f3n, realizaron guardia de honor en la conmemoraci\u00f3n del\u00a0219 Aniversario del Natalicio de Benito Ju\u00e1rez Garc\u00eda.<\/p>\n\n\n\n<p>Lorena Alfaro Garc\u00eda, presidenta municipal, record\u00f3 este 21 de marzo como una fecha que resuena a nivel nacional pues refiere el nacimiento de una figura muy importante en la historia de la pol\u00edtica y social de M\u00e9xico, el Benem\u00e9rito de las Am\u00e9ricas quien, durante su mandato como Presidente de este pa\u00eds, consolid\u00f3 una Rep\u00fablica independiente y soberana.<\/p>\n\n\n\n<p>\u201cAs\u00ed como Ju\u00e1rez, quien junto a miles de personas defendi\u00f3 a M\u00e9xico, nosotros tambi\u00e9n debemos hacerlo, no solo con las palabras sino con las acciones que fomenten el respeto, la unidad y la paz. Los invito a seguir construyendo con trabajo y compromiso, el M\u00e9xico que so\u00f1amos, un M\u00e9xico donde la paz, la libertad y el progreso sean una constante\u201d, resalt\u00f3.<\/p>\n\n\n\n<p>Joyce Guerrero Barajas, directora de Educaci\u00f3n, coment\u00f3 que Benito Ju\u00e1rez no solo fue presidente, sino un ejemplo de perseverancia, esfuerzo y amor por la justicia, pues defendi\u00f3 los derechos de los m\u00e1s necesitados.<\/p>\n\n\n\n<p>\u201cComo Presidente de M\u00e9xico, luch\u00f3 por la igualdad, la educaci\u00f3n y la soberan\u00eda del pa\u00eds e impuls\u00f3 las leyes de reforma, as\u00ed como la educaci\u00f3n laica y gratuita para todos, su c\u00e9lebre frase: entre los individuos como entre las naciones, el respeto al derecho ajeno es la paz, nos sigue recordando la importancia de la tolerancia y la convivencia arm\u00f3nica\u201d, concluy\u00f3.<\/p>\n","protected":false},"excerpt":{"rendered":"Kuali\/Irapuato, Gto.-Autoridades del Gobierno de Irapuato, a trav\u00e9s de la Direcci\u00f3n de Educaci\u00f3n, realizaron guardia de honor en la conmemoraci\u00f3n del\u00a0219 Aniversario del Natalicio de Benito Ju\u00e1rez Garc\u00eda. Lorena Alfaro Garc\u00eda, presidenta municipal, record\u00f3 este 21 de marzo como una fecha que resuena a nivel nacional pues refiere el nacimiento de una figura muy importante [&hellip;]","protected":false},"author":2,"featured_media":171406,"comment_status":"open","ping_status":"open","sticky":false,"template":"","format":"standard","meta":{"_seopress_robots_primary_cat":"none","_seopress_titles_title":"","_seopress_titles_desc":"","_seopress_robots_index":"","_monsterinsights_skip_tracking":false,"_monsterinsights_sitenote_active":false,"_monsterinsights_sitenote_note":"","_monsterinsights_sitenote_category":0,"footnotes":""},"categories":[3],"tags":[],"class_list":["post-171404","post","type-post","status-publish","format-standard","has-post-thumbnail","hentry","category-politica"],"yoast_head":"<!-- This site is optimized with the Yoast SEO plugin v27.5 - https:\/\/yoast.com\/product\/yoast-seo-wordpress\/ -->\n<title>CONMEMORAN NATALICIO DE BENITO JU\u00c1REZ GARC\u00cdA - Kuali<\/title>\n<meta name=\"robots\" content=\"index, follow, max-snippet:-1, max-image-preview:large, max-video-preview:-1\" \/>\n<link rel=\"canonical\" href=\"https:\/\/kuali.com.mx\/web\/2025\/03\/21\/conmemoran-natalicio-de-benito-juarez-garcia\/\" \/>\n<meta property=\"og:locale\" content=\"es_MX\" \/>\n<meta property=\"og:type\" content=\"article\" \/>\n<meta property=\"og:title\" content=\"CONMEMORAN NATALICIO DE BENITO JU\u00c1REZ GARC\u00cdA - Kuali\" \/>\n<meta property=\"og:description\" content=\"Kuali\/Irapuato, Gto.-Autoridades del Gobierno de Irapuato, a trav\u00e9s de la Direcci\u00f3n de Educaci\u00f3n, realizaron guardia de honor en la conmemoraci\u00f3n del\u00a0219 Aniversario del Natalicio de Benito Ju\u00e1rez Garc\u00eda. Lorena Alfaro Garc\u00eda, presidenta municipal, record\u00f3 este 21 de marzo como una fecha que resuena a nivel nacional pues refiere el nacimiento de una figura muy importante [&hellip;]\" \/>\n<meta property=\"og:url\" content=\"https:\/\/kuali.com.mx\/web\/2025\/03\/21\/conmemoran-natalicio-de-benito-juarez-garcia\/\" \/>\n<meta property=\"og:site_name\" content=\"Kuali\" \/>\n<meta property=\"article:publisher\" content=\"https:\/\/kuali.com.mx\/web\/wp-content\/uploads\/2018\/04\/cropped-kuali_logo-1-1.png\" \/>\n<meta property=\"article:published_time\" content=\"2025-03-21T16:55:42+00:00\" \/>\n<meta property=\"article:modified_time\" content=\"2025-03-22T17:16:15+00:00\" \/>\n<meta property=\"og:image\" content=\"https:\/\/kuali.com.mx\/web\/wp-content\/uploads\/2025\/03\/JUAREZ-A.jpg\" \/>\n\t<meta property=\"og:image:width\" content=\"1670\" \/>\n\t<meta property=\"og:image:height\" content=\"750\" \/>\n\t<meta property=\"og:image:type\" content=\"image\/jpeg\" \/>\n<meta name=\"author\" content=\"Kuali Staff\" \/>\n<meta name=\"twitter:card\" content=\"summary_large_image\" \/>\n<meta name=\"twitter:creator\" content=\"@kuali_noticias\" \/>\n<meta name=\"twitter:site\" content=\"@kuali_noticias\" \/>\n<meta name=\"twitter:label1\" content=\"Escrito por\" \/>\n\t<meta name=\"twitter:data1\" content=\"Kuali Staff\" \/>\n\t<meta name=\"twitter:label2\" content=\"Tiempo de lectura\" \/>\n\t<meta name=\"twitter:data2\" content=\"1 minuto\" \/>\n<script type=\"application\/ld+json\" class=\"yoast-schema-graph\">{\"@context\":\"https:\\\/\\\/schema.org\",\"@graph\":[{\"@type\":\"Article\",\"@id\":\"https:\\\/\\\/kuali.com.mx\\\/web\\\/2025\\\/03\\\/21\\\/conmemoran-natalicio-de-benito-juarez-garcia\\\/#article\",\"isPartOf\":{\"@id\":\"https:\\\/\\\/kuali.com.mx\\\/web\\\/2025\\\/03\\\/21\\\/conmemoran-natalicio-de-benito-juarez-garcia\\\/\"},\"author\":{\"name\":\"Kuali Staff\",\"@id\":\"https:\\\/\\\/kuali.com.mx\\\/web\\\/#\\\/schema\\\/person\\\/6f89ffa8ecba9dae50662357923c5289\"},\"headline\":\"CONMEMORAN NATALICIO DE BENITO JU\u00c1REZ GARC\u00cdA\",\"datePublished\":\"2025-03-21T16:55:42+00:00\",\"dateModified\":\"2025-03-22T17:16:15+00:00\",\"mainEntityOfPage\":{\"@id\":\"https:\\\/\\\/kuali.com.mx\\\/web\\\/2025\\\/03\\\/21\\\/conmemoran-natalicio-de-benito-juarez-garcia\\\/\"},\"wordCount\":278,\"commentCount\":0,\"image\":{\"@id\":\"https:\\\/\\\/kuali.com.mx\\\/web\\\/2025\\\/03\\\/21\\\/conmemoran-natalicio-de-benito-juarez-garcia\\\/#primaryimage\"},\"thumbnailUrl\":\"https:\\\/\\\/kuali.com.mx\\\/web\\\/wp-content\\\/uploads\\\/2025\\\/03\\\/JUAREZ-A.jpg\",\"articleSection\":[\"Pol\u00edtica\"],\"inLanguage\":\"es\",\"potentialAction\":[{\"@type\":\"CommentAction\",\"name\":\"Comment\",\"target\":[\"https:\\\/\\\/kuali.com.mx\\\/web\\\/2025\\\/03\\\/21\\\/conmemoran-natalicio-de-benito-juarez-garcia\\\/#respond\"]}]},{\"@type\":\"WebPage\",\"@id\":\"https:\\\/\\\/kuali.com.mx\\\/web\\\/2025\\\/03\\\/21\\\/conmemoran-natalicio-de-benito-juarez-garcia\\\/\",\"url\":\"https:\\\/\\\/kuali.com.mx\\\/web\\\/2025\\\/03\\\/21\\\/conmemoran-natalicio-de-benito-juarez-garcia\\\/\",\"name\":\"CONMEMORAN NATALICIO DE BENITO JU\u00c1REZ GARC\u00cdA - Kuali\",\"isPartOf\":{\"@id\":\"https:\\\/\\\/kuali.com.mx\\\/web\\\/#website\"},\"primaryImageOfPage\":{\"@id\":\"https:\\\/\\\/kuali.com.mx\\\/web\\\/2025\\\/03\\\/21\\\/conmemoran-natalicio-de-benito-juarez-garcia\\\/#primaryimage\"},\"image\":{\"@id\":\"https:\\\/\\\/kuali.com.mx\\\/web\\\/2025\\\/03\\\/21\\\/conmemoran-natalicio-de-benito-juarez-garcia\\\/#primaryimage\"},\"thumbnailUrl\":\"https:\\\/\\\/kuali.com.mx\\\/web\\\/wp-content\\\/uploads\\\/2025\\\/03\\\/JUAREZ-A.jpg\",\"datePublished\":\"2025-03-21T16:55:42+00:00\",\"dateModified\":\"2025-03-22T17:16:15+00:00\",\"author\":{\"@id\":\"https:\\\/\\\/kuali.com.mx\\\/web\\\/#\\\/schema\\\/person\\\/6f89ffa8ecba9dae50662357923c5289\"},\"breadcrumb\":{\"@id\":\"https:\\\/\\\/kuali.com.mx\\\/web\\\/2025\\\/03\\\/21\\\/conmemoran-natalicio-de-benito-juarez-garcia\\\/#breadcrumb\"},\"inLanguage\":\"es\",\"potentialAction\":[{\"@type\":\"ReadAction\",\"target\":[\"https:\\\/\\\/kuali.com.mx\\\/web\\\/2025\\\/03\\\/21\\\/conmemoran-natalicio-de-benito-juarez-garcia\\\/\"]}]},{\"@type\":\"ImageObject\",\"inLanguage\":\"es\",\"@id\":\"https:\\\/\\\/kuali.com.mx\\\/web\\\/2025\\\/03\\\/21\\\/conmemoran-natalicio-de-benito-juarez-garcia\\\/#primaryimage\",\"url\":\"https:\\\/\\\/kuali.com.mx\\\/web\\\/wp-content\\\/uploads\\\/2025\\\/03\\\/JUAREZ-A.jpg\",\"contentUrl\":\"https:\\\/\\\/kuali.com.mx\\\/web\\\/wp-content\\\/uploads\\\/2025\\\/03\\\/JUAREZ-A.jpg\",\"width\":1670,\"height\":750},{\"@type\":\"BreadcrumbList\",\"@id\":\"https:\\\/\\\/kuali.com.mx\\\/web\\\/2025\\\/03\\\/21\\\/conmemoran-natalicio-de-benito-juarez-garcia\\\/#breadcrumb\",\"itemListElement\":[{\"@type\":\"ListItem\",\"position\":1,\"name\":\"Inicio\",\"item\":\"https:\\\/\\\/kuali.com.mx\\\/web\\\/\"},{\"@type\":\"ListItem\",\"position\":2,\"name\":\"CONMEMORAN NATALICIO DE BENITO JU\u00c1REZ GARC\u00cdA\"}]},{\"@type\":\"WebSite\",\"@id\":\"https:\\\/\\\/kuali.com.mx\\\/web\\\/#website\",\"url\":\"https:\\\/\\\/kuali.com.mx\\\/web\\\/\",\"name\":\"Kuali\",\"description\":\"\",\"potentialAction\":[{\"@type\":\"SearchAction\",\"target\":{\"@type\":\"EntryPoint\",\"urlTemplate\":\"https:\\\/\\\/kuali.com.mx\\\/web\\\/?s={search_term_string}\"},\"query-input\":{\"@type\":\"PropertyValueSpecification\",\"valueRequired\":true,\"valueName\":\"search_term_string\"}}],\"inLanguage\":\"es\"},{\"@type\":\"Person\",\"@id\":\"https:\\\/\\\/kuali.com.mx\\\/web\\\/#\\\/schema\\\/person\\\/6f89ffa8ecba9dae50662357923c5289\",\"name\":\"Kuali Staff\",\"image\":{\"@type\":\"ImageObject\",\"inLanguage\":\"es\",\"@id\":\"https:\\\/\\\/secure.gravatar.com\\\/avatar\\\/f917ad82e5ab71227a733c78b6e60715476f69ee6be59feee4eb5d9920c89e0f?s=96&d=mm&r=g\",\"url\":\"https:\\\/\\\/secure.gravatar.com\\\/avatar\\\/f917ad82e5ab71227a733c78b6e60715476f69ee6be59feee4eb5d9920c89e0f?s=96&d=mm&r=g\",\"contentUrl\":\"https:\\\/\\\/secure.gravatar.com\\\/avatar\\\/f917ad82e5ab71227a733c78b6e60715476f69ee6be59feee4eb5d9920c89e0f?s=96&d=mm&r=g\",\"caption\":\"Kuali Staff\"},\"url\":\"https:\\\/\\\/kuali.com.mx\\\/web\\\/author\\\/lagarto\\\/\"}]}<\/script>\n<!-- \/ Yoast SEO plugin. -->","yoast_head_json":{"title":"CONMEMORAN NATALICIO DE BENITO JU\u00c1REZ GARC\u00cdA - Kuali","robots":{"index":"index","follow":"follow","max-snippet":"max-snippet:-1","max-image-preview":"max-image-preview:large","max-video-preview":"max-video-preview:-1"},"canonical":"https:\/\/kuali.com.mx\/web\/2025\/03\/21\/conmemoran-natalicio-de-benito-juarez-garcia\/","og_locale":"es_MX","og_type":"article","og_title":"CONMEMORAN NATALICIO DE BENITO JU\u00c1REZ GARC\u00cdA - Kuali","og_description":"Kuali\/Irapuato, Gto.-Autoridades del Gobierno de Irapuato, a trav\u00e9s de la Direcci\u00f3n de Educaci\u00f3n, realizaron guardia de honor en la conmemoraci\u00f3n del\u00a0219 Aniversario del Natalicio de Benito Ju\u00e1rez Garc\u00eda. Lorena Alfaro Garc\u00eda, presidenta municipal, record\u00f3 este 21 de marzo como una fecha que resuena a nivel nacional pues refiere el nacimiento de una figura muy importante [&hellip;]","og_url":"https:\/\/kuali.com.mx\/web\/2025\/03\/21\/conmemoran-natalicio-de-benito-juarez-garcia\/","og_site_name":"Kuali","article_publisher":"https:\/\/kuali.com.mx\/web\/wp-content\/uploads\/2018\/04\/cropped-kuali_logo-1-1.png","article_published_time":"2025-03-21T16:55:42+00:00","article_modified_time":"2025-03-22T17:16:15+00:00","og_image":[{"width":1670,"height":750,"url":"https:\/\/kuali.com.mx\/web\/wp-content\/uploads\/2025\/03\/JUAREZ-A.jpg","type":"image\/jpeg"}],"author":"Kuali Staff","twitter_card":"summary_large_image","twitter_creator":"@kuali_noticias","twitter_site":"@kuali_noticias","twitter_misc":{"Escrito por":"Kuali Staff","Tiempo de lectura":"1 minuto"},"schema":{"@context":"https:\/\/schema.org","@graph":[{"@type":"Article","@id":"https:\/\/kuali.com.mx\/web\/2025\/03\/21\/conmemoran-natalicio-de-benito-juarez-garcia\/#article","isPartOf":{"@id":"https:\/\/kuali.com.mx\/web\/2025\/03\/21\/conmemoran-natalicio-de-benito-juarez-garcia\/"},"author":{"name":"Kuali Staff","@id":"https:\/\/kuali.com.mx\/web\/#\/schema\/person\/6f89ffa8ecba9dae50662357923c5289"},"headline":"CONMEMORAN NATALICIO DE BENITO JU\u00c1REZ GARC\u00cdA","datePublished":"2025-03-21T16:55:42+00:00","dateModified":"2025-03-22T17:16:15+00:00","mainEntityOfPage":{"@id":"https:\/\/kuali.com.mx\/web\/2025\/03\/21\/conmemoran-natalicio-de-benito-juarez-garcia\/"},"wordCount":278,"commentCount":0,"image":{"@id":"https:\/\/kuali.com.mx\/web\/2025\/03\/21\/conmemoran-natalicio-de-benito-juarez-garcia\/#primaryimage"},"thumbnailUrl":"https:\/\/kuali.com.mx\/web\/wp-content\/uploads\/2025\/03\/JUAREZ-A.jpg","articleSection":["Pol\u00edtica"],"inLanguage":"es","potentialAction":[{"@type":"CommentAction","name":"Comment","target":["https:\/\/kuali.com.mx\/web\/2025\/03\/21\/conmemoran-natalicio-de-benito-juarez-garcia\/#respond"]}]},{"@type":"WebPage","@id":"https:\/\/kuali.com.mx\/web\/2025\/03\/21\/conmemoran-natalicio-de-benito-juarez-garcia\/","url":"https:\/\/kuali.com.mx\/web\/2025\/03\/21\/conmemoran-natalicio-de-benito-juarez-garcia\/","name":"CONMEMORAN NATALICIO DE BENITO JU\u00c1REZ GARC\u00cdA - Kuali","isPartOf":{"@id":"https:\/\/kuali.com.mx\/web\/#website"},"primaryImageOfPage":{"@id":"https:\/\/kuali.com.mx\/web\/2025\/03\/21\/conmemoran-natalicio-de-benito-juarez-garcia\/#primaryimage"},"image":{"@id":"https:\/\/kuali.com.mx\/web\/2025\/03\/21\/conmemoran-natalicio-de-benito-juarez-garcia\/#primaryimage"},"thumbnailUrl":"https:\/\/kuali.com.mx\/web\/wp-content\/uploads\/2025\/03\/JUAREZ-A.jpg","datePublished":"2025-03-21T16:55:42+00:00","dateModified":"2025-03-22T17:16:15+00:00","author":{"@id":"https:\/\/kuali.com.mx\/web\/#\/schema\/person\/6f89ffa8ecba9dae50662357923c5289"},"breadcrumb":{"@id":"https:\/\/kuali.com.mx\/web\/2025\/03\/21\/conmemoran-natalicio-de-benito-juarez-garcia\/#breadcrumb"},"inLanguage":"es","potentialAction":[{"@type":"ReadAction","target":["https:\/\/kuali.com.mx\/web\/2025\/03\/21\/conmemoran-natalicio-de-benito-juarez-garcia\/"]}]},{"@type":"ImageObject","inLanguage":"es","@id":"https:\/\/kuali.com.mx\/web\/2025\/03\/21\/conmemoran-natalicio-de-benito-juarez-garcia\/#primaryimage","url":"https:\/\/kuali.com.mx\/web\/wp-content\/uploads\/2025\/03\/JUAREZ-A.jpg","contentUrl":"https:\/\/kuali.com.mx\/web\/wp-content\/uploads\/2025\/03\/JUAREZ-A.jpg","width":1670,"height":750},{"@type":"BreadcrumbList","@id":"https:\/\/kuali.com.mx\/web\/2025\/03\/21\/conmemoran-natalicio-de-benito-juarez-garcia\/#breadcrumb","itemListElement":[{"@type":"ListItem","position":1,"name":"Inicio","item":"https:\/\/kuali.com.mx\/web\/"},{"@type":"ListItem","position":2,"name":"CONMEMORAN NATALICIO DE BENITO JU\u00c1REZ GARC\u00cdA"}]},{"@type":"WebSite","@id":"https:\/\/kuali.com.mx\/web\/#website","url":"https:\/\/kuali.com.mx\/web\/","name":"Kuali","description":"","potentialAction":[{"@type":"SearchAction","target":{"@type":"EntryPoint","urlTemplate":"https:\/\/kuali.com.mx\/web\/?s={search_term_string}"},"query-input":{"@type":"PropertyValueSpecification","valueRequired":true,"valueName":"search_term_string"}}],"inLanguage":"es"},{"@type":"Person","@id":"https:\/\/kuali.com.mx\/web\/#\/schema\/person\/6f89ffa8ecba9dae50662357923c5289","name":"Kuali Staff","image":{"@type":"ImageObject","inLanguage":"es","@id":"https:\/\/secure.gravatar.com\/avatar\/f917ad82e5ab71227a733c78b6e60715476f69ee6be59feee4eb5d9920c89e0f?s=96&d=mm&r=g","url":"https:\/\/secure.gravatar.com\/avatar\/f917ad82e5ab71227a733c78b6e60715476f69ee6be59feee4eb5d9920c89e0f?s=96&d=mm&r=g","contentUrl":"https:\/\/secure.gravatar.com\/avatar\/f917ad82e5ab71227a733c78b6e60715476f69ee6be59feee4eb5d9920c89e0f?s=96&d=mm&r=g","caption":"Kuali Staff"},"url":"https:\/\/kuali.com.mx\/web\/author\/lagarto\/"}]}},"_links":{"self":[{"href":"https:\/\/kuali.com.mx\/web\/wp-json\/wp\/v2\/posts\/171404","targetHints":{"allow":["GET"]}}],"collection":[{"href":"https:\/\/kuali.com.mx\/web\/wp-json\/wp\/v2\/posts"}],"about":[{"href":"https:\/\/kuali.com.mx\/web\/wp-json\/wp\/v2\/types\/post"}],"author":[{"embeddable":true,"href":"https:\/\/kuali.com.mx\/web\/wp-json\/wp\/v2\/users\/2"}],"replies":[{"embeddable":true,"href":"https:\/\/kuali.com.mx\/web\/wp-json\/wp\/v2\/comments?post=171404"}],"version-history":[{"count":1,"href":"https:\/\/kuali.com.mx\/web\/wp-json\/wp\/v2\/posts\/171404\/revisions"}],"predecessor-version":[{"id":171407,"href":"https:\/\/kuali.com.mx\/web\/wp-json\/wp\/v2\/posts\/171404\/revisions\/171407"}],"wp:featuredmedia":[{"embeddable":true,"href":"https:\/\/kuali.com.mx\/web\/wp-json\/wp\/v2\/media\/171406"}],"wp:attachment":[{"href":"https:\/\/kuali.com.mx\/web\/wp-json\/wp\/v2\/media?parent=171404"}],"wp:term":[{"taxonomy":"category","embeddable":true,"href":"https:\/\/kuali.com.mx\/web\/wp-json\/wp\/v2\/categories?post=171404"},{"taxonomy":"post_tag","embeddable":true,"href":"https:\/\/kuali.com.mx\/web\/wp-json\/wp\/v2\/tags?post=171404"}],"curies":[{"name":"wp","href":"https:\/\/api.w.org\/{rel}","templated":true}]}}