{"id":171175,"date":"2025-03-18T17:55:30","date_gmt":"2025-03-18T23:55:30","guid":{"rendered":"https:\/\/kuali.com.mx\/web\/?p=171175"},"modified":"2025-03-18T17:55:32","modified_gmt":"2025-03-18T23:55:32","slug":"reportan-muerte-de-adolescente-lesionado-en-masacre","status":"publish","type":"post","link":"https:\/\/kuali.com.mx\/web\/2025\/03\/18\/reportan-muerte-de-adolescente-lesionado-en-masacre\/","title":{"rendered":"REPORTAN MUERTE DE ADOLESCENTE LESIONADO EN MASACRE"},"content":{"rendered":"\n<p><strong><em>Carlos Garc\u00eda\/Salamanca, Gto.-<\/em><\/strong> El n\u00famero de v\u00edctimas mortales del ataque en la comunidad de San Jos\u00e9 de Mendoza, en el municipio de Salamanca, subi\u00f3 de siete a ocho j\u00f3venes, inform\u00f3 la Fiscal\u00eda General del Estado (FGE).<\/p>\n\n\n\n<p>La octava v\u00edctima de la masacre es un \u201cadolescente de sexo masculino identificado con las iniciales J.M.N.M\u201d, precis\u00f3 la dependencia.<\/p>\n\n\n\n<p>La noche del domingo 16 de marzo, hombres armados dispararon contra un grupo de j\u00f3venes y adolescentes que estaban en una cancha en la comunidad de San Jos\u00e9 de Mendoza.<\/p>\n\n\n\n<p>En el ataque murieron siete j\u00f3venes y nueve resultaron heridos, pero la Fiscal\u00eda report\u00f3 el fallecimiento de uno de los lesionados.<\/p>\n\n\n\n<p>En el lugar murieron Bruno Jes\u00fas, Miguel \u00c1ngel, Daniel, Juan Flavio, Fernando, as\u00ed como dos menores de edad identificados con las iniciales A.R.H. y E.Y.V.R.<\/p>\n\n\n\n<p>Las v\u00edctimas pertenec\u00edan a la Pastoral Juvenil de la Di\u00f3cesis de Irapuato.<\/p>\n\n\n\n<p>La agrupaci\u00f3n religiosa exigi\u00f3 justicia y lament\u00f3 \"los dolorosos hechos ocurridos el d\u00eda de ayer por la noche, en la Parroquia de San Jos\u00e9 de Mendoza, dejando sin vida a j\u00f3venes de Pastoral Juvenil\".<\/p>\n","protected":false},"excerpt":{"rendered":"Carlos Garc\u00eda\/Salamanca, Gto.- El n\u00famero de v\u00edctimas mortales del ataque en la comunidad de San Jos\u00e9 de Mendoza, en el municipio de Salamanca, subi\u00f3 de siete a ocho j\u00f3venes, inform\u00f3 la Fiscal\u00eda General del Estado (FGE). La octava v\u00edctima de la masacre es un \u201cadolescente de sexo masculino identificado con las iniciales J.M.N.M\u201d, precis\u00f3 la [&hellip;]","protected":false},"author":2,"featured_media":34779,"comment_status":"open","ping_status":"open","sticky":false,"template":"","format":"standard","meta":{"_seopress_robots_primary_cat":"none","_seopress_titles_title":"","_seopress_titles_desc":"","_seopress_robots_index":"","_monsterinsights_skip_tracking":false,"_monsterinsights_sitenote_active":false,"_monsterinsights_sitenote_note":"","_monsterinsights_sitenote_category":0,"footnotes":""},"categories":[3],"tags":[],"class_list":["post-171175","post","type-post","status-publish","format-standard","has-post-thumbnail","hentry","category-politica"],"yoast_head":"<!-- This site is optimized with the Yoast SEO plugin v27.4 - https:\/\/yoast.com\/product\/yoast-seo-wordpress\/ -->\n<title>REPORTAN MUERTE DE ADOLESCENTE LESIONADO EN MASACRE - Kuali<\/title>\n<meta name=\"robots\" content=\"index, follow, max-snippet:-1, max-image-preview:large, max-video-preview:-1\" \/>\n<link rel=\"canonical\" href=\"https:\/\/kuali.com.mx\/web\/2025\/03\/18\/reportan-muerte-de-adolescente-lesionado-en-masacre\/\" \/>\n<meta property=\"og:locale\" content=\"es_MX\" \/>\n<meta property=\"og:type\" content=\"article\" \/>\n<meta property=\"og:title\" content=\"REPORTAN MUERTE DE ADOLESCENTE LESIONADO EN MASACRE - Kuali\" \/>\n<meta property=\"og:description\" content=\"Carlos Garc\u00eda\/Salamanca, Gto.- El n\u00famero de v\u00edctimas mortales del ataque en la comunidad de San Jos\u00e9 de Mendoza, en el municipio de Salamanca, subi\u00f3 de siete a ocho j\u00f3venes, inform\u00f3 la Fiscal\u00eda General del Estado (FGE). La octava v\u00edctima de la masacre es un \u201cadolescente de sexo masculino identificado con las iniciales J.M.N.M\u201d, precis\u00f3 la [&hellip;]\" \/>\n<meta property=\"og:url\" content=\"https:\/\/kuali.com.mx\/web\/2025\/03\/18\/reportan-muerte-de-adolescente-lesionado-en-masacre\/\" \/>\n<meta property=\"og:site_name\" content=\"Kuali\" \/>\n<meta property=\"article:publisher\" content=\"https:\/\/kuali.com.mx\/web\/wp-content\/uploads\/2018\/04\/cropped-kuali_logo-1-1.png\" \/>\n<meta property=\"article:published_time\" content=\"2025-03-18T23:55:30+00:00\" \/>\n<meta property=\"article:modified_time\" content=\"2025-03-18T23:55:32+00:00\" \/>\n<meta property=\"og:image\" content=\"https:\/\/kuali.com.mx\/web\/wp-content\/uploads\/2018\/01\/Ejecutados-Semefo.jpg\" \/>\n\t<meta property=\"og:image:width\" content=\"1280\" \/>\n\t<meta property=\"og:image:height\" content=\"854\" \/>\n\t<meta property=\"og:image:type\" content=\"image\/jpeg\" \/>\n<meta name=\"author\" content=\"Kuali Staff\" \/>\n<meta name=\"twitter:card\" content=\"summary_large_image\" \/>\n<meta name=\"twitter:creator\" content=\"@kuali_noticias\" \/>\n<meta name=\"twitter:site\" content=\"@kuali_noticias\" \/>\n<meta name=\"twitter:label1\" content=\"Escrito por\" \/>\n\t<meta name=\"twitter:data1\" content=\"Kuali Staff\" \/>\n\t<meta name=\"twitter:label2\" content=\"Tiempo de lectura\" \/>\n\t<meta name=\"twitter:data2\" content=\"1 minuto\" \/>\n<script type=\"application\/ld+json\" class=\"yoast-schema-graph\">{\"@context\":\"https:\\\/\\\/schema.org\",\"@graph\":[{\"@type\":\"Article\",\"@id\":\"https:\\\/\\\/kuali.com.mx\\\/web\\\/2025\\\/03\\\/18\\\/reportan-muerte-de-adolescente-lesionado-en-masacre\\\/#article\",\"isPartOf\":{\"@id\":\"https:\\\/\\\/kuali.com.mx\\\/web\\\/2025\\\/03\\\/18\\\/reportan-muerte-de-adolescente-lesionado-en-masacre\\\/\"},\"author\":{\"name\":\"Kuali Staff\",\"@id\":\"https:\\\/\\\/kuali.com.mx\\\/web\\\/#\\\/schema\\\/person\\\/6f89ffa8ecba9dae50662357923c5289\"},\"headline\":\"REPORTAN MUERTE DE ADOLESCENTE LESIONADO EN MASACRE\",\"datePublished\":\"2025-03-18T23:55:30+00:00\",\"dateModified\":\"2025-03-18T23:55:32+00:00\",\"mainEntityOfPage\":{\"@id\":\"https:\\\/\\\/kuali.com.mx\\\/web\\\/2025\\\/03\\\/18\\\/reportan-muerte-de-adolescente-lesionado-en-masacre\\\/\"},\"wordCount\":210,\"commentCount\":0,\"image\":{\"@id\":\"https:\\\/\\\/kuali.com.mx\\\/web\\\/2025\\\/03\\\/18\\\/reportan-muerte-de-adolescente-lesionado-en-masacre\\\/#primaryimage\"},\"thumbnailUrl\":\"https:\\\/\\\/kuali.com.mx\\\/web\\\/wp-content\\\/uploads\\\/2018\\\/01\\\/Ejecutados-Semefo.jpg\",\"articleSection\":[\"Pol\u00edtica\"],\"inLanguage\":\"es\",\"potentialAction\":[{\"@type\":\"CommentAction\",\"name\":\"Comment\",\"target\":[\"https:\\\/\\\/kuali.com.mx\\\/web\\\/2025\\\/03\\\/18\\\/reportan-muerte-de-adolescente-lesionado-en-masacre\\\/#respond\"]}]},{\"@type\":\"WebPage\",\"@id\":\"https:\\\/\\\/kuali.com.mx\\\/web\\\/2025\\\/03\\\/18\\\/reportan-muerte-de-adolescente-lesionado-en-masacre\\\/\",\"url\":\"https:\\\/\\\/kuali.com.mx\\\/web\\\/2025\\\/03\\\/18\\\/reportan-muerte-de-adolescente-lesionado-en-masacre\\\/\",\"name\":\"REPORTAN MUERTE DE ADOLESCENTE LESIONADO EN MASACRE - Kuali\",\"isPartOf\":{\"@id\":\"https:\\\/\\\/kuali.com.mx\\\/web\\\/#website\"},\"primaryImageOfPage\":{\"@id\":\"https:\\\/\\\/kuali.com.mx\\\/web\\\/2025\\\/03\\\/18\\\/reportan-muerte-de-adolescente-lesionado-en-masacre\\\/#primaryimage\"},\"image\":{\"@id\":\"https:\\\/\\\/kuali.com.mx\\\/web\\\/2025\\\/03\\\/18\\\/reportan-muerte-de-adolescente-lesionado-en-masacre\\\/#primaryimage\"},\"thumbnailUrl\":\"https:\\\/\\\/kuali.com.mx\\\/web\\\/wp-content\\\/uploads\\\/2018\\\/01\\\/Ejecutados-Semefo.jpg\",\"datePublished\":\"2025-03-18T23:55:30+00:00\",\"dateModified\":\"2025-03-18T23:55:32+00:00\",\"author\":{\"@id\":\"https:\\\/\\\/kuali.com.mx\\\/web\\\/#\\\/schema\\\/person\\\/6f89ffa8ecba9dae50662357923c5289\"},\"breadcrumb\":{\"@id\":\"https:\\\/\\\/kuali.com.mx\\\/web\\\/2025\\\/03\\\/18\\\/reportan-muerte-de-adolescente-lesionado-en-masacre\\\/#breadcrumb\"},\"inLanguage\":\"es\",\"potentialAction\":[{\"@type\":\"ReadAction\",\"target\":[\"https:\\\/\\\/kuali.com.mx\\\/web\\\/2025\\\/03\\\/18\\\/reportan-muerte-de-adolescente-lesionado-en-masacre\\\/\"]}]},{\"@type\":\"ImageObject\",\"inLanguage\":\"es\",\"@id\":\"https:\\\/\\\/kuali.com.mx\\\/web\\\/2025\\\/03\\\/18\\\/reportan-muerte-de-adolescente-lesionado-en-masacre\\\/#primaryimage\",\"url\":\"https:\\\/\\\/kuali.com.mx\\\/web\\\/wp-content\\\/uploads\\\/2018\\\/01\\\/Ejecutados-Semefo.jpg\",\"contentUrl\":\"https:\\\/\\\/kuali.com.mx\\\/web\\\/wp-content\\\/uploads\\\/2018\\\/01\\\/Ejecutados-Semefo.jpg\",\"width\":1280,\"height\":854},{\"@type\":\"BreadcrumbList\",\"@id\":\"https:\\\/\\\/kuali.com.mx\\\/web\\\/2025\\\/03\\\/18\\\/reportan-muerte-de-adolescente-lesionado-en-masacre\\\/#breadcrumb\",\"itemListElement\":[{\"@type\":\"ListItem\",\"position\":1,\"name\":\"Inicio\",\"item\":\"https:\\\/\\\/kuali.com.mx\\\/web\\\/\"},{\"@type\":\"ListItem\",\"position\":2,\"name\":\"REPORTAN MUERTE DE ADOLESCENTE LESIONADO EN MASACRE\"}]},{\"@type\":\"WebSite\",\"@id\":\"https:\\\/\\\/kuali.com.mx\\\/web\\\/#website\",\"url\":\"https:\\\/\\\/kuali.com.mx\\\/web\\\/\",\"name\":\"Kuali\",\"description\":\"\",\"potentialAction\":[{\"@type\":\"SearchAction\",\"target\":{\"@type\":\"EntryPoint\",\"urlTemplate\":\"https:\\\/\\\/kuali.com.mx\\\/web\\\/?s={search_term_string}\"},\"query-input\":{\"@type\":\"PropertyValueSpecification\",\"valueRequired\":true,\"valueName\":\"search_term_string\"}}],\"inLanguage\":\"es\"},{\"@type\":\"Person\",\"@id\":\"https:\\\/\\\/kuali.com.mx\\\/web\\\/#\\\/schema\\\/person\\\/6f89ffa8ecba9dae50662357923c5289\",\"name\":\"Kuali Staff\",\"image\":{\"@type\":\"ImageObject\",\"inLanguage\":\"es\",\"@id\":\"https:\\\/\\\/secure.gravatar.com\\\/avatar\\\/f917ad82e5ab71227a733c78b6e60715476f69ee6be59feee4eb5d9920c89e0f?s=96&d=mm&r=g\",\"url\":\"https:\\\/\\\/secure.gravatar.com\\\/avatar\\\/f917ad82e5ab71227a733c78b6e60715476f69ee6be59feee4eb5d9920c89e0f?s=96&d=mm&r=g\",\"contentUrl\":\"https:\\\/\\\/secure.gravatar.com\\\/avatar\\\/f917ad82e5ab71227a733c78b6e60715476f69ee6be59feee4eb5d9920c89e0f?s=96&d=mm&r=g\",\"caption\":\"Kuali Staff\"},\"url\":\"https:\\\/\\\/kuali.com.mx\\\/web\\\/author\\\/lagarto\\\/\"}]}<\/script>\n<!-- \/ Yoast SEO plugin. -->","yoast_head_json":{"title":"REPORTAN MUERTE DE ADOLESCENTE LESIONADO EN MASACRE - Kuali","robots":{"index":"index","follow":"follow","max-snippet":"max-snippet:-1","max-image-preview":"max-image-preview:large","max-video-preview":"max-video-preview:-1"},"canonical":"https:\/\/kuali.com.mx\/web\/2025\/03\/18\/reportan-muerte-de-adolescente-lesionado-en-masacre\/","og_locale":"es_MX","og_type":"article","og_title":"REPORTAN MUERTE DE ADOLESCENTE LESIONADO EN MASACRE - Kuali","og_description":"Carlos Garc\u00eda\/Salamanca, Gto.- El n\u00famero de v\u00edctimas mortales del ataque en la comunidad de San Jos\u00e9 de Mendoza, en el municipio de Salamanca, subi\u00f3 de siete a ocho j\u00f3venes, inform\u00f3 la Fiscal\u00eda General del Estado (FGE). La octava v\u00edctima de la masacre es un \u201cadolescente de sexo masculino identificado con las iniciales J.M.N.M\u201d, precis\u00f3 la [&hellip;]","og_url":"https:\/\/kuali.com.mx\/web\/2025\/03\/18\/reportan-muerte-de-adolescente-lesionado-en-masacre\/","og_site_name":"Kuali","article_publisher":"https:\/\/kuali.com.mx\/web\/wp-content\/uploads\/2018\/04\/cropped-kuali_logo-1-1.png","article_published_time":"2025-03-18T23:55:30+00:00","article_modified_time":"2025-03-18T23:55:32+00:00","og_image":[{"width":1280,"height":854,"url":"https:\/\/kuali.com.mx\/web\/wp-content\/uploads\/2018\/01\/Ejecutados-Semefo.jpg","type":"image\/jpeg"}],"author":"Kuali Staff","twitter_card":"summary_large_image","twitter_creator":"@kuali_noticias","twitter_site":"@kuali_noticias","twitter_misc":{"Escrito por":"Kuali Staff","Tiempo de lectura":"1 minuto"},"schema":{"@context":"https:\/\/schema.org","@graph":[{"@type":"Article","@id":"https:\/\/kuali.com.mx\/web\/2025\/03\/18\/reportan-muerte-de-adolescente-lesionado-en-masacre\/#article","isPartOf":{"@id":"https:\/\/kuali.com.mx\/web\/2025\/03\/18\/reportan-muerte-de-adolescente-lesionado-en-masacre\/"},"author":{"name":"Kuali Staff","@id":"https:\/\/kuali.com.mx\/web\/#\/schema\/person\/6f89ffa8ecba9dae50662357923c5289"},"headline":"REPORTAN MUERTE DE ADOLESCENTE LESIONADO EN MASACRE","datePublished":"2025-03-18T23:55:30+00:00","dateModified":"2025-03-18T23:55:32+00:00","mainEntityOfPage":{"@id":"https:\/\/kuali.com.mx\/web\/2025\/03\/18\/reportan-muerte-de-adolescente-lesionado-en-masacre\/"},"wordCount":210,"commentCount":0,"image":{"@id":"https:\/\/kuali.com.mx\/web\/2025\/03\/18\/reportan-muerte-de-adolescente-lesionado-en-masacre\/#primaryimage"},"thumbnailUrl":"https:\/\/kuali.com.mx\/web\/wp-content\/uploads\/2018\/01\/Ejecutados-Semefo.jpg","articleSection":["Pol\u00edtica"],"inLanguage":"es","potentialAction":[{"@type":"CommentAction","name":"Comment","target":["https:\/\/kuali.com.mx\/web\/2025\/03\/18\/reportan-muerte-de-adolescente-lesionado-en-masacre\/#respond"]}]},{"@type":"WebPage","@id":"https:\/\/kuali.com.mx\/web\/2025\/03\/18\/reportan-muerte-de-adolescente-lesionado-en-masacre\/","url":"https:\/\/kuali.com.mx\/web\/2025\/03\/18\/reportan-muerte-de-adolescente-lesionado-en-masacre\/","name":"REPORTAN MUERTE DE ADOLESCENTE LESIONADO EN MASACRE - Kuali","isPartOf":{"@id":"https:\/\/kuali.com.mx\/web\/#website"},"primaryImageOfPage":{"@id":"https:\/\/kuali.com.mx\/web\/2025\/03\/18\/reportan-muerte-de-adolescente-lesionado-en-masacre\/#primaryimage"},"image":{"@id":"https:\/\/kuali.com.mx\/web\/2025\/03\/18\/reportan-muerte-de-adolescente-lesionado-en-masacre\/#primaryimage"},"thumbnailUrl":"https:\/\/kuali.com.mx\/web\/wp-content\/uploads\/2018\/01\/Ejecutados-Semefo.jpg","datePublished":"2025-03-18T23:55:30+00:00","dateModified":"2025-03-18T23:55:32+00:00","author":{"@id":"https:\/\/kuali.com.mx\/web\/#\/schema\/person\/6f89ffa8ecba9dae50662357923c5289"},"breadcrumb":{"@id":"https:\/\/kuali.com.mx\/web\/2025\/03\/18\/reportan-muerte-de-adolescente-lesionado-en-masacre\/#breadcrumb"},"inLanguage":"es","potentialAction":[{"@type":"ReadAction","target":["https:\/\/kuali.com.mx\/web\/2025\/03\/18\/reportan-muerte-de-adolescente-lesionado-en-masacre\/"]}]},{"@type":"ImageObject","inLanguage":"es","@id":"https:\/\/kuali.com.mx\/web\/2025\/03\/18\/reportan-muerte-de-adolescente-lesionado-en-masacre\/#primaryimage","url":"https:\/\/kuali.com.mx\/web\/wp-content\/uploads\/2018\/01\/Ejecutados-Semefo.jpg","contentUrl":"https:\/\/kuali.com.mx\/web\/wp-content\/uploads\/2018\/01\/Ejecutados-Semefo.jpg","width":1280,"height":854},{"@type":"BreadcrumbList","@id":"https:\/\/kuali.com.mx\/web\/2025\/03\/18\/reportan-muerte-de-adolescente-lesionado-en-masacre\/#breadcrumb","itemListElement":[{"@type":"ListItem","position":1,"name":"Inicio","item":"https:\/\/kuali.com.mx\/web\/"},{"@type":"ListItem","position":2,"name":"REPORTAN MUERTE DE ADOLESCENTE LESIONADO EN MASACRE"}]},{"@type":"WebSite","@id":"https:\/\/kuali.com.mx\/web\/#website","url":"https:\/\/kuali.com.mx\/web\/","name":"Kuali","description":"","potentialAction":[{"@type":"SearchAction","target":{"@type":"EntryPoint","urlTemplate":"https:\/\/kuali.com.mx\/web\/?s={search_term_string}"},"query-input":{"@type":"PropertyValueSpecification","valueRequired":true,"valueName":"search_term_string"}}],"inLanguage":"es"},{"@type":"Person","@id":"https:\/\/kuali.com.mx\/web\/#\/schema\/person\/6f89ffa8ecba9dae50662357923c5289","name":"Kuali Staff","image":{"@type":"ImageObject","inLanguage":"es","@id":"https:\/\/secure.gravatar.com\/avatar\/f917ad82e5ab71227a733c78b6e60715476f69ee6be59feee4eb5d9920c89e0f?s=96&d=mm&r=g","url":"https:\/\/secure.gravatar.com\/avatar\/f917ad82e5ab71227a733c78b6e60715476f69ee6be59feee4eb5d9920c89e0f?s=96&d=mm&r=g","contentUrl":"https:\/\/secure.gravatar.com\/avatar\/f917ad82e5ab71227a733c78b6e60715476f69ee6be59feee4eb5d9920c89e0f?s=96&d=mm&r=g","caption":"Kuali Staff"},"url":"https:\/\/kuali.com.mx\/web\/author\/lagarto\/"}]}},"_links":{"self":[{"href":"https:\/\/kuali.com.mx\/web\/wp-json\/wp\/v2\/posts\/171175","targetHints":{"allow":["GET"]}}],"collection":[{"href":"https:\/\/kuali.com.mx\/web\/wp-json\/wp\/v2\/posts"}],"about":[{"href":"https:\/\/kuali.com.mx\/web\/wp-json\/wp\/v2\/types\/post"}],"author":[{"embeddable":true,"href":"https:\/\/kuali.com.mx\/web\/wp-json\/wp\/v2\/users\/2"}],"replies":[{"embeddable":true,"href":"https:\/\/kuali.com.mx\/web\/wp-json\/wp\/v2\/comments?post=171175"}],"version-history":[{"count":2,"href":"https:\/\/kuali.com.mx\/web\/wp-json\/wp\/v2\/posts\/171175\/revisions"}],"predecessor-version":[{"id":171179,"href":"https:\/\/kuali.com.mx\/web\/wp-json\/wp\/v2\/posts\/171175\/revisions\/171179"}],"wp:featuredmedia":[{"embeddable":true,"href":"https:\/\/kuali.com.mx\/web\/wp-json\/wp\/v2\/media\/34779"}],"wp:attachment":[{"href":"https:\/\/kuali.com.mx\/web\/wp-json\/wp\/v2\/media?parent=171175"}],"wp:term":[{"taxonomy":"category","embeddable":true,"href":"https:\/\/kuali.com.mx\/web\/wp-json\/wp\/v2\/categories?post=171175"},{"taxonomy":"post_tag","embeddable":true,"href":"https:\/\/kuali.com.mx\/web\/wp-json\/wp\/v2\/tags?post=171175"}],"curies":[{"name":"wp","href":"https:\/\/api.w.org\/{rel}","templated":true}]}}