{"id":169778,"date":"2025-03-01T11:57:34","date_gmt":"2025-03-01T17:57:34","guid":{"rendered":"https:\/\/kuali.com.mx\/web\/?p=169778"},"modified":"2025-03-01T17:34:05","modified_gmt":"2025-03-01T23:34:05","slug":"cumple-10-anos-museo-de-las-identidades-de-leon","status":"publish","type":"post","link":"https:\/\/kuali.com.mx\/web\/2025\/03\/01\/cumple-10-anos-museo-de-las-identidades-de-leon\/","title":{"rendered":"CUMPLE 10 A\u00d1OS MUSEO DE LAS IDENTIDADES DE LE\u00d3N"},"content":{"rendered":"\n<p><strong>Kuali\/Le\u00f3n, Gto.-<\/strong> El Museo de las Identidades Leonesas (MIL) celebra este a\u00f1o su d\u00e9cimo aniversario de constante labor en la difusi\u00f3n y reflexi\u00f3n sobre el patrimonio material e inmaterial de la ciudad.<\/p>\n\n\n\n<p>El MIL es un espacio dependiente del Instituto Cultural de Le\u00f3n que fue inaugurado el tres de marzo de 2015 para compartir con la ciudadan\u00eda su primera exposici\u00f3n temporal con obra de Ricardo Motilla.<\/p>\n\n\n\n<p>En su haber, se encuentran: <em>Jos\u00e9 Guadalupe Posada: El genio de la Estampa<\/em> (2015), <em>Api\u00f1adoras: el arte de embellecer rebozos<\/em> (2016), <em>Cuchilleros. Oficio de forja y temple<\/em> (2017), <em>Destreza Perpetua. Apuntes de Juan Nepomuceno Herrera (1818-1878)<\/em> [2018], <em>Memorias de Le\u00f3n: Escaleras<\/em> (2019), <em>Ecos del Estadio. Ocio, balompi\u00e9 y ciudad<\/em> (2020), <em>Revuelta. Le\u00f3n bajo la mirada de los hermanos Cach\u00fa<\/em> (2021), <em>Mujeres. Memorias y poderes<\/em> (2022), <em>Los inundados de Le\u00f3n. A 135 a\u00f1os de la cat\u00e1strofe<\/em> (2023) y <em>De mulas y rieles. Breve historia del tranv\u00eda en Le\u00f3n<\/em> (2024), entre otras muestras.<\/p>\n\n\n\n<p>El edificio es de estilo neocl\u00e1sico, fue construido en 1582. Inicialmente fue un hospital, posteriormente fue utilizado como almac\u00e9n y, en el siglo XIX, fue vendido para fungir como una casa de recaudaci\u00f3n de diezmo. Sirvi\u00f3 adem\u00e1s como sede de las Hermanas de la Caridad, fue c\u00e1rcel, biblioteca y tambi\u00e9n alberg\u00f3 oficinas, para finalmente reabrir sus puertas como el Museo de las Identidades Leonesas.<\/p>\n\n\n\n<p>Actualmente, el MIL cuenta con salas de sitio y la exposici\u00f3n permanente <em>Le\u00f3n. Territorio, Memoria y Comunidad<\/em>, as\u00ed como salas para exposiciones temporales, como <em>Lucha libre en Le\u00f3n y algunos \u00edconos<\/em>, muestra que se encuentra abierta al p\u00fablico hasta el 25 de mayo. Sus horarios de visita son de martes a domingo de 11:00 a 18:00 horas, con entrada libre a trav\u00e9s del P\u00e1sale Gratis.<\/p>\n\n\n\n<p>Para celebrar estos primeros 10 a\u00f1os, en marzo, el MIL llevar\u00e1 a cabo dos sesiones de un recorrido interactivo titulado <em>Memoria de una exc\u00e1rcel<\/em>, en los cuales ser\u00e1 posible conocer la memoria de uno de los pasajes m\u00e1s conocidos en la historia de lo que ahora es el Museo de las Identidades Leonesas. En estos, integrantes de la Compa\u00f1\u00eda UDL recrear\u00e1n escenas que recordar\u00e1n acontecimientos de su historia.<\/p>\n\n\n\n<p>Adem\u00e1s, como parte del festejo, integrar\u00e1 un rally dirigido especialmente a las infancias a partir de los 10 a\u00f1os de edad; las y los participantes deber\u00e1n descubrir un tesoro guardado en el MIL, pero implementando la Lengua de Se\u00f1as Mexicana como clave para completar esta b\u00fasqueda, misma que ser\u00e1 guiada por Alondra S\u00e1nchez y Daniela Villanueva.<\/p>\n\n\n\n<p>Dicha actividad se encuentra encaminada muy especialmente a la promoci\u00f3n de la inclusi\u00f3n y al ejercicio de los derechos culturales de toda la ciudadan\u00eda, permitiendo que todos los p\u00fablicos sean recibidos en los espacios del ICL, sin distinci\u00f3n ni l\u00edmites para el disfrute de la cultura y el arte.<\/p>\n\n\n\n<p>Las actividades del mes se realizar\u00e1n sin costo para todas y todos los participantes, pero ser\u00e1 necesario realizar un registro previo de manera digital, pues existe un cupo limitado para todas ellas.<\/p>\n\n\n\n<p><strong>Actividades<\/strong> <strong>10 aniversario MIL<\/strong><\/p>\n\n\n\n<p><em>Memoria de una exc\u00e1rcel<\/em><\/p>\n\n\n\n<p>Recorrido interactivo<\/p>\n\n\n\n<p>Presenta: Compa\u00f1\u00eda UDL<\/p>\n\n\n\n<p>A partir de los 15 a\u00f1os de edad<\/p>\n\n\n\n<p>Viernes 07&nbsp;y domingo 09 de marzo<\/p>\n\n\n\n<p>19:00 horas<\/p>\n\n\n\n<p>Sin costo con cupo limitado. Registro previo en bit.ly\/RegistroRecorridoMemoria<\/p>\n\n\n\n<p><em>Lengua de se\u00f1as, la clave para descubrir un tesoro<\/em><\/p>\n\n\n\n<p>Rally<\/p>\n\n\n\n<p>Participan: Alondra S\u00e1nchez&nbsp;y Daniela Villanueva&nbsp;<\/p>\n\n\n\n<p>A partir de los 10 a\u00f1os de edad<\/p>\n\n\n\n<p>S\u00e1bado 15 de marzo<\/p>\n\n\n\n<p>11:00 horas <\/p>\n\n\n\n<p>Sin costo con&nbsp;cupo limitado. Registro previo en bit.ly\/RegistroRallySe\u00f1as<\/p>\n","protected":false},"excerpt":{"rendered":"Kuali\/Le\u00f3n, Gto.- El Museo de las Identidades Leonesas (MIL) celebra este a\u00f1o su d\u00e9cimo aniversario de constante labor en la difusi\u00f3n y reflexi\u00f3n sobre el patrimonio material e inmaterial de la ciudad. El MIL es un espacio dependiente del Instituto Cultural de Le\u00f3n que fue inaugurado el tres de marzo de 2015 para compartir con [&hellip;]","protected":false},"author":2,"featured_media":169781,"comment_status":"open","ping_status":"open","sticky":false,"template":"","format":"standard","meta":{"_seopress_robots_primary_cat":"none","_seopress_titles_title":"","_seopress_titles_desc":"","_seopress_robots_index":"","_monsterinsights_skip_tracking":false,"_monsterinsights_sitenote_active":false,"_monsterinsights_sitenote_note":"","_monsterinsights_sitenote_category":0,"footnotes":""},"categories":[8],"tags":[2262,3030,160,10,179],"class_list":["post-169778","post","type-post","status-publish","format-standard","has-post-thumbnail","hentry","category-espectaculos","tag-aniversario","tag-ate-y-cultura","tag-exposiciones","tag-leon","tag-museos"],"yoast_head":"<!-- This site is optimized with the Yoast SEO plugin v27.5 - https:\/\/yoast.com\/product\/yoast-seo-wordpress\/ -->\n<title>CUMPLE 10 A\u00d1OS MUSEO DE LAS IDENTIDADES DE LE\u00d3N - Kuali<\/title>\n<meta name=\"robots\" content=\"index, follow, max-snippet:-1, max-image-preview:large, max-video-preview:-1\" \/>\n<link rel=\"canonical\" href=\"https:\/\/kuali.com.mx\/web\/2025\/03\/01\/cumple-10-anos-museo-de-las-identidades-de-leon\/\" \/>\n<meta property=\"og:locale\" content=\"es_MX\" \/>\n<meta property=\"og:type\" content=\"article\" \/>\n<meta property=\"og:title\" content=\"CUMPLE 10 A\u00d1OS MUSEO DE LAS IDENTIDADES DE LE\u00d3N - Kuali\" \/>\n<meta property=\"og:description\" content=\"Kuali\/Le\u00f3n, Gto.- El Museo de las Identidades Leonesas (MIL) celebra este a\u00f1o su d\u00e9cimo aniversario de constante labor en la difusi\u00f3n y reflexi\u00f3n sobre el patrimonio material e inmaterial de la ciudad. El MIL es un espacio dependiente del Instituto Cultural de Le\u00f3n que fue inaugurado el tres de marzo de 2015 para compartir con [&hellip;]\" \/>\n<meta property=\"og:url\" content=\"https:\/\/kuali.com.mx\/web\/2025\/03\/01\/cumple-10-anos-museo-de-las-identidades-de-leon\/\" \/>\n<meta property=\"og:site_name\" content=\"Kuali\" \/>\n<meta property=\"article:publisher\" content=\"https:\/\/kuali.com.mx\/web\/wp-content\/uploads\/2018\/04\/cropped-kuali_logo-1-1.png\" \/>\n<meta property=\"article:published_time\" content=\"2025-03-01T17:57:34+00:00\" \/>\n<meta property=\"article:modified_time\" content=\"2025-03-01T23:34:05+00:00\" \/>\n<meta property=\"og:image\" content=\"https:\/\/kuali.com.mx\/web\/wp-content\/uploads\/2025\/03\/Museo-Identidades-Leonesas.gif\" \/>\n\t<meta property=\"og:image:width\" content=\"1700\" \/>\n\t<meta property=\"og:image:height\" content=\"750\" \/>\n\t<meta property=\"og:image:type\" content=\"image\/gif\" \/>\n<meta name=\"author\" content=\"Kuali Staff\" \/>\n<meta name=\"twitter:card\" content=\"summary_large_image\" \/>\n<meta name=\"twitter:creator\" content=\"@kuali_noticias\" \/>\n<meta name=\"twitter:site\" content=\"@kuali_noticias\" \/>\n<meta name=\"twitter:label1\" content=\"Escrito por\" \/>\n\t<meta name=\"twitter:data1\" content=\"Kuali Staff\" \/>\n\t<meta name=\"twitter:label2\" content=\"Tiempo de lectura\" \/>\n\t<meta name=\"twitter:data2\" content=\"3 minutos\" \/>\n<script type=\"application\/ld+json\" class=\"yoast-schema-graph\">{\"@context\":\"https:\\\/\\\/schema.org\",\"@graph\":[{\"@type\":\"Article\",\"@id\":\"https:\\\/\\\/kuali.com.mx\\\/web\\\/2025\\\/03\\\/01\\\/cumple-10-anos-museo-de-las-identidades-de-leon\\\/#article\",\"isPartOf\":{\"@id\":\"https:\\\/\\\/kuali.com.mx\\\/web\\\/2025\\\/03\\\/01\\\/cumple-10-anos-museo-de-las-identidades-de-leon\\\/\"},\"author\":{\"name\":\"Kuali Staff\",\"@id\":\"https:\\\/\\\/kuali.com.mx\\\/web\\\/#\\\/schema\\\/person\\\/6f89ffa8ecba9dae50662357923c5289\"},\"headline\":\"CUMPLE 10 A\u00d1OS MUSEO DE LAS IDENTIDADES DE LE\u00d3N\",\"datePublished\":\"2025-03-01T17:57:34+00:00\",\"dateModified\":\"2025-03-01T23:34:05+00:00\",\"mainEntityOfPage\":{\"@id\":\"https:\\\/\\\/kuali.com.mx\\\/web\\\/2025\\\/03\\\/01\\\/cumple-10-anos-museo-de-las-identidades-de-leon\\\/\"},\"wordCount\":618,\"commentCount\":0,\"image\":{\"@id\":\"https:\\\/\\\/kuali.com.mx\\\/web\\\/2025\\\/03\\\/01\\\/cumple-10-anos-museo-de-las-identidades-de-leon\\\/#primaryimage\"},\"thumbnailUrl\":\"https:\\\/\\\/kuali.com.mx\\\/web\\\/wp-content\\\/uploads\\\/2025\\\/03\\\/Museo-Identidades-Leonesas.gif\",\"keywords\":[\"Aniversario\",\"Ate y cultura\",\"Exposiciones\",\"Le\u00f3n\",\"Museos\"],\"articleSection\":[\"Cultura\"],\"inLanguage\":\"es\",\"potentialAction\":[{\"@type\":\"CommentAction\",\"name\":\"Comment\",\"target\":[\"https:\\\/\\\/kuali.com.mx\\\/web\\\/2025\\\/03\\\/01\\\/cumple-10-anos-museo-de-las-identidades-de-leon\\\/#respond\"]}]},{\"@type\":\"WebPage\",\"@id\":\"https:\\\/\\\/kuali.com.mx\\\/web\\\/2025\\\/03\\\/01\\\/cumple-10-anos-museo-de-las-identidades-de-leon\\\/\",\"url\":\"https:\\\/\\\/kuali.com.mx\\\/web\\\/2025\\\/03\\\/01\\\/cumple-10-anos-museo-de-las-identidades-de-leon\\\/\",\"name\":\"CUMPLE 10 A\u00d1OS MUSEO DE LAS IDENTIDADES DE LE\u00d3N - Kuali\",\"isPartOf\":{\"@id\":\"https:\\\/\\\/kuali.com.mx\\\/web\\\/#website\"},\"primaryImageOfPage\":{\"@id\":\"https:\\\/\\\/kuali.com.mx\\\/web\\\/2025\\\/03\\\/01\\\/cumple-10-anos-museo-de-las-identidades-de-leon\\\/#primaryimage\"},\"image\":{\"@id\":\"https:\\\/\\\/kuali.com.mx\\\/web\\\/2025\\\/03\\\/01\\\/cumple-10-anos-museo-de-las-identidades-de-leon\\\/#primaryimage\"},\"thumbnailUrl\":\"https:\\\/\\\/kuali.com.mx\\\/web\\\/wp-content\\\/uploads\\\/2025\\\/03\\\/Museo-Identidades-Leonesas.gif\",\"datePublished\":\"2025-03-01T17:57:34+00:00\",\"dateModified\":\"2025-03-01T23:34:05+00:00\",\"author\":{\"@id\":\"https:\\\/\\\/kuali.com.mx\\\/web\\\/#\\\/schema\\\/person\\\/6f89ffa8ecba9dae50662357923c5289\"},\"breadcrumb\":{\"@id\":\"https:\\\/\\\/kuali.com.mx\\\/web\\\/2025\\\/03\\\/01\\\/cumple-10-anos-museo-de-las-identidades-de-leon\\\/#breadcrumb\"},\"inLanguage\":\"es\",\"potentialAction\":[{\"@type\":\"ReadAction\",\"target\":[\"https:\\\/\\\/kuali.com.mx\\\/web\\\/2025\\\/03\\\/01\\\/cumple-10-anos-museo-de-las-identidades-de-leon\\\/\"]}]},{\"@type\":\"ImageObject\",\"inLanguage\":\"es\",\"@id\":\"https:\\\/\\\/kuali.com.mx\\\/web\\\/2025\\\/03\\\/01\\\/cumple-10-anos-museo-de-las-identidades-de-leon\\\/#primaryimage\",\"url\":\"https:\\\/\\\/kuali.com.mx\\\/web\\\/wp-content\\\/uploads\\\/2025\\\/03\\\/Museo-Identidades-Leonesas.gif\",\"contentUrl\":\"https:\\\/\\\/kuali.com.mx\\\/web\\\/wp-content\\\/uploads\\\/2025\\\/03\\\/Museo-Identidades-Leonesas.gif\",\"width\":1700,\"height\":750},{\"@type\":\"BreadcrumbList\",\"@id\":\"https:\\\/\\\/kuali.com.mx\\\/web\\\/2025\\\/03\\\/01\\\/cumple-10-anos-museo-de-las-identidades-de-leon\\\/#breadcrumb\",\"itemListElement\":[{\"@type\":\"ListItem\",\"position\":1,\"name\":\"Inicio\",\"item\":\"https:\\\/\\\/kuali.com.mx\\\/web\\\/\"},{\"@type\":\"ListItem\",\"position\":2,\"name\":\"CUMPLE 10 A\u00d1OS MUSEO DE LAS IDENTIDADES DE LE\u00d3N\"}]},{\"@type\":\"WebSite\",\"@id\":\"https:\\\/\\\/kuali.com.mx\\\/web\\\/#website\",\"url\":\"https:\\\/\\\/kuali.com.mx\\\/web\\\/\",\"name\":\"Kuali\",\"description\":\"\",\"potentialAction\":[{\"@type\":\"SearchAction\",\"target\":{\"@type\":\"EntryPoint\",\"urlTemplate\":\"https:\\\/\\\/kuali.com.mx\\\/web\\\/?s={search_term_string}\"},\"query-input\":{\"@type\":\"PropertyValueSpecification\",\"valueRequired\":true,\"valueName\":\"search_term_string\"}}],\"inLanguage\":\"es\"},{\"@type\":\"Person\",\"@id\":\"https:\\\/\\\/kuali.com.mx\\\/web\\\/#\\\/schema\\\/person\\\/6f89ffa8ecba9dae50662357923c5289\",\"name\":\"Kuali Staff\",\"image\":{\"@type\":\"ImageObject\",\"inLanguage\":\"es\",\"@id\":\"https:\\\/\\\/secure.gravatar.com\\\/avatar\\\/f917ad82e5ab71227a733c78b6e60715476f69ee6be59feee4eb5d9920c89e0f?s=96&d=mm&r=g\",\"url\":\"https:\\\/\\\/secure.gravatar.com\\\/avatar\\\/f917ad82e5ab71227a733c78b6e60715476f69ee6be59feee4eb5d9920c89e0f?s=96&d=mm&r=g\",\"contentUrl\":\"https:\\\/\\\/secure.gravatar.com\\\/avatar\\\/f917ad82e5ab71227a733c78b6e60715476f69ee6be59feee4eb5d9920c89e0f?s=96&d=mm&r=g\",\"caption\":\"Kuali Staff\"},\"url\":\"https:\\\/\\\/kuali.com.mx\\\/web\\\/author\\\/lagarto\\\/\"}]}<\/script>\n<!-- \/ Yoast SEO plugin. -->","yoast_head_json":{"title":"CUMPLE 10 A\u00d1OS MUSEO DE LAS IDENTIDADES DE LE\u00d3N - Kuali","robots":{"index":"index","follow":"follow","max-snippet":"max-snippet:-1","max-image-preview":"max-image-preview:large","max-video-preview":"max-video-preview:-1"},"canonical":"https:\/\/kuali.com.mx\/web\/2025\/03\/01\/cumple-10-anos-museo-de-las-identidades-de-leon\/","og_locale":"es_MX","og_type":"article","og_title":"CUMPLE 10 A\u00d1OS MUSEO DE LAS IDENTIDADES DE LE\u00d3N - Kuali","og_description":"Kuali\/Le\u00f3n, Gto.- El Museo de las Identidades Leonesas (MIL) celebra este a\u00f1o su d\u00e9cimo aniversario de constante labor en la difusi\u00f3n y reflexi\u00f3n sobre el patrimonio material e inmaterial de la ciudad. El MIL es un espacio dependiente del Instituto Cultural de Le\u00f3n que fue inaugurado el tres de marzo de 2015 para compartir con [&hellip;]","og_url":"https:\/\/kuali.com.mx\/web\/2025\/03\/01\/cumple-10-anos-museo-de-las-identidades-de-leon\/","og_site_name":"Kuali","article_publisher":"https:\/\/kuali.com.mx\/web\/wp-content\/uploads\/2018\/04\/cropped-kuali_logo-1-1.png","article_published_time":"2025-03-01T17:57:34+00:00","article_modified_time":"2025-03-01T23:34:05+00:00","og_image":[{"width":1700,"height":750,"url":"https:\/\/kuali.com.mx\/web\/wp-content\/uploads\/2025\/03\/Museo-Identidades-Leonesas.gif","type":"image\/gif"}],"author":"Kuali Staff","twitter_card":"summary_large_image","twitter_creator":"@kuali_noticias","twitter_site":"@kuali_noticias","twitter_misc":{"Escrito por":"Kuali Staff","Tiempo de lectura":"3 minutos"},"schema":{"@context":"https:\/\/schema.org","@graph":[{"@type":"Article","@id":"https:\/\/kuali.com.mx\/web\/2025\/03\/01\/cumple-10-anos-museo-de-las-identidades-de-leon\/#article","isPartOf":{"@id":"https:\/\/kuali.com.mx\/web\/2025\/03\/01\/cumple-10-anos-museo-de-las-identidades-de-leon\/"},"author":{"name":"Kuali Staff","@id":"https:\/\/kuali.com.mx\/web\/#\/schema\/person\/6f89ffa8ecba9dae50662357923c5289"},"headline":"CUMPLE 10 A\u00d1OS MUSEO DE LAS IDENTIDADES DE LE\u00d3N","datePublished":"2025-03-01T17:57:34+00:00","dateModified":"2025-03-01T23:34:05+00:00","mainEntityOfPage":{"@id":"https:\/\/kuali.com.mx\/web\/2025\/03\/01\/cumple-10-anos-museo-de-las-identidades-de-leon\/"},"wordCount":618,"commentCount":0,"image":{"@id":"https:\/\/kuali.com.mx\/web\/2025\/03\/01\/cumple-10-anos-museo-de-las-identidades-de-leon\/#primaryimage"},"thumbnailUrl":"https:\/\/kuali.com.mx\/web\/wp-content\/uploads\/2025\/03\/Museo-Identidades-Leonesas.gif","keywords":["Aniversario","Ate y cultura","Exposiciones","Le\u00f3n","Museos"],"articleSection":["Cultura"],"inLanguage":"es","potentialAction":[{"@type":"CommentAction","name":"Comment","target":["https:\/\/kuali.com.mx\/web\/2025\/03\/01\/cumple-10-anos-museo-de-las-identidades-de-leon\/#respond"]}]},{"@type":"WebPage","@id":"https:\/\/kuali.com.mx\/web\/2025\/03\/01\/cumple-10-anos-museo-de-las-identidades-de-leon\/","url":"https:\/\/kuali.com.mx\/web\/2025\/03\/01\/cumple-10-anos-museo-de-las-identidades-de-leon\/","name":"CUMPLE 10 A\u00d1OS MUSEO DE LAS IDENTIDADES DE LE\u00d3N - Kuali","isPartOf":{"@id":"https:\/\/kuali.com.mx\/web\/#website"},"primaryImageOfPage":{"@id":"https:\/\/kuali.com.mx\/web\/2025\/03\/01\/cumple-10-anos-museo-de-las-identidades-de-leon\/#primaryimage"},"image":{"@id":"https:\/\/kuali.com.mx\/web\/2025\/03\/01\/cumple-10-anos-museo-de-las-identidades-de-leon\/#primaryimage"},"thumbnailUrl":"https:\/\/kuali.com.mx\/web\/wp-content\/uploads\/2025\/03\/Museo-Identidades-Leonesas.gif","datePublished":"2025-03-01T17:57:34+00:00","dateModified":"2025-03-01T23:34:05+00:00","author":{"@id":"https:\/\/kuali.com.mx\/web\/#\/schema\/person\/6f89ffa8ecba9dae50662357923c5289"},"breadcrumb":{"@id":"https:\/\/kuali.com.mx\/web\/2025\/03\/01\/cumple-10-anos-museo-de-las-identidades-de-leon\/#breadcrumb"},"inLanguage":"es","potentialAction":[{"@type":"ReadAction","target":["https:\/\/kuali.com.mx\/web\/2025\/03\/01\/cumple-10-anos-museo-de-las-identidades-de-leon\/"]}]},{"@type":"ImageObject","inLanguage":"es","@id":"https:\/\/kuali.com.mx\/web\/2025\/03\/01\/cumple-10-anos-museo-de-las-identidades-de-leon\/#primaryimage","url":"https:\/\/kuali.com.mx\/web\/wp-content\/uploads\/2025\/03\/Museo-Identidades-Leonesas.gif","contentUrl":"https:\/\/kuali.com.mx\/web\/wp-content\/uploads\/2025\/03\/Museo-Identidades-Leonesas.gif","width":1700,"height":750},{"@type":"BreadcrumbList","@id":"https:\/\/kuali.com.mx\/web\/2025\/03\/01\/cumple-10-anos-museo-de-las-identidades-de-leon\/#breadcrumb","itemListElement":[{"@type":"ListItem","position":1,"name":"Inicio","item":"https:\/\/kuali.com.mx\/web\/"},{"@type":"ListItem","position":2,"name":"CUMPLE 10 A\u00d1OS MUSEO DE LAS IDENTIDADES DE LE\u00d3N"}]},{"@type":"WebSite","@id":"https:\/\/kuali.com.mx\/web\/#website","url":"https:\/\/kuali.com.mx\/web\/","name":"Kuali","description":"","potentialAction":[{"@type":"SearchAction","target":{"@type":"EntryPoint","urlTemplate":"https:\/\/kuali.com.mx\/web\/?s={search_term_string}"},"query-input":{"@type":"PropertyValueSpecification","valueRequired":true,"valueName":"search_term_string"}}],"inLanguage":"es"},{"@type":"Person","@id":"https:\/\/kuali.com.mx\/web\/#\/schema\/person\/6f89ffa8ecba9dae50662357923c5289","name":"Kuali Staff","image":{"@type":"ImageObject","inLanguage":"es","@id":"https:\/\/secure.gravatar.com\/avatar\/f917ad82e5ab71227a733c78b6e60715476f69ee6be59feee4eb5d9920c89e0f?s=96&d=mm&r=g","url":"https:\/\/secure.gravatar.com\/avatar\/f917ad82e5ab71227a733c78b6e60715476f69ee6be59feee4eb5d9920c89e0f?s=96&d=mm&r=g","contentUrl":"https:\/\/secure.gravatar.com\/avatar\/f917ad82e5ab71227a733c78b6e60715476f69ee6be59feee4eb5d9920c89e0f?s=96&d=mm&r=g","caption":"Kuali Staff"},"url":"https:\/\/kuali.com.mx\/web\/author\/lagarto\/"}]}},"_links":{"self":[{"href":"https:\/\/kuali.com.mx\/web\/wp-json\/wp\/v2\/posts\/169778","targetHints":{"allow":["GET"]}}],"collection":[{"href":"https:\/\/kuali.com.mx\/web\/wp-json\/wp\/v2\/posts"}],"about":[{"href":"https:\/\/kuali.com.mx\/web\/wp-json\/wp\/v2\/types\/post"}],"author":[{"embeddable":true,"href":"https:\/\/kuali.com.mx\/web\/wp-json\/wp\/v2\/users\/2"}],"replies":[{"embeddable":true,"href":"https:\/\/kuali.com.mx\/web\/wp-json\/wp\/v2\/comments?post=169778"}],"version-history":[{"count":2,"href":"https:\/\/kuali.com.mx\/web\/wp-json\/wp\/v2\/posts\/169778\/revisions"}],"predecessor-version":[{"id":169783,"href":"https:\/\/kuali.com.mx\/web\/wp-json\/wp\/v2\/posts\/169778\/revisions\/169783"}],"wp:featuredmedia":[{"embeddable":true,"href":"https:\/\/kuali.com.mx\/web\/wp-json\/wp\/v2\/media\/169781"}],"wp:attachment":[{"href":"https:\/\/kuali.com.mx\/web\/wp-json\/wp\/v2\/media?parent=169778"}],"wp:term":[{"taxonomy":"category","embeddable":true,"href":"https:\/\/kuali.com.mx\/web\/wp-json\/wp\/v2\/categories?post=169778"},{"taxonomy":"post_tag","embeddable":true,"href":"https:\/\/kuali.com.mx\/web\/wp-json\/wp\/v2\/tags?post=169778"}],"curies":[{"name":"wp","href":"https:\/\/api.w.org\/{rel}","templated":true}]}}