{"id":169576,"date":"2025-02-27T12:10:56","date_gmt":"2025-02-27T18:10:56","guid":{"rendered":"https:\/\/kuali.com.mx\/web\/?p=169576"},"modified":"2025-02-27T12:10:58","modified_gmt":"2025-02-27T18:10:58","slug":"anders-dreyer-de-san-diego-jugador-de-la-semana-de-la-mls","status":"publish","type":"post","link":"https:\/\/kuali.com.mx\/web\/2025\/02\/27\/anders-dreyer-de-san-diego-jugador-de-la-semana-de-la-mls\/","title":{"rendered":"ANDERS DREYER DE SAN DIEGO; JUGADOR DE LA SEMANA DE LA MLS"},"content":{"rendered":"\n<p><em><strong>MariLuz Medina\/Los Angeles,CA<\/strong><\/em>.-Debido a que las estrellas de la\u00a0Major League Soccer (MLS), no brillaron como se esperaba, por lo cual el delantero danes Anders Dreye, del equipo debutante San Diego FC, fue nombrado \"Jugador de la Semana\", gracias a los dos goles que les hizo al campe\u00f3n defensor\u00a0\u00a0LA Galaxy, en el triunfo logrado en la primera fecha de la MLS Cup 2025.<\/p>\n\n\n\n<p>San Diego se convirti\u00f3 en el segundo equipo de expansi\u00f3n desde 2019 en ganar su partido inaugural, uni\u00e9ndose a St. Louis CITY SC en 2023. Adem\u00e1s, Dreyer es el primer jugador en anotar m\u00faltiples goles en el partido inaugural de un club desde Eric Hassli para los Vancouver Whitecaps en 2011 y es apenas el s\u00e9ptimo en la historia de la MLS en hacerlo. El internacional dan\u00e9s fue uno de los siete jugadores que marcaron varios goles en la primera jornada uni\u00e9ndose a Tai Baribo (Philadelphia Union) y Brian Guti\u00e9rrez (Chicago Fire FC) como los \u00fanicos jugadores que lo hicieron jugando de visitante.<\/p>\n\n\n\n<p>Despu\u00e9s de una primera mitad sin goles, San Diego tuvo su momento decisivo en el minuto 52, cuando el destacado de la Selecci\u00f3n Nacional Mexicana, Hirving 'Chucky' Lozano interceptando un pase al que inmediatamente encontr\u00f3 al Jugador Franquicia Anders Dreyer frente a la red para anotar el primer gol en la historia del club.<\/p>\n\n\n\n<p>El LA Galaxy tuvo oportunidades de empatar en la segunda mitad, pero se vio obstaculizado repetidamente por la defensa de San Diego. En el minuto 93, Dreyer dio el golpe de la victoria tras una sensacional secuencia de pases coronada por una asistencia de Tom\u00e1s \u00c1ngel.<\/p>\n\n\n\n<p>Dreyer es el primer jugador de un club de expansi\u00f3n en ser nombrado el Jugador de la Jornada de la MLS presentado por Michelob Ultra despu\u00e9s del partido inaugural del club desde Fredy Montero para Seattle Sounders FC en 2009. San Diego es ahora el 33\u00ba club diferente en la historia de la MLS en tener un jugador que gana los honores al Jugador de la Jornada. Dreyer es el primer jugador dan\u00e9s en obtener el honor desde que Mikael Uhre de Philadelphia lo hiciera en la jornada 9 de 2023.<br>San Diego buscar\u00e1 seguir los pasos de St. Louis CITY SC igualando la racha victoriosa como nuevo club de expansi\u00f3n en donde los dos clubes se enfrentar\u00e1n en la Jornada 2, cuando San Diego haga su debut de local en el Snapdragon Stadium el s\u00e1bado 1 de marzo.<\/p>\n","protected":false},"excerpt":{"rendered":"MariLuz Medina\/Los Angeles,CA.-Debido a que las estrellas de la\u00a0Major League Soccer (MLS), no brillaron como se esperaba, por lo cual el delantero danes Anders Dreye, del equipo debutante San Diego FC, fue nombrado \"Jugador de la Semana\", gracias a los dos goles que les hizo al campe\u00f3n defensor\u00a0\u00a0LA Galaxy, en el triunfo logrado en la [&hellip;]","protected":false},"author":2,"featured_media":169578,"comment_status":"open","ping_status":"open","sticky":false,"template":"","format":"standard","meta":{"_seopress_robots_primary_cat":"none","_seopress_titles_title":"","_seopress_titles_desc":"","_seopress_robots_index":"","_monsterinsights_skip_tracking":false,"_monsterinsights_sitenote_active":false,"_monsterinsights_sitenote_note":"","_monsterinsights_sitenote_category":0,"footnotes":""},"categories":[16],"tags":[],"class_list":["post-169576","post","type-post","status-publish","format-standard","has-post-thumbnail","hentry","category-deportes"],"yoast_head":"<!-- This site is optimized with the Yoast SEO plugin v27.4 - https:\/\/yoast.com\/product\/yoast-seo-wordpress\/ -->\n<title>ANDERS DREYER DE SAN DIEGO; JUGADOR DE LA SEMANA DE LA MLS - Kuali<\/title>\n<meta name=\"robots\" content=\"index, follow, max-snippet:-1, max-image-preview:large, max-video-preview:-1\" \/>\n<link rel=\"canonical\" href=\"https:\/\/kuali.com.mx\/web\/2025\/02\/27\/anders-dreyer-de-san-diego-jugador-de-la-semana-de-la-mls\/\" \/>\n<meta property=\"og:locale\" content=\"es_MX\" \/>\n<meta property=\"og:type\" content=\"article\" \/>\n<meta property=\"og:title\" content=\"ANDERS DREYER DE SAN DIEGO; JUGADOR DE LA SEMANA DE LA MLS - Kuali\" \/>\n<meta property=\"og:description\" content=\"MariLuz Medina\/Los Angeles,CA.-Debido a que las estrellas de la\u00a0Major League Soccer (MLS), no brillaron como se esperaba, por lo cual el delantero danes Anders Dreye, del equipo debutante San Diego FC, fue nombrado &quot;Jugador de la Semana&quot;, gracias a los dos goles que les hizo al campe\u00f3n defensor\u00a0\u00a0LA Galaxy, en el triunfo logrado en la [&hellip;]\" \/>\n<meta property=\"og:url\" content=\"https:\/\/kuali.com.mx\/web\/2025\/02\/27\/anders-dreyer-de-san-diego-jugador-de-la-semana-de-la-mls\/\" \/>\n<meta property=\"og:site_name\" content=\"Kuali\" \/>\n<meta property=\"article:publisher\" content=\"https:\/\/kuali.com.mx\/web\/wp-content\/uploads\/2018\/04\/cropped-kuali_logo-1-1.png\" \/>\n<meta property=\"article:published_time\" content=\"2025-02-27T18:10:56+00:00\" \/>\n<meta property=\"article:modified_time\" content=\"2025-02-27T18:10:58+00:00\" \/>\n<meta property=\"og:image\" content=\"https:\/\/kuali.com.mx\/web\/wp-content\/uploads\/2025\/02\/jugador.jpg\" \/>\n\t<meta property=\"og:image:width\" content=\"1638\" \/>\n\t<meta property=\"og:image:height\" content=\"750\" \/>\n\t<meta property=\"og:image:type\" content=\"image\/jpeg\" \/>\n<meta name=\"author\" content=\"Kuali Staff\" \/>\n<meta name=\"twitter:card\" content=\"summary_large_image\" \/>\n<meta name=\"twitter:creator\" content=\"@kuali_noticias\" \/>\n<meta name=\"twitter:site\" content=\"@kuali_noticias\" \/>\n<meta name=\"twitter:label1\" content=\"Escrito por\" \/>\n\t<meta name=\"twitter:data1\" content=\"Kuali Staff\" \/>\n\t<meta name=\"twitter:label2\" content=\"Tiempo de lectura\" \/>\n\t<meta name=\"twitter:data2\" content=\"2 minutos\" \/>\n<script type=\"application\/ld+json\" class=\"yoast-schema-graph\">{\"@context\":\"https:\\\/\\\/schema.org\",\"@graph\":[{\"@type\":\"Article\",\"@id\":\"https:\\\/\\\/kuali.com.mx\\\/web\\\/2025\\\/02\\\/27\\\/anders-dreyer-de-san-diego-jugador-de-la-semana-de-la-mls\\\/#article\",\"isPartOf\":{\"@id\":\"https:\\\/\\\/kuali.com.mx\\\/web\\\/2025\\\/02\\\/27\\\/anders-dreyer-de-san-diego-jugador-de-la-semana-de-la-mls\\\/\"},\"author\":{\"name\":\"Kuali Staff\",\"@id\":\"https:\\\/\\\/kuali.com.mx\\\/web\\\/#\\\/schema\\\/person\\\/6f89ffa8ecba9dae50662357923c5289\"},\"headline\":\"ANDERS DREYER DE SAN DIEGO; JUGADOR DE LA SEMANA DE LA MLS\",\"datePublished\":\"2025-02-27T18:10:56+00:00\",\"dateModified\":\"2025-02-27T18:10:58+00:00\",\"mainEntityOfPage\":{\"@id\":\"https:\\\/\\\/kuali.com.mx\\\/web\\\/2025\\\/02\\\/27\\\/anders-dreyer-de-san-diego-jugador-de-la-semana-de-la-mls\\\/\"},\"wordCount\":427,\"commentCount\":0,\"image\":{\"@id\":\"https:\\\/\\\/kuali.com.mx\\\/web\\\/2025\\\/02\\\/27\\\/anders-dreyer-de-san-diego-jugador-de-la-semana-de-la-mls\\\/#primaryimage\"},\"thumbnailUrl\":\"https:\\\/\\\/kuali.com.mx\\\/web\\\/wp-content\\\/uploads\\\/2025\\\/02\\\/jugador.jpg\",\"articleSection\":[\"Deportes\"],\"inLanguage\":\"es\",\"potentialAction\":[{\"@type\":\"CommentAction\",\"name\":\"Comment\",\"target\":[\"https:\\\/\\\/kuali.com.mx\\\/web\\\/2025\\\/02\\\/27\\\/anders-dreyer-de-san-diego-jugador-de-la-semana-de-la-mls\\\/#respond\"]}]},{\"@type\":\"WebPage\",\"@id\":\"https:\\\/\\\/kuali.com.mx\\\/web\\\/2025\\\/02\\\/27\\\/anders-dreyer-de-san-diego-jugador-de-la-semana-de-la-mls\\\/\",\"url\":\"https:\\\/\\\/kuali.com.mx\\\/web\\\/2025\\\/02\\\/27\\\/anders-dreyer-de-san-diego-jugador-de-la-semana-de-la-mls\\\/\",\"name\":\"ANDERS DREYER DE SAN DIEGO; JUGADOR DE LA SEMANA DE LA MLS - Kuali\",\"isPartOf\":{\"@id\":\"https:\\\/\\\/kuali.com.mx\\\/web\\\/#website\"},\"primaryImageOfPage\":{\"@id\":\"https:\\\/\\\/kuali.com.mx\\\/web\\\/2025\\\/02\\\/27\\\/anders-dreyer-de-san-diego-jugador-de-la-semana-de-la-mls\\\/#primaryimage\"},\"image\":{\"@id\":\"https:\\\/\\\/kuali.com.mx\\\/web\\\/2025\\\/02\\\/27\\\/anders-dreyer-de-san-diego-jugador-de-la-semana-de-la-mls\\\/#primaryimage\"},\"thumbnailUrl\":\"https:\\\/\\\/kuali.com.mx\\\/web\\\/wp-content\\\/uploads\\\/2025\\\/02\\\/jugador.jpg\",\"datePublished\":\"2025-02-27T18:10:56+00:00\",\"dateModified\":\"2025-02-27T18:10:58+00:00\",\"author\":{\"@id\":\"https:\\\/\\\/kuali.com.mx\\\/web\\\/#\\\/schema\\\/person\\\/6f89ffa8ecba9dae50662357923c5289\"},\"breadcrumb\":{\"@id\":\"https:\\\/\\\/kuali.com.mx\\\/web\\\/2025\\\/02\\\/27\\\/anders-dreyer-de-san-diego-jugador-de-la-semana-de-la-mls\\\/#breadcrumb\"},\"inLanguage\":\"es\",\"potentialAction\":[{\"@type\":\"ReadAction\",\"target\":[\"https:\\\/\\\/kuali.com.mx\\\/web\\\/2025\\\/02\\\/27\\\/anders-dreyer-de-san-diego-jugador-de-la-semana-de-la-mls\\\/\"]}]},{\"@type\":\"ImageObject\",\"inLanguage\":\"es\",\"@id\":\"https:\\\/\\\/kuali.com.mx\\\/web\\\/2025\\\/02\\\/27\\\/anders-dreyer-de-san-diego-jugador-de-la-semana-de-la-mls\\\/#primaryimage\",\"url\":\"https:\\\/\\\/kuali.com.mx\\\/web\\\/wp-content\\\/uploads\\\/2025\\\/02\\\/jugador.jpg\",\"contentUrl\":\"https:\\\/\\\/kuali.com.mx\\\/web\\\/wp-content\\\/uploads\\\/2025\\\/02\\\/jugador.jpg\",\"width\":1638,\"height\":750},{\"@type\":\"BreadcrumbList\",\"@id\":\"https:\\\/\\\/kuali.com.mx\\\/web\\\/2025\\\/02\\\/27\\\/anders-dreyer-de-san-diego-jugador-de-la-semana-de-la-mls\\\/#breadcrumb\",\"itemListElement\":[{\"@type\":\"ListItem\",\"position\":1,\"name\":\"Inicio\",\"item\":\"https:\\\/\\\/kuali.com.mx\\\/web\\\/\"},{\"@type\":\"ListItem\",\"position\":2,\"name\":\"ANDERS DREYER DE SAN DIEGO; JUGADOR DE LA SEMANA DE LA MLS\"}]},{\"@type\":\"WebSite\",\"@id\":\"https:\\\/\\\/kuali.com.mx\\\/web\\\/#website\",\"url\":\"https:\\\/\\\/kuali.com.mx\\\/web\\\/\",\"name\":\"Kuali\",\"description\":\"\",\"potentialAction\":[{\"@type\":\"SearchAction\",\"target\":{\"@type\":\"EntryPoint\",\"urlTemplate\":\"https:\\\/\\\/kuali.com.mx\\\/web\\\/?s={search_term_string}\"},\"query-input\":{\"@type\":\"PropertyValueSpecification\",\"valueRequired\":true,\"valueName\":\"search_term_string\"}}],\"inLanguage\":\"es\"},{\"@type\":\"Person\",\"@id\":\"https:\\\/\\\/kuali.com.mx\\\/web\\\/#\\\/schema\\\/person\\\/6f89ffa8ecba9dae50662357923c5289\",\"name\":\"Kuali Staff\",\"image\":{\"@type\":\"ImageObject\",\"inLanguage\":\"es\",\"@id\":\"https:\\\/\\\/secure.gravatar.com\\\/avatar\\\/f917ad82e5ab71227a733c78b6e60715476f69ee6be59feee4eb5d9920c89e0f?s=96&d=mm&r=g\",\"url\":\"https:\\\/\\\/secure.gravatar.com\\\/avatar\\\/f917ad82e5ab71227a733c78b6e60715476f69ee6be59feee4eb5d9920c89e0f?s=96&d=mm&r=g\",\"contentUrl\":\"https:\\\/\\\/secure.gravatar.com\\\/avatar\\\/f917ad82e5ab71227a733c78b6e60715476f69ee6be59feee4eb5d9920c89e0f?s=96&d=mm&r=g\",\"caption\":\"Kuali Staff\"},\"url\":\"https:\\\/\\\/kuali.com.mx\\\/web\\\/author\\\/lagarto\\\/\"}]}<\/script>\n<!-- \/ Yoast SEO plugin. -->","yoast_head_json":{"title":"ANDERS DREYER DE SAN DIEGO; JUGADOR DE LA SEMANA DE LA MLS - Kuali","robots":{"index":"index","follow":"follow","max-snippet":"max-snippet:-1","max-image-preview":"max-image-preview:large","max-video-preview":"max-video-preview:-1"},"canonical":"https:\/\/kuali.com.mx\/web\/2025\/02\/27\/anders-dreyer-de-san-diego-jugador-de-la-semana-de-la-mls\/","og_locale":"es_MX","og_type":"article","og_title":"ANDERS DREYER DE SAN DIEGO; JUGADOR DE LA SEMANA DE LA MLS - Kuali","og_description":"MariLuz Medina\/Los Angeles,CA.-Debido a que las estrellas de la\u00a0Major League Soccer (MLS), no brillaron como se esperaba, por lo cual el delantero danes Anders Dreye, del equipo debutante San Diego FC, fue nombrado \"Jugador de la Semana\", gracias a los dos goles que les hizo al campe\u00f3n defensor\u00a0\u00a0LA Galaxy, en el triunfo logrado en la [&hellip;]","og_url":"https:\/\/kuali.com.mx\/web\/2025\/02\/27\/anders-dreyer-de-san-diego-jugador-de-la-semana-de-la-mls\/","og_site_name":"Kuali","article_publisher":"https:\/\/kuali.com.mx\/web\/wp-content\/uploads\/2018\/04\/cropped-kuali_logo-1-1.png","article_published_time":"2025-02-27T18:10:56+00:00","article_modified_time":"2025-02-27T18:10:58+00:00","og_image":[{"width":1638,"height":750,"url":"https:\/\/kuali.com.mx\/web\/wp-content\/uploads\/2025\/02\/jugador.jpg","type":"image\/jpeg"}],"author":"Kuali Staff","twitter_card":"summary_large_image","twitter_creator":"@kuali_noticias","twitter_site":"@kuali_noticias","twitter_misc":{"Escrito por":"Kuali Staff","Tiempo de lectura":"2 minutos"},"schema":{"@context":"https:\/\/schema.org","@graph":[{"@type":"Article","@id":"https:\/\/kuali.com.mx\/web\/2025\/02\/27\/anders-dreyer-de-san-diego-jugador-de-la-semana-de-la-mls\/#article","isPartOf":{"@id":"https:\/\/kuali.com.mx\/web\/2025\/02\/27\/anders-dreyer-de-san-diego-jugador-de-la-semana-de-la-mls\/"},"author":{"name":"Kuali Staff","@id":"https:\/\/kuali.com.mx\/web\/#\/schema\/person\/6f89ffa8ecba9dae50662357923c5289"},"headline":"ANDERS DREYER DE SAN DIEGO; JUGADOR DE LA SEMANA DE LA MLS","datePublished":"2025-02-27T18:10:56+00:00","dateModified":"2025-02-27T18:10:58+00:00","mainEntityOfPage":{"@id":"https:\/\/kuali.com.mx\/web\/2025\/02\/27\/anders-dreyer-de-san-diego-jugador-de-la-semana-de-la-mls\/"},"wordCount":427,"commentCount":0,"image":{"@id":"https:\/\/kuali.com.mx\/web\/2025\/02\/27\/anders-dreyer-de-san-diego-jugador-de-la-semana-de-la-mls\/#primaryimage"},"thumbnailUrl":"https:\/\/kuali.com.mx\/web\/wp-content\/uploads\/2025\/02\/jugador.jpg","articleSection":["Deportes"],"inLanguage":"es","potentialAction":[{"@type":"CommentAction","name":"Comment","target":["https:\/\/kuali.com.mx\/web\/2025\/02\/27\/anders-dreyer-de-san-diego-jugador-de-la-semana-de-la-mls\/#respond"]}]},{"@type":"WebPage","@id":"https:\/\/kuali.com.mx\/web\/2025\/02\/27\/anders-dreyer-de-san-diego-jugador-de-la-semana-de-la-mls\/","url":"https:\/\/kuali.com.mx\/web\/2025\/02\/27\/anders-dreyer-de-san-diego-jugador-de-la-semana-de-la-mls\/","name":"ANDERS DREYER DE SAN DIEGO; JUGADOR DE LA SEMANA DE LA MLS - Kuali","isPartOf":{"@id":"https:\/\/kuali.com.mx\/web\/#website"},"primaryImageOfPage":{"@id":"https:\/\/kuali.com.mx\/web\/2025\/02\/27\/anders-dreyer-de-san-diego-jugador-de-la-semana-de-la-mls\/#primaryimage"},"image":{"@id":"https:\/\/kuali.com.mx\/web\/2025\/02\/27\/anders-dreyer-de-san-diego-jugador-de-la-semana-de-la-mls\/#primaryimage"},"thumbnailUrl":"https:\/\/kuali.com.mx\/web\/wp-content\/uploads\/2025\/02\/jugador.jpg","datePublished":"2025-02-27T18:10:56+00:00","dateModified":"2025-02-27T18:10:58+00:00","author":{"@id":"https:\/\/kuali.com.mx\/web\/#\/schema\/person\/6f89ffa8ecba9dae50662357923c5289"},"breadcrumb":{"@id":"https:\/\/kuali.com.mx\/web\/2025\/02\/27\/anders-dreyer-de-san-diego-jugador-de-la-semana-de-la-mls\/#breadcrumb"},"inLanguage":"es","potentialAction":[{"@type":"ReadAction","target":["https:\/\/kuali.com.mx\/web\/2025\/02\/27\/anders-dreyer-de-san-diego-jugador-de-la-semana-de-la-mls\/"]}]},{"@type":"ImageObject","inLanguage":"es","@id":"https:\/\/kuali.com.mx\/web\/2025\/02\/27\/anders-dreyer-de-san-diego-jugador-de-la-semana-de-la-mls\/#primaryimage","url":"https:\/\/kuali.com.mx\/web\/wp-content\/uploads\/2025\/02\/jugador.jpg","contentUrl":"https:\/\/kuali.com.mx\/web\/wp-content\/uploads\/2025\/02\/jugador.jpg","width":1638,"height":750},{"@type":"BreadcrumbList","@id":"https:\/\/kuali.com.mx\/web\/2025\/02\/27\/anders-dreyer-de-san-diego-jugador-de-la-semana-de-la-mls\/#breadcrumb","itemListElement":[{"@type":"ListItem","position":1,"name":"Inicio","item":"https:\/\/kuali.com.mx\/web\/"},{"@type":"ListItem","position":2,"name":"ANDERS DREYER DE SAN DIEGO; JUGADOR DE LA SEMANA DE LA MLS"}]},{"@type":"WebSite","@id":"https:\/\/kuali.com.mx\/web\/#website","url":"https:\/\/kuali.com.mx\/web\/","name":"Kuali","description":"","potentialAction":[{"@type":"SearchAction","target":{"@type":"EntryPoint","urlTemplate":"https:\/\/kuali.com.mx\/web\/?s={search_term_string}"},"query-input":{"@type":"PropertyValueSpecification","valueRequired":true,"valueName":"search_term_string"}}],"inLanguage":"es"},{"@type":"Person","@id":"https:\/\/kuali.com.mx\/web\/#\/schema\/person\/6f89ffa8ecba9dae50662357923c5289","name":"Kuali Staff","image":{"@type":"ImageObject","inLanguage":"es","@id":"https:\/\/secure.gravatar.com\/avatar\/f917ad82e5ab71227a733c78b6e60715476f69ee6be59feee4eb5d9920c89e0f?s=96&d=mm&r=g","url":"https:\/\/secure.gravatar.com\/avatar\/f917ad82e5ab71227a733c78b6e60715476f69ee6be59feee4eb5d9920c89e0f?s=96&d=mm&r=g","contentUrl":"https:\/\/secure.gravatar.com\/avatar\/f917ad82e5ab71227a733c78b6e60715476f69ee6be59feee4eb5d9920c89e0f?s=96&d=mm&r=g","caption":"Kuali Staff"},"url":"https:\/\/kuali.com.mx\/web\/author\/lagarto\/"}]}},"_links":{"self":[{"href":"https:\/\/kuali.com.mx\/web\/wp-json\/wp\/v2\/posts\/169576","targetHints":{"allow":["GET"]}}],"collection":[{"href":"https:\/\/kuali.com.mx\/web\/wp-json\/wp\/v2\/posts"}],"about":[{"href":"https:\/\/kuali.com.mx\/web\/wp-json\/wp\/v2\/types\/post"}],"author":[{"embeddable":true,"href":"https:\/\/kuali.com.mx\/web\/wp-json\/wp\/v2\/users\/2"}],"replies":[{"embeddable":true,"href":"https:\/\/kuali.com.mx\/web\/wp-json\/wp\/v2\/comments?post=169576"}],"version-history":[{"count":1,"href":"https:\/\/kuali.com.mx\/web\/wp-json\/wp\/v2\/posts\/169576\/revisions"}],"predecessor-version":[{"id":169579,"href":"https:\/\/kuali.com.mx\/web\/wp-json\/wp\/v2\/posts\/169576\/revisions\/169579"}],"wp:featuredmedia":[{"embeddable":true,"href":"https:\/\/kuali.com.mx\/web\/wp-json\/wp\/v2\/media\/169578"}],"wp:attachment":[{"href":"https:\/\/kuali.com.mx\/web\/wp-json\/wp\/v2\/media?parent=169576"}],"wp:term":[{"taxonomy":"category","embeddable":true,"href":"https:\/\/kuali.com.mx\/web\/wp-json\/wp\/v2\/categories?post=169576"},{"taxonomy":"post_tag","embeddable":true,"href":"https:\/\/kuali.com.mx\/web\/wp-json\/wp\/v2\/tags?post=169576"}],"curies":[{"name":"wp","href":"https:\/\/api.w.org\/{rel}","templated":true}]}}