{"id":168994,"date":"2025-02-19T14:12:05","date_gmt":"2025-02-19T20:12:05","guid":{"rendered":"https:\/\/kuali.com.mx\/web\/?p=168994"},"modified":"2025-02-20T07:48:56","modified_gmt":"2025-02-20T13:48:56","slug":"alemania-ante-el-inaceptable-discurso-de-vance-en-munich","status":"publish","type":"post","link":"https:\/\/kuali.com.mx\/web\/2025\/02\/19\/alemania-ante-el-inaceptable-discurso-de-vance-en-munich\/","title":{"rendered":"ALEMANIA ANTE EL \u201cINACEPTABLE\u201d DISCURSO DE VANCE EN M\u00daNICH"},"content":{"rendered":"\n<p><em><strong>ENCUENTRO CON GOROSITO\u2026<\/strong><\/em><\/p>\n\n\n\n<p>Boris Pistorius, quien es el ministro de Defensa de Alemania, ha lamentado el \u201cinaceptable\u201d discurso pronunciado por el vicepresidente de los Estados Unidos de Am\u00e9rica, JD Vance en la Conferencia de Seguridad en la ciudad de M\u00fanich.<\/p>\n\n\n\n<p>El n\u00famero dos de la Casa Blanca, en su oratoria, cuestion\u00f3 duramente la salud democr\u00e1tica europea y asegur\u00f3 que la libertad de expresi\u00f3n en el viejo continente est\u00e1 en retroceso.<\/p>\n\n\n\n<p>Pistorius extern\u00f3 molesto: \u201cSi he entendido bien, compar\u00f3 a Europa con reg\u00edmenes autoritarios. Eso no es aceptable. Esta no es la Europa en que yo vivo\u201d, manifest\u00f3 el secretario de Defensa alem\u00e1n en respuesta al vicepresidente de la Uni\u00f3n Americana, que en su discurso fue aplaudido posteriormente por elementos como el ultraderechista partido alem\u00e1n Alternativa para Alemania.<\/p>\n\n\n\n<p>\u201cLa democracia no significa que una minor\u00eda vociferante pueda decidir qu\u00e9 es la verdad: la democracia debe ser capaz de defenderse de los extremistas. Por ello, quiero contradecir y oponerme expl\u00edcitamente a la afirmaci\u00f3n que el vicepresidente ha sugerido aqu\u00ed: que nuestra democracia oprime y silencia a las minor\u00edas\u201d, afirm\u00f3 Pistorius.<\/p>\n\n\n\n<p>Antes del discurso de Vance, la ministra de Relaciones Exteriores de Alemania, Annalena Baerbock, critic\u00f3 declaraciones previas del vicepresidente en las que instaba a cooperar con AfD, en lo que la secretaria de Estado, volvi\u00f3 a interpretar como una injerencia en la pol\u00edtica nacional, como ya hizo en su momento el asesor del presidente Donald Trump, el multimillonario Elon Musk.<\/p>\n\n\n\n<p>\u201cLos \u00fanicos que deciden las elecciones parlamentarias alemanas, como en cualquier democracia, son y ser\u00e1n los votantes alemanes. Afortunadamente vivimos en una democracia, y es imposible insistir m\u00e1s en este tema, hoy en d\u00eda, en un momento en que personas de todo el mundo dan sus vidas para votar en libertad\u201d, sentenci\u00f3 Pistorius.<\/p>\n\n\n\n<p>Mientras que el senador del partido dem\u00f3crata, Andy Kim, que form\u00f3 parte de la delegaci\u00f3n que acompa\u00f1o al vicepresidente a Alemania, tambi\u00e9n ha criticado las palabras del vicepresidente republicano: \u201cNo habl\u00f3 de Rusia, Ucrania ni China. Solo critic\u00f3 a nuestros aliados\u201d, ha lamentado Kim sobre un discurso que \u201cenvalentonar\u00e1\" a los \u201cadversarios de Estados Unidos\u201d, quienes \u201cvan a interpretarlo como una \u201cluz verde\u201d para actuar mientras Estados Unidos est\u00e1 distra\u00eddo y dividido\u201d.<\/p>\n\n\n\n<p>Debemos tener presente que el seguidismo de Europa a Estados Unidos en el actual contexto de ruptura hegem\u00f3nica encierra peligros y puede ser una pu\u00f1alada en la identidad soberanista europea.<\/p>\n\n\n\n<p>Raz\u00f3n por la cual la subordinaci\u00f3n humillante de Europa hacia Estados Unidos desde hace d\u00e9cadas, no \u00fanicamente es humillante es tambi\u00e9n peligrosa.&nbsp;<\/p>\n\n\n\n<p>Econ\u00f3micamente, la guerra comercial y la no respuesta europea podr\u00eda da\u00f1ar todav\u00eda m\u00e1s a grandes actores como Alemania, que en boca de Pistorius no ataca el verdadero problema. Hay que ser tambi\u00e9n muy iluso para pensar que las palabras de Vance no tuvieron el visto bueno de Donald Trump o lo que es muy posible, los temas tocados en su discurso, fueron \u201csugerencia\u201d del presidente.<\/p>\n\n\n\n<p>&nbsp;&nbsp;&nbsp;&nbsp;&nbsp;&nbsp;&nbsp;&nbsp;\u00a1Hasta el pr\u00f3ximo encuentro\u2026!<\/p>\n\n\n\n<p><em><strong>\u00a0\u00a0\u00a0\u00a0\u00a0\u00a0\u00a0\u00a0\u00a0\u00a0\u00a0\u00a0\u00a0\u00a0\u00a0\u00a0\u00a0\u00a0\u00a0\u00a0\u00a0\u00a0\u00a0\u00a0\u00a0\u00a0\u00a0\u00a0\u00a0\u00a0\u00a0\u00a0\u00a0\u00a0\u00a0\u00a0\u00a0\u00a0\u00a0\u00a0\u00a0\u00a0\u00a0\u00a0\u00a0\u00a0\u00a0\u00a0\u00a0\u00a0\u00a0\u00a0\u00a0\u00a0\u00a0\u00a0\u00a0Dr.(c)Washington Daniel Gorosito P\u00e9rez<\/strong><\/em><\/p>\n","protected":false},"excerpt":{"rendered":"ENCUENTRO CON GOROSITO\u2026 Boris Pistorius, quien es el ministro de Defensa de Alemania, ha lamentado el \u201cinaceptable\u201d discurso pronunciado por el vicepresidente de los Estados Unidos de Am\u00e9rica, JD Vance en la Conferencia de Seguridad en la ciudad de M\u00fanich. El n\u00famero dos de la Casa Blanca, en su oratoria, cuestion\u00f3 duramente la salud democr\u00e1tica [&hellip;]","protected":false},"author":2,"featured_media":168996,"comment_status":"open","ping_status":"open","sticky":false,"template":"","format":"standard","meta":{"_seopress_robots_primary_cat":"none","_seopress_titles_title":"","_seopress_titles_desc":"","_seopress_robots_index":"","_monsterinsights_skip_tracking":false,"_monsterinsights_sitenote_active":false,"_monsterinsights_sitenote_note":"","_monsterinsights_sitenote_category":0,"footnotes":""},"categories":[3],"tags":[],"class_list":["post-168994","post","type-post","status-publish","format-standard","has-post-thumbnail","hentry","category-politica"],"yoast_head":"<!-- This site is optimized with the Yoast SEO plugin v27.4 - https:\/\/yoast.com\/product\/yoast-seo-wordpress\/ -->\n<title>ALEMANIA ANTE EL \u201cINACEPTABLE\u201d DISCURSO DE VANCE EN M\u00daNICH - Kuali<\/title>\n<meta name=\"robots\" content=\"index, follow, max-snippet:-1, max-image-preview:large, max-video-preview:-1\" \/>\n<link rel=\"canonical\" href=\"https:\/\/kuali.com.mx\/web\/2025\/02\/19\/alemania-ante-el-inaceptable-discurso-de-vance-en-munich\/\" \/>\n<meta property=\"og:locale\" content=\"es_MX\" \/>\n<meta property=\"og:type\" content=\"article\" \/>\n<meta property=\"og:title\" content=\"ALEMANIA ANTE EL \u201cINACEPTABLE\u201d DISCURSO DE VANCE EN M\u00daNICH - Kuali\" \/>\n<meta property=\"og:description\" content=\"ENCUENTRO CON GOROSITO\u2026 Boris Pistorius, quien es el ministro de Defensa de Alemania, ha lamentado el \u201cinaceptable\u201d discurso pronunciado por el vicepresidente de los Estados Unidos de Am\u00e9rica, JD Vance en la Conferencia de Seguridad en la ciudad de M\u00fanich. El n\u00famero dos de la Casa Blanca, en su oratoria, cuestion\u00f3 duramente la salud democr\u00e1tica [&hellip;]\" \/>\n<meta property=\"og:url\" content=\"https:\/\/kuali.com.mx\/web\/2025\/02\/19\/alemania-ante-el-inaceptable-discurso-de-vance-en-munich\/\" \/>\n<meta property=\"og:site_name\" content=\"Kuali\" \/>\n<meta property=\"article:publisher\" content=\"https:\/\/kuali.com.mx\/web\/wp-content\/uploads\/2018\/04\/cropped-kuali_logo-1-1.png\" \/>\n<meta property=\"article:published_time\" content=\"2025-02-19T20:12:05+00:00\" \/>\n<meta property=\"article:modified_time\" content=\"2025-02-20T13:48:56+00:00\" \/>\n<meta property=\"og:image\" content=\"https:\/\/kuali.com.mx\/web\/wp-content\/uploads\/2025\/02\/vance.jpg\" \/>\n\t<meta property=\"og:image:width\" content=\"1619\" \/>\n\t<meta property=\"og:image:height\" content=\"750\" \/>\n\t<meta property=\"og:image:type\" content=\"image\/jpeg\" \/>\n<meta name=\"author\" content=\"Kuali Staff\" \/>\n<meta name=\"twitter:card\" content=\"summary_large_image\" \/>\n<meta name=\"twitter:creator\" content=\"@kuali_noticias\" \/>\n<meta name=\"twitter:site\" content=\"@kuali_noticias\" \/>\n<meta name=\"twitter:label1\" content=\"Escrito por\" \/>\n\t<meta name=\"twitter:data1\" content=\"Kuali Staff\" \/>\n\t<meta name=\"twitter:label2\" content=\"Tiempo de lectura\" \/>\n\t<meta name=\"twitter:data2\" content=\"3 minutos\" \/>\n<script type=\"application\/ld+json\" class=\"yoast-schema-graph\">{\"@context\":\"https:\\\/\\\/schema.org\",\"@graph\":[{\"@type\":\"Article\",\"@id\":\"https:\\\/\\\/kuali.com.mx\\\/web\\\/2025\\\/02\\\/19\\\/alemania-ante-el-inaceptable-discurso-de-vance-en-munich\\\/#article\",\"isPartOf\":{\"@id\":\"https:\\\/\\\/kuali.com.mx\\\/web\\\/2025\\\/02\\\/19\\\/alemania-ante-el-inaceptable-discurso-de-vance-en-munich\\\/\"},\"author\":{\"name\":\"Kuali Staff\",\"@id\":\"https:\\\/\\\/kuali.com.mx\\\/web\\\/#\\\/schema\\\/person\\\/6f89ffa8ecba9dae50662357923c5289\"},\"headline\":\"ALEMANIA ANTE EL \u201cINACEPTABLE\u201d DISCURSO DE VANCE EN M\u00daNICH\",\"datePublished\":\"2025-02-19T20:12:05+00:00\",\"dateModified\":\"2025-02-20T13:48:56+00:00\",\"mainEntityOfPage\":{\"@id\":\"https:\\\/\\\/kuali.com.mx\\\/web\\\/2025\\\/02\\\/19\\\/alemania-ante-el-inaceptable-discurso-de-vance-en-munich\\\/\"},\"wordCount\":545,\"commentCount\":0,\"image\":{\"@id\":\"https:\\\/\\\/kuali.com.mx\\\/web\\\/2025\\\/02\\\/19\\\/alemania-ante-el-inaceptable-discurso-de-vance-en-munich\\\/#primaryimage\"},\"thumbnailUrl\":\"https:\\\/\\\/kuali.com.mx\\\/web\\\/wp-content\\\/uploads\\\/2025\\\/02\\\/vance.jpg\",\"articleSection\":[\"Pol\u00edtica\"],\"inLanguage\":\"es\",\"potentialAction\":[{\"@type\":\"CommentAction\",\"name\":\"Comment\",\"target\":[\"https:\\\/\\\/kuali.com.mx\\\/web\\\/2025\\\/02\\\/19\\\/alemania-ante-el-inaceptable-discurso-de-vance-en-munich\\\/#respond\"]}]},{\"@type\":\"WebPage\",\"@id\":\"https:\\\/\\\/kuali.com.mx\\\/web\\\/2025\\\/02\\\/19\\\/alemania-ante-el-inaceptable-discurso-de-vance-en-munich\\\/\",\"url\":\"https:\\\/\\\/kuali.com.mx\\\/web\\\/2025\\\/02\\\/19\\\/alemania-ante-el-inaceptable-discurso-de-vance-en-munich\\\/\",\"name\":\"ALEMANIA ANTE EL \u201cINACEPTABLE\u201d DISCURSO DE VANCE EN M\u00daNICH - Kuali\",\"isPartOf\":{\"@id\":\"https:\\\/\\\/kuali.com.mx\\\/web\\\/#website\"},\"primaryImageOfPage\":{\"@id\":\"https:\\\/\\\/kuali.com.mx\\\/web\\\/2025\\\/02\\\/19\\\/alemania-ante-el-inaceptable-discurso-de-vance-en-munich\\\/#primaryimage\"},\"image\":{\"@id\":\"https:\\\/\\\/kuali.com.mx\\\/web\\\/2025\\\/02\\\/19\\\/alemania-ante-el-inaceptable-discurso-de-vance-en-munich\\\/#primaryimage\"},\"thumbnailUrl\":\"https:\\\/\\\/kuali.com.mx\\\/web\\\/wp-content\\\/uploads\\\/2025\\\/02\\\/vance.jpg\",\"datePublished\":\"2025-02-19T20:12:05+00:00\",\"dateModified\":\"2025-02-20T13:48:56+00:00\",\"author\":{\"@id\":\"https:\\\/\\\/kuali.com.mx\\\/web\\\/#\\\/schema\\\/person\\\/6f89ffa8ecba9dae50662357923c5289\"},\"breadcrumb\":{\"@id\":\"https:\\\/\\\/kuali.com.mx\\\/web\\\/2025\\\/02\\\/19\\\/alemania-ante-el-inaceptable-discurso-de-vance-en-munich\\\/#breadcrumb\"},\"inLanguage\":\"es\",\"potentialAction\":[{\"@type\":\"ReadAction\",\"target\":[\"https:\\\/\\\/kuali.com.mx\\\/web\\\/2025\\\/02\\\/19\\\/alemania-ante-el-inaceptable-discurso-de-vance-en-munich\\\/\"]}]},{\"@type\":\"ImageObject\",\"inLanguage\":\"es\",\"@id\":\"https:\\\/\\\/kuali.com.mx\\\/web\\\/2025\\\/02\\\/19\\\/alemania-ante-el-inaceptable-discurso-de-vance-en-munich\\\/#primaryimage\",\"url\":\"https:\\\/\\\/kuali.com.mx\\\/web\\\/wp-content\\\/uploads\\\/2025\\\/02\\\/vance.jpg\",\"contentUrl\":\"https:\\\/\\\/kuali.com.mx\\\/web\\\/wp-content\\\/uploads\\\/2025\\\/02\\\/vance.jpg\",\"width\":1619,\"height\":750},{\"@type\":\"BreadcrumbList\",\"@id\":\"https:\\\/\\\/kuali.com.mx\\\/web\\\/2025\\\/02\\\/19\\\/alemania-ante-el-inaceptable-discurso-de-vance-en-munich\\\/#breadcrumb\",\"itemListElement\":[{\"@type\":\"ListItem\",\"position\":1,\"name\":\"Inicio\",\"item\":\"https:\\\/\\\/kuali.com.mx\\\/web\\\/\"},{\"@type\":\"ListItem\",\"position\":2,\"name\":\"ALEMANIA ANTE EL \u201cINACEPTABLE\u201d DISCURSO DE VANCE EN M\u00daNICH\"}]},{\"@type\":\"WebSite\",\"@id\":\"https:\\\/\\\/kuali.com.mx\\\/web\\\/#website\",\"url\":\"https:\\\/\\\/kuali.com.mx\\\/web\\\/\",\"name\":\"Kuali\",\"description\":\"\",\"potentialAction\":[{\"@type\":\"SearchAction\",\"target\":{\"@type\":\"EntryPoint\",\"urlTemplate\":\"https:\\\/\\\/kuali.com.mx\\\/web\\\/?s={search_term_string}\"},\"query-input\":{\"@type\":\"PropertyValueSpecification\",\"valueRequired\":true,\"valueName\":\"search_term_string\"}}],\"inLanguage\":\"es\"},{\"@type\":\"Person\",\"@id\":\"https:\\\/\\\/kuali.com.mx\\\/web\\\/#\\\/schema\\\/person\\\/6f89ffa8ecba9dae50662357923c5289\",\"name\":\"Kuali Staff\",\"image\":{\"@type\":\"ImageObject\",\"inLanguage\":\"es\",\"@id\":\"https:\\\/\\\/secure.gravatar.com\\\/avatar\\\/f917ad82e5ab71227a733c78b6e60715476f69ee6be59feee4eb5d9920c89e0f?s=96&d=mm&r=g\",\"url\":\"https:\\\/\\\/secure.gravatar.com\\\/avatar\\\/f917ad82e5ab71227a733c78b6e60715476f69ee6be59feee4eb5d9920c89e0f?s=96&d=mm&r=g\",\"contentUrl\":\"https:\\\/\\\/secure.gravatar.com\\\/avatar\\\/f917ad82e5ab71227a733c78b6e60715476f69ee6be59feee4eb5d9920c89e0f?s=96&d=mm&r=g\",\"caption\":\"Kuali Staff\"},\"url\":\"https:\\\/\\\/kuali.com.mx\\\/web\\\/author\\\/lagarto\\\/\"}]}<\/script>\n<!-- \/ Yoast SEO plugin. -->","yoast_head_json":{"title":"ALEMANIA ANTE EL \u201cINACEPTABLE\u201d DISCURSO DE VANCE EN M\u00daNICH - Kuali","robots":{"index":"index","follow":"follow","max-snippet":"max-snippet:-1","max-image-preview":"max-image-preview:large","max-video-preview":"max-video-preview:-1"},"canonical":"https:\/\/kuali.com.mx\/web\/2025\/02\/19\/alemania-ante-el-inaceptable-discurso-de-vance-en-munich\/","og_locale":"es_MX","og_type":"article","og_title":"ALEMANIA ANTE EL \u201cINACEPTABLE\u201d DISCURSO DE VANCE EN M\u00daNICH - Kuali","og_description":"ENCUENTRO CON GOROSITO\u2026 Boris Pistorius, quien es el ministro de Defensa de Alemania, ha lamentado el \u201cinaceptable\u201d discurso pronunciado por el vicepresidente de los Estados Unidos de Am\u00e9rica, JD Vance en la Conferencia de Seguridad en la ciudad de M\u00fanich. El n\u00famero dos de la Casa Blanca, en su oratoria, cuestion\u00f3 duramente la salud democr\u00e1tica [&hellip;]","og_url":"https:\/\/kuali.com.mx\/web\/2025\/02\/19\/alemania-ante-el-inaceptable-discurso-de-vance-en-munich\/","og_site_name":"Kuali","article_publisher":"https:\/\/kuali.com.mx\/web\/wp-content\/uploads\/2018\/04\/cropped-kuali_logo-1-1.png","article_published_time":"2025-02-19T20:12:05+00:00","article_modified_time":"2025-02-20T13:48:56+00:00","og_image":[{"width":1619,"height":750,"url":"https:\/\/kuali.com.mx\/web\/wp-content\/uploads\/2025\/02\/vance.jpg","type":"image\/jpeg"}],"author":"Kuali Staff","twitter_card":"summary_large_image","twitter_creator":"@kuali_noticias","twitter_site":"@kuali_noticias","twitter_misc":{"Escrito por":"Kuali Staff","Tiempo de lectura":"3 minutos"},"schema":{"@context":"https:\/\/schema.org","@graph":[{"@type":"Article","@id":"https:\/\/kuali.com.mx\/web\/2025\/02\/19\/alemania-ante-el-inaceptable-discurso-de-vance-en-munich\/#article","isPartOf":{"@id":"https:\/\/kuali.com.mx\/web\/2025\/02\/19\/alemania-ante-el-inaceptable-discurso-de-vance-en-munich\/"},"author":{"name":"Kuali Staff","@id":"https:\/\/kuali.com.mx\/web\/#\/schema\/person\/6f89ffa8ecba9dae50662357923c5289"},"headline":"ALEMANIA ANTE EL \u201cINACEPTABLE\u201d DISCURSO DE VANCE EN M\u00daNICH","datePublished":"2025-02-19T20:12:05+00:00","dateModified":"2025-02-20T13:48:56+00:00","mainEntityOfPage":{"@id":"https:\/\/kuali.com.mx\/web\/2025\/02\/19\/alemania-ante-el-inaceptable-discurso-de-vance-en-munich\/"},"wordCount":545,"commentCount":0,"image":{"@id":"https:\/\/kuali.com.mx\/web\/2025\/02\/19\/alemania-ante-el-inaceptable-discurso-de-vance-en-munich\/#primaryimage"},"thumbnailUrl":"https:\/\/kuali.com.mx\/web\/wp-content\/uploads\/2025\/02\/vance.jpg","articleSection":["Pol\u00edtica"],"inLanguage":"es","potentialAction":[{"@type":"CommentAction","name":"Comment","target":["https:\/\/kuali.com.mx\/web\/2025\/02\/19\/alemania-ante-el-inaceptable-discurso-de-vance-en-munich\/#respond"]}]},{"@type":"WebPage","@id":"https:\/\/kuali.com.mx\/web\/2025\/02\/19\/alemania-ante-el-inaceptable-discurso-de-vance-en-munich\/","url":"https:\/\/kuali.com.mx\/web\/2025\/02\/19\/alemania-ante-el-inaceptable-discurso-de-vance-en-munich\/","name":"ALEMANIA ANTE EL \u201cINACEPTABLE\u201d DISCURSO DE VANCE EN M\u00daNICH - Kuali","isPartOf":{"@id":"https:\/\/kuali.com.mx\/web\/#website"},"primaryImageOfPage":{"@id":"https:\/\/kuali.com.mx\/web\/2025\/02\/19\/alemania-ante-el-inaceptable-discurso-de-vance-en-munich\/#primaryimage"},"image":{"@id":"https:\/\/kuali.com.mx\/web\/2025\/02\/19\/alemania-ante-el-inaceptable-discurso-de-vance-en-munich\/#primaryimage"},"thumbnailUrl":"https:\/\/kuali.com.mx\/web\/wp-content\/uploads\/2025\/02\/vance.jpg","datePublished":"2025-02-19T20:12:05+00:00","dateModified":"2025-02-20T13:48:56+00:00","author":{"@id":"https:\/\/kuali.com.mx\/web\/#\/schema\/person\/6f89ffa8ecba9dae50662357923c5289"},"breadcrumb":{"@id":"https:\/\/kuali.com.mx\/web\/2025\/02\/19\/alemania-ante-el-inaceptable-discurso-de-vance-en-munich\/#breadcrumb"},"inLanguage":"es","potentialAction":[{"@type":"ReadAction","target":["https:\/\/kuali.com.mx\/web\/2025\/02\/19\/alemania-ante-el-inaceptable-discurso-de-vance-en-munich\/"]}]},{"@type":"ImageObject","inLanguage":"es","@id":"https:\/\/kuali.com.mx\/web\/2025\/02\/19\/alemania-ante-el-inaceptable-discurso-de-vance-en-munich\/#primaryimage","url":"https:\/\/kuali.com.mx\/web\/wp-content\/uploads\/2025\/02\/vance.jpg","contentUrl":"https:\/\/kuali.com.mx\/web\/wp-content\/uploads\/2025\/02\/vance.jpg","width":1619,"height":750},{"@type":"BreadcrumbList","@id":"https:\/\/kuali.com.mx\/web\/2025\/02\/19\/alemania-ante-el-inaceptable-discurso-de-vance-en-munich\/#breadcrumb","itemListElement":[{"@type":"ListItem","position":1,"name":"Inicio","item":"https:\/\/kuali.com.mx\/web\/"},{"@type":"ListItem","position":2,"name":"ALEMANIA ANTE EL \u201cINACEPTABLE\u201d DISCURSO DE VANCE EN M\u00daNICH"}]},{"@type":"WebSite","@id":"https:\/\/kuali.com.mx\/web\/#website","url":"https:\/\/kuali.com.mx\/web\/","name":"Kuali","description":"","potentialAction":[{"@type":"SearchAction","target":{"@type":"EntryPoint","urlTemplate":"https:\/\/kuali.com.mx\/web\/?s={search_term_string}"},"query-input":{"@type":"PropertyValueSpecification","valueRequired":true,"valueName":"search_term_string"}}],"inLanguage":"es"},{"@type":"Person","@id":"https:\/\/kuali.com.mx\/web\/#\/schema\/person\/6f89ffa8ecba9dae50662357923c5289","name":"Kuali Staff","image":{"@type":"ImageObject","inLanguage":"es","@id":"https:\/\/secure.gravatar.com\/avatar\/f917ad82e5ab71227a733c78b6e60715476f69ee6be59feee4eb5d9920c89e0f?s=96&d=mm&r=g","url":"https:\/\/secure.gravatar.com\/avatar\/f917ad82e5ab71227a733c78b6e60715476f69ee6be59feee4eb5d9920c89e0f?s=96&d=mm&r=g","contentUrl":"https:\/\/secure.gravatar.com\/avatar\/f917ad82e5ab71227a733c78b6e60715476f69ee6be59feee4eb5d9920c89e0f?s=96&d=mm&r=g","caption":"Kuali Staff"},"url":"https:\/\/kuali.com.mx\/web\/author\/lagarto\/"}]}},"_links":{"self":[{"href":"https:\/\/kuali.com.mx\/web\/wp-json\/wp\/v2\/posts\/168994","targetHints":{"allow":["GET"]}}],"collection":[{"href":"https:\/\/kuali.com.mx\/web\/wp-json\/wp\/v2\/posts"}],"about":[{"href":"https:\/\/kuali.com.mx\/web\/wp-json\/wp\/v2\/types\/post"}],"author":[{"embeddable":true,"href":"https:\/\/kuali.com.mx\/web\/wp-json\/wp\/v2\/users\/2"}],"replies":[{"embeddable":true,"href":"https:\/\/kuali.com.mx\/web\/wp-json\/wp\/v2\/comments?post=168994"}],"version-history":[{"count":1,"href":"https:\/\/kuali.com.mx\/web\/wp-json\/wp\/v2\/posts\/168994\/revisions"}],"predecessor-version":[{"id":168997,"href":"https:\/\/kuali.com.mx\/web\/wp-json\/wp\/v2\/posts\/168994\/revisions\/168997"}],"wp:featuredmedia":[{"embeddable":true,"href":"https:\/\/kuali.com.mx\/web\/wp-json\/wp\/v2\/media\/168996"}],"wp:attachment":[{"href":"https:\/\/kuali.com.mx\/web\/wp-json\/wp\/v2\/media?parent=168994"}],"wp:term":[{"taxonomy":"category","embeddable":true,"href":"https:\/\/kuali.com.mx\/web\/wp-json\/wp\/v2\/categories?post=168994"},{"taxonomy":"post_tag","embeddable":true,"href":"https:\/\/kuali.com.mx\/web\/wp-json\/wp\/v2\/tags?post=168994"}],"curies":[{"name":"wp","href":"https:\/\/api.w.org\/{rel}","templated":true}]}}