{"id":168870,"date":"2025-02-18T13:24:43","date_gmt":"2025-02-18T19:24:43","guid":{"rendered":"https:\/\/kuali.com.mx\/web\/?p=168870"},"modified":"2025-02-18T21:57:46","modified_gmt":"2025-02-19T03:57:46","slug":"inicia-libia-recorrido-por-el-estado","status":"publish","type":"post","link":"https:\/\/kuali.com.mx\/web\/2025\/02\/18\/inicia-libia-recorrido-por-el-estado\/","title":{"rendered":"INICIA LIBIA RECORRIDO POR EL ESTADO"},"content":{"rendered":"\n<p><strong>Alicia Arias\/Silao, Gto.- <\/strong>La Gobernadora del Estado de Guanajuato, Libia Dennise Garc\u00eda&nbsp; Mu\u00f1oz Ledo, puso marcha el programa Caravana CONMIGOBERNADORA, mediante el cual recorrer\u00e1 los 46 municipios del estado.<\/p>\n\n\n\n<p>En su visita a cada municipio la gobernadora encabezar\u00e1 jornadas en las que la gente podr\u00e1 realizar m\u00e1s de 60 tr\u00e1mites y gestionar servicios.<\/p>\n\n\n\n<p>La caravana comenz\u00f3 este martes en la ciudad de Silao, donde dijo: \u201cEstoy aqu\u00ed para escucharlos, atenderlos y resolver; para hacer eco de lo que queremos en este gobierno. Menos ventanilla y m\u00e1s cercan\u00eda\u201d.<\/p>\n\n\n\n<p>En esas jornadas se pueden gestionar tr\u00e1mites para licencia de manejo, actas del registro civil, ofertas educativas y de capacitaci\u00f3n, informaci\u00f3n de apoyos y financiamientos, asesor\u00eda jur\u00eddica sobre infantes y adolescentes, informaci\u00f3n y servicios para el contribuyente, orientaci\u00f3n alimentaria y de huertos caseros, apoyos para el campo, as\u00ed como productos y artesan\u00edas Marca GTO, entre otros.<\/p>\n\n\n\n<p>\u201cLo que queremos es estar ah\u00ed, trabajar de la mano. Seremos un gobierno atento a lo que necesiten\u201d, asegur\u00f3 Libia Garc\u00eda.<\/p>\n\n\n<div class=\"wp-block-image\">\n<figure class=\"aligncenter size-large\"><img loading=\"lazy\" decoding=\"async\" width=\"1024\" height=\"683\" src=\"https:\/\/kuali.com.mx\/web\/wp-content\/uploads\/2025\/02\/Inauguracion-calle-Silao-1024x683.gif\" alt=\"\" class=\"wp-image-168879\" srcset=\"https:\/\/kuali.com.mx\/web\/wp-content\/uploads\/2025\/02\/Inauguracion-calle-Silao-1024x683.gif 1024w, https:\/\/kuali.com.mx\/web\/wp-content\/uploads\/2025\/02\/Inauguracion-calle-Silao-300x200.gif 300w, https:\/\/kuali.com.mx\/web\/wp-content\/uploads\/2025\/02\/Inauguracion-calle-Silao-768x512.gif 768w, https:\/\/kuali.com.mx\/web\/wp-content\/uploads\/2025\/02\/Inauguracion-calle-Silao-1536x1024.gif 1536w, https:\/\/kuali.com.mx\/web\/wp-content\/uploads\/2025\/02\/Inauguracion-calle-Silao-174x116.gif 174w\" sizes=\"auto, (max-width: 1024px) 100vw, 1024px\" \/><figcaption class=\"wp-element-caption\">La gobernadora Libia Garc\u00eda comenz\u00f3 este martes su recorrido por los 46 municipios del estado de Guanajuato. FOTO: CORTES\u00cdA<\/figcaption><\/figure>\n<\/div>\n\n\n<p>Como parte de su gira de trabajo en Silao, la gobernadora tambi\u00e9n entreg\u00f3 la pavimentaci\u00f3n de la calle Santos Degollado que abarc\u00f3 el tramo entre las calles 5 de mayo y Arenal. La obra es parte del programa \u201cEmbelleciendo Mi Colonia\u201d y tambi\u00e9n se instalaron 50 descargas sanitarias. La inversi\u00f3n fue de 4.1 millones de pesos.<\/p>\n\n\n\n<p>Tambi\u00e9n entreg\u00f3 la calle principal de la comunidad rural El Cerrito, donde se rehabilit\u00f3 la red de drenaje sanitario y agua potable con una inversi\u00f3n total de 8.5 millones de pesos, con recursos estatales y municipales.<\/p>\n\n\n\n<p>Acompa\u00f1ada de la alcaldesa de Silao, Janet Melanie Murillo Ch\u00e1vez; y de la secretaria del Nuevo Comienzo, Rosario Corona Amador; anunci\u00f3 la instalaci\u00f3n de un techo para el patio de la Escuela Primaria \u201cJos\u00e9 Rivas Narv\u00e1ez\u201d de esa comunidad.<\/p>\n\n\n\n<p>Posteriormente, la mandataria visit\u00f3 el Mercado Victoria, donde entreg\u00f3 55 apoyos del programa \u2018Mi Tienda al 100\u2019, con una inversi\u00f3n de m\u00e1s de 400 mil pesos en mesas, cortadoras de madera, triciclos, escaleras, equipamiento de cocina, sillas, c\u00f3males y tanques de gas, entre otros, que fueron entregados a locatarios de seis uniones de comerciantes para modernizar sus negocios y fortalecer su econom\u00eda.<\/p>\n\n\n\n<p>El Mercado Victoria, tambi\u00e9n estren\u00f3 un nuevo sistema de electrificaci\u00f3n luego de 35 a\u00f1os sin mantenimiento. El Estado invirti\u00f3 m\u00e1s de 4 millones y el Municipio 2.7 millones de pesos para la renovaci\u00f3n de la red el\u00e9ctrica con cableado y luminarias LED.<\/p>\n","protected":false},"excerpt":{"rendered":"Alicia Arias\/Silao, Gto.- La Gobernadora del Estado de Guanajuato, Libia Dennise Garc\u00eda&nbsp; Mu\u00f1oz Ledo, puso marcha el programa Caravana CONMIGOBERNADORA, mediante el cual recorrer\u00e1 los 46 municipios del estado. En su visita a cada municipio la gobernadora encabezar\u00e1 jornadas en las que la gente podr\u00e1 realizar m\u00e1s de 60 tr\u00e1mites y gestionar servicios. La caravana [&hellip;]","protected":false},"author":2,"featured_media":168880,"comment_status":"open","ping_status":"open","sticky":false,"template":"","format":"standard","meta":{"_seopress_robots_primary_cat":"none","_seopress_titles_title":"","_seopress_titles_desc":"","_seopress_robots_index":"","_monsterinsights_skip_tracking":false,"_monsterinsights_sitenote_active":false,"_monsterinsights_sitenote_note":"","_monsterinsights_sitenote_category":0,"footnotes":""},"categories":[3],"tags":[4942,9,3350,12],"class_list":["post-168870","post","type-post","status-publish","format-standard","has-post-thumbnail","hentry","category-politica","tag-caravana-conmigobernadora","tag-guanajuato","tag-libia-dennise-garcia-munoz-ledo","tag-silao"],"yoast_head":"<!-- This site is optimized with the Yoast SEO plugin v27.4 - https:\/\/yoast.com\/product\/yoast-seo-wordpress\/ -->\n<title>INICIA LIBIA RECORRIDO POR EL ESTADO - Kuali<\/title>\n<meta name=\"robots\" content=\"index, follow, max-snippet:-1, max-image-preview:large, max-video-preview:-1\" \/>\n<link rel=\"canonical\" href=\"https:\/\/kuali.com.mx\/web\/2025\/02\/18\/inicia-libia-recorrido-por-el-estado\/\" \/>\n<meta property=\"og:locale\" content=\"es_MX\" \/>\n<meta property=\"og:type\" content=\"article\" \/>\n<meta property=\"og:title\" content=\"INICIA LIBIA RECORRIDO POR EL ESTADO - Kuali\" \/>\n<meta property=\"og:description\" content=\"Alicia Arias\/Silao, Gto.- La Gobernadora del Estado de Guanajuato, Libia Dennise Garc\u00eda&nbsp; Mu\u00f1oz Ledo, puso marcha el programa Caravana CONMIGOBERNADORA, mediante el cual recorrer\u00e1 los 46 municipios del estado. En su visita a cada municipio la gobernadora encabezar\u00e1 jornadas en las que la gente podr\u00e1 realizar m\u00e1s de 60 tr\u00e1mites y gestionar servicios. La caravana [&hellip;]\" \/>\n<meta property=\"og:url\" content=\"https:\/\/kuali.com.mx\/web\/2025\/02\/18\/inicia-libia-recorrido-por-el-estado\/\" \/>\n<meta property=\"og:site_name\" content=\"Kuali\" \/>\n<meta property=\"article:publisher\" content=\"https:\/\/kuali.com.mx\/web\/wp-content\/uploads\/2018\/04\/cropped-kuali_logo-1-1.png\" \/>\n<meta property=\"article:published_time\" content=\"2025-02-18T19:24:43+00:00\" \/>\n<meta property=\"article:modified_time\" content=\"2025-02-19T03:57:46+00:00\" \/>\n<meta property=\"og:image\" content=\"https:\/\/kuali.com.mx\/web\/wp-content\/uploads\/2025\/02\/Libia-Silao.gif\" \/>\n\t<meta property=\"og:image:width\" content=\"1700\" \/>\n\t<meta property=\"og:image:height\" content=\"750\" \/>\n\t<meta property=\"og:image:type\" content=\"image\/gif\" \/>\n<meta name=\"author\" content=\"Kuali Staff\" \/>\n<meta name=\"twitter:card\" content=\"summary_large_image\" \/>\n<meta name=\"twitter:creator\" content=\"@kuali_noticias\" \/>\n<meta name=\"twitter:site\" content=\"@kuali_noticias\" \/>\n<meta name=\"twitter:label1\" content=\"Escrito por\" \/>\n\t<meta name=\"twitter:data1\" content=\"Kuali Staff\" \/>\n\t<meta name=\"twitter:label2\" content=\"Tiempo de lectura\" \/>\n\t<meta name=\"twitter:data2\" content=\"2 minutos\" \/>\n<script type=\"application\/ld+json\" class=\"yoast-schema-graph\">{\"@context\":\"https:\\\/\\\/schema.org\",\"@graph\":[{\"@type\":\"Article\",\"@id\":\"https:\\\/\\\/kuali.com.mx\\\/web\\\/2025\\\/02\\\/18\\\/inicia-libia-recorrido-por-el-estado\\\/#article\",\"isPartOf\":{\"@id\":\"https:\\\/\\\/kuali.com.mx\\\/web\\\/2025\\\/02\\\/18\\\/inicia-libia-recorrido-por-el-estado\\\/\"},\"author\":{\"name\":\"Kuali Staff\",\"@id\":\"https:\\\/\\\/kuali.com.mx\\\/web\\\/#\\\/schema\\\/person\\\/6f89ffa8ecba9dae50662357923c5289\"},\"headline\":\"INICIA LIBIA RECORRIDO POR EL ESTADO\",\"datePublished\":\"2025-02-18T19:24:43+00:00\",\"dateModified\":\"2025-02-19T03:57:46+00:00\",\"mainEntityOfPage\":{\"@id\":\"https:\\\/\\\/kuali.com.mx\\\/web\\\/2025\\\/02\\\/18\\\/inicia-libia-recorrido-por-el-estado\\\/\"},\"wordCount\":451,\"commentCount\":0,\"image\":{\"@id\":\"https:\\\/\\\/kuali.com.mx\\\/web\\\/2025\\\/02\\\/18\\\/inicia-libia-recorrido-por-el-estado\\\/#primaryimage\"},\"thumbnailUrl\":\"https:\\\/\\\/kuali.com.mx\\\/web\\\/wp-content\\\/uploads\\\/2025\\\/02\\\/Libia-Silao.gif\",\"keywords\":[\"Caravana conmigobernadora\",\"Guanajuato\",\"Libia Dennise Garc\u00eda Mu\u00f1oz Ledo\",\"Silao\"],\"articleSection\":[\"Pol\u00edtica\"],\"inLanguage\":\"es\",\"potentialAction\":[{\"@type\":\"CommentAction\",\"name\":\"Comment\",\"target\":[\"https:\\\/\\\/kuali.com.mx\\\/web\\\/2025\\\/02\\\/18\\\/inicia-libia-recorrido-por-el-estado\\\/#respond\"]}]},{\"@type\":\"WebPage\",\"@id\":\"https:\\\/\\\/kuali.com.mx\\\/web\\\/2025\\\/02\\\/18\\\/inicia-libia-recorrido-por-el-estado\\\/\",\"url\":\"https:\\\/\\\/kuali.com.mx\\\/web\\\/2025\\\/02\\\/18\\\/inicia-libia-recorrido-por-el-estado\\\/\",\"name\":\"INICIA LIBIA RECORRIDO POR EL ESTADO - Kuali\",\"isPartOf\":{\"@id\":\"https:\\\/\\\/kuali.com.mx\\\/web\\\/#website\"},\"primaryImageOfPage\":{\"@id\":\"https:\\\/\\\/kuali.com.mx\\\/web\\\/2025\\\/02\\\/18\\\/inicia-libia-recorrido-por-el-estado\\\/#primaryimage\"},\"image\":{\"@id\":\"https:\\\/\\\/kuali.com.mx\\\/web\\\/2025\\\/02\\\/18\\\/inicia-libia-recorrido-por-el-estado\\\/#primaryimage\"},\"thumbnailUrl\":\"https:\\\/\\\/kuali.com.mx\\\/web\\\/wp-content\\\/uploads\\\/2025\\\/02\\\/Libia-Silao.gif\",\"datePublished\":\"2025-02-18T19:24:43+00:00\",\"dateModified\":\"2025-02-19T03:57:46+00:00\",\"author\":{\"@id\":\"https:\\\/\\\/kuali.com.mx\\\/web\\\/#\\\/schema\\\/person\\\/6f89ffa8ecba9dae50662357923c5289\"},\"breadcrumb\":{\"@id\":\"https:\\\/\\\/kuali.com.mx\\\/web\\\/2025\\\/02\\\/18\\\/inicia-libia-recorrido-por-el-estado\\\/#breadcrumb\"},\"inLanguage\":\"es\",\"potentialAction\":[{\"@type\":\"ReadAction\",\"target\":[\"https:\\\/\\\/kuali.com.mx\\\/web\\\/2025\\\/02\\\/18\\\/inicia-libia-recorrido-por-el-estado\\\/\"]}]},{\"@type\":\"ImageObject\",\"inLanguage\":\"es\",\"@id\":\"https:\\\/\\\/kuali.com.mx\\\/web\\\/2025\\\/02\\\/18\\\/inicia-libia-recorrido-por-el-estado\\\/#primaryimage\",\"url\":\"https:\\\/\\\/kuali.com.mx\\\/web\\\/wp-content\\\/uploads\\\/2025\\\/02\\\/Libia-Silao.gif\",\"contentUrl\":\"https:\\\/\\\/kuali.com.mx\\\/web\\\/wp-content\\\/uploads\\\/2025\\\/02\\\/Libia-Silao.gif\",\"width\":1700,\"height\":750},{\"@type\":\"BreadcrumbList\",\"@id\":\"https:\\\/\\\/kuali.com.mx\\\/web\\\/2025\\\/02\\\/18\\\/inicia-libia-recorrido-por-el-estado\\\/#breadcrumb\",\"itemListElement\":[{\"@type\":\"ListItem\",\"position\":1,\"name\":\"Inicio\",\"item\":\"https:\\\/\\\/kuali.com.mx\\\/web\\\/\"},{\"@type\":\"ListItem\",\"position\":2,\"name\":\"INICIA LIBIA RECORRIDO POR EL ESTADO\"}]},{\"@type\":\"WebSite\",\"@id\":\"https:\\\/\\\/kuali.com.mx\\\/web\\\/#website\",\"url\":\"https:\\\/\\\/kuali.com.mx\\\/web\\\/\",\"name\":\"Kuali\",\"description\":\"\",\"potentialAction\":[{\"@type\":\"SearchAction\",\"target\":{\"@type\":\"EntryPoint\",\"urlTemplate\":\"https:\\\/\\\/kuali.com.mx\\\/web\\\/?s={search_term_string}\"},\"query-input\":{\"@type\":\"PropertyValueSpecification\",\"valueRequired\":true,\"valueName\":\"search_term_string\"}}],\"inLanguage\":\"es\"},{\"@type\":\"Person\",\"@id\":\"https:\\\/\\\/kuali.com.mx\\\/web\\\/#\\\/schema\\\/person\\\/6f89ffa8ecba9dae50662357923c5289\",\"name\":\"Kuali Staff\",\"image\":{\"@type\":\"ImageObject\",\"inLanguage\":\"es\",\"@id\":\"https:\\\/\\\/secure.gravatar.com\\\/avatar\\\/f917ad82e5ab71227a733c78b6e60715476f69ee6be59feee4eb5d9920c89e0f?s=96&d=mm&r=g\",\"url\":\"https:\\\/\\\/secure.gravatar.com\\\/avatar\\\/f917ad82e5ab71227a733c78b6e60715476f69ee6be59feee4eb5d9920c89e0f?s=96&d=mm&r=g\",\"contentUrl\":\"https:\\\/\\\/secure.gravatar.com\\\/avatar\\\/f917ad82e5ab71227a733c78b6e60715476f69ee6be59feee4eb5d9920c89e0f?s=96&d=mm&r=g\",\"caption\":\"Kuali Staff\"},\"url\":\"https:\\\/\\\/kuali.com.mx\\\/web\\\/author\\\/lagarto\\\/\"}]}<\/script>\n<!-- \/ Yoast SEO plugin. -->","yoast_head_json":{"title":"INICIA LIBIA RECORRIDO POR EL ESTADO - Kuali","robots":{"index":"index","follow":"follow","max-snippet":"max-snippet:-1","max-image-preview":"max-image-preview:large","max-video-preview":"max-video-preview:-1"},"canonical":"https:\/\/kuali.com.mx\/web\/2025\/02\/18\/inicia-libia-recorrido-por-el-estado\/","og_locale":"es_MX","og_type":"article","og_title":"INICIA LIBIA RECORRIDO POR EL ESTADO - Kuali","og_description":"Alicia Arias\/Silao, Gto.- La Gobernadora del Estado de Guanajuato, Libia Dennise Garc\u00eda&nbsp; Mu\u00f1oz Ledo, puso marcha el programa Caravana CONMIGOBERNADORA, mediante el cual recorrer\u00e1 los 46 municipios del estado. En su visita a cada municipio la gobernadora encabezar\u00e1 jornadas en las que la gente podr\u00e1 realizar m\u00e1s de 60 tr\u00e1mites y gestionar servicios. La caravana [&hellip;]","og_url":"https:\/\/kuali.com.mx\/web\/2025\/02\/18\/inicia-libia-recorrido-por-el-estado\/","og_site_name":"Kuali","article_publisher":"https:\/\/kuali.com.mx\/web\/wp-content\/uploads\/2018\/04\/cropped-kuali_logo-1-1.png","article_published_time":"2025-02-18T19:24:43+00:00","article_modified_time":"2025-02-19T03:57:46+00:00","og_image":[{"width":1700,"height":750,"url":"https:\/\/kuali.com.mx\/web\/wp-content\/uploads\/2025\/02\/Libia-Silao.gif","type":"image\/gif"}],"author":"Kuali Staff","twitter_card":"summary_large_image","twitter_creator":"@kuali_noticias","twitter_site":"@kuali_noticias","twitter_misc":{"Escrito por":"Kuali Staff","Tiempo de lectura":"2 minutos"},"schema":{"@context":"https:\/\/schema.org","@graph":[{"@type":"Article","@id":"https:\/\/kuali.com.mx\/web\/2025\/02\/18\/inicia-libia-recorrido-por-el-estado\/#article","isPartOf":{"@id":"https:\/\/kuali.com.mx\/web\/2025\/02\/18\/inicia-libia-recorrido-por-el-estado\/"},"author":{"name":"Kuali Staff","@id":"https:\/\/kuali.com.mx\/web\/#\/schema\/person\/6f89ffa8ecba9dae50662357923c5289"},"headline":"INICIA LIBIA RECORRIDO POR EL ESTADO","datePublished":"2025-02-18T19:24:43+00:00","dateModified":"2025-02-19T03:57:46+00:00","mainEntityOfPage":{"@id":"https:\/\/kuali.com.mx\/web\/2025\/02\/18\/inicia-libia-recorrido-por-el-estado\/"},"wordCount":451,"commentCount":0,"image":{"@id":"https:\/\/kuali.com.mx\/web\/2025\/02\/18\/inicia-libia-recorrido-por-el-estado\/#primaryimage"},"thumbnailUrl":"https:\/\/kuali.com.mx\/web\/wp-content\/uploads\/2025\/02\/Libia-Silao.gif","keywords":["Caravana conmigobernadora","Guanajuato","Libia Dennise Garc\u00eda Mu\u00f1oz Ledo","Silao"],"articleSection":["Pol\u00edtica"],"inLanguage":"es","potentialAction":[{"@type":"CommentAction","name":"Comment","target":["https:\/\/kuali.com.mx\/web\/2025\/02\/18\/inicia-libia-recorrido-por-el-estado\/#respond"]}]},{"@type":"WebPage","@id":"https:\/\/kuali.com.mx\/web\/2025\/02\/18\/inicia-libia-recorrido-por-el-estado\/","url":"https:\/\/kuali.com.mx\/web\/2025\/02\/18\/inicia-libia-recorrido-por-el-estado\/","name":"INICIA LIBIA RECORRIDO POR EL ESTADO - Kuali","isPartOf":{"@id":"https:\/\/kuali.com.mx\/web\/#website"},"primaryImageOfPage":{"@id":"https:\/\/kuali.com.mx\/web\/2025\/02\/18\/inicia-libia-recorrido-por-el-estado\/#primaryimage"},"image":{"@id":"https:\/\/kuali.com.mx\/web\/2025\/02\/18\/inicia-libia-recorrido-por-el-estado\/#primaryimage"},"thumbnailUrl":"https:\/\/kuali.com.mx\/web\/wp-content\/uploads\/2025\/02\/Libia-Silao.gif","datePublished":"2025-02-18T19:24:43+00:00","dateModified":"2025-02-19T03:57:46+00:00","author":{"@id":"https:\/\/kuali.com.mx\/web\/#\/schema\/person\/6f89ffa8ecba9dae50662357923c5289"},"breadcrumb":{"@id":"https:\/\/kuali.com.mx\/web\/2025\/02\/18\/inicia-libia-recorrido-por-el-estado\/#breadcrumb"},"inLanguage":"es","potentialAction":[{"@type":"ReadAction","target":["https:\/\/kuali.com.mx\/web\/2025\/02\/18\/inicia-libia-recorrido-por-el-estado\/"]}]},{"@type":"ImageObject","inLanguage":"es","@id":"https:\/\/kuali.com.mx\/web\/2025\/02\/18\/inicia-libia-recorrido-por-el-estado\/#primaryimage","url":"https:\/\/kuali.com.mx\/web\/wp-content\/uploads\/2025\/02\/Libia-Silao.gif","contentUrl":"https:\/\/kuali.com.mx\/web\/wp-content\/uploads\/2025\/02\/Libia-Silao.gif","width":1700,"height":750},{"@type":"BreadcrumbList","@id":"https:\/\/kuali.com.mx\/web\/2025\/02\/18\/inicia-libia-recorrido-por-el-estado\/#breadcrumb","itemListElement":[{"@type":"ListItem","position":1,"name":"Inicio","item":"https:\/\/kuali.com.mx\/web\/"},{"@type":"ListItem","position":2,"name":"INICIA LIBIA RECORRIDO POR EL ESTADO"}]},{"@type":"WebSite","@id":"https:\/\/kuali.com.mx\/web\/#website","url":"https:\/\/kuali.com.mx\/web\/","name":"Kuali","description":"","potentialAction":[{"@type":"SearchAction","target":{"@type":"EntryPoint","urlTemplate":"https:\/\/kuali.com.mx\/web\/?s={search_term_string}"},"query-input":{"@type":"PropertyValueSpecification","valueRequired":true,"valueName":"search_term_string"}}],"inLanguage":"es"},{"@type":"Person","@id":"https:\/\/kuali.com.mx\/web\/#\/schema\/person\/6f89ffa8ecba9dae50662357923c5289","name":"Kuali Staff","image":{"@type":"ImageObject","inLanguage":"es","@id":"https:\/\/secure.gravatar.com\/avatar\/f917ad82e5ab71227a733c78b6e60715476f69ee6be59feee4eb5d9920c89e0f?s=96&d=mm&r=g","url":"https:\/\/secure.gravatar.com\/avatar\/f917ad82e5ab71227a733c78b6e60715476f69ee6be59feee4eb5d9920c89e0f?s=96&d=mm&r=g","contentUrl":"https:\/\/secure.gravatar.com\/avatar\/f917ad82e5ab71227a733c78b6e60715476f69ee6be59feee4eb5d9920c89e0f?s=96&d=mm&r=g","caption":"Kuali Staff"},"url":"https:\/\/kuali.com.mx\/web\/author\/lagarto\/"}]}},"_links":{"self":[{"href":"https:\/\/kuali.com.mx\/web\/wp-json\/wp\/v2\/posts\/168870","targetHints":{"allow":["GET"]}}],"collection":[{"href":"https:\/\/kuali.com.mx\/web\/wp-json\/wp\/v2\/posts"}],"about":[{"href":"https:\/\/kuali.com.mx\/web\/wp-json\/wp\/v2\/types\/post"}],"author":[{"embeddable":true,"href":"https:\/\/kuali.com.mx\/web\/wp-json\/wp\/v2\/users\/2"}],"replies":[{"embeddable":true,"href":"https:\/\/kuali.com.mx\/web\/wp-json\/wp\/v2\/comments?post=168870"}],"version-history":[{"count":1,"href":"https:\/\/kuali.com.mx\/web\/wp-json\/wp\/v2\/posts\/168870\/revisions"}],"predecessor-version":[{"id":168881,"href":"https:\/\/kuali.com.mx\/web\/wp-json\/wp\/v2\/posts\/168870\/revisions\/168881"}],"wp:featuredmedia":[{"embeddable":true,"href":"https:\/\/kuali.com.mx\/web\/wp-json\/wp\/v2\/media\/168880"}],"wp:attachment":[{"href":"https:\/\/kuali.com.mx\/web\/wp-json\/wp\/v2\/media?parent=168870"}],"wp:term":[{"taxonomy":"category","embeddable":true,"href":"https:\/\/kuali.com.mx\/web\/wp-json\/wp\/v2\/categories?post=168870"},{"taxonomy":"post_tag","embeddable":true,"href":"https:\/\/kuali.com.mx\/web\/wp-json\/wp\/v2\/tags?post=168870"}],"curies":[{"name":"wp","href":"https:\/\/api.w.org\/{rel}","templated":true}]}}