{"id":168494,"date":"2025-02-13T11:46:52","date_gmt":"2025-02-13T17:46:52","guid":{"rendered":"https:\/\/kuali.com.mx\/web\/?p=168494"},"modified":"2025-02-13T21:42:02","modified_gmt":"2025-02-14T03:42:02","slug":"informan-a-indigenas-y-afromexicanos-sobre-reforma-constitucional","status":"publish","type":"post","link":"https:\/\/kuali.com.mx\/web\/2025\/02\/13\/informan-a-indigenas-y-afromexicanos-sobre-reforma-constitucional\/","title":{"rendered":"INFORMAN A IND\u00cdGENAS Y AFROMEXICANOS SOBRE REFORMA CONSTITUCIONAL"},"content":{"rendered":"\n<p><strong>Kuali\/Tierra Blanca, Gto.- <\/strong>Este jueves, el congreso local concluy\u00f3 la etapa informativa a integrantes de 40 comunidades ind\u00edgenas y afromexicanas del estado de Guanajuato sobre dos iniciativas para reformar la constituci\u00f3n estatal para ampliar sus derechos.<\/p>\n\n\n\n<p>El Congreso del Estado de Guanajuato inform\u00f3 que este d\u00eda terminaron los trabajos de la fase informativa del proceso de consulta, relativo a dos&nbsp; iniciativas para reformar la Constituci\u00f3n Pol\u00edtica&nbsp; para el Estado de Guanajuato en materia de ampliaci\u00f3n, reconocimiento y protecci\u00f3n de sus derechos, las cuales fueron presentadas dentro de la Comisi\u00f3n de Gobernaci\u00f3n y Puntos Constitucionales en la presente legislatura y que tambi\u00e9n forman parte de una armonizaci\u00f3n de reforma a las leyes federales.<\/p>\n\n\n\n<p>En esta primera fase de di\u00e1logo interno el objetivo fue difundir el contenido de las iniciativas y para ello se realizaron tres reuniones en los municipios de San Miguel de Allende, San Luis de la Paz y Tierra Blanca, en las asistieron representantes de m\u00e1s de 40 comunidades.<\/p>\n\n\n\n<p>De manera remota, habl\u00f3 el diputado Juan Carlos Romero Hicks, quien dijo que las propuestas tienen cinco ejes estrat\u00e9gicos: planeaci\u00f3n, libertad, armonizaci\u00f3n, culturalmente incluyente y buena fe. Adem\u00e1s, subray\u00f3 que el proceso busca que exista libertad de cr\u00edtica y propuesta de estos sectores.<\/p>\n\n\n\n<p>En su intervenci\u00f3n, el congresista Roberto Carlos Ter\u00e1n expres\u00f3 que la iniciativa es fundamental para garantizar los derechos colectivos y territoriales, y que es esencial para proteger su autonom\u00eda y autodeterminaci\u00f3n. Agreg\u00f3 que las acciones realizadas simbolizan un acto de justicia y reconocimiento de diversidad cultural.<\/p>\n\n\n\n<p>La diputada Pl\u00e1sida Calzada Vel\u00e1zquez destac\u00f3 que la finalidad es homologar leyes federales y estatales por ser una coordinaci\u00f3n para reforzar los trabajos en este proceso de di\u00e1logo y an\u00e1lisis para que sean los propios ciudadanos quienes puedan apoyar a sustentar los cambios en la normativa y as\u00ed dar cumplimiento con el mandato legal al ejercerse el derecho a ser consultados.<\/p>\n\n\n\n<p>La siguiente etapa del proceso ser\u00e1 una consulta regional que se realizar\u00e1 el 26 de febrero en el Complejo Escuela Modelo en el municipio de San Luis de la Paz.<\/p>\n\n\n\n<p>A la reuni\u00f3n acudieron la diputada Pl\u00e1sida Calzada Vel\u00e1zquez, junto a los diputados Juan Carlos Romero Hicks y Roberto Carlos Ter\u00e1n Ramos; as\u00ed como representantes de diversas personas de pueblos y comunidades ind\u00edgenas y afromexicanas; personal de la Procuradur\u00eda de Derechos Humanos del Estado de Guanajuato, de la Secretar\u00eda de Derechos Humanos y del Instituto Nacional de Pueblos ind\u00edgenas.<\/p>\n","protected":false},"excerpt":{"rendered":"Kuali\/Tierra Blanca, Gto.- Este jueves, el congreso local concluy\u00f3 la etapa informativa a integrantes de 40 comunidades ind\u00edgenas y afromexicanas del estado de Guanajuato sobre dos iniciativas para reformar la constituci\u00f3n estatal para ampliar sus derechos. El Congreso del Estado de Guanajuato inform\u00f3 que este d\u00eda terminaron los trabajos de la fase informativa del proceso [&hellip;]","protected":false},"author":2,"featured_media":168497,"comment_status":"open","ping_status":"open","sticky":false,"template":"","format":"standard","meta":{"_seopress_robots_primary_cat":"none","_seopress_titles_title":"","_seopress_titles_desc":"","_seopress_robots_index":"","_monsterinsights_skip_tracking":false,"_monsterinsights_sitenote_active":false,"_monsterinsights_sitenote_note":"","_monsterinsights_sitenote_category":0,"footnotes":""},"categories":[14],"tags":[2283,4374,4931,86,4932],"class_list":["post-168494","post","type-post","status-publish","format-standard","has-post-thumbnail","hentry","category-derechos","tag-afromexicanos","tag-congrreso-del-estado-de-guanajuato","tag-derechos","tag-indigenas","tag-reformas-constitucionales"],"yoast_head":"<!-- This site is optimized with the Yoast SEO plugin v27.4 - https:\/\/yoast.com\/product\/yoast-seo-wordpress\/ -->\n<title>INFORMAN A IND\u00cdGENAS Y AFROMEXICANOS SOBRE REFORMA CONSTITUCIONAL - Kuali<\/title>\n<meta name=\"robots\" content=\"index, follow, max-snippet:-1, max-image-preview:large, max-video-preview:-1\" \/>\n<link rel=\"canonical\" href=\"https:\/\/kuali.com.mx\/web\/2025\/02\/13\/informan-a-indigenas-y-afromexicanos-sobre-reforma-constitucional\/\" \/>\n<meta property=\"og:locale\" content=\"es_MX\" \/>\n<meta property=\"og:type\" content=\"article\" \/>\n<meta property=\"og:title\" content=\"INFORMAN A IND\u00cdGENAS Y AFROMEXICANOS SOBRE REFORMA CONSTITUCIONAL - Kuali\" \/>\n<meta property=\"og:description\" content=\"Kuali\/Tierra Blanca, Gto.- Este jueves, el congreso local concluy\u00f3 la etapa informativa a integrantes de 40 comunidades ind\u00edgenas y afromexicanas del estado de Guanajuato sobre dos iniciativas para reformar la constituci\u00f3n estatal para ampliar sus derechos. El Congreso del Estado de Guanajuato inform\u00f3 que este d\u00eda terminaron los trabajos de la fase informativa del proceso [&hellip;]\" \/>\n<meta property=\"og:url\" content=\"https:\/\/kuali.com.mx\/web\/2025\/02\/13\/informan-a-indigenas-y-afromexicanos-sobre-reforma-constitucional\/\" \/>\n<meta property=\"og:site_name\" content=\"Kuali\" \/>\n<meta property=\"article:publisher\" content=\"https:\/\/kuali.com.mx\/web\/wp-content\/uploads\/2018\/04\/cropped-kuali_logo-1-1.png\" \/>\n<meta property=\"article:published_time\" content=\"2025-02-13T17:46:52+00:00\" \/>\n<meta property=\"article:modified_time\" content=\"2025-02-14T03:42:02+00:00\" \/>\n<meta property=\"og:image\" content=\"https:\/\/kuali.com.mx\/web\/wp-content\/uploads\/2025\/02\/Consulta-indigeneas-y-afromexicanos.jpeg\" \/>\n\t<meta property=\"og:image:width\" content=\"800\" \/>\n\t<meta property=\"og:image:height\" content=\"600\" \/>\n\t<meta property=\"og:image:type\" content=\"image\/jpeg\" \/>\n<meta name=\"author\" content=\"Kuali Staff\" \/>\n<meta name=\"twitter:card\" content=\"summary_large_image\" \/>\n<meta name=\"twitter:creator\" content=\"@kuali_noticias\" \/>\n<meta name=\"twitter:site\" content=\"@kuali_noticias\" \/>\n<meta name=\"twitter:label1\" content=\"Escrito por\" \/>\n\t<meta name=\"twitter:data1\" content=\"Kuali Staff\" \/>\n\t<meta name=\"twitter:label2\" content=\"Tiempo de lectura\" \/>\n\t<meta name=\"twitter:data2\" content=\"2 minutos\" \/>\n<script type=\"application\/ld+json\" class=\"yoast-schema-graph\">{\"@context\":\"https:\\\/\\\/schema.org\",\"@graph\":[{\"@type\":\"Article\",\"@id\":\"https:\\\/\\\/kuali.com.mx\\\/web\\\/2025\\\/02\\\/13\\\/informan-a-indigenas-y-afromexicanos-sobre-reforma-constitucional\\\/#article\",\"isPartOf\":{\"@id\":\"https:\\\/\\\/kuali.com.mx\\\/web\\\/2025\\\/02\\\/13\\\/informan-a-indigenas-y-afromexicanos-sobre-reforma-constitucional\\\/\"},\"author\":{\"name\":\"Kuali Staff\",\"@id\":\"https:\\\/\\\/kuali.com.mx\\\/web\\\/#\\\/schema\\\/person\\\/6f89ffa8ecba9dae50662357923c5289\"},\"headline\":\"INFORMAN A IND\u00cdGENAS Y AFROMEXICANOS SOBRE REFORMA CONSTITUCIONAL\",\"datePublished\":\"2025-02-13T17:46:52+00:00\",\"dateModified\":\"2025-02-14T03:42:02+00:00\",\"mainEntityOfPage\":{\"@id\":\"https:\\\/\\\/kuali.com.mx\\\/web\\\/2025\\\/02\\\/13\\\/informan-a-indigenas-y-afromexicanos-sobre-reforma-constitucional\\\/\"},\"wordCount\":444,\"commentCount\":0,\"image\":{\"@id\":\"https:\\\/\\\/kuali.com.mx\\\/web\\\/2025\\\/02\\\/13\\\/informan-a-indigenas-y-afromexicanos-sobre-reforma-constitucional\\\/#primaryimage\"},\"thumbnailUrl\":\"https:\\\/\\\/kuali.com.mx\\\/web\\\/wp-content\\\/uploads\\\/2025\\\/02\\\/Consulta-indigeneas-y-afromexicanos.jpeg\",\"keywords\":[\"Afromexicanos\",\"Congrreso del Estado de Guanajuato\",\"Derechos\",\"indigenas\",\"Reformas constitucionales\"],\"articleSection\":[\"Derechos Humanos\"],\"inLanguage\":\"es\",\"potentialAction\":[{\"@type\":\"CommentAction\",\"name\":\"Comment\",\"target\":[\"https:\\\/\\\/kuali.com.mx\\\/web\\\/2025\\\/02\\\/13\\\/informan-a-indigenas-y-afromexicanos-sobre-reforma-constitucional\\\/#respond\"]}]},{\"@type\":\"WebPage\",\"@id\":\"https:\\\/\\\/kuali.com.mx\\\/web\\\/2025\\\/02\\\/13\\\/informan-a-indigenas-y-afromexicanos-sobre-reforma-constitucional\\\/\",\"url\":\"https:\\\/\\\/kuali.com.mx\\\/web\\\/2025\\\/02\\\/13\\\/informan-a-indigenas-y-afromexicanos-sobre-reforma-constitucional\\\/\",\"name\":\"INFORMAN A IND\u00cdGENAS Y AFROMEXICANOS SOBRE REFORMA CONSTITUCIONAL - Kuali\",\"isPartOf\":{\"@id\":\"https:\\\/\\\/kuali.com.mx\\\/web\\\/#website\"},\"primaryImageOfPage\":{\"@id\":\"https:\\\/\\\/kuali.com.mx\\\/web\\\/2025\\\/02\\\/13\\\/informan-a-indigenas-y-afromexicanos-sobre-reforma-constitucional\\\/#primaryimage\"},\"image\":{\"@id\":\"https:\\\/\\\/kuali.com.mx\\\/web\\\/2025\\\/02\\\/13\\\/informan-a-indigenas-y-afromexicanos-sobre-reforma-constitucional\\\/#primaryimage\"},\"thumbnailUrl\":\"https:\\\/\\\/kuali.com.mx\\\/web\\\/wp-content\\\/uploads\\\/2025\\\/02\\\/Consulta-indigeneas-y-afromexicanos.jpeg\",\"datePublished\":\"2025-02-13T17:46:52+00:00\",\"dateModified\":\"2025-02-14T03:42:02+00:00\",\"author\":{\"@id\":\"https:\\\/\\\/kuali.com.mx\\\/web\\\/#\\\/schema\\\/person\\\/6f89ffa8ecba9dae50662357923c5289\"},\"breadcrumb\":{\"@id\":\"https:\\\/\\\/kuali.com.mx\\\/web\\\/2025\\\/02\\\/13\\\/informan-a-indigenas-y-afromexicanos-sobre-reforma-constitucional\\\/#breadcrumb\"},\"inLanguage\":\"es\",\"potentialAction\":[{\"@type\":\"ReadAction\",\"target\":[\"https:\\\/\\\/kuali.com.mx\\\/web\\\/2025\\\/02\\\/13\\\/informan-a-indigenas-y-afromexicanos-sobre-reforma-constitucional\\\/\"]}]},{\"@type\":\"ImageObject\",\"inLanguage\":\"es\",\"@id\":\"https:\\\/\\\/kuali.com.mx\\\/web\\\/2025\\\/02\\\/13\\\/informan-a-indigenas-y-afromexicanos-sobre-reforma-constitucional\\\/#primaryimage\",\"url\":\"https:\\\/\\\/kuali.com.mx\\\/web\\\/wp-content\\\/uploads\\\/2025\\\/02\\\/Consulta-indigeneas-y-afromexicanos.jpeg\",\"contentUrl\":\"https:\\\/\\\/kuali.com.mx\\\/web\\\/wp-content\\\/uploads\\\/2025\\\/02\\\/Consulta-indigeneas-y-afromexicanos.jpeg\",\"width\":800,\"height\":600},{\"@type\":\"BreadcrumbList\",\"@id\":\"https:\\\/\\\/kuali.com.mx\\\/web\\\/2025\\\/02\\\/13\\\/informan-a-indigenas-y-afromexicanos-sobre-reforma-constitucional\\\/#breadcrumb\",\"itemListElement\":[{\"@type\":\"ListItem\",\"position\":1,\"name\":\"Inicio\",\"item\":\"https:\\\/\\\/kuali.com.mx\\\/web\\\/\"},{\"@type\":\"ListItem\",\"position\":2,\"name\":\"INFORMAN A IND\u00cdGENAS Y AFROMEXICANOS SOBRE REFORMA CONSTITUCIONAL\"}]},{\"@type\":\"WebSite\",\"@id\":\"https:\\\/\\\/kuali.com.mx\\\/web\\\/#website\",\"url\":\"https:\\\/\\\/kuali.com.mx\\\/web\\\/\",\"name\":\"Kuali\",\"description\":\"\",\"potentialAction\":[{\"@type\":\"SearchAction\",\"target\":{\"@type\":\"EntryPoint\",\"urlTemplate\":\"https:\\\/\\\/kuali.com.mx\\\/web\\\/?s={search_term_string}\"},\"query-input\":{\"@type\":\"PropertyValueSpecification\",\"valueRequired\":true,\"valueName\":\"search_term_string\"}}],\"inLanguage\":\"es\"},{\"@type\":\"Person\",\"@id\":\"https:\\\/\\\/kuali.com.mx\\\/web\\\/#\\\/schema\\\/person\\\/6f89ffa8ecba9dae50662357923c5289\",\"name\":\"Kuali Staff\",\"image\":{\"@type\":\"ImageObject\",\"inLanguage\":\"es\",\"@id\":\"https:\\\/\\\/secure.gravatar.com\\\/avatar\\\/f917ad82e5ab71227a733c78b6e60715476f69ee6be59feee4eb5d9920c89e0f?s=96&d=mm&r=g\",\"url\":\"https:\\\/\\\/secure.gravatar.com\\\/avatar\\\/f917ad82e5ab71227a733c78b6e60715476f69ee6be59feee4eb5d9920c89e0f?s=96&d=mm&r=g\",\"contentUrl\":\"https:\\\/\\\/secure.gravatar.com\\\/avatar\\\/f917ad82e5ab71227a733c78b6e60715476f69ee6be59feee4eb5d9920c89e0f?s=96&d=mm&r=g\",\"caption\":\"Kuali Staff\"},\"url\":\"https:\\\/\\\/kuali.com.mx\\\/web\\\/author\\\/lagarto\\\/\"}]}<\/script>\n<!-- \/ Yoast SEO plugin. -->","yoast_head_json":{"title":"INFORMAN A IND\u00cdGENAS Y AFROMEXICANOS SOBRE REFORMA CONSTITUCIONAL - Kuali","robots":{"index":"index","follow":"follow","max-snippet":"max-snippet:-1","max-image-preview":"max-image-preview:large","max-video-preview":"max-video-preview:-1"},"canonical":"https:\/\/kuali.com.mx\/web\/2025\/02\/13\/informan-a-indigenas-y-afromexicanos-sobre-reforma-constitucional\/","og_locale":"es_MX","og_type":"article","og_title":"INFORMAN A IND\u00cdGENAS Y AFROMEXICANOS SOBRE REFORMA CONSTITUCIONAL - Kuali","og_description":"Kuali\/Tierra Blanca, Gto.- Este jueves, el congreso local concluy\u00f3 la etapa informativa a integrantes de 40 comunidades ind\u00edgenas y afromexicanas del estado de Guanajuato sobre dos iniciativas para reformar la constituci\u00f3n estatal para ampliar sus derechos. El Congreso del Estado de Guanajuato inform\u00f3 que este d\u00eda terminaron los trabajos de la fase informativa del proceso [&hellip;]","og_url":"https:\/\/kuali.com.mx\/web\/2025\/02\/13\/informan-a-indigenas-y-afromexicanos-sobre-reforma-constitucional\/","og_site_name":"Kuali","article_publisher":"https:\/\/kuali.com.mx\/web\/wp-content\/uploads\/2018\/04\/cropped-kuali_logo-1-1.png","article_published_time":"2025-02-13T17:46:52+00:00","article_modified_time":"2025-02-14T03:42:02+00:00","og_image":[{"width":800,"height":600,"url":"https:\/\/kuali.com.mx\/web\/wp-content\/uploads\/2025\/02\/Consulta-indigeneas-y-afromexicanos.jpeg","type":"image\/jpeg"}],"author":"Kuali Staff","twitter_card":"summary_large_image","twitter_creator":"@kuali_noticias","twitter_site":"@kuali_noticias","twitter_misc":{"Escrito por":"Kuali Staff","Tiempo de lectura":"2 minutos"},"schema":{"@context":"https:\/\/schema.org","@graph":[{"@type":"Article","@id":"https:\/\/kuali.com.mx\/web\/2025\/02\/13\/informan-a-indigenas-y-afromexicanos-sobre-reforma-constitucional\/#article","isPartOf":{"@id":"https:\/\/kuali.com.mx\/web\/2025\/02\/13\/informan-a-indigenas-y-afromexicanos-sobre-reforma-constitucional\/"},"author":{"name":"Kuali Staff","@id":"https:\/\/kuali.com.mx\/web\/#\/schema\/person\/6f89ffa8ecba9dae50662357923c5289"},"headline":"INFORMAN A IND\u00cdGENAS Y AFROMEXICANOS SOBRE REFORMA CONSTITUCIONAL","datePublished":"2025-02-13T17:46:52+00:00","dateModified":"2025-02-14T03:42:02+00:00","mainEntityOfPage":{"@id":"https:\/\/kuali.com.mx\/web\/2025\/02\/13\/informan-a-indigenas-y-afromexicanos-sobre-reforma-constitucional\/"},"wordCount":444,"commentCount":0,"image":{"@id":"https:\/\/kuali.com.mx\/web\/2025\/02\/13\/informan-a-indigenas-y-afromexicanos-sobre-reforma-constitucional\/#primaryimage"},"thumbnailUrl":"https:\/\/kuali.com.mx\/web\/wp-content\/uploads\/2025\/02\/Consulta-indigeneas-y-afromexicanos.jpeg","keywords":["Afromexicanos","Congrreso del Estado de Guanajuato","Derechos","indigenas","Reformas constitucionales"],"articleSection":["Derechos Humanos"],"inLanguage":"es","potentialAction":[{"@type":"CommentAction","name":"Comment","target":["https:\/\/kuali.com.mx\/web\/2025\/02\/13\/informan-a-indigenas-y-afromexicanos-sobre-reforma-constitucional\/#respond"]}]},{"@type":"WebPage","@id":"https:\/\/kuali.com.mx\/web\/2025\/02\/13\/informan-a-indigenas-y-afromexicanos-sobre-reforma-constitucional\/","url":"https:\/\/kuali.com.mx\/web\/2025\/02\/13\/informan-a-indigenas-y-afromexicanos-sobre-reforma-constitucional\/","name":"INFORMAN A IND\u00cdGENAS Y AFROMEXICANOS SOBRE REFORMA CONSTITUCIONAL - Kuali","isPartOf":{"@id":"https:\/\/kuali.com.mx\/web\/#website"},"primaryImageOfPage":{"@id":"https:\/\/kuali.com.mx\/web\/2025\/02\/13\/informan-a-indigenas-y-afromexicanos-sobre-reforma-constitucional\/#primaryimage"},"image":{"@id":"https:\/\/kuali.com.mx\/web\/2025\/02\/13\/informan-a-indigenas-y-afromexicanos-sobre-reforma-constitucional\/#primaryimage"},"thumbnailUrl":"https:\/\/kuali.com.mx\/web\/wp-content\/uploads\/2025\/02\/Consulta-indigeneas-y-afromexicanos.jpeg","datePublished":"2025-02-13T17:46:52+00:00","dateModified":"2025-02-14T03:42:02+00:00","author":{"@id":"https:\/\/kuali.com.mx\/web\/#\/schema\/person\/6f89ffa8ecba9dae50662357923c5289"},"breadcrumb":{"@id":"https:\/\/kuali.com.mx\/web\/2025\/02\/13\/informan-a-indigenas-y-afromexicanos-sobre-reforma-constitucional\/#breadcrumb"},"inLanguage":"es","potentialAction":[{"@type":"ReadAction","target":["https:\/\/kuali.com.mx\/web\/2025\/02\/13\/informan-a-indigenas-y-afromexicanos-sobre-reforma-constitucional\/"]}]},{"@type":"ImageObject","inLanguage":"es","@id":"https:\/\/kuali.com.mx\/web\/2025\/02\/13\/informan-a-indigenas-y-afromexicanos-sobre-reforma-constitucional\/#primaryimage","url":"https:\/\/kuali.com.mx\/web\/wp-content\/uploads\/2025\/02\/Consulta-indigeneas-y-afromexicanos.jpeg","contentUrl":"https:\/\/kuali.com.mx\/web\/wp-content\/uploads\/2025\/02\/Consulta-indigeneas-y-afromexicanos.jpeg","width":800,"height":600},{"@type":"BreadcrumbList","@id":"https:\/\/kuali.com.mx\/web\/2025\/02\/13\/informan-a-indigenas-y-afromexicanos-sobre-reforma-constitucional\/#breadcrumb","itemListElement":[{"@type":"ListItem","position":1,"name":"Inicio","item":"https:\/\/kuali.com.mx\/web\/"},{"@type":"ListItem","position":2,"name":"INFORMAN A IND\u00cdGENAS Y AFROMEXICANOS SOBRE REFORMA CONSTITUCIONAL"}]},{"@type":"WebSite","@id":"https:\/\/kuali.com.mx\/web\/#website","url":"https:\/\/kuali.com.mx\/web\/","name":"Kuali","description":"","potentialAction":[{"@type":"SearchAction","target":{"@type":"EntryPoint","urlTemplate":"https:\/\/kuali.com.mx\/web\/?s={search_term_string}"},"query-input":{"@type":"PropertyValueSpecification","valueRequired":true,"valueName":"search_term_string"}}],"inLanguage":"es"},{"@type":"Person","@id":"https:\/\/kuali.com.mx\/web\/#\/schema\/person\/6f89ffa8ecba9dae50662357923c5289","name":"Kuali Staff","image":{"@type":"ImageObject","inLanguage":"es","@id":"https:\/\/secure.gravatar.com\/avatar\/f917ad82e5ab71227a733c78b6e60715476f69ee6be59feee4eb5d9920c89e0f?s=96&d=mm&r=g","url":"https:\/\/secure.gravatar.com\/avatar\/f917ad82e5ab71227a733c78b6e60715476f69ee6be59feee4eb5d9920c89e0f?s=96&d=mm&r=g","contentUrl":"https:\/\/secure.gravatar.com\/avatar\/f917ad82e5ab71227a733c78b6e60715476f69ee6be59feee4eb5d9920c89e0f?s=96&d=mm&r=g","caption":"Kuali Staff"},"url":"https:\/\/kuali.com.mx\/web\/author\/lagarto\/"}]}},"_links":{"self":[{"href":"https:\/\/kuali.com.mx\/web\/wp-json\/wp\/v2\/posts\/168494","targetHints":{"allow":["GET"]}}],"collection":[{"href":"https:\/\/kuali.com.mx\/web\/wp-json\/wp\/v2\/posts"}],"about":[{"href":"https:\/\/kuali.com.mx\/web\/wp-json\/wp\/v2\/types\/post"}],"author":[{"embeddable":true,"href":"https:\/\/kuali.com.mx\/web\/wp-json\/wp\/v2\/users\/2"}],"replies":[{"embeddable":true,"href":"https:\/\/kuali.com.mx\/web\/wp-json\/wp\/v2\/comments?post=168494"}],"version-history":[{"count":2,"href":"https:\/\/kuali.com.mx\/web\/wp-json\/wp\/v2\/posts\/168494\/revisions"}],"predecessor-version":[{"id":168499,"href":"https:\/\/kuali.com.mx\/web\/wp-json\/wp\/v2\/posts\/168494\/revisions\/168499"}],"wp:featuredmedia":[{"embeddable":true,"href":"https:\/\/kuali.com.mx\/web\/wp-json\/wp\/v2\/media\/168497"}],"wp:attachment":[{"href":"https:\/\/kuali.com.mx\/web\/wp-json\/wp\/v2\/media?parent=168494"}],"wp:term":[{"taxonomy":"category","embeddable":true,"href":"https:\/\/kuali.com.mx\/web\/wp-json\/wp\/v2\/categories?post=168494"},{"taxonomy":"post_tag","embeddable":true,"href":"https:\/\/kuali.com.mx\/web\/wp-json\/wp\/v2\/tags?post=168494"}],"curies":[{"name":"wp","href":"https:\/\/api.w.org\/{rel}","templated":true}]}}