{"id":168419,"date":"2025-02-12T12:29:42","date_gmt":"2025-02-12T18:29:42","guid":{"rendered":"https:\/\/kuali.com.mx\/web\/?p=168419"},"modified":"2025-02-12T19:15:50","modified_gmt":"2025-02-13T01:15:50","slug":"reino-unido-y-veracruz-invitados-del-cervantino","status":"publish","type":"post","link":"https:\/\/kuali.com.mx\/web\/2025\/02\/12\/reino-unido-y-veracruz-invitados-del-cervantino\/","title":{"rendered":"REINO UNIDO Y VERACRUZ, INVITADOS DEL CERVANTINO"},"content":{"rendered":"\n<p><strong><em>Kuali\/Ciudad de M\u00e9xico.-<\/em><\/strong> El Festival Internacional Cervantino (FIC) se realizar\u00e1 del 10 al 26 de octubre del 2025 y  tendr\u00e1 como invitados al Reino Unido y al estado de Veracruz.<\/p>\n\n\n\n<p>\u00a0\u201cLa apuesta del Gobierno de la Gente es acercar la cultura a la poblaci\u00f3n y no hay mejor ejemplo de la democratizaci\u00f3n de la cultura, que un festival como el Festival Internacional Cervantino\u201d dijo la Gobernadora, Libia Dennise Garc\u00eda Mu\u00f1oz Ledo, durante la presentaci\u00f3n.<\/p>\n\n\n\n<p>Durante esta presentaci\u00f3n realizada en la Ciudad de M\u00e9xico, la Mandataria Estatal guanajuatense dio la bienvenida a los invitados de honor, quienes enviar\u00e1n a sus m\u00e1ximas representaciones culturales y art\u00edsticas para la pr\u00f3xima edici\u00f3n de la Fiesta del Esp\u00edritu, a celebrarse del 10 al 26 de octubre del presente a\u00f1o en Guanajuato.<\/p>\n\n\n\n<p>\u201cEn Guanajuato van a enamorarse no s\u00f3lo de los sones jarochos, no s\u00f3lo de la gran riqueza esc\u00e9nica y cultural del Reino Unido, sino tambi\u00e9n de sus callejones, se van a perder en su historia, en las tradiciones, en las leyendas, en este hermoso pueblo minero que hoy es un patrimonio que nos enorgullece a todas y todos los mexicanos\u201d, expres\u00f3 Libia Dennise.<\/p>\n\n\n\n<p>La Gobernadora agradeci\u00f3 a Susannah Goshko, Embajadora del Reino Unido en M\u00e9xico, y a Mar\u00eda X\u00f3chitl Molina, Secretaria de Cultura del Estado de Veracruz, quienes participaron en esta presentaci\u00f3n.<\/p>\n\n\n\n<p>La Gobernadora de la Gente adelant\u00f3 que, en la pr\u00f3xima edici\u00f3n del FIC, se contar\u00e1 con la magia y pasi\u00f3n que caracteriza a este evento, que funge como una ventana cultural hacia el mundo y como un importante elemento transformador de la sociedad. \u201cLa cultura es fundamental cuando hablamos de atender las causas de las grandes problem\u00e1ticas que tiene el pa\u00eds y nuestro estado\u201d, destac\u00f3.<\/p>\n\n\n\n<p>\u201cM\u00e9xico podr\u00e1 disfrutar de este Festival Internacional Cervantino que le va a poner \u00e9nfasis en la riqueza cultural que tiene este gran pa\u00eds. Siempre he pensado que la cultura nos hermana, que nos permite tender puentes y construir caminos. \u00a1Vamos a estar a la altura de la expectativa!\u201d, concluy\u00f3 la Gobernadora de la Gente.&nbsp;<\/p>\n\n\n\n<p>Por su parte, la Secretaria de Cultura del Gobierno de M\u00e9xico, Claudia Curiel de Icaza, expres\u00f3 que en la pr\u00f3xima edici\u00f3n del FIC, se busca revitalizar su esencia y potenciar su alcance.<\/p>\n\n\n\n<p>En este evento tambi\u00e9n estuvo presente Lizeth Galv\u00e1n Cort\u00e9s, Secretaria de Cultura de Guanajuato; Samantha Smith Guti\u00e9rrez, Presidenta Municipal de Guanajuato; Romain Greco, Director Ejecutivo del Festival Internacional Cervantino; Mariana Aymerich Ord\u00f3\u00f1ez, Directora General de Promoci\u00f3n y Festivales Culturales; y Claudia Susana G\u00f3mez L\u00f3pez, Rectora General de la Universidad de Guanajuato.<\/p>\n","protected":false},"excerpt":{"rendered":"Kuali\/Ciudad de M\u00e9xico.- El Festival Internacional Cervantino (FIC) se realizar\u00e1 del 10 al 26 de octubre del 2025 y tendr\u00e1 como invitados al Reino Unido y al estado de Veracruz. \u00a0\u201cLa apuesta del Gobierno de la Gente es acercar la cultura a la poblaci\u00f3n y no hay mejor ejemplo de la democratizaci\u00f3n de la cultura, [&hellip;]","protected":false},"author":2,"featured_media":168422,"comment_status":"open","ping_status":"open","sticky":false,"template":"","format":"standard","meta":{"_seopress_robots_primary_cat":"none","_seopress_titles_title":"","_seopress_titles_desc":"","_seopress_robots_index":"","_monsterinsights_skip_tracking":false,"_monsterinsights_sitenote_active":false,"_monsterinsights_sitenote_note":"","_monsterinsights_sitenote_category":0,"footnotes":""},"categories":[8],"tags":[],"class_list":["post-168419","post","type-post","status-publish","format-standard","has-post-thumbnail","hentry","category-espectaculos"],"yoast_head":"<!-- This site is optimized with the Yoast SEO plugin v27.4 - https:\/\/yoast.com\/product\/yoast-seo-wordpress\/ -->\n<title>REINO UNIDO Y VERACRUZ, INVITADOS DEL CERVANTINO - Kuali<\/title>\n<meta name=\"robots\" content=\"index, follow, max-snippet:-1, max-image-preview:large, max-video-preview:-1\" \/>\n<link rel=\"canonical\" href=\"https:\/\/kuali.com.mx\/web\/2025\/02\/12\/reino-unido-y-veracruz-invitados-del-cervantino\/\" \/>\n<meta property=\"og:locale\" content=\"es_MX\" \/>\n<meta property=\"og:type\" content=\"article\" \/>\n<meta property=\"og:title\" content=\"REINO UNIDO Y VERACRUZ, INVITADOS DEL CERVANTINO - Kuali\" \/>\n<meta property=\"og:description\" content=\"Kuali\/Ciudad de M\u00e9xico.- El Festival Internacional Cervantino (FIC) se realizar\u00e1 del 10 al 26 de octubre del 2025 y tendr\u00e1 como invitados al Reino Unido y al estado de Veracruz. \u00a0\u201cLa apuesta del Gobierno de la Gente es acercar la cultura a la poblaci\u00f3n y no hay mejor ejemplo de la democratizaci\u00f3n de la cultura, [&hellip;]\" \/>\n<meta property=\"og:url\" content=\"https:\/\/kuali.com.mx\/web\/2025\/02\/12\/reino-unido-y-veracruz-invitados-del-cervantino\/\" \/>\n<meta property=\"og:site_name\" content=\"Kuali\" \/>\n<meta property=\"article:publisher\" content=\"https:\/\/kuali.com.mx\/web\/wp-content\/uploads\/2018\/04\/cropped-kuali_logo-1-1.png\" \/>\n<meta property=\"article:published_time\" content=\"2025-02-12T18:29:42+00:00\" \/>\n<meta property=\"article:modified_time\" content=\"2025-02-13T01:15:50+00:00\" \/>\n<meta property=\"og:image\" content=\"https:\/\/kuali.com.mx\/web\/wp-content\/uploads\/2025\/02\/Presentacion-de-invitados-de-honor-FIC-2-scaled.jpeg\" \/>\n\t<meta property=\"og:image:width\" content=\"2560\" \/>\n\t<meta property=\"og:image:height\" content=\"1706\" \/>\n\t<meta property=\"og:image:type\" content=\"image\/jpeg\" \/>\n<meta name=\"author\" content=\"Kuali Staff\" \/>\n<meta name=\"twitter:card\" content=\"summary_large_image\" \/>\n<meta name=\"twitter:creator\" content=\"@kuali_noticias\" \/>\n<meta name=\"twitter:site\" content=\"@kuali_noticias\" \/>\n<meta name=\"twitter:label1\" content=\"Escrito por\" \/>\n\t<meta name=\"twitter:data1\" content=\"Kuali Staff\" \/>\n\t<meta name=\"twitter:label2\" content=\"Tiempo de lectura\" \/>\n\t<meta name=\"twitter:data2\" content=\"2 minutos\" \/>\n<script type=\"application\/ld+json\" class=\"yoast-schema-graph\">{\"@context\":\"https:\\\/\\\/schema.org\",\"@graph\":[{\"@type\":\"Article\",\"@id\":\"https:\\\/\\\/kuali.com.mx\\\/web\\\/2025\\\/02\\\/12\\\/reino-unido-y-veracruz-invitados-del-cervantino\\\/#article\",\"isPartOf\":{\"@id\":\"https:\\\/\\\/kuali.com.mx\\\/web\\\/2025\\\/02\\\/12\\\/reino-unido-y-veracruz-invitados-del-cervantino\\\/\"},\"author\":{\"name\":\"Kuali Staff\",\"@id\":\"https:\\\/\\\/kuali.com.mx\\\/web\\\/#\\\/schema\\\/person\\\/6f89ffa8ecba9dae50662357923c5289\"},\"headline\":\"REINO UNIDO Y VERACRUZ, INVITADOS DEL CERVANTINO\",\"datePublished\":\"2025-02-12T18:29:42+00:00\",\"dateModified\":\"2025-02-13T01:15:50+00:00\",\"mainEntityOfPage\":{\"@id\":\"https:\\\/\\\/kuali.com.mx\\\/web\\\/2025\\\/02\\\/12\\\/reino-unido-y-veracruz-invitados-del-cervantino\\\/\"},\"wordCount\":466,\"commentCount\":0,\"image\":{\"@id\":\"https:\\\/\\\/kuali.com.mx\\\/web\\\/2025\\\/02\\\/12\\\/reino-unido-y-veracruz-invitados-del-cervantino\\\/#primaryimage\"},\"thumbnailUrl\":\"https:\\\/\\\/kuali.com.mx\\\/web\\\/wp-content\\\/uploads\\\/2025\\\/02\\\/Presentacion-de-invitados-de-honor-FIC-2-scaled.jpeg\",\"articleSection\":[\"Cultura\"],\"inLanguage\":\"es\",\"potentialAction\":[{\"@type\":\"CommentAction\",\"name\":\"Comment\",\"target\":[\"https:\\\/\\\/kuali.com.mx\\\/web\\\/2025\\\/02\\\/12\\\/reino-unido-y-veracruz-invitados-del-cervantino\\\/#respond\"]}]},{\"@type\":\"WebPage\",\"@id\":\"https:\\\/\\\/kuali.com.mx\\\/web\\\/2025\\\/02\\\/12\\\/reino-unido-y-veracruz-invitados-del-cervantino\\\/\",\"url\":\"https:\\\/\\\/kuali.com.mx\\\/web\\\/2025\\\/02\\\/12\\\/reino-unido-y-veracruz-invitados-del-cervantino\\\/\",\"name\":\"REINO UNIDO Y VERACRUZ, INVITADOS DEL CERVANTINO - Kuali\",\"isPartOf\":{\"@id\":\"https:\\\/\\\/kuali.com.mx\\\/web\\\/#website\"},\"primaryImageOfPage\":{\"@id\":\"https:\\\/\\\/kuali.com.mx\\\/web\\\/2025\\\/02\\\/12\\\/reino-unido-y-veracruz-invitados-del-cervantino\\\/#primaryimage\"},\"image\":{\"@id\":\"https:\\\/\\\/kuali.com.mx\\\/web\\\/2025\\\/02\\\/12\\\/reino-unido-y-veracruz-invitados-del-cervantino\\\/#primaryimage\"},\"thumbnailUrl\":\"https:\\\/\\\/kuali.com.mx\\\/web\\\/wp-content\\\/uploads\\\/2025\\\/02\\\/Presentacion-de-invitados-de-honor-FIC-2-scaled.jpeg\",\"datePublished\":\"2025-02-12T18:29:42+00:00\",\"dateModified\":\"2025-02-13T01:15:50+00:00\",\"author\":{\"@id\":\"https:\\\/\\\/kuali.com.mx\\\/web\\\/#\\\/schema\\\/person\\\/6f89ffa8ecba9dae50662357923c5289\"},\"breadcrumb\":{\"@id\":\"https:\\\/\\\/kuali.com.mx\\\/web\\\/2025\\\/02\\\/12\\\/reino-unido-y-veracruz-invitados-del-cervantino\\\/#breadcrumb\"},\"inLanguage\":\"es\",\"potentialAction\":[{\"@type\":\"ReadAction\",\"target\":[\"https:\\\/\\\/kuali.com.mx\\\/web\\\/2025\\\/02\\\/12\\\/reino-unido-y-veracruz-invitados-del-cervantino\\\/\"]}]},{\"@type\":\"ImageObject\",\"inLanguage\":\"es\",\"@id\":\"https:\\\/\\\/kuali.com.mx\\\/web\\\/2025\\\/02\\\/12\\\/reino-unido-y-veracruz-invitados-del-cervantino\\\/#primaryimage\",\"url\":\"https:\\\/\\\/kuali.com.mx\\\/web\\\/wp-content\\\/uploads\\\/2025\\\/02\\\/Presentacion-de-invitados-de-honor-FIC-2-scaled.jpeg\",\"contentUrl\":\"https:\\\/\\\/kuali.com.mx\\\/web\\\/wp-content\\\/uploads\\\/2025\\\/02\\\/Presentacion-de-invitados-de-honor-FIC-2-scaled.jpeg\",\"width\":2560,\"height\":1706},{\"@type\":\"BreadcrumbList\",\"@id\":\"https:\\\/\\\/kuali.com.mx\\\/web\\\/2025\\\/02\\\/12\\\/reino-unido-y-veracruz-invitados-del-cervantino\\\/#breadcrumb\",\"itemListElement\":[{\"@type\":\"ListItem\",\"position\":1,\"name\":\"Inicio\",\"item\":\"https:\\\/\\\/kuali.com.mx\\\/web\\\/\"},{\"@type\":\"ListItem\",\"position\":2,\"name\":\"REINO UNIDO Y VERACRUZ, INVITADOS DEL CERVANTINO\"}]},{\"@type\":\"WebSite\",\"@id\":\"https:\\\/\\\/kuali.com.mx\\\/web\\\/#website\",\"url\":\"https:\\\/\\\/kuali.com.mx\\\/web\\\/\",\"name\":\"Kuali\",\"description\":\"\",\"potentialAction\":[{\"@type\":\"SearchAction\",\"target\":{\"@type\":\"EntryPoint\",\"urlTemplate\":\"https:\\\/\\\/kuali.com.mx\\\/web\\\/?s={search_term_string}\"},\"query-input\":{\"@type\":\"PropertyValueSpecification\",\"valueRequired\":true,\"valueName\":\"search_term_string\"}}],\"inLanguage\":\"es\"},{\"@type\":\"Person\",\"@id\":\"https:\\\/\\\/kuali.com.mx\\\/web\\\/#\\\/schema\\\/person\\\/6f89ffa8ecba9dae50662357923c5289\",\"name\":\"Kuali Staff\",\"image\":{\"@type\":\"ImageObject\",\"inLanguage\":\"es\",\"@id\":\"https:\\\/\\\/secure.gravatar.com\\\/avatar\\\/f917ad82e5ab71227a733c78b6e60715476f69ee6be59feee4eb5d9920c89e0f?s=96&d=mm&r=g\",\"url\":\"https:\\\/\\\/secure.gravatar.com\\\/avatar\\\/f917ad82e5ab71227a733c78b6e60715476f69ee6be59feee4eb5d9920c89e0f?s=96&d=mm&r=g\",\"contentUrl\":\"https:\\\/\\\/secure.gravatar.com\\\/avatar\\\/f917ad82e5ab71227a733c78b6e60715476f69ee6be59feee4eb5d9920c89e0f?s=96&d=mm&r=g\",\"caption\":\"Kuali Staff\"},\"url\":\"https:\\\/\\\/kuali.com.mx\\\/web\\\/author\\\/lagarto\\\/\"}]}<\/script>\n<!-- \/ Yoast SEO plugin. -->","yoast_head_json":{"title":"REINO UNIDO Y VERACRUZ, INVITADOS DEL CERVANTINO - Kuali","robots":{"index":"index","follow":"follow","max-snippet":"max-snippet:-1","max-image-preview":"max-image-preview:large","max-video-preview":"max-video-preview:-1"},"canonical":"https:\/\/kuali.com.mx\/web\/2025\/02\/12\/reino-unido-y-veracruz-invitados-del-cervantino\/","og_locale":"es_MX","og_type":"article","og_title":"REINO UNIDO Y VERACRUZ, INVITADOS DEL CERVANTINO - Kuali","og_description":"Kuali\/Ciudad de M\u00e9xico.- El Festival Internacional Cervantino (FIC) se realizar\u00e1 del 10 al 26 de octubre del 2025 y tendr\u00e1 como invitados al Reino Unido y al estado de Veracruz. \u00a0\u201cLa apuesta del Gobierno de la Gente es acercar la cultura a la poblaci\u00f3n y no hay mejor ejemplo de la democratizaci\u00f3n de la cultura, [&hellip;]","og_url":"https:\/\/kuali.com.mx\/web\/2025\/02\/12\/reino-unido-y-veracruz-invitados-del-cervantino\/","og_site_name":"Kuali","article_publisher":"https:\/\/kuali.com.mx\/web\/wp-content\/uploads\/2018\/04\/cropped-kuali_logo-1-1.png","article_published_time":"2025-02-12T18:29:42+00:00","article_modified_time":"2025-02-13T01:15:50+00:00","og_image":[{"width":2560,"height":1706,"url":"https:\/\/kuali.com.mx\/web\/wp-content\/uploads\/2025\/02\/Presentacion-de-invitados-de-honor-FIC-2-scaled.jpeg","type":"image\/jpeg"}],"author":"Kuali Staff","twitter_card":"summary_large_image","twitter_creator":"@kuali_noticias","twitter_site":"@kuali_noticias","twitter_misc":{"Escrito por":"Kuali Staff","Tiempo de lectura":"2 minutos"},"schema":{"@context":"https:\/\/schema.org","@graph":[{"@type":"Article","@id":"https:\/\/kuali.com.mx\/web\/2025\/02\/12\/reino-unido-y-veracruz-invitados-del-cervantino\/#article","isPartOf":{"@id":"https:\/\/kuali.com.mx\/web\/2025\/02\/12\/reino-unido-y-veracruz-invitados-del-cervantino\/"},"author":{"name":"Kuali Staff","@id":"https:\/\/kuali.com.mx\/web\/#\/schema\/person\/6f89ffa8ecba9dae50662357923c5289"},"headline":"REINO UNIDO Y VERACRUZ, INVITADOS DEL CERVANTINO","datePublished":"2025-02-12T18:29:42+00:00","dateModified":"2025-02-13T01:15:50+00:00","mainEntityOfPage":{"@id":"https:\/\/kuali.com.mx\/web\/2025\/02\/12\/reino-unido-y-veracruz-invitados-del-cervantino\/"},"wordCount":466,"commentCount":0,"image":{"@id":"https:\/\/kuali.com.mx\/web\/2025\/02\/12\/reino-unido-y-veracruz-invitados-del-cervantino\/#primaryimage"},"thumbnailUrl":"https:\/\/kuali.com.mx\/web\/wp-content\/uploads\/2025\/02\/Presentacion-de-invitados-de-honor-FIC-2-scaled.jpeg","articleSection":["Cultura"],"inLanguage":"es","potentialAction":[{"@type":"CommentAction","name":"Comment","target":["https:\/\/kuali.com.mx\/web\/2025\/02\/12\/reino-unido-y-veracruz-invitados-del-cervantino\/#respond"]}]},{"@type":"WebPage","@id":"https:\/\/kuali.com.mx\/web\/2025\/02\/12\/reino-unido-y-veracruz-invitados-del-cervantino\/","url":"https:\/\/kuali.com.mx\/web\/2025\/02\/12\/reino-unido-y-veracruz-invitados-del-cervantino\/","name":"REINO UNIDO Y VERACRUZ, INVITADOS DEL CERVANTINO - Kuali","isPartOf":{"@id":"https:\/\/kuali.com.mx\/web\/#website"},"primaryImageOfPage":{"@id":"https:\/\/kuali.com.mx\/web\/2025\/02\/12\/reino-unido-y-veracruz-invitados-del-cervantino\/#primaryimage"},"image":{"@id":"https:\/\/kuali.com.mx\/web\/2025\/02\/12\/reino-unido-y-veracruz-invitados-del-cervantino\/#primaryimage"},"thumbnailUrl":"https:\/\/kuali.com.mx\/web\/wp-content\/uploads\/2025\/02\/Presentacion-de-invitados-de-honor-FIC-2-scaled.jpeg","datePublished":"2025-02-12T18:29:42+00:00","dateModified":"2025-02-13T01:15:50+00:00","author":{"@id":"https:\/\/kuali.com.mx\/web\/#\/schema\/person\/6f89ffa8ecba9dae50662357923c5289"},"breadcrumb":{"@id":"https:\/\/kuali.com.mx\/web\/2025\/02\/12\/reino-unido-y-veracruz-invitados-del-cervantino\/#breadcrumb"},"inLanguage":"es","potentialAction":[{"@type":"ReadAction","target":["https:\/\/kuali.com.mx\/web\/2025\/02\/12\/reino-unido-y-veracruz-invitados-del-cervantino\/"]}]},{"@type":"ImageObject","inLanguage":"es","@id":"https:\/\/kuali.com.mx\/web\/2025\/02\/12\/reino-unido-y-veracruz-invitados-del-cervantino\/#primaryimage","url":"https:\/\/kuali.com.mx\/web\/wp-content\/uploads\/2025\/02\/Presentacion-de-invitados-de-honor-FIC-2-scaled.jpeg","contentUrl":"https:\/\/kuali.com.mx\/web\/wp-content\/uploads\/2025\/02\/Presentacion-de-invitados-de-honor-FIC-2-scaled.jpeg","width":2560,"height":1706},{"@type":"BreadcrumbList","@id":"https:\/\/kuali.com.mx\/web\/2025\/02\/12\/reino-unido-y-veracruz-invitados-del-cervantino\/#breadcrumb","itemListElement":[{"@type":"ListItem","position":1,"name":"Inicio","item":"https:\/\/kuali.com.mx\/web\/"},{"@type":"ListItem","position":2,"name":"REINO UNIDO Y VERACRUZ, INVITADOS DEL CERVANTINO"}]},{"@type":"WebSite","@id":"https:\/\/kuali.com.mx\/web\/#website","url":"https:\/\/kuali.com.mx\/web\/","name":"Kuali","description":"","potentialAction":[{"@type":"SearchAction","target":{"@type":"EntryPoint","urlTemplate":"https:\/\/kuali.com.mx\/web\/?s={search_term_string}"},"query-input":{"@type":"PropertyValueSpecification","valueRequired":true,"valueName":"search_term_string"}}],"inLanguage":"es"},{"@type":"Person","@id":"https:\/\/kuali.com.mx\/web\/#\/schema\/person\/6f89ffa8ecba9dae50662357923c5289","name":"Kuali Staff","image":{"@type":"ImageObject","inLanguage":"es","@id":"https:\/\/secure.gravatar.com\/avatar\/f917ad82e5ab71227a733c78b6e60715476f69ee6be59feee4eb5d9920c89e0f?s=96&d=mm&r=g","url":"https:\/\/secure.gravatar.com\/avatar\/f917ad82e5ab71227a733c78b6e60715476f69ee6be59feee4eb5d9920c89e0f?s=96&d=mm&r=g","contentUrl":"https:\/\/secure.gravatar.com\/avatar\/f917ad82e5ab71227a733c78b6e60715476f69ee6be59feee4eb5d9920c89e0f?s=96&d=mm&r=g","caption":"Kuali Staff"},"url":"https:\/\/kuali.com.mx\/web\/author\/lagarto\/"}]}},"_links":{"self":[{"href":"https:\/\/kuali.com.mx\/web\/wp-json\/wp\/v2\/posts\/168419","targetHints":{"allow":["GET"]}}],"collection":[{"href":"https:\/\/kuali.com.mx\/web\/wp-json\/wp\/v2\/posts"}],"about":[{"href":"https:\/\/kuali.com.mx\/web\/wp-json\/wp\/v2\/types\/post"}],"author":[{"embeddable":true,"href":"https:\/\/kuali.com.mx\/web\/wp-json\/wp\/v2\/users\/2"}],"replies":[{"embeddable":true,"href":"https:\/\/kuali.com.mx\/web\/wp-json\/wp\/v2\/comments?post=168419"}],"version-history":[{"count":1,"href":"https:\/\/kuali.com.mx\/web\/wp-json\/wp\/v2\/posts\/168419\/revisions"}],"predecessor-version":[{"id":168423,"href":"https:\/\/kuali.com.mx\/web\/wp-json\/wp\/v2\/posts\/168419\/revisions\/168423"}],"wp:featuredmedia":[{"embeddable":true,"href":"https:\/\/kuali.com.mx\/web\/wp-json\/wp\/v2\/media\/168422"}],"wp:attachment":[{"href":"https:\/\/kuali.com.mx\/web\/wp-json\/wp\/v2\/media?parent=168419"}],"wp:term":[{"taxonomy":"category","embeddable":true,"href":"https:\/\/kuali.com.mx\/web\/wp-json\/wp\/v2\/categories?post=168419"},{"taxonomy":"post_tag","embeddable":true,"href":"https:\/\/kuali.com.mx\/web\/wp-json\/wp\/v2\/tags?post=168419"}],"curies":[{"name":"wp","href":"https:\/\/api.w.org\/{rel}","templated":true}]}}