{"id":168358,"date":"2025-02-12T12:42:52","date_gmt":"2025-02-12T18:42:52","guid":{"rendered":"https:\/\/kuali.com.mx\/web\/?p=168358"},"modified":"2025-02-12T12:44:47","modified_gmt":"2025-02-12T18:44:47","slug":"olvidan-la-austeridad-y-se-aumentan-el-sueldo","status":"publish","type":"post","link":"https:\/\/kuali.com.mx\/web\/2025\/02\/12\/olvidan-la-austeridad-y-se-aumentan-el-sueldo\/","title":{"rendered":"OLVIDAN LA AUSTERIDAD Y SE AUMENTAN EL SUELDO"},"content":{"rendered":"\n<p><strong><em>Jeshael Rivera Villal\u00f3n\/San Jos\u00e9 De Iturbide, Gto.<\/em><\/strong> \u2013 El Ayuntamiento de San Jos\u00e9 Iturbide, municipio gobernado por Morena, se aprobr\u00f3 un incremento salarial del 28 por ciento.<\/p>\n\n\n\n<p>Con ello, el m\u00e1ximo \u00f3rgano de gobierno local repiti\u00f3 lo que se ha venido haciendo en las m\u00e1s recientes administraciones.<\/p>\n\n\n\n<p>En un documento filtrado v\u00eda transparencia queda expuesto, de acuerdo a datos del propio gobierno local, que el salario diario de los regidores estaba en 2024 en 2 mil 408.40 pesos y pasa para este 2025 a 3 mil 029.46; es decir que el incremento es de alrededor de 621 pesos al d\u00eda.<\/p>\n\n\n\n<p>La cuesti\u00f3n aplicar\u00eda para todas las regidoras y regidores del Ayuntamiento local, que representan a los partidos Morena, PAN, Movimiento Ciudadano, PRI y PT.<\/p>\n\n\n\n<p>Por otra parte, respecto al salario diario del presidente municipal se indica que su sueldo de 2024 era de 3 mil 708.88 pesos y para este a\u00f1o esta en 4 mil 752. 32 pesos, es decir, que el incremento ser\u00eda de alrededor de poco m\u00e1s de mil pesos.<\/p>\n\n\n\n<p>En promedio, el alza de manera general es de al rededor del 28%.<\/p>\n\n\n\n<p>Cabe se\u00f1alar que, en el documento no se hace menci\u00f3n de los salarios de la sindicatura y de la secretar\u00eda del Ayuntamiento, aunque al ser un \u00f3rgano colegiado ha trascendido que tambi\u00e9n los salarios en dichas posiciones habr\u00edan subido.<\/p>\n\n\n\n<p>Aunque este medio busc\u00f3 una declaraci\u00f3n las autoridades al respecto, no se concret\u00f3 y se desconoce si se dar\u00e1 en los d\u00edas subsecuentes.<\/p>\n\n\n\n<p>Un dato a considerar es que, la recomendaci\u00f3n salarial emitida por el Congreso del Estado para este a\u00f1o contemplaba un sueldo mensual bruto para los ediles iturbidenses de 95 mil 969.78 para el alcalde, 43 mil 185.16 para los regidores y 47 mil 983.75 para la sindicatura.<\/p>\n\n\n\n<p>Tales cantidades estaban rebasadas desde el gobierno anterior.<\/p>\n\n\n\n<p>As\u00ed el Ayuntamiento actual se suma a gobiernos anteriores que determinaron tener salarios por encima de las recomendaciones emitidas por el congreso local.<\/p>\n","protected":false},"excerpt":{"rendered":"Jeshael Rivera Villal\u00f3n\/San Jos\u00e9 De Iturbide, Gto. \u2013 El Ayuntamiento de San Jos\u00e9 Iturbide, municipio gobernado por Morena, se aprobr\u00f3 un incremento salarial del 28 por ciento. Con ello, el m\u00e1ximo \u00f3rgano de gobierno local repiti\u00f3 lo que se ha venido haciendo en las m\u00e1s recientes administraciones. En un documento filtrado v\u00eda transparencia queda expuesto, [&hellip;]","protected":false},"author":2,"featured_media":168361,"comment_status":"open","ping_status":"open","sticky":false,"template":"","format":"standard","meta":{"_seopress_robots_primary_cat":"none","_seopress_titles_title":"","_seopress_titles_desc":"","_seopress_robots_index":"","_monsterinsights_skip_tracking":false,"_monsterinsights_sitenote_active":false,"_monsterinsights_sitenote_note":"","_monsterinsights_sitenote_category":0,"footnotes":""},"categories":[3,69],"tags":[],"class_list":["post-168358","post","type-post","status-publish","format-standard","has-post-thumbnail","hentry","category-politica","category-slider"],"yoast_head":"<!-- This site is optimized with the Yoast SEO plugin v27.4 - https:\/\/yoast.com\/product\/yoast-seo-wordpress\/ -->\n<title>OLVIDAN LA AUSTERIDAD Y SE AUMENTAN EL SUELDO - Kuali<\/title>\n<meta name=\"robots\" content=\"index, follow, max-snippet:-1, max-image-preview:large, max-video-preview:-1\" \/>\n<link rel=\"canonical\" href=\"https:\/\/kuali.com.mx\/web\/2025\/02\/12\/olvidan-la-austeridad-y-se-aumentan-el-sueldo\/\" \/>\n<meta property=\"og:locale\" content=\"es_MX\" \/>\n<meta property=\"og:type\" content=\"article\" \/>\n<meta property=\"og:title\" content=\"OLVIDAN LA AUSTERIDAD Y SE AUMENTAN EL SUELDO - Kuali\" \/>\n<meta property=\"og:description\" content=\"Jeshael Rivera Villal\u00f3n\/San Jos\u00e9 De Iturbide, Gto. \u2013 El Ayuntamiento de San Jos\u00e9 Iturbide, municipio gobernado por Morena, se aprobr\u00f3 un incremento salarial del 28 por ciento. Con ello, el m\u00e1ximo \u00f3rgano de gobierno local repiti\u00f3 lo que se ha venido haciendo en las m\u00e1s recientes administraciones. En un documento filtrado v\u00eda transparencia queda expuesto, [&hellip;]\" \/>\n<meta property=\"og:url\" content=\"https:\/\/kuali.com.mx\/web\/2025\/02\/12\/olvidan-la-austeridad-y-se-aumentan-el-sueldo\/\" \/>\n<meta property=\"og:site_name\" content=\"Kuali\" \/>\n<meta property=\"article:publisher\" content=\"https:\/\/kuali.com.mx\/web\/wp-content\/uploads\/2018\/04\/cropped-kuali_logo-1-1.png\" \/>\n<meta property=\"article:published_time\" content=\"2025-02-12T18:42:52+00:00\" \/>\n<meta property=\"article:modified_time\" content=\"2025-02-12T18:44:47+00:00\" \/>\n<meta property=\"og:image\" content=\"https:\/\/kuali.com.mx\/web\/wp-content\/uploads\/2025\/02\/Ayuntamiento-SJI-2024-2027.jpeg\" \/>\n\t<meta property=\"og:image:width\" content=\"1816\" \/>\n\t<meta property=\"og:image:height\" content=\"750\" \/>\n\t<meta property=\"og:image:type\" content=\"image\/jpeg\" \/>\n<meta name=\"author\" content=\"Kuali Staff\" \/>\n<meta name=\"twitter:card\" content=\"summary_large_image\" \/>\n<meta name=\"twitter:creator\" content=\"@kuali_noticias\" \/>\n<meta name=\"twitter:site\" content=\"@kuali_noticias\" \/>\n<meta name=\"twitter:label1\" content=\"Escrito por\" \/>\n\t<meta name=\"twitter:data1\" content=\"Kuali Staff\" \/>\n\t<meta name=\"twitter:label2\" content=\"Tiempo de lectura\" \/>\n\t<meta name=\"twitter:data2\" content=\"2 minutos\" \/>\n<script type=\"application\/ld+json\" class=\"yoast-schema-graph\">{\"@context\":\"https:\\\/\\\/schema.org\",\"@graph\":[{\"@type\":\"Article\",\"@id\":\"https:\\\/\\\/kuali.com.mx\\\/web\\\/2025\\\/02\\\/12\\\/olvidan-la-austeridad-y-se-aumentan-el-sueldo\\\/#article\",\"isPartOf\":{\"@id\":\"https:\\\/\\\/kuali.com.mx\\\/web\\\/2025\\\/02\\\/12\\\/olvidan-la-austeridad-y-se-aumentan-el-sueldo\\\/\"},\"author\":{\"name\":\"Kuali Staff\",\"@id\":\"https:\\\/\\\/kuali.com.mx\\\/web\\\/#\\\/schema\\\/person\\\/6f89ffa8ecba9dae50662357923c5289\"},\"headline\":\"OLVIDAN LA AUSTERIDAD Y SE AUMENTAN EL SUELDO\",\"datePublished\":\"2025-02-12T18:42:52+00:00\",\"dateModified\":\"2025-02-12T18:44:47+00:00\",\"mainEntityOfPage\":{\"@id\":\"https:\\\/\\\/kuali.com.mx\\\/web\\\/2025\\\/02\\\/12\\\/olvidan-la-austeridad-y-se-aumentan-el-sueldo\\\/\"},\"wordCount\":331,\"commentCount\":0,\"image\":{\"@id\":\"https:\\\/\\\/kuali.com.mx\\\/web\\\/2025\\\/02\\\/12\\\/olvidan-la-austeridad-y-se-aumentan-el-sueldo\\\/#primaryimage\"},\"thumbnailUrl\":\"https:\\\/\\\/kuali.com.mx\\\/web\\\/wp-content\\\/uploads\\\/2025\\\/02\\\/Ayuntamiento-SJI-2024-2027.jpeg\",\"articleSection\":[\"Pol\u00edtica\",\"slider\"],\"inLanguage\":\"es\",\"potentialAction\":[{\"@type\":\"CommentAction\",\"name\":\"Comment\",\"target\":[\"https:\\\/\\\/kuali.com.mx\\\/web\\\/2025\\\/02\\\/12\\\/olvidan-la-austeridad-y-se-aumentan-el-sueldo\\\/#respond\"]}]},{\"@type\":\"WebPage\",\"@id\":\"https:\\\/\\\/kuali.com.mx\\\/web\\\/2025\\\/02\\\/12\\\/olvidan-la-austeridad-y-se-aumentan-el-sueldo\\\/\",\"url\":\"https:\\\/\\\/kuali.com.mx\\\/web\\\/2025\\\/02\\\/12\\\/olvidan-la-austeridad-y-se-aumentan-el-sueldo\\\/\",\"name\":\"OLVIDAN LA AUSTERIDAD Y SE AUMENTAN EL SUELDO - Kuali\",\"isPartOf\":{\"@id\":\"https:\\\/\\\/kuali.com.mx\\\/web\\\/#website\"},\"primaryImageOfPage\":{\"@id\":\"https:\\\/\\\/kuali.com.mx\\\/web\\\/2025\\\/02\\\/12\\\/olvidan-la-austeridad-y-se-aumentan-el-sueldo\\\/#primaryimage\"},\"image\":{\"@id\":\"https:\\\/\\\/kuali.com.mx\\\/web\\\/2025\\\/02\\\/12\\\/olvidan-la-austeridad-y-se-aumentan-el-sueldo\\\/#primaryimage\"},\"thumbnailUrl\":\"https:\\\/\\\/kuali.com.mx\\\/web\\\/wp-content\\\/uploads\\\/2025\\\/02\\\/Ayuntamiento-SJI-2024-2027.jpeg\",\"datePublished\":\"2025-02-12T18:42:52+00:00\",\"dateModified\":\"2025-02-12T18:44:47+00:00\",\"author\":{\"@id\":\"https:\\\/\\\/kuali.com.mx\\\/web\\\/#\\\/schema\\\/person\\\/6f89ffa8ecba9dae50662357923c5289\"},\"breadcrumb\":{\"@id\":\"https:\\\/\\\/kuali.com.mx\\\/web\\\/2025\\\/02\\\/12\\\/olvidan-la-austeridad-y-se-aumentan-el-sueldo\\\/#breadcrumb\"},\"inLanguage\":\"es\",\"potentialAction\":[{\"@type\":\"ReadAction\",\"target\":[\"https:\\\/\\\/kuali.com.mx\\\/web\\\/2025\\\/02\\\/12\\\/olvidan-la-austeridad-y-se-aumentan-el-sueldo\\\/\"]}]},{\"@type\":\"ImageObject\",\"inLanguage\":\"es\",\"@id\":\"https:\\\/\\\/kuali.com.mx\\\/web\\\/2025\\\/02\\\/12\\\/olvidan-la-austeridad-y-se-aumentan-el-sueldo\\\/#primaryimage\",\"url\":\"https:\\\/\\\/kuali.com.mx\\\/web\\\/wp-content\\\/uploads\\\/2025\\\/02\\\/Ayuntamiento-SJI-2024-2027.jpeg\",\"contentUrl\":\"https:\\\/\\\/kuali.com.mx\\\/web\\\/wp-content\\\/uploads\\\/2025\\\/02\\\/Ayuntamiento-SJI-2024-2027.jpeg\",\"width\":1816,\"height\":750},{\"@type\":\"BreadcrumbList\",\"@id\":\"https:\\\/\\\/kuali.com.mx\\\/web\\\/2025\\\/02\\\/12\\\/olvidan-la-austeridad-y-se-aumentan-el-sueldo\\\/#breadcrumb\",\"itemListElement\":[{\"@type\":\"ListItem\",\"position\":1,\"name\":\"Inicio\",\"item\":\"https:\\\/\\\/kuali.com.mx\\\/web\\\/\"},{\"@type\":\"ListItem\",\"position\":2,\"name\":\"OLVIDAN LA AUSTERIDAD Y SE AUMENTAN EL SUELDO\"}]},{\"@type\":\"WebSite\",\"@id\":\"https:\\\/\\\/kuali.com.mx\\\/web\\\/#website\",\"url\":\"https:\\\/\\\/kuali.com.mx\\\/web\\\/\",\"name\":\"Kuali\",\"description\":\"\",\"potentialAction\":[{\"@type\":\"SearchAction\",\"target\":{\"@type\":\"EntryPoint\",\"urlTemplate\":\"https:\\\/\\\/kuali.com.mx\\\/web\\\/?s={search_term_string}\"},\"query-input\":{\"@type\":\"PropertyValueSpecification\",\"valueRequired\":true,\"valueName\":\"search_term_string\"}}],\"inLanguage\":\"es\"},{\"@type\":\"Person\",\"@id\":\"https:\\\/\\\/kuali.com.mx\\\/web\\\/#\\\/schema\\\/person\\\/6f89ffa8ecba9dae50662357923c5289\",\"name\":\"Kuali Staff\",\"image\":{\"@type\":\"ImageObject\",\"inLanguage\":\"es\",\"@id\":\"https:\\\/\\\/secure.gravatar.com\\\/avatar\\\/f917ad82e5ab71227a733c78b6e60715476f69ee6be59feee4eb5d9920c89e0f?s=96&d=mm&r=g\",\"url\":\"https:\\\/\\\/secure.gravatar.com\\\/avatar\\\/f917ad82e5ab71227a733c78b6e60715476f69ee6be59feee4eb5d9920c89e0f?s=96&d=mm&r=g\",\"contentUrl\":\"https:\\\/\\\/secure.gravatar.com\\\/avatar\\\/f917ad82e5ab71227a733c78b6e60715476f69ee6be59feee4eb5d9920c89e0f?s=96&d=mm&r=g\",\"caption\":\"Kuali Staff\"},\"url\":\"https:\\\/\\\/kuali.com.mx\\\/web\\\/author\\\/lagarto\\\/\"}]}<\/script>\n<!-- \/ Yoast SEO plugin. -->","yoast_head_json":{"title":"OLVIDAN LA AUSTERIDAD Y SE AUMENTAN EL SUELDO - Kuali","robots":{"index":"index","follow":"follow","max-snippet":"max-snippet:-1","max-image-preview":"max-image-preview:large","max-video-preview":"max-video-preview:-1"},"canonical":"https:\/\/kuali.com.mx\/web\/2025\/02\/12\/olvidan-la-austeridad-y-se-aumentan-el-sueldo\/","og_locale":"es_MX","og_type":"article","og_title":"OLVIDAN LA AUSTERIDAD Y SE AUMENTAN EL SUELDO - Kuali","og_description":"Jeshael Rivera Villal\u00f3n\/San Jos\u00e9 De Iturbide, Gto. \u2013 El Ayuntamiento de San Jos\u00e9 Iturbide, municipio gobernado por Morena, se aprobr\u00f3 un incremento salarial del 28 por ciento. Con ello, el m\u00e1ximo \u00f3rgano de gobierno local repiti\u00f3 lo que se ha venido haciendo en las m\u00e1s recientes administraciones. En un documento filtrado v\u00eda transparencia queda expuesto, [&hellip;]","og_url":"https:\/\/kuali.com.mx\/web\/2025\/02\/12\/olvidan-la-austeridad-y-se-aumentan-el-sueldo\/","og_site_name":"Kuali","article_publisher":"https:\/\/kuali.com.mx\/web\/wp-content\/uploads\/2018\/04\/cropped-kuali_logo-1-1.png","article_published_time":"2025-02-12T18:42:52+00:00","article_modified_time":"2025-02-12T18:44:47+00:00","og_image":[{"width":1816,"height":750,"url":"https:\/\/kuali.com.mx\/web\/wp-content\/uploads\/2025\/02\/Ayuntamiento-SJI-2024-2027.jpeg","type":"image\/jpeg"}],"author":"Kuali Staff","twitter_card":"summary_large_image","twitter_creator":"@kuali_noticias","twitter_site":"@kuali_noticias","twitter_misc":{"Escrito por":"Kuali Staff","Tiempo de lectura":"2 minutos"},"schema":{"@context":"https:\/\/schema.org","@graph":[{"@type":"Article","@id":"https:\/\/kuali.com.mx\/web\/2025\/02\/12\/olvidan-la-austeridad-y-se-aumentan-el-sueldo\/#article","isPartOf":{"@id":"https:\/\/kuali.com.mx\/web\/2025\/02\/12\/olvidan-la-austeridad-y-se-aumentan-el-sueldo\/"},"author":{"name":"Kuali Staff","@id":"https:\/\/kuali.com.mx\/web\/#\/schema\/person\/6f89ffa8ecba9dae50662357923c5289"},"headline":"OLVIDAN LA AUSTERIDAD Y SE AUMENTAN EL SUELDO","datePublished":"2025-02-12T18:42:52+00:00","dateModified":"2025-02-12T18:44:47+00:00","mainEntityOfPage":{"@id":"https:\/\/kuali.com.mx\/web\/2025\/02\/12\/olvidan-la-austeridad-y-se-aumentan-el-sueldo\/"},"wordCount":331,"commentCount":0,"image":{"@id":"https:\/\/kuali.com.mx\/web\/2025\/02\/12\/olvidan-la-austeridad-y-se-aumentan-el-sueldo\/#primaryimage"},"thumbnailUrl":"https:\/\/kuali.com.mx\/web\/wp-content\/uploads\/2025\/02\/Ayuntamiento-SJI-2024-2027.jpeg","articleSection":["Pol\u00edtica","slider"],"inLanguage":"es","potentialAction":[{"@type":"CommentAction","name":"Comment","target":["https:\/\/kuali.com.mx\/web\/2025\/02\/12\/olvidan-la-austeridad-y-se-aumentan-el-sueldo\/#respond"]}]},{"@type":"WebPage","@id":"https:\/\/kuali.com.mx\/web\/2025\/02\/12\/olvidan-la-austeridad-y-se-aumentan-el-sueldo\/","url":"https:\/\/kuali.com.mx\/web\/2025\/02\/12\/olvidan-la-austeridad-y-se-aumentan-el-sueldo\/","name":"OLVIDAN LA AUSTERIDAD Y SE AUMENTAN EL SUELDO - Kuali","isPartOf":{"@id":"https:\/\/kuali.com.mx\/web\/#website"},"primaryImageOfPage":{"@id":"https:\/\/kuali.com.mx\/web\/2025\/02\/12\/olvidan-la-austeridad-y-se-aumentan-el-sueldo\/#primaryimage"},"image":{"@id":"https:\/\/kuali.com.mx\/web\/2025\/02\/12\/olvidan-la-austeridad-y-se-aumentan-el-sueldo\/#primaryimage"},"thumbnailUrl":"https:\/\/kuali.com.mx\/web\/wp-content\/uploads\/2025\/02\/Ayuntamiento-SJI-2024-2027.jpeg","datePublished":"2025-02-12T18:42:52+00:00","dateModified":"2025-02-12T18:44:47+00:00","author":{"@id":"https:\/\/kuali.com.mx\/web\/#\/schema\/person\/6f89ffa8ecba9dae50662357923c5289"},"breadcrumb":{"@id":"https:\/\/kuali.com.mx\/web\/2025\/02\/12\/olvidan-la-austeridad-y-se-aumentan-el-sueldo\/#breadcrumb"},"inLanguage":"es","potentialAction":[{"@type":"ReadAction","target":["https:\/\/kuali.com.mx\/web\/2025\/02\/12\/olvidan-la-austeridad-y-se-aumentan-el-sueldo\/"]}]},{"@type":"ImageObject","inLanguage":"es","@id":"https:\/\/kuali.com.mx\/web\/2025\/02\/12\/olvidan-la-austeridad-y-se-aumentan-el-sueldo\/#primaryimage","url":"https:\/\/kuali.com.mx\/web\/wp-content\/uploads\/2025\/02\/Ayuntamiento-SJI-2024-2027.jpeg","contentUrl":"https:\/\/kuali.com.mx\/web\/wp-content\/uploads\/2025\/02\/Ayuntamiento-SJI-2024-2027.jpeg","width":1816,"height":750},{"@type":"BreadcrumbList","@id":"https:\/\/kuali.com.mx\/web\/2025\/02\/12\/olvidan-la-austeridad-y-se-aumentan-el-sueldo\/#breadcrumb","itemListElement":[{"@type":"ListItem","position":1,"name":"Inicio","item":"https:\/\/kuali.com.mx\/web\/"},{"@type":"ListItem","position":2,"name":"OLVIDAN LA AUSTERIDAD Y SE AUMENTAN EL SUELDO"}]},{"@type":"WebSite","@id":"https:\/\/kuali.com.mx\/web\/#website","url":"https:\/\/kuali.com.mx\/web\/","name":"Kuali","description":"","potentialAction":[{"@type":"SearchAction","target":{"@type":"EntryPoint","urlTemplate":"https:\/\/kuali.com.mx\/web\/?s={search_term_string}"},"query-input":{"@type":"PropertyValueSpecification","valueRequired":true,"valueName":"search_term_string"}}],"inLanguage":"es"},{"@type":"Person","@id":"https:\/\/kuali.com.mx\/web\/#\/schema\/person\/6f89ffa8ecba9dae50662357923c5289","name":"Kuali Staff","image":{"@type":"ImageObject","inLanguage":"es","@id":"https:\/\/secure.gravatar.com\/avatar\/f917ad82e5ab71227a733c78b6e60715476f69ee6be59feee4eb5d9920c89e0f?s=96&d=mm&r=g","url":"https:\/\/secure.gravatar.com\/avatar\/f917ad82e5ab71227a733c78b6e60715476f69ee6be59feee4eb5d9920c89e0f?s=96&d=mm&r=g","contentUrl":"https:\/\/secure.gravatar.com\/avatar\/f917ad82e5ab71227a733c78b6e60715476f69ee6be59feee4eb5d9920c89e0f?s=96&d=mm&r=g","caption":"Kuali Staff"},"url":"https:\/\/kuali.com.mx\/web\/author\/lagarto\/"}]}},"_links":{"self":[{"href":"https:\/\/kuali.com.mx\/web\/wp-json\/wp\/v2\/posts\/168358","targetHints":{"allow":["GET"]}}],"collection":[{"href":"https:\/\/kuali.com.mx\/web\/wp-json\/wp\/v2\/posts"}],"about":[{"href":"https:\/\/kuali.com.mx\/web\/wp-json\/wp\/v2\/types\/post"}],"author":[{"embeddable":true,"href":"https:\/\/kuali.com.mx\/web\/wp-json\/wp\/v2\/users\/2"}],"replies":[{"embeddable":true,"href":"https:\/\/kuali.com.mx\/web\/wp-json\/wp\/v2\/comments?post=168358"}],"version-history":[{"count":2,"href":"https:\/\/kuali.com.mx\/web\/wp-json\/wp\/v2\/posts\/168358\/revisions"}],"predecessor-version":[{"id":168364,"href":"https:\/\/kuali.com.mx\/web\/wp-json\/wp\/v2\/posts\/168358\/revisions\/168364"}],"wp:featuredmedia":[{"embeddable":true,"href":"https:\/\/kuali.com.mx\/web\/wp-json\/wp\/v2\/media\/168361"}],"wp:attachment":[{"href":"https:\/\/kuali.com.mx\/web\/wp-json\/wp\/v2\/media?parent=168358"}],"wp:term":[{"taxonomy":"category","embeddable":true,"href":"https:\/\/kuali.com.mx\/web\/wp-json\/wp\/v2\/categories?post=168358"},{"taxonomy":"post_tag","embeddable":true,"href":"https:\/\/kuali.com.mx\/web\/wp-json\/wp\/v2\/tags?post=168358"}],"curies":[{"name":"wp","href":"https:\/\/api.w.org\/{rel}","templated":true}]}}