{"id":168354,"date":"2025-02-12T12:30:58","date_gmt":"2025-02-12T18:30:58","guid":{"rendered":"https:\/\/kuali.com.mx\/web\/?p=168354"},"modified":"2025-02-12T19:15:39","modified_gmt":"2025-02-13T01:15:39","slug":"dejar-criticas-y-coordinarse-pide-pan-a-sheinbaum","status":"publish","type":"post","link":"https:\/\/kuali.com.mx\/web\/2025\/02\/12\/dejar-criticas-y-coordinarse-pide-pan-a-sheinbaum\/","title":{"rendered":"DEJAR CR\u00cdTICAS Y COORDINARSE, PIDE PAN A SHEINBAUM"},"content":{"rendered":"\n<p><strong><em>Milagros Tadeo\/Le\u00f3n, Gto.- <\/em><\/strong>El dirigente estatal del PAN, Aldo M\u00e1rquez Becerra, pidi\u00f3 a la presidenta, Claudia Sheinbaum Pardo, trabajar de manera coordinada en materia de seguridad y dejar de lado las cr\u00edticas al trabajo de los gobiernos panistas.<\/p>\n\n\n\n<p>Luego de que la presidenta dijo que Guanajuato sigue manteni\u00e9ndose como el estado m\u00e1s violento del pa\u00eds a causa del modelo de desarrollo implementado por los gobiernos del PAN, M\u00e1rquez Becerra, exigi\u00f3 al Gobierno federal que se sumen al trabajo para contener la inseguridad.<\/p>\n\n\n\n<p>\u201cExplicar el tema de seguridad desde un \u00e1ngulo pol\u00edtico es, por lo menos, simpl\u00f3n. Hoy, como nunca la ciudadan\u00eda nos demanda coordinaci\u00f3n y pol\u00edtica de altura, pol\u00edtica de la buena, pero sobre todo lo que nos demanda son resultados. Invito a las autoridades federales a que se sumen a dar resultados por Guanajuato\u201d, indic\u00f3.<\/p>\n\n\n\n<p>Dijo que m\u00e1s all\u00e1 de cr\u00edticas se requiere de trabajo por parte de las autoridades federales.<\/p>\n\n\n\n<p>\u201cEs un tema en el que no tenemos por qu\u00e9 entrar en pol\u00e9mica con la Presidencia de la Rep\u00fablica. Lo que s\u00ed he de decir muy claro es que los gobiernos de Acci\u00f3n Nacional son gobiernos humanistas y en Guanajuato est\u00e1 m\u00e1s que claro que tenemos la confianza de la ciudadan\u00eda porque hay superaci\u00f3n en materia de desarrollo social, en materia econ\u00f3mica, en las inversiones, en infraestructura, en educaci\u00f3n. Trabajamos con y para la gente\u201d refiri\u00f3.<\/p>\n\n\n\n<p>Asimismo, defendi\u00f3 el modelo de gobierno del PAN, partido que dijo, sigue siendo respaldado por los guanajuatenses.<\/p>\n","protected":false},"excerpt":{"rendered":"Milagros Tadeo\/Le\u00f3n, Gto.- El dirigente estatal del PAN, Aldo M\u00e1rquez Becerra, pidi\u00f3 a la presidenta, Claudia Sheinbaum Pardo, trabajar de manera coordinada en materia de seguridad y dejar de lado las cr\u00edticas al trabajo de los gobiernos panistas. Luego de que la presidenta dijo que Guanajuato sigue manteni\u00e9ndose como el estado m\u00e1s violento del pa\u00eds [&hellip;]","protected":false},"author":2,"featured_media":159559,"comment_status":"open","ping_status":"open","sticky":false,"template":"","format":"standard","meta":{"_seopress_robots_primary_cat":"none","_seopress_titles_title":"","_seopress_titles_desc":"","_seopress_robots_index":"","_monsterinsights_skip_tracking":false,"_monsterinsights_sitenote_active":false,"_monsterinsights_sitenote_note":"","_monsterinsights_sitenote_category":0,"footnotes":""},"categories":[3,69],"tags":[],"class_list":["post-168354","post","type-post","status-publish","format-standard","has-post-thumbnail","hentry","category-politica","category-slider"],"yoast_head":"<!-- This site is optimized with the Yoast SEO plugin v27.4 - https:\/\/yoast.com\/product\/yoast-seo-wordpress\/ -->\n<title>DEJAR CR\u00cdTICAS Y COORDINARSE, PIDE PAN A SHEINBAUM - Kuali<\/title>\n<meta name=\"robots\" content=\"index, follow, max-snippet:-1, max-image-preview:large, max-video-preview:-1\" \/>\n<link rel=\"canonical\" href=\"https:\/\/kuali.com.mx\/web\/2025\/02\/12\/dejar-criticas-y-coordinarse-pide-pan-a-sheinbaum\/\" \/>\n<meta property=\"og:locale\" content=\"es_MX\" \/>\n<meta property=\"og:type\" content=\"article\" \/>\n<meta property=\"og:title\" content=\"DEJAR CR\u00cdTICAS Y COORDINARSE, PIDE PAN A SHEINBAUM - Kuali\" \/>\n<meta property=\"og:description\" content=\"Milagros Tadeo\/Le\u00f3n, Gto.- El dirigente estatal del PAN, Aldo M\u00e1rquez Becerra, pidi\u00f3 a la presidenta, Claudia Sheinbaum Pardo, trabajar de manera coordinada en materia de seguridad y dejar de lado las cr\u00edticas al trabajo de los gobiernos panistas. Luego de que la presidenta dijo que Guanajuato sigue manteni\u00e9ndose como el estado m\u00e1s violento del pa\u00eds [&hellip;]\" \/>\n<meta property=\"og:url\" content=\"https:\/\/kuali.com.mx\/web\/2025\/02\/12\/dejar-criticas-y-coordinarse-pide-pan-a-sheinbaum\/\" \/>\n<meta property=\"og:site_name\" content=\"Kuali\" \/>\n<meta property=\"article:publisher\" content=\"https:\/\/kuali.com.mx\/web\/wp-content\/uploads\/2018\/04\/cropped-kuali_logo-1-1.png\" \/>\n<meta property=\"article:published_time\" content=\"2025-02-12T18:30:58+00:00\" \/>\n<meta property=\"article:modified_time\" content=\"2025-02-13T01:15:39+00:00\" \/>\n<meta property=\"og:image\" content=\"https:\/\/kuali.com.mx\/web\/wp-content\/uploads\/2024\/11\/Aldo-Marquez-2.jpeg\" \/>\n\t<meta property=\"og:image:width\" content=\"1860\" \/>\n\t<meta property=\"og:image:height\" content=\"750\" \/>\n\t<meta property=\"og:image:type\" content=\"image\/jpeg\" \/>\n<meta name=\"author\" content=\"Kuali Staff\" \/>\n<meta name=\"twitter:card\" content=\"summary_large_image\" \/>\n<meta name=\"twitter:creator\" content=\"@kuali_noticias\" \/>\n<meta name=\"twitter:site\" content=\"@kuali_noticias\" \/>\n<meta name=\"twitter:label1\" content=\"Escrito por\" \/>\n\t<meta name=\"twitter:data1\" content=\"Kuali Staff\" \/>\n\t<meta name=\"twitter:label2\" content=\"Tiempo de lectura\" \/>\n\t<meta name=\"twitter:data2\" content=\"1 minuto\" \/>\n<script type=\"application\/ld+json\" class=\"yoast-schema-graph\">{\"@context\":\"https:\\\/\\\/schema.org\",\"@graph\":[{\"@type\":\"Article\",\"@id\":\"https:\\\/\\\/kuali.com.mx\\\/web\\\/2025\\\/02\\\/12\\\/dejar-criticas-y-coordinarse-pide-pan-a-sheinbaum\\\/#article\",\"isPartOf\":{\"@id\":\"https:\\\/\\\/kuali.com.mx\\\/web\\\/2025\\\/02\\\/12\\\/dejar-criticas-y-coordinarse-pide-pan-a-sheinbaum\\\/\"},\"author\":{\"name\":\"Kuali Staff\",\"@id\":\"https:\\\/\\\/kuali.com.mx\\\/web\\\/#\\\/schema\\\/person\\\/6f89ffa8ecba9dae50662357923c5289\"},\"headline\":\"DEJAR CR\u00cdTICAS Y COORDINARSE, PIDE PAN A SHEINBAUM\",\"datePublished\":\"2025-02-12T18:30:58+00:00\",\"dateModified\":\"2025-02-13T01:15:39+00:00\",\"mainEntityOfPage\":{\"@id\":\"https:\\\/\\\/kuali.com.mx\\\/web\\\/2025\\\/02\\\/12\\\/dejar-criticas-y-coordinarse-pide-pan-a-sheinbaum\\\/\"},\"wordCount\":279,\"commentCount\":0,\"image\":{\"@id\":\"https:\\\/\\\/kuali.com.mx\\\/web\\\/2025\\\/02\\\/12\\\/dejar-criticas-y-coordinarse-pide-pan-a-sheinbaum\\\/#primaryimage\"},\"thumbnailUrl\":\"https:\\\/\\\/kuali.com.mx\\\/web\\\/wp-content\\\/uploads\\\/2024\\\/11\\\/Aldo-Marquez-2.jpeg\",\"articleSection\":[\"Pol\u00edtica\",\"slider\"],\"inLanguage\":\"es\",\"potentialAction\":[{\"@type\":\"CommentAction\",\"name\":\"Comment\",\"target\":[\"https:\\\/\\\/kuali.com.mx\\\/web\\\/2025\\\/02\\\/12\\\/dejar-criticas-y-coordinarse-pide-pan-a-sheinbaum\\\/#respond\"]}]},{\"@type\":\"WebPage\",\"@id\":\"https:\\\/\\\/kuali.com.mx\\\/web\\\/2025\\\/02\\\/12\\\/dejar-criticas-y-coordinarse-pide-pan-a-sheinbaum\\\/\",\"url\":\"https:\\\/\\\/kuali.com.mx\\\/web\\\/2025\\\/02\\\/12\\\/dejar-criticas-y-coordinarse-pide-pan-a-sheinbaum\\\/\",\"name\":\"DEJAR CR\u00cdTICAS Y COORDINARSE, PIDE PAN A SHEINBAUM - Kuali\",\"isPartOf\":{\"@id\":\"https:\\\/\\\/kuali.com.mx\\\/web\\\/#website\"},\"primaryImageOfPage\":{\"@id\":\"https:\\\/\\\/kuali.com.mx\\\/web\\\/2025\\\/02\\\/12\\\/dejar-criticas-y-coordinarse-pide-pan-a-sheinbaum\\\/#primaryimage\"},\"image\":{\"@id\":\"https:\\\/\\\/kuali.com.mx\\\/web\\\/2025\\\/02\\\/12\\\/dejar-criticas-y-coordinarse-pide-pan-a-sheinbaum\\\/#primaryimage\"},\"thumbnailUrl\":\"https:\\\/\\\/kuali.com.mx\\\/web\\\/wp-content\\\/uploads\\\/2024\\\/11\\\/Aldo-Marquez-2.jpeg\",\"datePublished\":\"2025-02-12T18:30:58+00:00\",\"dateModified\":\"2025-02-13T01:15:39+00:00\",\"author\":{\"@id\":\"https:\\\/\\\/kuali.com.mx\\\/web\\\/#\\\/schema\\\/person\\\/6f89ffa8ecba9dae50662357923c5289\"},\"breadcrumb\":{\"@id\":\"https:\\\/\\\/kuali.com.mx\\\/web\\\/2025\\\/02\\\/12\\\/dejar-criticas-y-coordinarse-pide-pan-a-sheinbaum\\\/#breadcrumb\"},\"inLanguage\":\"es\",\"potentialAction\":[{\"@type\":\"ReadAction\",\"target\":[\"https:\\\/\\\/kuali.com.mx\\\/web\\\/2025\\\/02\\\/12\\\/dejar-criticas-y-coordinarse-pide-pan-a-sheinbaum\\\/\"]}]},{\"@type\":\"ImageObject\",\"inLanguage\":\"es\",\"@id\":\"https:\\\/\\\/kuali.com.mx\\\/web\\\/2025\\\/02\\\/12\\\/dejar-criticas-y-coordinarse-pide-pan-a-sheinbaum\\\/#primaryimage\",\"url\":\"https:\\\/\\\/kuali.com.mx\\\/web\\\/wp-content\\\/uploads\\\/2024\\\/11\\\/Aldo-Marquez-2.jpeg\",\"contentUrl\":\"https:\\\/\\\/kuali.com.mx\\\/web\\\/wp-content\\\/uploads\\\/2024\\\/11\\\/Aldo-Marquez-2.jpeg\",\"width\":1860,\"height\":750},{\"@type\":\"BreadcrumbList\",\"@id\":\"https:\\\/\\\/kuali.com.mx\\\/web\\\/2025\\\/02\\\/12\\\/dejar-criticas-y-coordinarse-pide-pan-a-sheinbaum\\\/#breadcrumb\",\"itemListElement\":[{\"@type\":\"ListItem\",\"position\":1,\"name\":\"Inicio\",\"item\":\"https:\\\/\\\/kuali.com.mx\\\/web\\\/\"},{\"@type\":\"ListItem\",\"position\":2,\"name\":\"DEJAR CR\u00cdTICAS Y COORDINARSE, PIDE PAN A SHEINBAUM\"}]},{\"@type\":\"WebSite\",\"@id\":\"https:\\\/\\\/kuali.com.mx\\\/web\\\/#website\",\"url\":\"https:\\\/\\\/kuali.com.mx\\\/web\\\/\",\"name\":\"Kuali\",\"description\":\"\",\"potentialAction\":[{\"@type\":\"SearchAction\",\"target\":{\"@type\":\"EntryPoint\",\"urlTemplate\":\"https:\\\/\\\/kuali.com.mx\\\/web\\\/?s={search_term_string}\"},\"query-input\":{\"@type\":\"PropertyValueSpecification\",\"valueRequired\":true,\"valueName\":\"search_term_string\"}}],\"inLanguage\":\"es\"},{\"@type\":\"Person\",\"@id\":\"https:\\\/\\\/kuali.com.mx\\\/web\\\/#\\\/schema\\\/person\\\/6f89ffa8ecba9dae50662357923c5289\",\"name\":\"Kuali Staff\",\"image\":{\"@type\":\"ImageObject\",\"inLanguage\":\"es\",\"@id\":\"https:\\\/\\\/secure.gravatar.com\\\/avatar\\\/f917ad82e5ab71227a733c78b6e60715476f69ee6be59feee4eb5d9920c89e0f?s=96&d=mm&r=g\",\"url\":\"https:\\\/\\\/secure.gravatar.com\\\/avatar\\\/f917ad82e5ab71227a733c78b6e60715476f69ee6be59feee4eb5d9920c89e0f?s=96&d=mm&r=g\",\"contentUrl\":\"https:\\\/\\\/secure.gravatar.com\\\/avatar\\\/f917ad82e5ab71227a733c78b6e60715476f69ee6be59feee4eb5d9920c89e0f?s=96&d=mm&r=g\",\"caption\":\"Kuali Staff\"},\"url\":\"https:\\\/\\\/kuali.com.mx\\\/web\\\/author\\\/lagarto\\\/\"}]}<\/script>\n<!-- \/ Yoast SEO plugin. -->","yoast_head_json":{"title":"DEJAR CR\u00cdTICAS Y COORDINARSE, PIDE PAN A SHEINBAUM - Kuali","robots":{"index":"index","follow":"follow","max-snippet":"max-snippet:-1","max-image-preview":"max-image-preview:large","max-video-preview":"max-video-preview:-1"},"canonical":"https:\/\/kuali.com.mx\/web\/2025\/02\/12\/dejar-criticas-y-coordinarse-pide-pan-a-sheinbaum\/","og_locale":"es_MX","og_type":"article","og_title":"DEJAR CR\u00cdTICAS Y COORDINARSE, PIDE PAN A SHEINBAUM - Kuali","og_description":"Milagros Tadeo\/Le\u00f3n, Gto.- El dirigente estatal del PAN, Aldo M\u00e1rquez Becerra, pidi\u00f3 a la presidenta, Claudia Sheinbaum Pardo, trabajar de manera coordinada en materia de seguridad y dejar de lado las cr\u00edticas al trabajo de los gobiernos panistas. Luego de que la presidenta dijo que Guanajuato sigue manteni\u00e9ndose como el estado m\u00e1s violento del pa\u00eds [&hellip;]","og_url":"https:\/\/kuali.com.mx\/web\/2025\/02\/12\/dejar-criticas-y-coordinarse-pide-pan-a-sheinbaum\/","og_site_name":"Kuali","article_publisher":"https:\/\/kuali.com.mx\/web\/wp-content\/uploads\/2018\/04\/cropped-kuali_logo-1-1.png","article_published_time":"2025-02-12T18:30:58+00:00","article_modified_time":"2025-02-13T01:15:39+00:00","og_image":[{"width":1860,"height":750,"url":"https:\/\/kuali.com.mx\/web\/wp-content\/uploads\/2024\/11\/Aldo-Marquez-2.jpeg","type":"image\/jpeg"}],"author":"Kuali Staff","twitter_card":"summary_large_image","twitter_creator":"@kuali_noticias","twitter_site":"@kuali_noticias","twitter_misc":{"Escrito por":"Kuali Staff","Tiempo de lectura":"1 minuto"},"schema":{"@context":"https:\/\/schema.org","@graph":[{"@type":"Article","@id":"https:\/\/kuali.com.mx\/web\/2025\/02\/12\/dejar-criticas-y-coordinarse-pide-pan-a-sheinbaum\/#article","isPartOf":{"@id":"https:\/\/kuali.com.mx\/web\/2025\/02\/12\/dejar-criticas-y-coordinarse-pide-pan-a-sheinbaum\/"},"author":{"name":"Kuali Staff","@id":"https:\/\/kuali.com.mx\/web\/#\/schema\/person\/6f89ffa8ecba9dae50662357923c5289"},"headline":"DEJAR CR\u00cdTICAS Y COORDINARSE, PIDE PAN A SHEINBAUM","datePublished":"2025-02-12T18:30:58+00:00","dateModified":"2025-02-13T01:15:39+00:00","mainEntityOfPage":{"@id":"https:\/\/kuali.com.mx\/web\/2025\/02\/12\/dejar-criticas-y-coordinarse-pide-pan-a-sheinbaum\/"},"wordCount":279,"commentCount":0,"image":{"@id":"https:\/\/kuali.com.mx\/web\/2025\/02\/12\/dejar-criticas-y-coordinarse-pide-pan-a-sheinbaum\/#primaryimage"},"thumbnailUrl":"https:\/\/kuali.com.mx\/web\/wp-content\/uploads\/2024\/11\/Aldo-Marquez-2.jpeg","articleSection":["Pol\u00edtica","slider"],"inLanguage":"es","potentialAction":[{"@type":"CommentAction","name":"Comment","target":["https:\/\/kuali.com.mx\/web\/2025\/02\/12\/dejar-criticas-y-coordinarse-pide-pan-a-sheinbaum\/#respond"]}]},{"@type":"WebPage","@id":"https:\/\/kuali.com.mx\/web\/2025\/02\/12\/dejar-criticas-y-coordinarse-pide-pan-a-sheinbaum\/","url":"https:\/\/kuali.com.mx\/web\/2025\/02\/12\/dejar-criticas-y-coordinarse-pide-pan-a-sheinbaum\/","name":"DEJAR CR\u00cdTICAS Y COORDINARSE, PIDE PAN A SHEINBAUM - Kuali","isPartOf":{"@id":"https:\/\/kuali.com.mx\/web\/#website"},"primaryImageOfPage":{"@id":"https:\/\/kuali.com.mx\/web\/2025\/02\/12\/dejar-criticas-y-coordinarse-pide-pan-a-sheinbaum\/#primaryimage"},"image":{"@id":"https:\/\/kuali.com.mx\/web\/2025\/02\/12\/dejar-criticas-y-coordinarse-pide-pan-a-sheinbaum\/#primaryimage"},"thumbnailUrl":"https:\/\/kuali.com.mx\/web\/wp-content\/uploads\/2024\/11\/Aldo-Marquez-2.jpeg","datePublished":"2025-02-12T18:30:58+00:00","dateModified":"2025-02-13T01:15:39+00:00","author":{"@id":"https:\/\/kuali.com.mx\/web\/#\/schema\/person\/6f89ffa8ecba9dae50662357923c5289"},"breadcrumb":{"@id":"https:\/\/kuali.com.mx\/web\/2025\/02\/12\/dejar-criticas-y-coordinarse-pide-pan-a-sheinbaum\/#breadcrumb"},"inLanguage":"es","potentialAction":[{"@type":"ReadAction","target":["https:\/\/kuali.com.mx\/web\/2025\/02\/12\/dejar-criticas-y-coordinarse-pide-pan-a-sheinbaum\/"]}]},{"@type":"ImageObject","inLanguage":"es","@id":"https:\/\/kuali.com.mx\/web\/2025\/02\/12\/dejar-criticas-y-coordinarse-pide-pan-a-sheinbaum\/#primaryimage","url":"https:\/\/kuali.com.mx\/web\/wp-content\/uploads\/2024\/11\/Aldo-Marquez-2.jpeg","contentUrl":"https:\/\/kuali.com.mx\/web\/wp-content\/uploads\/2024\/11\/Aldo-Marquez-2.jpeg","width":1860,"height":750},{"@type":"BreadcrumbList","@id":"https:\/\/kuali.com.mx\/web\/2025\/02\/12\/dejar-criticas-y-coordinarse-pide-pan-a-sheinbaum\/#breadcrumb","itemListElement":[{"@type":"ListItem","position":1,"name":"Inicio","item":"https:\/\/kuali.com.mx\/web\/"},{"@type":"ListItem","position":2,"name":"DEJAR CR\u00cdTICAS Y COORDINARSE, PIDE PAN A SHEINBAUM"}]},{"@type":"WebSite","@id":"https:\/\/kuali.com.mx\/web\/#website","url":"https:\/\/kuali.com.mx\/web\/","name":"Kuali","description":"","potentialAction":[{"@type":"SearchAction","target":{"@type":"EntryPoint","urlTemplate":"https:\/\/kuali.com.mx\/web\/?s={search_term_string}"},"query-input":{"@type":"PropertyValueSpecification","valueRequired":true,"valueName":"search_term_string"}}],"inLanguage":"es"},{"@type":"Person","@id":"https:\/\/kuali.com.mx\/web\/#\/schema\/person\/6f89ffa8ecba9dae50662357923c5289","name":"Kuali Staff","image":{"@type":"ImageObject","inLanguage":"es","@id":"https:\/\/secure.gravatar.com\/avatar\/f917ad82e5ab71227a733c78b6e60715476f69ee6be59feee4eb5d9920c89e0f?s=96&d=mm&r=g","url":"https:\/\/secure.gravatar.com\/avatar\/f917ad82e5ab71227a733c78b6e60715476f69ee6be59feee4eb5d9920c89e0f?s=96&d=mm&r=g","contentUrl":"https:\/\/secure.gravatar.com\/avatar\/f917ad82e5ab71227a733c78b6e60715476f69ee6be59feee4eb5d9920c89e0f?s=96&d=mm&r=g","caption":"Kuali Staff"},"url":"https:\/\/kuali.com.mx\/web\/author\/lagarto\/"}]}},"_links":{"self":[{"href":"https:\/\/kuali.com.mx\/web\/wp-json\/wp\/v2\/posts\/168354","targetHints":{"allow":["GET"]}}],"collection":[{"href":"https:\/\/kuali.com.mx\/web\/wp-json\/wp\/v2\/posts"}],"about":[{"href":"https:\/\/kuali.com.mx\/web\/wp-json\/wp\/v2\/types\/post"}],"author":[{"embeddable":true,"href":"https:\/\/kuali.com.mx\/web\/wp-json\/wp\/v2\/users\/2"}],"replies":[{"embeddable":true,"href":"https:\/\/kuali.com.mx\/web\/wp-json\/wp\/v2\/comments?post=168354"}],"version-history":[{"count":1,"href":"https:\/\/kuali.com.mx\/web\/wp-json\/wp\/v2\/posts\/168354\/revisions"}],"predecessor-version":[{"id":168357,"href":"https:\/\/kuali.com.mx\/web\/wp-json\/wp\/v2\/posts\/168354\/revisions\/168357"}],"wp:featuredmedia":[{"embeddable":true,"href":"https:\/\/kuali.com.mx\/web\/wp-json\/wp\/v2\/media\/159559"}],"wp:attachment":[{"href":"https:\/\/kuali.com.mx\/web\/wp-json\/wp\/v2\/media?parent=168354"}],"wp:term":[{"taxonomy":"category","embeddable":true,"href":"https:\/\/kuali.com.mx\/web\/wp-json\/wp\/v2\/categories?post=168354"},{"taxonomy":"post_tag","embeddable":true,"href":"https:\/\/kuali.com.mx\/web\/wp-json\/wp\/v2\/tags?post=168354"}],"curies":[{"name":"wp","href":"https:\/\/api.w.org\/{rel}","templated":true}]}}