{"id":168210,"date":"2025-02-10T01:42:00","date_gmt":"2025-02-10T07:42:00","guid":{"rendered":"https:\/\/kuali.com.mx\/web\/?p=168210"},"modified":"2025-02-10T19:43:23","modified_gmt":"2025-02-11T01:43:23","slug":"asisten-20-mil-personas-al-cierre-de-la-feria-de-sji","status":"publish","type":"post","link":"https:\/\/kuali.com.mx\/web\/2025\/02\/10\/asisten-20-mil-personas-al-cierre-de-la-feria-de-sji\/","title":{"rendered":"ASISTEN 20 MIL PERSONAS AL CIERRE DE LA FERIA DE SJI"},"content":{"rendered":"\n<p><strong><em>Jeshael Rivera Villal\u00f3n\/San Jos\u00e9 De Iturbide, Gto. \u2013<\/em><\/strong> La feria de San Jos\u00e9 de Iturbide Guanajuato tuvo un cierre en el que asistieron m\u00e1s de 20 mil persona para disfrutar de los juegos mec\u00e1nicos, y las presentaciones de el Trono de M\u00e9xico y el cantautor Espinoza Paz. <\/p>\n\n\n\n<p>El alcalde Edgar Manuel Montes De la Vega agradeci\u00f3 la participaci\u00f3n en los eventos y adelant\u00f3 que cada a\u00f1o la feria ser\u00e1 mejor.<\/p>\n\n\n\n<p>En los d\u00edas previos al cierre se presentaron agrupaciones como La Arrolladora Banda El Lim\u00f3n, Los Alame\u00f1os de la Sierra, Titanes de Durango, Mi Banda El Mexicano, Los Acosta, entre otros.<\/p>\n\n\n\n<p>Otra actividad a considerar fue la Expo Ganadera, que reuni\u00f3 a ganaderos de la regi\u00f3n, quienes mostraron lo mejor de su producci\u00f3n, creando una oportunidad perfecta para promover la industria agropecuaria del municipio y de la zona.<\/p>\n\n\n\n<p>Tambi\u00e9n se abrieron ventanas de apoyos para el mejoramiento gen\u00e9tico de sus ganados.<\/p>\n\n\n\n<p>Durante los 10 d\u00edas que dur\u00f3 la feria, tambi\u00e9n se dio un espacio para emprendedores locales, quienes tuvieron la oportunidad de exponer sus productos y servicios.<\/p>\n\n\n\n<p>De acuerdo con los reportes de las autoridades durante todos los d\u00edas se tuvo un aforo de m\u00e1s de 70 mil asistentes, lo que implic\u00f3 una derrama econ\u00f3mica considerable para diferentes sectores y la visita de turistas a los eventos y a conocer el municipio.<\/p>\n\n\n\n<p>La noche del cierre de actividades, el presidente municipal, Edgar Manuel Montes De la Vega, expres\u00f3 su satisfacci\u00f3n por el \u00e9xito de la feria, destacando el trabajo conjunto de las corporaciones de seguridad y las autoridades locales.<\/p>\n\n\n\n<p>Agradeci\u00f3 a la poblaci\u00f3n por su excelente comportamiento y reiter\u00f3 el compromiso del gobierno municipal de seguir trabajando en la prevenci\u00f3n y atenci\u00f3n de cualquier incidente durante futuros eventos, para seguir ofreciendo a los asistentes un espacio seguro y de armon\u00eda.<\/p>\n\n\n\n<p>Cabe se\u00f1alar que el mandatario local tambi\u00e9n reconoci\u00f3 y agradeci\u00f3 el apoyo del gobierno estatal para poder concretar el evento de cierre de actividades con el Trono de M\u00e9xico y Espinoza Paz que pusieron a cantar y bailar hasta las primeras horas de este lunes a todos los asistentes.<\/p>\n","protected":false},"excerpt":{"rendered":"Jeshael Rivera Villal\u00f3n\/San Jos\u00e9 De Iturbide, Gto. \u2013 La feria de San Jos\u00e9 de Iturbide Guanajuato tuvo un cierre en el que asistieron m\u00e1s de 20 mil persona para disfrutar de los juegos mec\u00e1nicos, y las presentaciones de el Trono de M\u00e9xico y el cantautor Espinoza Paz. El alcalde Edgar Manuel Montes De la Vega [&hellip;]","protected":false},"author":2,"featured_media":168213,"comment_status":"open","ping_status":"open","sticky":false,"template":"","format":"standard","meta":{"_seopress_robots_primary_cat":"none","_seopress_titles_title":"","_seopress_titles_desc":"","_seopress_robots_index":"","_monsterinsights_skip_tracking":false,"_monsterinsights_sitenote_active":false,"_monsterinsights_sitenote_note":"","_monsterinsights_sitenote_category":0,"footnotes":""},"categories":[13],"tags":[],"class_list":["post-168210","post","type-post","status-publish","format-standard","has-post-thumbnail","hentry","category-turismo"],"yoast_head":"<!-- This site is optimized with the Yoast SEO plugin v27.4 - https:\/\/yoast.com\/product\/yoast-seo-wordpress\/ -->\n<title>ASISTEN 20 MIL PERSONAS AL CIERRE DE LA FERIA DE SJI - Kuali<\/title>\n<meta name=\"robots\" content=\"index, follow, max-snippet:-1, max-image-preview:large, max-video-preview:-1\" \/>\n<link rel=\"canonical\" href=\"https:\/\/kuali.com.mx\/web\/2025\/02\/10\/asisten-20-mil-personas-al-cierre-de-la-feria-de-sji\/\" \/>\n<meta property=\"og:locale\" content=\"es_MX\" \/>\n<meta property=\"og:type\" content=\"article\" \/>\n<meta property=\"og:title\" content=\"ASISTEN 20 MIL PERSONAS AL CIERRE DE LA FERIA DE SJI - Kuali\" \/>\n<meta property=\"og:description\" content=\"Jeshael Rivera Villal\u00f3n\/San Jos\u00e9 De Iturbide, Gto. \u2013 La feria de San Jos\u00e9 de Iturbide Guanajuato tuvo un cierre en el que asistieron m\u00e1s de 20 mil persona para disfrutar de los juegos mec\u00e1nicos, y las presentaciones de el Trono de M\u00e9xico y el cantautor Espinoza Paz. El alcalde Edgar Manuel Montes De la Vega [&hellip;]\" \/>\n<meta property=\"og:url\" content=\"https:\/\/kuali.com.mx\/web\/2025\/02\/10\/asisten-20-mil-personas-al-cierre-de-la-feria-de-sji\/\" \/>\n<meta property=\"og:site_name\" content=\"Kuali\" \/>\n<meta property=\"article:publisher\" content=\"https:\/\/kuali.com.mx\/web\/wp-content\/uploads\/2018\/04\/cropped-kuali_logo-1-1.png\" \/>\n<meta property=\"article:published_time\" content=\"2025-02-10T07:42:00+00:00\" \/>\n<meta property=\"article:modified_time\" content=\"2025-02-11T01:43:23+00:00\" \/>\n<meta property=\"og:image\" content=\"https:\/\/kuali.com.mx\/web\/wp-content\/uploads\/2025\/02\/Feria-SJI-3.jpeg\" \/>\n\t<meta property=\"og:image:width\" content=\"1280\" \/>\n\t<meta property=\"og:image:height\" content=\"850\" \/>\n\t<meta property=\"og:image:type\" content=\"image\/jpeg\" \/>\n<meta name=\"author\" content=\"Kuali Staff\" \/>\n<meta name=\"twitter:card\" content=\"summary_large_image\" \/>\n<meta name=\"twitter:creator\" content=\"@kuali_noticias\" \/>\n<meta name=\"twitter:site\" content=\"@kuali_noticias\" \/>\n<meta name=\"twitter:label1\" content=\"Escrito por\" \/>\n\t<meta name=\"twitter:data1\" content=\"Kuali Staff\" \/>\n\t<meta name=\"twitter:label2\" content=\"Tiempo de lectura\" \/>\n\t<meta name=\"twitter:data2\" content=\"2 minutos\" \/>\n<script type=\"application\/ld+json\" class=\"yoast-schema-graph\">{\"@context\":\"https:\\\/\\\/schema.org\",\"@graph\":[{\"@type\":\"Article\",\"@id\":\"https:\\\/\\\/kuali.com.mx\\\/web\\\/2025\\\/02\\\/10\\\/asisten-20-mil-personas-al-cierre-de-la-feria-de-sji\\\/#article\",\"isPartOf\":{\"@id\":\"https:\\\/\\\/kuali.com.mx\\\/web\\\/2025\\\/02\\\/10\\\/asisten-20-mil-personas-al-cierre-de-la-feria-de-sji\\\/\"},\"author\":{\"name\":\"Kuali Staff\",\"@id\":\"https:\\\/\\\/kuali.com.mx\\\/web\\\/#\\\/schema\\\/person\\\/6f89ffa8ecba9dae50662357923c5289\"},\"headline\":\"ASISTEN 20 MIL PERSONAS AL CIERRE DE LA FERIA DE SJI\",\"datePublished\":\"2025-02-10T07:42:00+00:00\",\"dateModified\":\"2025-02-11T01:43:23+00:00\",\"mainEntityOfPage\":{\"@id\":\"https:\\\/\\\/kuali.com.mx\\\/web\\\/2025\\\/02\\\/10\\\/asisten-20-mil-personas-al-cierre-de-la-feria-de-sji\\\/\"},\"wordCount\":382,\"commentCount\":0,\"image\":{\"@id\":\"https:\\\/\\\/kuali.com.mx\\\/web\\\/2025\\\/02\\\/10\\\/asisten-20-mil-personas-al-cierre-de-la-feria-de-sji\\\/#primaryimage\"},\"thumbnailUrl\":\"https:\\\/\\\/kuali.com.mx\\\/web\\\/wp-content\\\/uploads\\\/2025\\\/02\\\/Feria-SJI-3.jpeg\",\"articleSection\":[\"Turismo\"],\"inLanguage\":\"es\",\"potentialAction\":[{\"@type\":\"CommentAction\",\"name\":\"Comment\",\"target\":[\"https:\\\/\\\/kuali.com.mx\\\/web\\\/2025\\\/02\\\/10\\\/asisten-20-mil-personas-al-cierre-de-la-feria-de-sji\\\/#respond\"]}]},{\"@type\":\"WebPage\",\"@id\":\"https:\\\/\\\/kuali.com.mx\\\/web\\\/2025\\\/02\\\/10\\\/asisten-20-mil-personas-al-cierre-de-la-feria-de-sji\\\/\",\"url\":\"https:\\\/\\\/kuali.com.mx\\\/web\\\/2025\\\/02\\\/10\\\/asisten-20-mil-personas-al-cierre-de-la-feria-de-sji\\\/\",\"name\":\"ASISTEN 20 MIL PERSONAS AL CIERRE DE LA FERIA DE SJI - Kuali\",\"isPartOf\":{\"@id\":\"https:\\\/\\\/kuali.com.mx\\\/web\\\/#website\"},\"primaryImageOfPage\":{\"@id\":\"https:\\\/\\\/kuali.com.mx\\\/web\\\/2025\\\/02\\\/10\\\/asisten-20-mil-personas-al-cierre-de-la-feria-de-sji\\\/#primaryimage\"},\"image\":{\"@id\":\"https:\\\/\\\/kuali.com.mx\\\/web\\\/2025\\\/02\\\/10\\\/asisten-20-mil-personas-al-cierre-de-la-feria-de-sji\\\/#primaryimage\"},\"thumbnailUrl\":\"https:\\\/\\\/kuali.com.mx\\\/web\\\/wp-content\\\/uploads\\\/2025\\\/02\\\/Feria-SJI-3.jpeg\",\"datePublished\":\"2025-02-10T07:42:00+00:00\",\"dateModified\":\"2025-02-11T01:43:23+00:00\",\"author\":{\"@id\":\"https:\\\/\\\/kuali.com.mx\\\/web\\\/#\\\/schema\\\/person\\\/6f89ffa8ecba9dae50662357923c5289\"},\"breadcrumb\":{\"@id\":\"https:\\\/\\\/kuali.com.mx\\\/web\\\/2025\\\/02\\\/10\\\/asisten-20-mil-personas-al-cierre-de-la-feria-de-sji\\\/#breadcrumb\"},\"inLanguage\":\"es\",\"potentialAction\":[{\"@type\":\"ReadAction\",\"target\":[\"https:\\\/\\\/kuali.com.mx\\\/web\\\/2025\\\/02\\\/10\\\/asisten-20-mil-personas-al-cierre-de-la-feria-de-sji\\\/\"]}]},{\"@type\":\"ImageObject\",\"inLanguage\":\"es\",\"@id\":\"https:\\\/\\\/kuali.com.mx\\\/web\\\/2025\\\/02\\\/10\\\/asisten-20-mil-personas-al-cierre-de-la-feria-de-sji\\\/#primaryimage\",\"url\":\"https:\\\/\\\/kuali.com.mx\\\/web\\\/wp-content\\\/uploads\\\/2025\\\/02\\\/Feria-SJI-3.jpeg\",\"contentUrl\":\"https:\\\/\\\/kuali.com.mx\\\/web\\\/wp-content\\\/uploads\\\/2025\\\/02\\\/Feria-SJI-3.jpeg\",\"width\":1280,\"height\":850},{\"@type\":\"BreadcrumbList\",\"@id\":\"https:\\\/\\\/kuali.com.mx\\\/web\\\/2025\\\/02\\\/10\\\/asisten-20-mil-personas-al-cierre-de-la-feria-de-sji\\\/#breadcrumb\",\"itemListElement\":[{\"@type\":\"ListItem\",\"position\":1,\"name\":\"Inicio\",\"item\":\"https:\\\/\\\/kuali.com.mx\\\/web\\\/\"},{\"@type\":\"ListItem\",\"position\":2,\"name\":\"ASISTEN 20 MIL PERSONAS AL CIERRE DE LA FERIA DE SJI\"}]},{\"@type\":\"WebSite\",\"@id\":\"https:\\\/\\\/kuali.com.mx\\\/web\\\/#website\",\"url\":\"https:\\\/\\\/kuali.com.mx\\\/web\\\/\",\"name\":\"Kuali\",\"description\":\"\",\"potentialAction\":[{\"@type\":\"SearchAction\",\"target\":{\"@type\":\"EntryPoint\",\"urlTemplate\":\"https:\\\/\\\/kuali.com.mx\\\/web\\\/?s={search_term_string}\"},\"query-input\":{\"@type\":\"PropertyValueSpecification\",\"valueRequired\":true,\"valueName\":\"search_term_string\"}}],\"inLanguage\":\"es\"},{\"@type\":\"Person\",\"@id\":\"https:\\\/\\\/kuali.com.mx\\\/web\\\/#\\\/schema\\\/person\\\/6f89ffa8ecba9dae50662357923c5289\",\"name\":\"Kuali Staff\",\"image\":{\"@type\":\"ImageObject\",\"inLanguage\":\"es\",\"@id\":\"https:\\\/\\\/secure.gravatar.com\\\/avatar\\\/f917ad82e5ab71227a733c78b6e60715476f69ee6be59feee4eb5d9920c89e0f?s=96&d=mm&r=g\",\"url\":\"https:\\\/\\\/secure.gravatar.com\\\/avatar\\\/f917ad82e5ab71227a733c78b6e60715476f69ee6be59feee4eb5d9920c89e0f?s=96&d=mm&r=g\",\"contentUrl\":\"https:\\\/\\\/secure.gravatar.com\\\/avatar\\\/f917ad82e5ab71227a733c78b6e60715476f69ee6be59feee4eb5d9920c89e0f?s=96&d=mm&r=g\",\"caption\":\"Kuali Staff\"},\"url\":\"https:\\\/\\\/kuali.com.mx\\\/web\\\/author\\\/lagarto\\\/\"}]}<\/script>\n<!-- \/ Yoast SEO plugin. -->","yoast_head_json":{"title":"ASISTEN 20 MIL PERSONAS AL CIERRE DE LA FERIA DE SJI - Kuali","robots":{"index":"index","follow":"follow","max-snippet":"max-snippet:-1","max-image-preview":"max-image-preview:large","max-video-preview":"max-video-preview:-1"},"canonical":"https:\/\/kuali.com.mx\/web\/2025\/02\/10\/asisten-20-mil-personas-al-cierre-de-la-feria-de-sji\/","og_locale":"es_MX","og_type":"article","og_title":"ASISTEN 20 MIL PERSONAS AL CIERRE DE LA FERIA DE SJI - Kuali","og_description":"Jeshael Rivera Villal\u00f3n\/San Jos\u00e9 De Iturbide, Gto. \u2013 La feria de San Jos\u00e9 de Iturbide Guanajuato tuvo un cierre en el que asistieron m\u00e1s de 20 mil persona para disfrutar de los juegos mec\u00e1nicos, y las presentaciones de el Trono de M\u00e9xico y el cantautor Espinoza Paz. El alcalde Edgar Manuel Montes De la Vega [&hellip;]","og_url":"https:\/\/kuali.com.mx\/web\/2025\/02\/10\/asisten-20-mil-personas-al-cierre-de-la-feria-de-sji\/","og_site_name":"Kuali","article_publisher":"https:\/\/kuali.com.mx\/web\/wp-content\/uploads\/2018\/04\/cropped-kuali_logo-1-1.png","article_published_time":"2025-02-10T07:42:00+00:00","article_modified_time":"2025-02-11T01:43:23+00:00","og_image":[{"width":1280,"height":850,"url":"https:\/\/kuali.com.mx\/web\/wp-content\/uploads\/2025\/02\/Feria-SJI-3.jpeg","type":"image\/jpeg"}],"author":"Kuali Staff","twitter_card":"summary_large_image","twitter_creator":"@kuali_noticias","twitter_site":"@kuali_noticias","twitter_misc":{"Escrito por":"Kuali Staff","Tiempo de lectura":"2 minutos"},"schema":{"@context":"https:\/\/schema.org","@graph":[{"@type":"Article","@id":"https:\/\/kuali.com.mx\/web\/2025\/02\/10\/asisten-20-mil-personas-al-cierre-de-la-feria-de-sji\/#article","isPartOf":{"@id":"https:\/\/kuali.com.mx\/web\/2025\/02\/10\/asisten-20-mil-personas-al-cierre-de-la-feria-de-sji\/"},"author":{"name":"Kuali Staff","@id":"https:\/\/kuali.com.mx\/web\/#\/schema\/person\/6f89ffa8ecba9dae50662357923c5289"},"headline":"ASISTEN 20 MIL PERSONAS AL CIERRE DE LA FERIA DE SJI","datePublished":"2025-02-10T07:42:00+00:00","dateModified":"2025-02-11T01:43:23+00:00","mainEntityOfPage":{"@id":"https:\/\/kuali.com.mx\/web\/2025\/02\/10\/asisten-20-mil-personas-al-cierre-de-la-feria-de-sji\/"},"wordCount":382,"commentCount":0,"image":{"@id":"https:\/\/kuali.com.mx\/web\/2025\/02\/10\/asisten-20-mil-personas-al-cierre-de-la-feria-de-sji\/#primaryimage"},"thumbnailUrl":"https:\/\/kuali.com.mx\/web\/wp-content\/uploads\/2025\/02\/Feria-SJI-3.jpeg","articleSection":["Turismo"],"inLanguage":"es","potentialAction":[{"@type":"CommentAction","name":"Comment","target":["https:\/\/kuali.com.mx\/web\/2025\/02\/10\/asisten-20-mil-personas-al-cierre-de-la-feria-de-sji\/#respond"]}]},{"@type":"WebPage","@id":"https:\/\/kuali.com.mx\/web\/2025\/02\/10\/asisten-20-mil-personas-al-cierre-de-la-feria-de-sji\/","url":"https:\/\/kuali.com.mx\/web\/2025\/02\/10\/asisten-20-mil-personas-al-cierre-de-la-feria-de-sji\/","name":"ASISTEN 20 MIL PERSONAS AL CIERRE DE LA FERIA DE SJI - Kuali","isPartOf":{"@id":"https:\/\/kuali.com.mx\/web\/#website"},"primaryImageOfPage":{"@id":"https:\/\/kuali.com.mx\/web\/2025\/02\/10\/asisten-20-mil-personas-al-cierre-de-la-feria-de-sji\/#primaryimage"},"image":{"@id":"https:\/\/kuali.com.mx\/web\/2025\/02\/10\/asisten-20-mil-personas-al-cierre-de-la-feria-de-sji\/#primaryimage"},"thumbnailUrl":"https:\/\/kuali.com.mx\/web\/wp-content\/uploads\/2025\/02\/Feria-SJI-3.jpeg","datePublished":"2025-02-10T07:42:00+00:00","dateModified":"2025-02-11T01:43:23+00:00","author":{"@id":"https:\/\/kuali.com.mx\/web\/#\/schema\/person\/6f89ffa8ecba9dae50662357923c5289"},"breadcrumb":{"@id":"https:\/\/kuali.com.mx\/web\/2025\/02\/10\/asisten-20-mil-personas-al-cierre-de-la-feria-de-sji\/#breadcrumb"},"inLanguage":"es","potentialAction":[{"@type":"ReadAction","target":["https:\/\/kuali.com.mx\/web\/2025\/02\/10\/asisten-20-mil-personas-al-cierre-de-la-feria-de-sji\/"]}]},{"@type":"ImageObject","inLanguage":"es","@id":"https:\/\/kuali.com.mx\/web\/2025\/02\/10\/asisten-20-mil-personas-al-cierre-de-la-feria-de-sji\/#primaryimage","url":"https:\/\/kuali.com.mx\/web\/wp-content\/uploads\/2025\/02\/Feria-SJI-3.jpeg","contentUrl":"https:\/\/kuali.com.mx\/web\/wp-content\/uploads\/2025\/02\/Feria-SJI-3.jpeg","width":1280,"height":850},{"@type":"BreadcrumbList","@id":"https:\/\/kuali.com.mx\/web\/2025\/02\/10\/asisten-20-mil-personas-al-cierre-de-la-feria-de-sji\/#breadcrumb","itemListElement":[{"@type":"ListItem","position":1,"name":"Inicio","item":"https:\/\/kuali.com.mx\/web\/"},{"@type":"ListItem","position":2,"name":"ASISTEN 20 MIL PERSONAS AL CIERRE DE LA FERIA DE SJI"}]},{"@type":"WebSite","@id":"https:\/\/kuali.com.mx\/web\/#website","url":"https:\/\/kuali.com.mx\/web\/","name":"Kuali","description":"","potentialAction":[{"@type":"SearchAction","target":{"@type":"EntryPoint","urlTemplate":"https:\/\/kuali.com.mx\/web\/?s={search_term_string}"},"query-input":{"@type":"PropertyValueSpecification","valueRequired":true,"valueName":"search_term_string"}}],"inLanguage":"es"},{"@type":"Person","@id":"https:\/\/kuali.com.mx\/web\/#\/schema\/person\/6f89ffa8ecba9dae50662357923c5289","name":"Kuali Staff","image":{"@type":"ImageObject","inLanguage":"es","@id":"https:\/\/secure.gravatar.com\/avatar\/f917ad82e5ab71227a733c78b6e60715476f69ee6be59feee4eb5d9920c89e0f?s=96&d=mm&r=g","url":"https:\/\/secure.gravatar.com\/avatar\/f917ad82e5ab71227a733c78b6e60715476f69ee6be59feee4eb5d9920c89e0f?s=96&d=mm&r=g","contentUrl":"https:\/\/secure.gravatar.com\/avatar\/f917ad82e5ab71227a733c78b6e60715476f69ee6be59feee4eb5d9920c89e0f?s=96&d=mm&r=g","caption":"Kuali Staff"},"url":"https:\/\/kuali.com.mx\/web\/author\/lagarto\/"}]}},"_links":{"self":[{"href":"https:\/\/kuali.com.mx\/web\/wp-json\/wp\/v2\/posts\/168210","targetHints":{"allow":["GET"]}}],"collection":[{"href":"https:\/\/kuali.com.mx\/web\/wp-json\/wp\/v2\/posts"}],"about":[{"href":"https:\/\/kuali.com.mx\/web\/wp-json\/wp\/v2\/types\/post"}],"author":[{"embeddable":true,"href":"https:\/\/kuali.com.mx\/web\/wp-json\/wp\/v2\/users\/2"}],"replies":[{"embeddable":true,"href":"https:\/\/kuali.com.mx\/web\/wp-json\/wp\/v2\/comments?post=168210"}],"version-history":[{"count":2,"href":"https:\/\/kuali.com.mx\/web\/wp-json\/wp\/v2\/posts\/168210\/revisions"}],"predecessor-version":[{"id":168215,"href":"https:\/\/kuali.com.mx\/web\/wp-json\/wp\/v2\/posts\/168210\/revisions\/168215"}],"wp:featuredmedia":[{"embeddable":true,"href":"https:\/\/kuali.com.mx\/web\/wp-json\/wp\/v2\/media\/168213"}],"wp:attachment":[{"href":"https:\/\/kuali.com.mx\/web\/wp-json\/wp\/v2\/media?parent=168210"}],"wp:term":[{"taxonomy":"category","embeddable":true,"href":"https:\/\/kuali.com.mx\/web\/wp-json\/wp\/v2\/categories?post=168210"},{"taxonomy":"post_tag","embeddable":true,"href":"https:\/\/kuali.com.mx\/web\/wp-json\/wp\/v2\/tags?post=168210"}],"curies":[{"name":"wp","href":"https:\/\/api.w.org\/{rel}","templated":true}]}}