{"id":168161,"date":"2025-02-10T13:43:10","date_gmt":"2025-02-10T19:43:10","guid":{"rendered":"https:\/\/kuali.com.mx\/web\/?p=168161"},"modified":"2025-02-10T18:20:51","modified_gmt":"2025-02-11T00:20:51","slug":"ofrecera-ensamble-de-metales-concierto-en-el-charco-del-ingenio","status":"publish","type":"post","link":"https:\/\/kuali.com.mx\/web\/2025\/02\/10\/ofrecera-ensamble-de-metales-concierto-en-el-charco-del-ingenio\/","title":{"rendered":"OFRECER\u00c1 ENSAMBLE DE METALES CONCIERTO EN EL CHARCO DEL INGENIO"},"content":{"rendered":"\n<p><strong>Alicia Arias\/San Miguel de Allende, Gto.- <\/strong>El tradicional concierto de equinoccio de primavera en el Jard\u00edn Bot\u00e1nico Charco del Ingenio estar\u00e1 a cargo del Ensamble de Metales de M\u00e9xico\/BRASSMX.<\/p>\n\n\n\n<p>La direcci\u00f3n del jard\u00edn bot\u00e1nico anuncio que el concierto ser\u00e1 el s\u00e1bado 22 de marzo y este a\u00f1o sonar\u00e1n las interpretaciones del conjunto orquestal de la Ciudad de M\u00e9xico que cuenta con una reconocida trayectoria en este pa\u00eds.<\/p>\n\n\n\n<p>Ser\u00e1n 20 m\u00fasicos en escena que desplegar\u00e1n un repertorio cl\u00e1sico y popular, cuyo conjunto instrumental llevar\u00e1 a un viaje musical en el incomparable escenario natural del Charco del Ingenio<\/p>\n\n\n\n<p>\u201cDurante muchos a\u00f1os el equinoccio de primavera ha significado para el jard\u00edn bot\u00e1nico la bienvenida al nuevo ritmo que marca la naturaleza. Cumplimos 33 a\u00f1os de resistencia protegiendo este bello monumento natural y queremos celebrar musicalmente la gran fiesta de la Tierra, como cada a\u00f1o, en el foro natural del ca\u00f1\u00f3n del Charco del Ingenio\u201d, inform\u00f3 la direcci\u00f3n del jard\u00edn en su bolet\u00edn informativo.<\/p>\n\n\n\n<p>Se invita al p\u00fablico en general a compartir la celebraci\u00f3n y a \u201cdisfrutar de un concierto excepcional, mediante una contribuci\u00f3n que ayuda al Jard\u00edn Bot\u00e1nico a seguir adelante con su misi\u00f3n de conservaci\u00f3n de la naturaleza\u201d.<\/p>\n\n\n\n<p>El concierto comenzar\u00e1 a las 5:30 de la tarde y se abrir\u00e1 el acceso desde las 4:30 de la tarde.<\/p>\n\n\n\n<p>Los boletos estar\u00e1n a la venta del 17 de febrero al 21 de marzo en la recepci\u00f3n del jard\u00edn bot\u00e1nico y no habr\u00e1 venta el d\u00eda del evento. El costo es de 500.00 &nbsp;pesos general, 400.00 pesos para miembros, 100.00 pesos para infantes que midan menos 1.30 metros. Habr\u00e1 tarifa especial para miembros del 17 de febrero al 15 de marzo.<\/p>\n\n\n\n<p>Quienes no&nbsp; viven en San Miguel de Allende y desean boletos, deben &nbsp;env\u00edar un mensaje a elcharcocontabilidad@gmail.com<\/p>\n","protected":false},"excerpt":{"rendered":"Alicia Arias\/San Miguel de Allende, Gto.- El tradicional concierto de equinoccio de primavera en el Jard\u00edn Bot\u00e1nico Charco del Ingenio estar\u00e1 a cargo del Ensamble de Metales de M\u00e9xico\/BRASSMX. La direcci\u00f3n del jard\u00edn bot\u00e1nico anuncio que el concierto ser\u00e1 el s\u00e1bado 22 de marzo y este a\u00f1o sonar\u00e1n las interpretaciones del conjunto orquestal de la [&hellip;]","protected":false},"author":2,"featured_media":168180,"comment_status":"open","ping_status":"open","sticky":false,"template":"","format":"standard","meta":{"_seopress_robots_primary_cat":"none","_seopress_titles_title":"","_seopress_titles_desc":"","_seopress_robots_index":"","_monsterinsights_skip_tracking":false,"_monsterinsights_sitenote_active":false,"_monsterinsights_sitenote_note":"","_monsterinsights_sitenote_category":0,"footnotes":""},"categories":[8],"tags":[4919,581,4920,3556,87],"class_list":["post-168161","post","type-post","status-publish","format-standard","has-post-thumbnail","hentry","category-espectaculos","tag-charco-del-ingenio","tag-conciertos","tag-ensamble-de-metales-de-mexico-brassmx","tag-equinoccio-de-primavera","tag-san-miguel-de-allende"],"yoast_head":"<!-- This site is optimized with the Yoast SEO plugin v27.4 - https:\/\/yoast.com\/product\/yoast-seo-wordpress\/ -->\n<title>OFRECER\u00c1 ENSAMBLE DE METALES CONCIERTO EN EL CHARCO DEL INGENIO - Kuali<\/title>\n<meta name=\"robots\" content=\"index, follow, max-snippet:-1, max-image-preview:large, max-video-preview:-1\" \/>\n<link rel=\"canonical\" href=\"https:\/\/kuali.com.mx\/web\/2025\/02\/10\/ofrecera-ensamble-de-metales-concierto-en-el-charco-del-ingenio\/\" \/>\n<meta property=\"og:locale\" content=\"es_MX\" \/>\n<meta property=\"og:type\" content=\"article\" \/>\n<meta property=\"og:title\" content=\"OFRECER\u00c1 ENSAMBLE DE METALES CONCIERTO EN EL CHARCO DEL INGENIO - Kuali\" \/>\n<meta property=\"og:description\" content=\"Alicia Arias\/San Miguel de Allende, Gto.- El tradicional concierto de equinoccio de primavera en el Jard\u00edn Bot\u00e1nico Charco del Ingenio estar\u00e1 a cargo del Ensamble de Metales de M\u00e9xico\/BRASSMX. La direcci\u00f3n del jard\u00edn bot\u00e1nico anuncio que el concierto ser\u00e1 el s\u00e1bado 22 de marzo y este a\u00f1o sonar\u00e1n las interpretaciones del conjunto orquestal de la [&hellip;]\" \/>\n<meta property=\"og:url\" content=\"https:\/\/kuali.com.mx\/web\/2025\/02\/10\/ofrecera-ensamble-de-metales-concierto-en-el-charco-del-ingenio\/\" \/>\n<meta property=\"og:site_name\" content=\"Kuali\" \/>\n<meta property=\"article:publisher\" content=\"https:\/\/kuali.com.mx\/web\/wp-content\/uploads\/2018\/04\/cropped-kuali_logo-1-1.png\" \/>\n<meta property=\"article:published_time\" content=\"2025-02-10T19:43:10+00:00\" \/>\n<meta property=\"article:modified_time\" content=\"2025-02-11T00:20:51+00:00\" \/>\n<meta property=\"og:image\" content=\"https:\/\/kuali.com.mx\/web\/wp-content\/uploads\/2025\/02\/Ensamble-de-Metales-de-Mexico-1.gif\" \/>\n\t<meta property=\"og:image:width\" content=\"1700\" \/>\n\t<meta property=\"og:image:height\" content=\"750\" \/>\n\t<meta property=\"og:image:type\" content=\"image\/gif\" \/>\n<meta name=\"author\" content=\"Kuali Staff\" \/>\n<meta name=\"twitter:card\" content=\"summary_large_image\" \/>\n<meta name=\"twitter:creator\" content=\"@kuali_noticias\" \/>\n<meta name=\"twitter:site\" content=\"@kuali_noticias\" \/>\n<meta name=\"twitter:label1\" content=\"Escrito por\" \/>\n\t<meta name=\"twitter:data1\" content=\"Kuali Staff\" \/>\n\t<meta name=\"twitter:label2\" content=\"Tiempo de lectura\" \/>\n\t<meta name=\"twitter:data2\" content=\"2 minutos\" \/>\n<script type=\"application\/ld+json\" class=\"yoast-schema-graph\">{\"@context\":\"https:\\\/\\\/schema.org\",\"@graph\":[{\"@type\":\"Article\",\"@id\":\"https:\\\/\\\/kuali.com.mx\\\/web\\\/2025\\\/02\\\/10\\\/ofrecera-ensamble-de-metales-concierto-en-el-charco-del-ingenio\\\/#article\",\"isPartOf\":{\"@id\":\"https:\\\/\\\/kuali.com.mx\\\/web\\\/2025\\\/02\\\/10\\\/ofrecera-ensamble-de-metales-concierto-en-el-charco-del-ingenio\\\/\"},\"author\":{\"name\":\"Kuali Staff\",\"@id\":\"https:\\\/\\\/kuali.com.mx\\\/web\\\/#\\\/schema\\\/person\\\/6f89ffa8ecba9dae50662357923c5289\"},\"headline\":\"OFRECER\u00c1 ENSAMBLE DE METALES CONCIERTO EN EL CHARCO DEL INGENIO\",\"datePublished\":\"2025-02-10T19:43:10+00:00\",\"dateModified\":\"2025-02-11T00:20:51+00:00\",\"mainEntityOfPage\":{\"@id\":\"https:\\\/\\\/kuali.com.mx\\\/web\\\/2025\\\/02\\\/10\\\/ofrecera-ensamble-de-metales-concierto-en-el-charco-del-ingenio\\\/\"},\"wordCount\":336,\"commentCount\":0,\"image\":{\"@id\":\"https:\\\/\\\/kuali.com.mx\\\/web\\\/2025\\\/02\\\/10\\\/ofrecera-ensamble-de-metales-concierto-en-el-charco-del-ingenio\\\/#primaryimage\"},\"thumbnailUrl\":\"https:\\\/\\\/kuali.com.mx\\\/web\\\/wp-content\\\/uploads\\\/2025\\\/02\\\/Ensamble-de-Metales-de-Mexico-1.gif\",\"keywords\":[\"Charco del ingenio\",\"Conciertos\",\"Ensamble de Metales de M\u00e9xico\\\/BRASSMX\",\"Equinoccio de primavera\",\"San Miguel de Allende\"],\"articleSection\":[\"Cultura\"],\"inLanguage\":\"es\",\"potentialAction\":[{\"@type\":\"CommentAction\",\"name\":\"Comment\",\"target\":[\"https:\\\/\\\/kuali.com.mx\\\/web\\\/2025\\\/02\\\/10\\\/ofrecera-ensamble-de-metales-concierto-en-el-charco-del-ingenio\\\/#respond\"]}]},{\"@type\":\"WebPage\",\"@id\":\"https:\\\/\\\/kuali.com.mx\\\/web\\\/2025\\\/02\\\/10\\\/ofrecera-ensamble-de-metales-concierto-en-el-charco-del-ingenio\\\/\",\"url\":\"https:\\\/\\\/kuali.com.mx\\\/web\\\/2025\\\/02\\\/10\\\/ofrecera-ensamble-de-metales-concierto-en-el-charco-del-ingenio\\\/\",\"name\":\"OFRECER\u00c1 ENSAMBLE DE METALES CONCIERTO EN EL CHARCO DEL INGENIO - Kuali\",\"isPartOf\":{\"@id\":\"https:\\\/\\\/kuali.com.mx\\\/web\\\/#website\"},\"primaryImageOfPage\":{\"@id\":\"https:\\\/\\\/kuali.com.mx\\\/web\\\/2025\\\/02\\\/10\\\/ofrecera-ensamble-de-metales-concierto-en-el-charco-del-ingenio\\\/#primaryimage\"},\"image\":{\"@id\":\"https:\\\/\\\/kuali.com.mx\\\/web\\\/2025\\\/02\\\/10\\\/ofrecera-ensamble-de-metales-concierto-en-el-charco-del-ingenio\\\/#primaryimage\"},\"thumbnailUrl\":\"https:\\\/\\\/kuali.com.mx\\\/web\\\/wp-content\\\/uploads\\\/2025\\\/02\\\/Ensamble-de-Metales-de-Mexico-1.gif\",\"datePublished\":\"2025-02-10T19:43:10+00:00\",\"dateModified\":\"2025-02-11T00:20:51+00:00\",\"author\":{\"@id\":\"https:\\\/\\\/kuali.com.mx\\\/web\\\/#\\\/schema\\\/person\\\/6f89ffa8ecba9dae50662357923c5289\"},\"breadcrumb\":{\"@id\":\"https:\\\/\\\/kuali.com.mx\\\/web\\\/2025\\\/02\\\/10\\\/ofrecera-ensamble-de-metales-concierto-en-el-charco-del-ingenio\\\/#breadcrumb\"},\"inLanguage\":\"es\",\"potentialAction\":[{\"@type\":\"ReadAction\",\"target\":[\"https:\\\/\\\/kuali.com.mx\\\/web\\\/2025\\\/02\\\/10\\\/ofrecera-ensamble-de-metales-concierto-en-el-charco-del-ingenio\\\/\"]}]},{\"@type\":\"ImageObject\",\"inLanguage\":\"es\",\"@id\":\"https:\\\/\\\/kuali.com.mx\\\/web\\\/2025\\\/02\\\/10\\\/ofrecera-ensamble-de-metales-concierto-en-el-charco-del-ingenio\\\/#primaryimage\",\"url\":\"https:\\\/\\\/kuali.com.mx\\\/web\\\/wp-content\\\/uploads\\\/2025\\\/02\\\/Ensamble-de-Metales-de-Mexico-1.gif\",\"contentUrl\":\"https:\\\/\\\/kuali.com.mx\\\/web\\\/wp-content\\\/uploads\\\/2025\\\/02\\\/Ensamble-de-Metales-de-Mexico-1.gif\",\"width\":1700,\"height\":750},{\"@type\":\"BreadcrumbList\",\"@id\":\"https:\\\/\\\/kuali.com.mx\\\/web\\\/2025\\\/02\\\/10\\\/ofrecera-ensamble-de-metales-concierto-en-el-charco-del-ingenio\\\/#breadcrumb\",\"itemListElement\":[{\"@type\":\"ListItem\",\"position\":1,\"name\":\"Inicio\",\"item\":\"https:\\\/\\\/kuali.com.mx\\\/web\\\/\"},{\"@type\":\"ListItem\",\"position\":2,\"name\":\"OFRECER\u00c1 ENSAMBLE DE METALES CONCIERTO EN EL CHARCO DEL INGENIO\"}]},{\"@type\":\"WebSite\",\"@id\":\"https:\\\/\\\/kuali.com.mx\\\/web\\\/#website\",\"url\":\"https:\\\/\\\/kuali.com.mx\\\/web\\\/\",\"name\":\"Kuali\",\"description\":\"\",\"potentialAction\":[{\"@type\":\"SearchAction\",\"target\":{\"@type\":\"EntryPoint\",\"urlTemplate\":\"https:\\\/\\\/kuali.com.mx\\\/web\\\/?s={search_term_string}\"},\"query-input\":{\"@type\":\"PropertyValueSpecification\",\"valueRequired\":true,\"valueName\":\"search_term_string\"}}],\"inLanguage\":\"es\"},{\"@type\":\"Person\",\"@id\":\"https:\\\/\\\/kuali.com.mx\\\/web\\\/#\\\/schema\\\/person\\\/6f89ffa8ecba9dae50662357923c5289\",\"name\":\"Kuali Staff\",\"image\":{\"@type\":\"ImageObject\",\"inLanguage\":\"es\",\"@id\":\"https:\\\/\\\/secure.gravatar.com\\\/avatar\\\/f917ad82e5ab71227a733c78b6e60715476f69ee6be59feee4eb5d9920c89e0f?s=96&d=mm&r=g\",\"url\":\"https:\\\/\\\/secure.gravatar.com\\\/avatar\\\/f917ad82e5ab71227a733c78b6e60715476f69ee6be59feee4eb5d9920c89e0f?s=96&d=mm&r=g\",\"contentUrl\":\"https:\\\/\\\/secure.gravatar.com\\\/avatar\\\/f917ad82e5ab71227a733c78b6e60715476f69ee6be59feee4eb5d9920c89e0f?s=96&d=mm&r=g\",\"caption\":\"Kuali Staff\"},\"url\":\"https:\\\/\\\/kuali.com.mx\\\/web\\\/author\\\/lagarto\\\/\"}]}<\/script>\n<!-- \/ Yoast SEO plugin. -->","yoast_head_json":{"title":"OFRECER\u00c1 ENSAMBLE DE METALES CONCIERTO EN EL CHARCO DEL INGENIO - Kuali","robots":{"index":"index","follow":"follow","max-snippet":"max-snippet:-1","max-image-preview":"max-image-preview:large","max-video-preview":"max-video-preview:-1"},"canonical":"https:\/\/kuali.com.mx\/web\/2025\/02\/10\/ofrecera-ensamble-de-metales-concierto-en-el-charco-del-ingenio\/","og_locale":"es_MX","og_type":"article","og_title":"OFRECER\u00c1 ENSAMBLE DE METALES CONCIERTO EN EL CHARCO DEL INGENIO - Kuali","og_description":"Alicia Arias\/San Miguel de Allende, Gto.- El tradicional concierto de equinoccio de primavera en el Jard\u00edn Bot\u00e1nico Charco del Ingenio estar\u00e1 a cargo del Ensamble de Metales de M\u00e9xico\/BRASSMX. La direcci\u00f3n del jard\u00edn bot\u00e1nico anuncio que el concierto ser\u00e1 el s\u00e1bado 22 de marzo y este a\u00f1o sonar\u00e1n las interpretaciones del conjunto orquestal de la [&hellip;]","og_url":"https:\/\/kuali.com.mx\/web\/2025\/02\/10\/ofrecera-ensamble-de-metales-concierto-en-el-charco-del-ingenio\/","og_site_name":"Kuali","article_publisher":"https:\/\/kuali.com.mx\/web\/wp-content\/uploads\/2018\/04\/cropped-kuali_logo-1-1.png","article_published_time":"2025-02-10T19:43:10+00:00","article_modified_time":"2025-02-11T00:20:51+00:00","og_image":[{"width":1700,"height":750,"url":"https:\/\/kuali.com.mx\/web\/wp-content\/uploads\/2025\/02\/Ensamble-de-Metales-de-Mexico-1.gif","type":"image\/gif"}],"author":"Kuali Staff","twitter_card":"summary_large_image","twitter_creator":"@kuali_noticias","twitter_site":"@kuali_noticias","twitter_misc":{"Escrito por":"Kuali Staff","Tiempo de lectura":"2 minutos"},"schema":{"@context":"https:\/\/schema.org","@graph":[{"@type":"Article","@id":"https:\/\/kuali.com.mx\/web\/2025\/02\/10\/ofrecera-ensamble-de-metales-concierto-en-el-charco-del-ingenio\/#article","isPartOf":{"@id":"https:\/\/kuali.com.mx\/web\/2025\/02\/10\/ofrecera-ensamble-de-metales-concierto-en-el-charco-del-ingenio\/"},"author":{"name":"Kuali Staff","@id":"https:\/\/kuali.com.mx\/web\/#\/schema\/person\/6f89ffa8ecba9dae50662357923c5289"},"headline":"OFRECER\u00c1 ENSAMBLE DE METALES CONCIERTO EN EL CHARCO DEL INGENIO","datePublished":"2025-02-10T19:43:10+00:00","dateModified":"2025-02-11T00:20:51+00:00","mainEntityOfPage":{"@id":"https:\/\/kuali.com.mx\/web\/2025\/02\/10\/ofrecera-ensamble-de-metales-concierto-en-el-charco-del-ingenio\/"},"wordCount":336,"commentCount":0,"image":{"@id":"https:\/\/kuali.com.mx\/web\/2025\/02\/10\/ofrecera-ensamble-de-metales-concierto-en-el-charco-del-ingenio\/#primaryimage"},"thumbnailUrl":"https:\/\/kuali.com.mx\/web\/wp-content\/uploads\/2025\/02\/Ensamble-de-Metales-de-Mexico-1.gif","keywords":["Charco del ingenio","Conciertos","Ensamble de Metales de M\u00e9xico\/BRASSMX","Equinoccio de primavera","San Miguel de Allende"],"articleSection":["Cultura"],"inLanguage":"es","potentialAction":[{"@type":"CommentAction","name":"Comment","target":["https:\/\/kuali.com.mx\/web\/2025\/02\/10\/ofrecera-ensamble-de-metales-concierto-en-el-charco-del-ingenio\/#respond"]}]},{"@type":"WebPage","@id":"https:\/\/kuali.com.mx\/web\/2025\/02\/10\/ofrecera-ensamble-de-metales-concierto-en-el-charco-del-ingenio\/","url":"https:\/\/kuali.com.mx\/web\/2025\/02\/10\/ofrecera-ensamble-de-metales-concierto-en-el-charco-del-ingenio\/","name":"OFRECER\u00c1 ENSAMBLE DE METALES CONCIERTO EN EL CHARCO DEL INGENIO - Kuali","isPartOf":{"@id":"https:\/\/kuali.com.mx\/web\/#website"},"primaryImageOfPage":{"@id":"https:\/\/kuali.com.mx\/web\/2025\/02\/10\/ofrecera-ensamble-de-metales-concierto-en-el-charco-del-ingenio\/#primaryimage"},"image":{"@id":"https:\/\/kuali.com.mx\/web\/2025\/02\/10\/ofrecera-ensamble-de-metales-concierto-en-el-charco-del-ingenio\/#primaryimage"},"thumbnailUrl":"https:\/\/kuali.com.mx\/web\/wp-content\/uploads\/2025\/02\/Ensamble-de-Metales-de-Mexico-1.gif","datePublished":"2025-02-10T19:43:10+00:00","dateModified":"2025-02-11T00:20:51+00:00","author":{"@id":"https:\/\/kuali.com.mx\/web\/#\/schema\/person\/6f89ffa8ecba9dae50662357923c5289"},"breadcrumb":{"@id":"https:\/\/kuali.com.mx\/web\/2025\/02\/10\/ofrecera-ensamble-de-metales-concierto-en-el-charco-del-ingenio\/#breadcrumb"},"inLanguage":"es","potentialAction":[{"@type":"ReadAction","target":["https:\/\/kuali.com.mx\/web\/2025\/02\/10\/ofrecera-ensamble-de-metales-concierto-en-el-charco-del-ingenio\/"]}]},{"@type":"ImageObject","inLanguage":"es","@id":"https:\/\/kuali.com.mx\/web\/2025\/02\/10\/ofrecera-ensamble-de-metales-concierto-en-el-charco-del-ingenio\/#primaryimage","url":"https:\/\/kuali.com.mx\/web\/wp-content\/uploads\/2025\/02\/Ensamble-de-Metales-de-Mexico-1.gif","contentUrl":"https:\/\/kuali.com.mx\/web\/wp-content\/uploads\/2025\/02\/Ensamble-de-Metales-de-Mexico-1.gif","width":1700,"height":750},{"@type":"BreadcrumbList","@id":"https:\/\/kuali.com.mx\/web\/2025\/02\/10\/ofrecera-ensamble-de-metales-concierto-en-el-charco-del-ingenio\/#breadcrumb","itemListElement":[{"@type":"ListItem","position":1,"name":"Inicio","item":"https:\/\/kuali.com.mx\/web\/"},{"@type":"ListItem","position":2,"name":"OFRECER\u00c1 ENSAMBLE DE METALES CONCIERTO EN EL CHARCO DEL INGENIO"}]},{"@type":"WebSite","@id":"https:\/\/kuali.com.mx\/web\/#website","url":"https:\/\/kuali.com.mx\/web\/","name":"Kuali","description":"","potentialAction":[{"@type":"SearchAction","target":{"@type":"EntryPoint","urlTemplate":"https:\/\/kuali.com.mx\/web\/?s={search_term_string}"},"query-input":{"@type":"PropertyValueSpecification","valueRequired":true,"valueName":"search_term_string"}}],"inLanguage":"es"},{"@type":"Person","@id":"https:\/\/kuali.com.mx\/web\/#\/schema\/person\/6f89ffa8ecba9dae50662357923c5289","name":"Kuali Staff","image":{"@type":"ImageObject","inLanguage":"es","@id":"https:\/\/secure.gravatar.com\/avatar\/f917ad82e5ab71227a733c78b6e60715476f69ee6be59feee4eb5d9920c89e0f?s=96&d=mm&r=g","url":"https:\/\/secure.gravatar.com\/avatar\/f917ad82e5ab71227a733c78b6e60715476f69ee6be59feee4eb5d9920c89e0f?s=96&d=mm&r=g","contentUrl":"https:\/\/secure.gravatar.com\/avatar\/f917ad82e5ab71227a733c78b6e60715476f69ee6be59feee4eb5d9920c89e0f?s=96&d=mm&r=g","caption":"Kuali Staff"},"url":"https:\/\/kuali.com.mx\/web\/author\/lagarto\/"}]}},"_links":{"self":[{"href":"https:\/\/kuali.com.mx\/web\/wp-json\/wp\/v2\/posts\/168161","targetHints":{"allow":["GET"]}}],"collection":[{"href":"https:\/\/kuali.com.mx\/web\/wp-json\/wp\/v2\/posts"}],"about":[{"href":"https:\/\/kuali.com.mx\/web\/wp-json\/wp\/v2\/types\/post"}],"author":[{"embeddable":true,"href":"https:\/\/kuali.com.mx\/web\/wp-json\/wp\/v2\/users\/2"}],"replies":[{"embeddable":true,"href":"https:\/\/kuali.com.mx\/web\/wp-json\/wp\/v2\/comments?post=168161"}],"version-history":[{"count":2,"href":"https:\/\/kuali.com.mx\/web\/wp-json\/wp\/v2\/posts\/168161\/revisions"}],"predecessor-version":[{"id":168195,"href":"https:\/\/kuali.com.mx\/web\/wp-json\/wp\/v2\/posts\/168161\/revisions\/168195"}],"wp:featuredmedia":[{"embeddable":true,"href":"https:\/\/kuali.com.mx\/web\/wp-json\/wp\/v2\/media\/168180"}],"wp:attachment":[{"href":"https:\/\/kuali.com.mx\/web\/wp-json\/wp\/v2\/media?parent=168161"}],"wp:term":[{"taxonomy":"category","embeddable":true,"href":"https:\/\/kuali.com.mx\/web\/wp-json\/wp\/v2\/categories?post=168161"},{"taxonomy":"post_tag","embeddable":true,"href":"https:\/\/kuali.com.mx\/web\/wp-json\/wp\/v2\/tags?post=168161"}],"curies":[{"name":"wp","href":"https:\/\/api.w.org\/{rel}","templated":true}]}}