{"id":168117,"date":"2025-02-09T15:25:11","date_gmt":"2025-02-09T21:25:11","guid":{"rendered":"https:\/\/kuali.com.mx\/web\/?p=168117"},"modified":"2025-02-09T15:46:09","modified_gmt":"2025-02-09T21:46:09","slug":"transparentar-finiquito-de-zamarripa-pide-gobernadora-a-la-fge","status":"publish","type":"post","link":"https:\/\/kuali.com.mx\/web\/2025\/02\/09\/transparentar-finiquito-de-zamarripa-pide-gobernadora-a-la-fge\/","title":{"rendered":"TRANSPARENTAR FINIQUITO DE ZAMARRIPA, PIDE GOBERNADORA A LA FGE"},"content":{"rendered":"\n<p><strong><em>Carlos Garc\u00eda\/Le\u00f3n, Gto.-<\/em><\/strong>La pol\u00edtica de la administraci\u00f3n estatal (2024-2030) es transparentar el uso del presupuesto y el \"llamado siempre ser\u00e1 que el recurso p\u00fablico est\u00e9 a la vista de todos\", contest\u00f3 la gobernadora, Libia Garc\u00eda Mu\u00f1oz Ledo, al ser cuestionada sobre la negativa de la Fiscal\u00eda General del Estado (FGE) de entregar el monto del finiquito y pensi\u00f3n complementaria del ex fiscal, Carlos Zamarripa Aguirre.<\/p>\n\n\n\n<p>\u201cSiempre he estado a favor de la transparencia, esa es la pol\u00edtica de este gobierno\u201d, acot\u00f3.<\/p>\n\n\n\n<p>\u00bfSabe cu\u00e1l es el monto del finiquito del exfiscal?<\/p>\n\n\n\n<p>-No.<\/p>\n\n\n\n<p>&nbsp;\u201cUstedes saben que desde los primeros d\u00edas anunciamos esta pol\u00edtica de transparencia en donde todos los servidores p\u00fablicos de primer nivel y, por supuesto, los que as\u00ed est\u00e1n obligados, presentamos de manera p\u00fablica nuestras declaraciones patrimoniales y as\u00ed ha sido la instrucci\u00f3n\u201d, declar\u00f3.<\/p>\n\n\n\n<p>Sobre la pensi\u00f3n complementaria y el finiquito de Carlos Zamarripa, la mandataria fue enf\u00e1tica: \u201cTransparentar lo que se tenga que transparentar y no solo porque la ley nos obligue, sino hacerlo de manera proactiva\u201d.<\/p>\n\n\n\n<p>\u201cEl llamado siempre ser\u00e1 que el recurso p\u00fablico pues est\u00e9 a la vista de todos. Eso genera claridad\u201d, remat\u00f3.<\/p>\n\n\n\n<p>Opacidad<\/p>\n\n\n\n<p>La Fiscal\u00eda ocult\u00f3 el monto del finiquito y de la pensi\u00f3n adicional del ex fiscal Carlos Zamarripa Aguirre &nbsp;con el argumento de que debe otorgarles el \u201cdebido resguardo\u201d por los riesgos inherentes a la funci\u00f3n del cargo.<\/p>\n\n\n\n<p>El primero de enero, despu\u00e9s de 15 a\u00f1os y 11 meses de estar al frente de la procuraci\u00f3n de Justicia, Carlos Zamarripa Aguirre dej\u00f3 de ser el fiscal de Guanajuato.<\/p>\n\n\n\n<p>El dos de enero se solicit\u00f3 v\u00eda transparencia el monto del finiquito y la pensi\u00f3n complementaria que recibir\u00eda, con base en la reforma que \u00e9l realiz\u00f3 al reglamento interno de la instituci\u00f3n, adicionando el \u201ccap\u00edtulo VIII, sobre el Sistema Complementario de Seguridad Social\u201d.<\/p>\n\n\n\n<p>\u201cLa informaci\u00f3n relativa al personal sustantivo de esta instituci\u00f3n, por su naturaleza y r\u00e9gimen jur\u00eddico aplicable, debe otorg\u00e1rsele el debido resguardo y tratamiento, ante las eventualidades, riesgos y repercusiones de diversa \u00edndole que la funci\u00f3n y la informaci\u00f3n inherente a tales personas representa\u201d, respondi\u00f3 el titular de la Unidad de Transparencia de la Fiscal\u00eda, Gustavo Adolfo \u00c1ngeles Salazar, a la solicitud de informaci\u00f3n 112093900000825.<\/p>\n\n\n\n<p>Durante m\u00e1s de 30 a\u00f1os, Carlos Zamarripa trabaj\u00f3 en la Procuradur\u00eda General de Justicia y en la Fiscal\u00eda General del Estado.<\/p>\n\n\n\n<p>Inici\u00f3 su carrera a mediados de la d\u00e9cada de los noventas, con cargos de oficial Ministerial, secretario de Agencia, delegado y agente del Ministerio P\u00fablico, jefe de Zona, director de Averiguaciones Previas, coordinador general de la Polic\u00eda Ministerial y subprocurador de Investigaci\u00f3n Especializada.<\/p>\n\n\n\n<p>En febrero del 2009, el entonces gobernador, Juan Manuel Oliva Ram\u00edrez, lo nombr\u00f3 procurador de Justicia y en febrero del 2019 fue designado como el primer fiscal del Estado de Guanajuato.<\/p>\n\n\n\n<p>En campa\u00f1a por la gubernatura, Libia Garc\u00eda anunci\u00f3 que Carlos Zamarripa y el secretario de Seguridad, Alvar Cabeza de Vaca, no formar\u00edan parte de su gobierno, el cual inici\u00f3 el 26 de septiembre del 2024.&nbsp;&nbsp;<\/p>\n","protected":false},"excerpt":{"rendered":"Carlos Garc\u00eda\/Le\u00f3n, Gto.-La pol\u00edtica de la administraci\u00f3n estatal (2024-2030) es transparentar el uso del presupuesto y el \"llamado siempre ser\u00e1 que el recurso p\u00fablico est\u00e9 a la vista de todos\", contest\u00f3 la gobernadora, Libia Garc\u00eda Mu\u00f1oz Ledo, al ser cuestionada sobre la negativa de la Fiscal\u00eda General del Estado (FGE) de entregar el monto del [&hellip;]","protected":false},"author":2,"featured_media":167960,"comment_status":"open","ping_status":"open","sticky":false,"template":"","format":"standard","meta":{"_seopress_robots_primary_cat":"none","_seopress_titles_title":"","_seopress_titles_desc":"","_seopress_robots_index":"","_monsterinsights_skip_tracking":false,"_monsterinsights_sitenote_active":false,"_monsterinsights_sitenote_note":"","_monsterinsights_sitenote_category":0,"footnotes":""},"categories":[3,69],"tags":[],"class_list":["post-168117","post","type-post","status-publish","format-standard","has-post-thumbnail","hentry","category-politica","category-slider"],"yoast_head":"<!-- This site is optimized with the Yoast SEO plugin v27.4 - https:\/\/yoast.com\/product\/yoast-seo-wordpress\/ -->\n<title>TRANSPARENTAR FINIQUITO DE ZAMARRIPA, PIDE GOBERNADORA A LA FGE - Kuali<\/title>\n<meta name=\"robots\" content=\"index, follow, max-snippet:-1, max-image-preview:large, max-video-preview:-1\" \/>\n<link rel=\"canonical\" href=\"https:\/\/kuali.com.mx\/web\/2025\/02\/09\/transparentar-finiquito-de-zamarripa-pide-gobernadora-a-la-fge\/\" \/>\n<meta property=\"og:locale\" content=\"es_MX\" \/>\n<meta property=\"og:type\" content=\"article\" \/>\n<meta property=\"og:title\" content=\"TRANSPARENTAR FINIQUITO DE ZAMARRIPA, PIDE GOBERNADORA A LA FGE - Kuali\" \/>\n<meta property=\"og:description\" content=\"Carlos Garc\u00eda\/Le\u00f3n, Gto.-La pol\u00edtica de la administraci\u00f3n estatal (2024-2030) es transparentar el uso del presupuesto y el &quot;llamado siempre ser\u00e1 que el recurso p\u00fablico est\u00e9 a la vista de todos&quot;, contest\u00f3 la gobernadora, Libia Garc\u00eda Mu\u00f1oz Ledo, al ser cuestionada sobre la negativa de la Fiscal\u00eda General del Estado (FGE) de entregar el monto del [&hellip;]\" \/>\n<meta property=\"og:url\" content=\"https:\/\/kuali.com.mx\/web\/2025\/02\/09\/transparentar-finiquito-de-zamarripa-pide-gobernadora-a-la-fge\/\" \/>\n<meta property=\"og:site_name\" content=\"Kuali\" \/>\n<meta property=\"article:publisher\" content=\"https:\/\/kuali.com.mx\/web\/wp-content\/uploads\/2018\/04\/cropped-kuali_logo-1-1.png\" \/>\n<meta property=\"article:published_time\" content=\"2025-02-09T21:25:11+00:00\" \/>\n<meta property=\"article:modified_time\" content=\"2025-02-09T21:46:09+00:00\" \/>\n<meta property=\"og:image\" content=\"https:\/\/kuali.com.mx\/web\/wp-content\/uploads\/2025\/02\/Gobernadora-Fidesseg-SLIDER.jpg\" \/>\n\t<meta property=\"og:image:width\" content=\"1843\" \/>\n\t<meta property=\"og:image:height\" content=\"750\" \/>\n\t<meta property=\"og:image:type\" content=\"image\/jpeg\" \/>\n<meta name=\"author\" content=\"Kuali Staff\" \/>\n<meta name=\"twitter:card\" content=\"summary_large_image\" \/>\n<meta name=\"twitter:creator\" content=\"@kuali_noticias\" \/>\n<meta name=\"twitter:site\" content=\"@kuali_noticias\" \/>\n<meta name=\"twitter:label1\" content=\"Escrito por\" \/>\n\t<meta name=\"twitter:data1\" content=\"Kuali Staff\" \/>\n\t<meta name=\"twitter:label2\" content=\"Tiempo de lectura\" \/>\n\t<meta name=\"twitter:data2\" content=\"3 minutos\" \/>\n<script type=\"application\/ld+json\" class=\"yoast-schema-graph\">{\"@context\":\"https:\\\/\\\/schema.org\",\"@graph\":[{\"@type\":\"Article\",\"@id\":\"https:\\\/\\\/kuali.com.mx\\\/web\\\/2025\\\/02\\\/09\\\/transparentar-finiquito-de-zamarripa-pide-gobernadora-a-la-fge\\\/#article\",\"isPartOf\":{\"@id\":\"https:\\\/\\\/kuali.com.mx\\\/web\\\/2025\\\/02\\\/09\\\/transparentar-finiquito-de-zamarripa-pide-gobernadora-a-la-fge\\\/\"},\"author\":{\"name\":\"Kuali Staff\",\"@id\":\"https:\\\/\\\/kuali.com.mx\\\/web\\\/#\\\/schema\\\/person\\\/6f89ffa8ecba9dae50662357923c5289\"},\"headline\":\"TRANSPARENTAR FINIQUITO DE ZAMARRIPA, PIDE GOBERNADORA A LA FGE\",\"datePublished\":\"2025-02-09T21:25:11+00:00\",\"dateModified\":\"2025-02-09T21:46:09+00:00\",\"mainEntityOfPage\":{\"@id\":\"https:\\\/\\\/kuali.com.mx\\\/web\\\/2025\\\/02\\\/09\\\/transparentar-finiquito-de-zamarripa-pide-gobernadora-a-la-fge\\\/\"},\"wordCount\":552,\"commentCount\":0,\"image\":{\"@id\":\"https:\\\/\\\/kuali.com.mx\\\/web\\\/2025\\\/02\\\/09\\\/transparentar-finiquito-de-zamarripa-pide-gobernadora-a-la-fge\\\/#primaryimage\"},\"thumbnailUrl\":\"https:\\\/\\\/kuali.com.mx\\\/web\\\/wp-content\\\/uploads\\\/2025\\\/02\\\/Gobernadora-Fidesseg-SLIDER.jpg\",\"articleSection\":[\"Pol\u00edtica\",\"slider\"],\"inLanguage\":\"es\",\"potentialAction\":[{\"@type\":\"CommentAction\",\"name\":\"Comment\",\"target\":[\"https:\\\/\\\/kuali.com.mx\\\/web\\\/2025\\\/02\\\/09\\\/transparentar-finiquito-de-zamarripa-pide-gobernadora-a-la-fge\\\/#respond\"]}]},{\"@type\":\"WebPage\",\"@id\":\"https:\\\/\\\/kuali.com.mx\\\/web\\\/2025\\\/02\\\/09\\\/transparentar-finiquito-de-zamarripa-pide-gobernadora-a-la-fge\\\/\",\"url\":\"https:\\\/\\\/kuali.com.mx\\\/web\\\/2025\\\/02\\\/09\\\/transparentar-finiquito-de-zamarripa-pide-gobernadora-a-la-fge\\\/\",\"name\":\"TRANSPARENTAR FINIQUITO DE ZAMARRIPA, PIDE GOBERNADORA A LA FGE - Kuali\",\"isPartOf\":{\"@id\":\"https:\\\/\\\/kuali.com.mx\\\/web\\\/#website\"},\"primaryImageOfPage\":{\"@id\":\"https:\\\/\\\/kuali.com.mx\\\/web\\\/2025\\\/02\\\/09\\\/transparentar-finiquito-de-zamarripa-pide-gobernadora-a-la-fge\\\/#primaryimage\"},\"image\":{\"@id\":\"https:\\\/\\\/kuali.com.mx\\\/web\\\/2025\\\/02\\\/09\\\/transparentar-finiquito-de-zamarripa-pide-gobernadora-a-la-fge\\\/#primaryimage\"},\"thumbnailUrl\":\"https:\\\/\\\/kuali.com.mx\\\/web\\\/wp-content\\\/uploads\\\/2025\\\/02\\\/Gobernadora-Fidesseg-SLIDER.jpg\",\"datePublished\":\"2025-02-09T21:25:11+00:00\",\"dateModified\":\"2025-02-09T21:46:09+00:00\",\"author\":{\"@id\":\"https:\\\/\\\/kuali.com.mx\\\/web\\\/#\\\/schema\\\/person\\\/6f89ffa8ecba9dae50662357923c5289\"},\"breadcrumb\":{\"@id\":\"https:\\\/\\\/kuali.com.mx\\\/web\\\/2025\\\/02\\\/09\\\/transparentar-finiquito-de-zamarripa-pide-gobernadora-a-la-fge\\\/#breadcrumb\"},\"inLanguage\":\"es\",\"potentialAction\":[{\"@type\":\"ReadAction\",\"target\":[\"https:\\\/\\\/kuali.com.mx\\\/web\\\/2025\\\/02\\\/09\\\/transparentar-finiquito-de-zamarripa-pide-gobernadora-a-la-fge\\\/\"]}]},{\"@type\":\"ImageObject\",\"inLanguage\":\"es\",\"@id\":\"https:\\\/\\\/kuali.com.mx\\\/web\\\/2025\\\/02\\\/09\\\/transparentar-finiquito-de-zamarripa-pide-gobernadora-a-la-fge\\\/#primaryimage\",\"url\":\"https:\\\/\\\/kuali.com.mx\\\/web\\\/wp-content\\\/uploads\\\/2025\\\/02\\\/Gobernadora-Fidesseg-SLIDER.jpg\",\"contentUrl\":\"https:\\\/\\\/kuali.com.mx\\\/web\\\/wp-content\\\/uploads\\\/2025\\\/02\\\/Gobernadora-Fidesseg-SLIDER.jpg\",\"width\":1843,\"height\":750},{\"@type\":\"BreadcrumbList\",\"@id\":\"https:\\\/\\\/kuali.com.mx\\\/web\\\/2025\\\/02\\\/09\\\/transparentar-finiquito-de-zamarripa-pide-gobernadora-a-la-fge\\\/#breadcrumb\",\"itemListElement\":[{\"@type\":\"ListItem\",\"position\":1,\"name\":\"Inicio\",\"item\":\"https:\\\/\\\/kuali.com.mx\\\/web\\\/\"},{\"@type\":\"ListItem\",\"position\":2,\"name\":\"TRANSPARENTAR FINIQUITO DE ZAMARRIPA, PIDE GOBERNADORA A LA FGE\"}]},{\"@type\":\"WebSite\",\"@id\":\"https:\\\/\\\/kuali.com.mx\\\/web\\\/#website\",\"url\":\"https:\\\/\\\/kuali.com.mx\\\/web\\\/\",\"name\":\"Kuali\",\"description\":\"\",\"potentialAction\":[{\"@type\":\"SearchAction\",\"target\":{\"@type\":\"EntryPoint\",\"urlTemplate\":\"https:\\\/\\\/kuali.com.mx\\\/web\\\/?s={search_term_string}\"},\"query-input\":{\"@type\":\"PropertyValueSpecification\",\"valueRequired\":true,\"valueName\":\"search_term_string\"}}],\"inLanguage\":\"es\"},{\"@type\":\"Person\",\"@id\":\"https:\\\/\\\/kuali.com.mx\\\/web\\\/#\\\/schema\\\/person\\\/6f89ffa8ecba9dae50662357923c5289\",\"name\":\"Kuali Staff\",\"image\":{\"@type\":\"ImageObject\",\"inLanguage\":\"es\",\"@id\":\"https:\\\/\\\/secure.gravatar.com\\\/avatar\\\/f917ad82e5ab71227a733c78b6e60715476f69ee6be59feee4eb5d9920c89e0f?s=96&d=mm&r=g\",\"url\":\"https:\\\/\\\/secure.gravatar.com\\\/avatar\\\/f917ad82e5ab71227a733c78b6e60715476f69ee6be59feee4eb5d9920c89e0f?s=96&d=mm&r=g\",\"contentUrl\":\"https:\\\/\\\/secure.gravatar.com\\\/avatar\\\/f917ad82e5ab71227a733c78b6e60715476f69ee6be59feee4eb5d9920c89e0f?s=96&d=mm&r=g\",\"caption\":\"Kuali Staff\"},\"url\":\"https:\\\/\\\/kuali.com.mx\\\/web\\\/author\\\/lagarto\\\/\"}]}<\/script>\n<!-- \/ Yoast SEO plugin. -->","yoast_head_json":{"title":"TRANSPARENTAR FINIQUITO DE ZAMARRIPA, PIDE GOBERNADORA A LA FGE - Kuali","robots":{"index":"index","follow":"follow","max-snippet":"max-snippet:-1","max-image-preview":"max-image-preview:large","max-video-preview":"max-video-preview:-1"},"canonical":"https:\/\/kuali.com.mx\/web\/2025\/02\/09\/transparentar-finiquito-de-zamarripa-pide-gobernadora-a-la-fge\/","og_locale":"es_MX","og_type":"article","og_title":"TRANSPARENTAR FINIQUITO DE ZAMARRIPA, PIDE GOBERNADORA A LA FGE - Kuali","og_description":"Carlos Garc\u00eda\/Le\u00f3n, Gto.-La pol\u00edtica de la administraci\u00f3n estatal (2024-2030) es transparentar el uso del presupuesto y el \"llamado siempre ser\u00e1 que el recurso p\u00fablico est\u00e9 a la vista de todos\", contest\u00f3 la gobernadora, Libia Garc\u00eda Mu\u00f1oz Ledo, al ser cuestionada sobre la negativa de la Fiscal\u00eda General del Estado (FGE) de entregar el monto del [&hellip;]","og_url":"https:\/\/kuali.com.mx\/web\/2025\/02\/09\/transparentar-finiquito-de-zamarripa-pide-gobernadora-a-la-fge\/","og_site_name":"Kuali","article_publisher":"https:\/\/kuali.com.mx\/web\/wp-content\/uploads\/2018\/04\/cropped-kuali_logo-1-1.png","article_published_time":"2025-02-09T21:25:11+00:00","article_modified_time":"2025-02-09T21:46:09+00:00","og_image":[{"width":1843,"height":750,"url":"https:\/\/kuali.com.mx\/web\/wp-content\/uploads\/2025\/02\/Gobernadora-Fidesseg-SLIDER.jpg","type":"image\/jpeg"}],"author":"Kuali Staff","twitter_card":"summary_large_image","twitter_creator":"@kuali_noticias","twitter_site":"@kuali_noticias","twitter_misc":{"Escrito por":"Kuali Staff","Tiempo de lectura":"3 minutos"},"schema":{"@context":"https:\/\/schema.org","@graph":[{"@type":"Article","@id":"https:\/\/kuali.com.mx\/web\/2025\/02\/09\/transparentar-finiquito-de-zamarripa-pide-gobernadora-a-la-fge\/#article","isPartOf":{"@id":"https:\/\/kuali.com.mx\/web\/2025\/02\/09\/transparentar-finiquito-de-zamarripa-pide-gobernadora-a-la-fge\/"},"author":{"name":"Kuali Staff","@id":"https:\/\/kuali.com.mx\/web\/#\/schema\/person\/6f89ffa8ecba9dae50662357923c5289"},"headline":"TRANSPARENTAR FINIQUITO DE ZAMARRIPA, PIDE GOBERNADORA A LA FGE","datePublished":"2025-02-09T21:25:11+00:00","dateModified":"2025-02-09T21:46:09+00:00","mainEntityOfPage":{"@id":"https:\/\/kuali.com.mx\/web\/2025\/02\/09\/transparentar-finiquito-de-zamarripa-pide-gobernadora-a-la-fge\/"},"wordCount":552,"commentCount":0,"image":{"@id":"https:\/\/kuali.com.mx\/web\/2025\/02\/09\/transparentar-finiquito-de-zamarripa-pide-gobernadora-a-la-fge\/#primaryimage"},"thumbnailUrl":"https:\/\/kuali.com.mx\/web\/wp-content\/uploads\/2025\/02\/Gobernadora-Fidesseg-SLIDER.jpg","articleSection":["Pol\u00edtica","slider"],"inLanguage":"es","potentialAction":[{"@type":"CommentAction","name":"Comment","target":["https:\/\/kuali.com.mx\/web\/2025\/02\/09\/transparentar-finiquito-de-zamarripa-pide-gobernadora-a-la-fge\/#respond"]}]},{"@type":"WebPage","@id":"https:\/\/kuali.com.mx\/web\/2025\/02\/09\/transparentar-finiquito-de-zamarripa-pide-gobernadora-a-la-fge\/","url":"https:\/\/kuali.com.mx\/web\/2025\/02\/09\/transparentar-finiquito-de-zamarripa-pide-gobernadora-a-la-fge\/","name":"TRANSPARENTAR FINIQUITO DE ZAMARRIPA, PIDE GOBERNADORA A LA FGE - Kuali","isPartOf":{"@id":"https:\/\/kuali.com.mx\/web\/#website"},"primaryImageOfPage":{"@id":"https:\/\/kuali.com.mx\/web\/2025\/02\/09\/transparentar-finiquito-de-zamarripa-pide-gobernadora-a-la-fge\/#primaryimage"},"image":{"@id":"https:\/\/kuali.com.mx\/web\/2025\/02\/09\/transparentar-finiquito-de-zamarripa-pide-gobernadora-a-la-fge\/#primaryimage"},"thumbnailUrl":"https:\/\/kuali.com.mx\/web\/wp-content\/uploads\/2025\/02\/Gobernadora-Fidesseg-SLIDER.jpg","datePublished":"2025-02-09T21:25:11+00:00","dateModified":"2025-02-09T21:46:09+00:00","author":{"@id":"https:\/\/kuali.com.mx\/web\/#\/schema\/person\/6f89ffa8ecba9dae50662357923c5289"},"breadcrumb":{"@id":"https:\/\/kuali.com.mx\/web\/2025\/02\/09\/transparentar-finiquito-de-zamarripa-pide-gobernadora-a-la-fge\/#breadcrumb"},"inLanguage":"es","potentialAction":[{"@type":"ReadAction","target":["https:\/\/kuali.com.mx\/web\/2025\/02\/09\/transparentar-finiquito-de-zamarripa-pide-gobernadora-a-la-fge\/"]}]},{"@type":"ImageObject","inLanguage":"es","@id":"https:\/\/kuali.com.mx\/web\/2025\/02\/09\/transparentar-finiquito-de-zamarripa-pide-gobernadora-a-la-fge\/#primaryimage","url":"https:\/\/kuali.com.mx\/web\/wp-content\/uploads\/2025\/02\/Gobernadora-Fidesseg-SLIDER.jpg","contentUrl":"https:\/\/kuali.com.mx\/web\/wp-content\/uploads\/2025\/02\/Gobernadora-Fidesseg-SLIDER.jpg","width":1843,"height":750},{"@type":"BreadcrumbList","@id":"https:\/\/kuali.com.mx\/web\/2025\/02\/09\/transparentar-finiquito-de-zamarripa-pide-gobernadora-a-la-fge\/#breadcrumb","itemListElement":[{"@type":"ListItem","position":1,"name":"Inicio","item":"https:\/\/kuali.com.mx\/web\/"},{"@type":"ListItem","position":2,"name":"TRANSPARENTAR FINIQUITO DE ZAMARRIPA, PIDE GOBERNADORA A LA FGE"}]},{"@type":"WebSite","@id":"https:\/\/kuali.com.mx\/web\/#website","url":"https:\/\/kuali.com.mx\/web\/","name":"Kuali","description":"","potentialAction":[{"@type":"SearchAction","target":{"@type":"EntryPoint","urlTemplate":"https:\/\/kuali.com.mx\/web\/?s={search_term_string}"},"query-input":{"@type":"PropertyValueSpecification","valueRequired":true,"valueName":"search_term_string"}}],"inLanguage":"es"},{"@type":"Person","@id":"https:\/\/kuali.com.mx\/web\/#\/schema\/person\/6f89ffa8ecba9dae50662357923c5289","name":"Kuali Staff","image":{"@type":"ImageObject","inLanguage":"es","@id":"https:\/\/secure.gravatar.com\/avatar\/f917ad82e5ab71227a733c78b6e60715476f69ee6be59feee4eb5d9920c89e0f?s=96&d=mm&r=g","url":"https:\/\/secure.gravatar.com\/avatar\/f917ad82e5ab71227a733c78b6e60715476f69ee6be59feee4eb5d9920c89e0f?s=96&d=mm&r=g","contentUrl":"https:\/\/secure.gravatar.com\/avatar\/f917ad82e5ab71227a733c78b6e60715476f69ee6be59feee4eb5d9920c89e0f?s=96&d=mm&r=g","caption":"Kuali Staff"},"url":"https:\/\/kuali.com.mx\/web\/author\/lagarto\/"}]}},"_links":{"self":[{"href":"https:\/\/kuali.com.mx\/web\/wp-json\/wp\/v2\/posts\/168117","targetHints":{"allow":["GET"]}}],"collection":[{"href":"https:\/\/kuali.com.mx\/web\/wp-json\/wp\/v2\/posts"}],"about":[{"href":"https:\/\/kuali.com.mx\/web\/wp-json\/wp\/v2\/types\/post"}],"author":[{"embeddable":true,"href":"https:\/\/kuali.com.mx\/web\/wp-json\/wp\/v2\/users\/2"}],"replies":[{"embeddable":true,"href":"https:\/\/kuali.com.mx\/web\/wp-json\/wp\/v2\/comments?post=168117"}],"version-history":[{"count":3,"href":"https:\/\/kuali.com.mx\/web\/wp-json\/wp\/v2\/posts\/168117\/revisions"}],"predecessor-version":[{"id":168129,"href":"https:\/\/kuali.com.mx\/web\/wp-json\/wp\/v2\/posts\/168117\/revisions\/168129"}],"wp:featuredmedia":[{"embeddable":true,"href":"https:\/\/kuali.com.mx\/web\/wp-json\/wp\/v2\/media\/167960"}],"wp:attachment":[{"href":"https:\/\/kuali.com.mx\/web\/wp-json\/wp\/v2\/media?parent=168117"}],"wp:term":[{"taxonomy":"category","embeddable":true,"href":"https:\/\/kuali.com.mx\/web\/wp-json\/wp\/v2\/categories?post=168117"},{"taxonomy":"post_tag","embeddable":true,"href":"https:\/\/kuali.com.mx\/web\/wp-json\/wp\/v2\/tags?post=168117"}],"curies":[{"name":"wp","href":"https:\/\/api.w.org\/{rel}","templated":true}]}}