{"id":168097,"date":"2025-02-09T15:01:56","date_gmt":"2025-02-09T21:01:56","guid":{"rendered":"https:\/\/kuali.com.mx\/web\/?p=168097"},"modified":"2025-02-09T15:14:58","modified_gmt":"2025-02-09T21:14:58","slug":"daran-atencion-psicologica-en-secundaria-donde-estudiaba-mateo","status":"publish","type":"post","link":"https:\/\/kuali.com.mx\/web\/2025\/02\/09\/daran-atencion-psicologica-en-secundaria-donde-estudiaba-mateo\/","title":{"rendered":"DAR\u00c1N ATENCI\u00d3N PSICOL\u00d3GICA EN SECUNDARIA DONDE ESTUDIABA MATEO"},"content":{"rendered":"\n<p><strong>Milagros Tadeo\/Le\u00f3n, Gto.-<\/strong>&nbsp;La Secretar\u00eda de Educaci\u00f3n de Guanajuato (SEG) brindar\u00eda acompa\u00f1amiento psicol\u00f3gico a los estudiantes de la Telesecundaria No.39, tras la desaparici\u00f3n y asesinato de Mateo Santiago Ram\u00edrez Mart\u00ednez.<\/p>\n\n\n\n<p>La coordinadora acad\u00e9mica de la Telesecundaria No. 39, Monserrat Pi\u00f1a, indic\u00f3 que los estudiantes est\u00e1n desconsolados ante este hecho tan lamentable.<\/p>\n\n\n\n<p>\u201cSobre todo, est\u00e1n tristes, desconsolados y creo que algunos de ellos todav\u00eda no se dan cuenta de la situaci\u00f3n, por la que est\u00e1n pasando\u201d, dijo.<\/p>\n\n\n\n<p>Dijo que cada que se presenta una situaci\u00f3n compleja para la comunidad educativa, la Secretar\u00eda de Educaci\u00f3n brinda atenci\u00f3n psicol\u00f3gica para que los alumnos puedan procesar ciertas situaciones.<\/p>\n\n\n\n<p>Se\u00f1al\u00f3 que el haber estado inmersos en una compleja situaci\u00f3n emocional, los estudiantes tendr\u00edan que ser atendidos por especialistas para que puedan procesar lo que sucedi\u00f3.<\/p>\n\n\n\n<p>\u201cPor lo general, la Secretar\u00eda de Educaci\u00f3n de Guanajuato ofrece apoyo con sus psic\u00f3logos para poder trabajar con ellos, no nos dejan solos, tampoco en la delegaci\u00f3n regional de la SEG, entonces probablemente nos manden apoyo psicol\u00f3gico para trabajar con los ni\u00f1os en la escuela\u201d, declar\u00f3.<\/p>\n\n\n\n<p>Monserrat Pi\u00f1a dijo que el caso de Mateo Santiago \u201ces una llamada de atenci\u00f3n a la sociedad\u201d en donde las autoridades educativas y las familias deben redoblar esfuerzos.<\/p>\n\n\n\n<p>\u201cUno como maestro se encuentra muchas situaciones diariamente con los alumnos y a veces lo que hacemos o intentamos en la escuela es insuficiente, siento que esto es algo que nos mueve a todos los que estuvimos cerca de Mateo y de su grupo de amigos, para doblar esfuerzos para que nuestros ni\u00f1os y familias no se sientan solos\u201d, refiri\u00f3.<\/p>\n","protected":false},"excerpt":{"rendered":"Milagros Tadeo\/Le\u00f3n, Gto.-&nbsp;La Secretar\u00eda de Educaci\u00f3n de Guanajuato (SEG) brindar\u00eda acompa\u00f1amiento psicol\u00f3gico a los estudiantes de la Telesecundaria No.39, tras la desaparici\u00f3n y asesinato de Mateo Santiago Ram\u00edrez Mart\u00ednez. La coordinadora acad\u00e9mica de la Telesecundaria No. 39, Monserrat Pi\u00f1a, indic\u00f3 que los estudiantes est\u00e1n desconsolados ante este hecho tan lamentable. \u201cSobre todo, est\u00e1n tristes, desconsolados [&hellip;]","protected":false},"author":2,"featured_media":168116,"comment_status":"open","ping_status":"open","sticky":false,"template":"","format":"standard","meta":{"_seopress_robots_primary_cat":"none","_seopress_titles_title":"","_seopress_titles_desc":"","_seopress_robots_index":"","_monsterinsights_skip_tracking":false,"_monsterinsights_sitenote_active":false,"_monsterinsights_sitenote_note":"","_monsterinsights_sitenote_category":0,"footnotes":""},"categories":[14,69],"tags":[],"class_list":["post-168097","post","type-post","status-publish","format-standard","has-post-thumbnail","hentry","category-derechos","category-slider"],"yoast_head":"<!-- This site is optimized with the Yoast SEO plugin v27.4 - https:\/\/yoast.com\/product\/yoast-seo-wordpress\/ -->\n<title>DAR\u00c1N ATENCI\u00d3N PSICOL\u00d3GICA EN SECUNDARIA DONDE ESTUDIABA MATEO - Kuali<\/title>\n<meta name=\"robots\" content=\"index, follow, max-snippet:-1, max-image-preview:large, max-video-preview:-1\" \/>\n<link rel=\"canonical\" href=\"https:\/\/kuali.com.mx\/web\/2025\/02\/09\/daran-atencion-psicologica-en-secundaria-donde-estudiaba-mateo\/\" \/>\n<meta property=\"og:locale\" content=\"es_MX\" \/>\n<meta property=\"og:type\" content=\"article\" \/>\n<meta property=\"og:title\" content=\"DAR\u00c1N ATENCI\u00d3N PSICOL\u00d3GICA EN SECUNDARIA DONDE ESTUDIABA MATEO - Kuali\" \/>\n<meta property=\"og:description\" content=\"Milagros Tadeo\/Le\u00f3n, Gto.-&nbsp;La Secretar\u00eda de Educaci\u00f3n de Guanajuato (SEG) brindar\u00eda acompa\u00f1amiento psicol\u00f3gico a los estudiantes de la Telesecundaria No.39, tras la desaparici\u00f3n y asesinato de Mateo Santiago Ram\u00edrez Mart\u00ednez. La coordinadora acad\u00e9mica de la Telesecundaria No. 39, Monserrat Pi\u00f1a, indic\u00f3 que los estudiantes est\u00e1n desconsolados ante este hecho tan lamentable. \u201cSobre todo, est\u00e1n tristes, desconsolados [&hellip;]\" \/>\n<meta property=\"og:url\" content=\"https:\/\/kuali.com.mx\/web\/2025\/02\/09\/daran-atencion-psicologica-en-secundaria-donde-estudiaba-mateo\/\" \/>\n<meta property=\"og:site_name\" content=\"Kuali\" \/>\n<meta property=\"article:publisher\" content=\"https:\/\/kuali.com.mx\/web\/wp-content\/uploads\/2018\/04\/cropped-kuali_logo-1-1.png\" \/>\n<meta property=\"article:published_time\" content=\"2025-02-09T21:01:56+00:00\" \/>\n<meta property=\"article:modified_time\" content=\"2025-02-09T21:14:58+00:00\" \/>\n<meta property=\"og:image\" content=\"https:\/\/kuali.com.mx\/web\/wp-content\/uploads\/2025\/02\/Secundaria-39-Mateo-1.jpg\" \/>\n\t<meta property=\"og:image:width\" content=\"1809\" \/>\n\t<meta property=\"og:image:height\" content=\"750\" \/>\n\t<meta property=\"og:image:type\" content=\"image\/jpeg\" \/>\n<meta name=\"author\" content=\"Kuali Staff\" \/>\n<meta name=\"twitter:card\" content=\"summary_large_image\" \/>\n<meta name=\"twitter:creator\" content=\"@kuali_noticias\" \/>\n<meta name=\"twitter:site\" content=\"@kuali_noticias\" \/>\n<meta name=\"twitter:label1\" content=\"Escrito por\" \/>\n\t<meta name=\"twitter:data1\" content=\"Kuali Staff\" \/>\n\t<meta name=\"twitter:label2\" content=\"Tiempo de lectura\" \/>\n\t<meta name=\"twitter:data2\" content=\"1 minuto\" \/>\n<script type=\"application\/ld+json\" class=\"yoast-schema-graph\">{\"@context\":\"https:\\\/\\\/schema.org\",\"@graph\":[{\"@type\":\"Article\",\"@id\":\"https:\\\/\\\/kuali.com.mx\\\/web\\\/2025\\\/02\\\/09\\\/daran-atencion-psicologica-en-secundaria-donde-estudiaba-mateo\\\/#article\",\"isPartOf\":{\"@id\":\"https:\\\/\\\/kuali.com.mx\\\/web\\\/2025\\\/02\\\/09\\\/daran-atencion-psicologica-en-secundaria-donde-estudiaba-mateo\\\/\"},\"author\":{\"name\":\"Kuali Staff\",\"@id\":\"https:\\\/\\\/kuali.com.mx\\\/web\\\/#\\\/schema\\\/person\\\/6f89ffa8ecba9dae50662357923c5289\"},\"headline\":\"DAR\u00c1N ATENCI\u00d3N PSICOL\u00d3GICA EN SECUNDARIA DONDE ESTUDIABA MATEO\",\"datePublished\":\"2025-02-09T21:01:56+00:00\",\"dateModified\":\"2025-02-09T21:14:58+00:00\",\"mainEntityOfPage\":{\"@id\":\"https:\\\/\\\/kuali.com.mx\\\/web\\\/2025\\\/02\\\/09\\\/daran-atencion-psicologica-en-secundaria-donde-estudiaba-mateo\\\/\"},\"wordCount\":310,\"commentCount\":0,\"image\":{\"@id\":\"https:\\\/\\\/kuali.com.mx\\\/web\\\/2025\\\/02\\\/09\\\/daran-atencion-psicologica-en-secundaria-donde-estudiaba-mateo\\\/#primaryimage\"},\"thumbnailUrl\":\"https:\\\/\\\/kuali.com.mx\\\/web\\\/wp-content\\\/uploads\\\/2025\\\/02\\\/Secundaria-39-Mateo-1.jpg\",\"articleSection\":[\"Derechos Humanos\",\"slider\"],\"inLanguage\":\"es\",\"potentialAction\":[{\"@type\":\"CommentAction\",\"name\":\"Comment\",\"target\":[\"https:\\\/\\\/kuali.com.mx\\\/web\\\/2025\\\/02\\\/09\\\/daran-atencion-psicologica-en-secundaria-donde-estudiaba-mateo\\\/#respond\"]}]},{\"@type\":\"WebPage\",\"@id\":\"https:\\\/\\\/kuali.com.mx\\\/web\\\/2025\\\/02\\\/09\\\/daran-atencion-psicologica-en-secundaria-donde-estudiaba-mateo\\\/\",\"url\":\"https:\\\/\\\/kuali.com.mx\\\/web\\\/2025\\\/02\\\/09\\\/daran-atencion-psicologica-en-secundaria-donde-estudiaba-mateo\\\/\",\"name\":\"DAR\u00c1N ATENCI\u00d3N PSICOL\u00d3GICA EN SECUNDARIA DONDE ESTUDIABA MATEO - Kuali\",\"isPartOf\":{\"@id\":\"https:\\\/\\\/kuali.com.mx\\\/web\\\/#website\"},\"primaryImageOfPage\":{\"@id\":\"https:\\\/\\\/kuali.com.mx\\\/web\\\/2025\\\/02\\\/09\\\/daran-atencion-psicologica-en-secundaria-donde-estudiaba-mateo\\\/#primaryimage\"},\"image\":{\"@id\":\"https:\\\/\\\/kuali.com.mx\\\/web\\\/2025\\\/02\\\/09\\\/daran-atencion-psicologica-en-secundaria-donde-estudiaba-mateo\\\/#primaryimage\"},\"thumbnailUrl\":\"https:\\\/\\\/kuali.com.mx\\\/web\\\/wp-content\\\/uploads\\\/2025\\\/02\\\/Secundaria-39-Mateo-1.jpg\",\"datePublished\":\"2025-02-09T21:01:56+00:00\",\"dateModified\":\"2025-02-09T21:14:58+00:00\",\"author\":{\"@id\":\"https:\\\/\\\/kuali.com.mx\\\/web\\\/#\\\/schema\\\/person\\\/6f89ffa8ecba9dae50662357923c5289\"},\"breadcrumb\":{\"@id\":\"https:\\\/\\\/kuali.com.mx\\\/web\\\/2025\\\/02\\\/09\\\/daran-atencion-psicologica-en-secundaria-donde-estudiaba-mateo\\\/#breadcrumb\"},\"inLanguage\":\"es\",\"potentialAction\":[{\"@type\":\"ReadAction\",\"target\":[\"https:\\\/\\\/kuali.com.mx\\\/web\\\/2025\\\/02\\\/09\\\/daran-atencion-psicologica-en-secundaria-donde-estudiaba-mateo\\\/\"]}]},{\"@type\":\"ImageObject\",\"inLanguage\":\"es\",\"@id\":\"https:\\\/\\\/kuali.com.mx\\\/web\\\/2025\\\/02\\\/09\\\/daran-atencion-psicologica-en-secundaria-donde-estudiaba-mateo\\\/#primaryimage\",\"url\":\"https:\\\/\\\/kuali.com.mx\\\/web\\\/wp-content\\\/uploads\\\/2025\\\/02\\\/Secundaria-39-Mateo-1.jpg\",\"contentUrl\":\"https:\\\/\\\/kuali.com.mx\\\/web\\\/wp-content\\\/uploads\\\/2025\\\/02\\\/Secundaria-39-Mateo-1.jpg\",\"width\":1809,\"height\":750},{\"@type\":\"BreadcrumbList\",\"@id\":\"https:\\\/\\\/kuali.com.mx\\\/web\\\/2025\\\/02\\\/09\\\/daran-atencion-psicologica-en-secundaria-donde-estudiaba-mateo\\\/#breadcrumb\",\"itemListElement\":[{\"@type\":\"ListItem\",\"position\":1,\"name\":\"Inicio\",\"item\":\"https:\\\/\\\/kuali.com.mx\\\/web\\\/\"},{\"@type\":\"ListItem\",\"position\":2,\"name\":\"DAR\u00c1N ATENCI\u00d3N PSICOL\u00d3GICA EN SECUNDARIA DONDE ESTUDIABA MATEO\"}]},{\"@type\":\"WebSite\",\"@id\":\"https:\\\/\\\/kuali.com.mx\\\/web\\\/#website\",\"url\":\"https:\\\/\\\/kuali.com.mx\\\/web\\\/\",\"name\":\"Kuali\",\"description\":\"\",\"potentialAction\":[{\"@type\":\"SearchAction\",\"target\":{\"@type\":\"EntryPoint\",\"urlTemplate\":\"https:\\\/\\\/kuali.com.mx\\\/web\\\/?s={search_term_string}\"},\"query-input\":{\"@type\":\"PropertyValueSpecification\",\"valueRequired\":true,\"valueName\":\"search_term_string\"}}],\"inLanguage\":\"es\"},{\"@type\":\"Person\",\"@id\":\"https:\\\/\\\/kuali.com.mx\\\/web\\\/#\\\/schema\\\/person\\\/6f89ffa8ecba9dae50662357923c5289\",\"name\":\"Kuali Staff\",\"image\":{\"@type\":\"ImageObject\",\"inLanguage\":\"es\",\"@id\":\"https:\\\/\\\/secure.gravatar.com\\\/avatar\\\/f917ad82e5ab71227a733c78b6e60715476f69ee6be59feee4eb5d9920c89e0f?s=96&d=mm&r=g\",\"url\":\"https:\\\/\\\/secure.gravatar.com\\\/avatar\\\/f917ad82e5ab71227a733c78b6e60715476f69ee6be59feee4eb5d9920c89e0f?s=96&d=mm&r=g\",\"contentUrl\":\"https:\\\/\\\/secure.gravatar.com\\\/avatar\\\/f917ad82e5ab71227a733c78b6e60715476f69ee6be59feee4eb5d9920c89e0f?s=96&d=mm&r=g\",\"caption\":\"Kuali Staff\"},\"url\":\"https:\\\/\\\/kuali.com.mx\\\/web\\\/author\\\/lagarto\\\/\"}]}<\/script>\n<!-- \/ Yoast SEO plugin. -->","yoast_head_json":{"title":"DAR\u00c1N ATENCI\u00d3N PSICOL\u00d3GICA EN SECUNDARIA DONDE ESTUDIABA MATEO - Kuali","robots":{"index":"index","follow":"follow","max-snippet":"max-snippet:-1","max-image-preview":"max-image-preview:large","max-video-preview":"max-video-preview:-1"},"canonical":"https:\/\/kuali.com.mx\/web\/2025\/02\/09\/daran-atencion-psicologica-en-secundaria-donde-estudiaba-mateo\/","og_locale":"es_MX","og_type":"article","og_title":"DAR\u00c1N ATENCI\u00d3N PSICOL\u00d3GICA EN SECUNDARIA DONDE ESTUDIABA MATEO - Kuali","og_description":"Milagros Tadeo\/Le\u00f3n, Gto.-&nbsp;La Secretar\u00eda de Educaci\u00f3n de Guanajuato (SEG) brindar\u00eda acompa\u00f1amiento psicol\u00f3gico a los estudiantes de la Telesecundaria No.39, tras la desaparici\u00f3n y asesinato de Mateo Santiago Ram\u00edrez Mart\u00ednez. La coordinadora acad\u00e9mica de la Telesecundaria No. 39, Monserrat Pi\u00f1a, indic\u00f3 que los estudiantes est\u00e1n desconsolados ante este hecho tan lamentable. \u201cSobre todo, est\u00e1n tristes, desconsolados [&hellip;]","og_url":"https:\/\/kuali.com.mx\/web\/2025\/02\/09\/daran-atencion-psicologica-en-secundaria-donde-estudiaba-mateo\/","og_site_name":"Kuali","article_publisher":"https:\/\/kuali.com.mx\/web\/wp-content\/uploads\/2018\/04\/cropped-kuali_logo-1-1.png","article_published_time":"2025-02-09T21:01:56+00:00","article_modified_time":"2025-02-09T21:14:58+00:00","og_image":[{"width":1809,"height":750,"url":"https:\/\/kuali.com.mx\/web\/wp-content\/uploads\/2025\/02\/Secundaria-39-Mateo-1.jpg","type":"image\/jpeg"}],"author":"Kuali Staff","twitter_card":"summary_large_image","twitter_creator":"@kuali_noticias","twitter_site":"@kuali_noticias","twitter_misc":{"Escrito por":"Kuali Staff","Tiempo de lectura":"1 minuto"},"schema":{"@context":"https:\/\/schema.org","@graph":[{"@type":"Article","@id":"https:\/\/kuali.com.mx\/web\/2025\/02\/09\/daran-atencion-psicologica-en-secundaria-donde-estudiaba-mateo\/#article","isPartOf":{"@id":"https:\/\/kuali.com.mx\/web\/2025\/02\/09\/daran-atencion-psicologica-en-secundaria-donde-estudiaba-mateo\/"},"author":{"name":"Kuali Staff","@id":"https:\/\/kuali.com.mx\/web\/#\/schema\/person\/6f89ffa8ecba9dae50662357923c5289"},"headline":"DAR\u00c1N ATENCI\u00d3N PSICOL\u00d3GICA EN SECUNDARIA DONDE ESTUDIABA MATEO","datePublished":"2025-02-09T21:01:56+00:00","dateModified":"2025-02-09T21:14:58+00:00","mainEntityOfPage":{"@id":"https:\/\/kuali.com.mx\/web\/2025\/02\/09\/daran-atencion-psicologica-en-secundaria-donde-estudiaba-mateo\/"},"wordCount":310,"commentCount":0,"image":{"@id":"https:\/\/kuali.com.mx\/web\/2025\/02\/09\/daran-atencion-psicologica-en-secundaria-donde-estudiaba-mateo\/#primaryimage"},"thumbnailUrl":"https:\/\/kuali.com.mx\/web\/wp-content\/uploads\/2025\/02\/Secundaria-39-Mateo-1.jpg","articleSection":["Derechos Humanos","slider"],"inLanguage":"es","potentialAction":[{"@type":"CommentAction","name":"Comment","target":["https:\/\/kuali.com.mx\/web\/2025\/02\/09\/daran-atencion-psicologica-en-secundaria-donde-estudiaba-mateo\/#respond"]}]},{"@type":"WebPage","@id":"https:\/\/kuali.com.mx\/web\/2025\/02\/09\/daran-atencion-psicologica-en-secundaria-donde-estudiaba-mateo\/","url":"https:\/\/kuali.com.mx\/web\/2025\/02\/09\/daran-atencion-psicologica-en-secundaria-donde-estudiaba-mateo\/","name":"DAR\u00c1N ATENCI\u00d3N PSICOL\u00d3GICA EN SECUNDARIA DONDE ESTUDIABA MATEO - Kuali","isPartOf":{"@id":"https:\/\/kuali.com.mx\/web\/#website"},"primaryImageOfPage":{"@id":"https:\/\/kuali.com.mx\/web\/2025\/02\/09\/daran-atencion-psicologica-en-secundaria-donde-estudiaba-mateo\/#primaryimage"},"image":{"@id":"https:\/\/kuali.com.mx\/web\/2025\/02\/09\/daran-atencion-psicologica-en-secundaria-donde-estudiaba-mateo\/#primaryimage"},"thumbnailUrl":"https:\/\/kuali.com.mx\/web\/wp-content\/uploads\/2025\/02\/Secundaria-39-Mateo-1.jpg","datePublished":"2025-02-09T21:01:56+00:00","dateModified":"2025-02-09T21:14:58+00:00","author":{"@id":"https:\/\/kuali.com.mx\/web\/#\/schema\/person\/6f89ffa8ecba9dae50662357923c5289"},"breadcrumb":{"@id":"https:\/\/kuali.com.mx\/web\/2025\/02\/09\/daran-atencion-psicologica-en-secundaria-donde-estudiaba-mateo\/#breadcrumb"},"inLanguage":"es","potentialAction":[{"@type":"ReadAction","target":["https:\/\/kuali.com.mx\/web\/2025\/02\/09\/daran-atencion-psicologica-en-secundaria-donde-estudiaba-mateo\/"]}]},{"@type":"ImageObject","inLanguage":"es","@id":"https:\/\/kuali.com.mx\/web\/2025\/02\/09\/daran-atencion-psicologica-en-secundaria-donde-estudiaba-mateo\/#primaryimage","url":"https:\/\/kuali.com.mx\/web\/wp-content\/uploads\/2025\/02\/Secundaria-39-Mateo-1.jpg","contentUrl":"https:\/\/kuali.com.mx\/web\/wp-content\/uploads\/2025\/02\/Secundaria-39-Mateo-1.jpg","width":1809,"height":750},{"@type":"BreadcrumbList","@id":"https:\/\/kuali.com.mx\/web\/2025\/02\/09\/daran-atencion-psicologica-en-secundaria-donde-estudiaba-mateo\/#breadcrumb","itemListElement":[{"@type":"ListItem","position":1,"name":"Inicio","item":"https:\/\/kuali.com.mx\/web\/"},{"@type":"ListItem","position":2,"name":"DAR\u00c1N ATENCI\u00d3N PSICOL\u00d3GICA EN SECUNDARIA DONDE ESTUDIABA MATEO"}]},{"@type":"WebSite","@id":"https:\/\/kuali.com.mx\/web\/#website","url":"https:\/\/kuali.com.mx\/web\/","name":"Kuali","description":"","potentialAction":[{"@type":"SearchAction","target":{"@type":"EntryPoint","urlTemplate":"https:\/\/kuali.com.mx\/web\/?s={search_term_string}"},"query-input":{"@type":"PropertyValueSpecification","valueRequired":true,"valueName":"search_term_string"}}],"inLanguage":"es"},{"@type":"Person","@id":"https:\/\/kuali.com.mx\/web\/#\/schema\/person\/6f89ffa8ecba9dae50662357923c5289","name":"Kuali Staff","image":{"@type":"ImageObject","inLanguage":"es","@id":"https:\/\/secure.gravatar.com\/avatar\/f917ad82e5ab71227a733c78b6e60715476f69ee6be59feee4eb5d9920c89e0f?s=96&d=mm&r=g","url":"https:\/\/secure.gravatar.com\/avatar\/f917ad82e5ab71227a733c78b6e60715476f69ee6be59feee4eb5d9920c89e0f?s=96&d=mm&r=g","contentUrl":"https:\/\/secure.gravatar.com\/avatar\/f917ad82e5ab71227a733c78b6e60715476f69ee6be59feee4eb5d9920c89e0f?s=96&d=mm&r=g","caption":"Kuali Staff"},"url":"https:\/\/kuali.com.mx\/web\/author\/lagarto\/"}]}},"_links":{"self":[{"href":"https:\/\/kuali.com.mx\/web\/wp-json\/wp\/v2\/posts\/168097","targetHints":{"allow":["GET"]}}],"collection":[{"href":"https:\/\/kuali.com.mx\/web\/wp-json\/wp\/v2\/posts"}],"about":[{"href":"https:\/\/kuali.com.mx\/web\/wp-json\/wp\/v2\/types\/post"}],"author":[{"embeddable":true,"href":"https:\/\/kuali.com.mx\/web\/wp-json\/wp\/v2\/users\/2"}],"replies":[{"embeddable":true,"href":"https:\/\/kuali.com.mx\/web\/wp-json\/wp\/v2\/comments?post=168097"}],"version-history":[{"count":1,"href":"https:\/\/kuali.com.mx\/web\/wp-json\/wp\/v2\/posts\/168097\/revisions"}],"predecessor-version":[{"id":168102,"href":"https:\/\/kuali.com.mx\/web\/wp-json\/wp\/v2\/posts\/168097\/revisions\/168102"}],"wp:featuredmedia":[{"embeddable":true,"href":"https:\/\/kuali.com.mx\/web\/wp-json\/wp\/v2\/media\/168116"}],"wp:attachment":[{"href":"https:\/\/kuali.com.mx\/web\/wp-json\/wp\/v2\/media?parent=168097"}],"wp:term":[{"taxonomy":"category","embeddable":true,"href":"https:\/\/kuali.com.mx\/web\/wp-json\/wp\/v2\/categories?post=168097"},{"taxonomy":"post_tag","embeddable":true,"href":"https:\/\/kuali.com.mx\/web\/wp-json\/wp\/v2\/tags?post=168097"}],"curies":[{"name":"wp","href":"https:\/\/api.w.org\/{rel}","templated":true}]}}