{"id":167449,"date":"2025-02-01T23:22:42","date_gmt":"2025-02-02T05:22:42","guid":{"rendered":"https:\/\/kuali.com.mx\/web\/?p=167449"},"modified":"2025-02-01T23:23:41","modified_gmt":"2025-02-02T05:23:41","slug":"inicia-guerra-economica-contra-estados-unidos","status":"publish","type":"post","link":"https:\/\/kuali.com.mx\/web\/2025\/02\/01\/inicia-guerra-economica-contra-estados-unidos\/","title":{"rendered":"INICIA GUERRA ECON\u00d3MICA CONTRA ESTADOS UNIDOS"},"content":{"rendered":"\n<p>La presidenta de M\u00e9xico, Claudia Sheinbaum, anunci\u00f3 el s\u00e1bado \u201cmedidas arancelarias y no arancelarias\u201d en respuesta a la imposici\u00f3n del 25% de aranceles decretado por el presidente estadunidense Donald Trump y rechaz\u00f3 contundentemente cualquier alianza de su gobierno con criminales.<\/p>\n\n\n\n<p>En un comunicado divulgado por la red social X despu\u00e9s de una reuni\u00f3n con su gabinete en la sede presidencial, la mandataria no dio detalles espec\u00edficos de cuales ser\u00edan los nuevos impuestos al comercio o el resto de medidas.<\/p>\n\n\n\n<p>Con esta decisi\u00f3n pareci\u00f3 dejar claro que no se iba a amedrentar por la cl\u00e1usula incluida en la orden de Trump que inclu\u00eda tambi\u00e9n un mecanismo para aumentar los aranceles si las naciones afectadas tomaban represalias contra Estados Unidos.<\/p>\n\n\n\n<p>El primer ministro de Canad\u00e1, Justin Trudeau, anunci\u00f3 que responder\u00e1 a las medidas comerciales de Estados Unidos con aranceles de 25 por ciento sobre productos estadounidenses por valor de 155 mil millones de d\u00f3lares.<\/p>\n\n\n\n<p>La medida \u2013en respuesta al gravamen impuesto por el presidente de Estados Unidos, Donald Trump, anunciadas previamente\u2013 incluir\u00e1 aranceles inmediatos sobre bienes por valor de 30 mil millones de d\u00f3lares a partir del martes, indic\u00f3 Trudeau.<\/p>\n\n\n\n<p>Trudeau enfatiz\u00f3 que se impondr\u00e1n aranceles adicionales a productos estadounidenses por valor de 125 mil millones de d\u00f3lares en un plazo de 21 d\u00edas para dar tiempo a las empresas canadienses a encontrar socios alternativos.<\/p>\n\n\n\n<p>Como anunci\u00f3 anteriormente, Trump tambi\u00e9n impuso una tarifa arancelaria de 25 por ciento a las importaciones procedentes de Canad\u00e1, con la excepci\u00f3n de los energ\u00e9ticos, como el petr\u00f3leo, gas natural y electricidad, a los que redujo esta tarifa a diez por ciento. Y es que Canad\u00e1 provee 60 por ciento del petr\u00f3leo crudo a Estados Unidos, cuyo comercio alcanz\u00f3 cerca de cien mil millones de d\u00f3lares en 2023, de acuerdo con datos de la Oficina del Censo de Estados Unidos.<\/p>\n\n\n\n<p>El primer ministro canadiense Justin Trudeau dijo el s\u00e1bado que los aranceles canadienses sobre 30 mil millones de d\u00f3lares en comercio de alcohol y frutas estadounidenses entrar\u00e1n en vigor el martes, cuando se apliquen los aranceles estadounidenses.<\/p>\n\n\n\n<p>Abri\u00f3 su discurso a los canadienses con un mensaje dirigido a los consumidores estadounidenses. \u201cTendr\u00e1 consecuencias reales para ustedes, el pueblo estadounidense\u201d, dijo, a\u00f1adiendo que la medida generar\u00e1 alzas de precios de alimentos y otros productos.<\/p>\n\n\n\n<p>Trudeau canaliz\u00f3 las opiniones de muchos canadienses que se sent\u00edan traicionados por su vecino y aliado de larga data, recordando a los estadounidenses que las tropas canadienses lucharon junto a ellos en Afganist\u00e1n y los ayudaron a responder a innumerables crisis, desde los incendios forestales en California hasta el hurac\u00e1n Katrina.<\/p>\n\n\n\n<p>\u201cLas medidas tomadas hoy por la Casa Blanca nos dividen en lugar de unirnos\u201d, dijo Trudeau, advirtiendo en franc\u00e9s que podr\u00edan provocar \u201ctiempos oscuros\u201d para muchas personas. Alent\u00f3 a los canadienses a \u201celegir productos y servicios canadienses en lugar de los estadounidenses\u201d.<\/p>\n\n\n\n<p>El primer ministro canadiense agreg\u00f3 que la decisi\u00f3n de Trump negar\u00eda a los residentes estadounidenses el acceso al suministro de \u201cbienes vitales para la seguridad de Estados Unidos\u201d, como n\u00edquel, potasa, uranio, acero y aluminio, as\u00ed como violar\u00e1 el acuerdo de libre comercio.<\/p>\n\n\n\n<p>El primer ministro de la provincia canadiense de Columbia Brit\u00e1nica, David Eby, pidi\u00f3 a los residentes que dejaran de comprar licores de los estados \u201crojos\u201d de Estados Unidos y anunci\u00f3 que estaba eliminando las marcas de alcohol estadounidenses de los estantes de las tiendas gubernamentales. Consider\u00f3 la decisi\u00f3n del gobierno de Trump como \u201cuna declaraci\u00f3n de guerra econ\u00f3mica contra un aliado y amigo de confianza\u201d.<\/p>\n\n\n\n<p>China afirm\u00f3 el domingo que se \u201copone firmemente\u201d a las nuevas tarifas impuestas por el presidente estadunidense, Donald Trump, y prometi\u00f3 tomar las \u201ccontramedidas correspondientes para salvaguardar decididamente nuestros derechos e intereses\u201d.<\/p>\n\n\n\n<p>\u201cChina est\u00e1 profundamente insatisfecha y se opone firmemente\u201d a los aranceles, indic\u00f3 el Ministerio de Comercio Exterior de Pek\u00edn en un comunicado.<\/p>\n\n\n\n<p>Trump anunci\u00f3 el s\u00e1bado la imposici\u00f3n de aranceles de diez por ciento por encima de los grav\u00e1menes existentes.<\/p>\n\n\n\n<p>El ministerio chino calific\u00f3 las medidas estadunidense como \u201cpr\u00e1cticas err\u00f3neas\u201d y adelant\u00f3 que presentar\u00eda un reclamo contra Washington en la Organizaci\u00f3n Mundial del Comercio (OMC) por considerar que la imposici\u00f3n de aranceles unilaterales \u201cviola seriamente\u201d las reglas de este organismo.<\/p>\n\n\n\n<p>\u201cChina espera que Estados Unidos observe y enfrente de manera objetiva y racional sus propios problemas, como el del fentanilo, en lugar de amenazar todo el tiempo a otros pa\u00edses con aranceles\u201d, agreg\u00f3 el ministerio.<\/p>\n","protected":false},"excerpt":{"rendered":"La presidenta de M\u00e9xico, Claudia Sheinbaum, anunci\u00f3 el s\u00e1bado \u201cmedidas arancelarias y no arancelarias\u201d en respuesta a la imposici\u00f3n del 25% de aranceles decretado por el presidente estadunidense Donald Trump y rechaz\u00f3 contundentemente cualquier alianza de su gobierno con criminales. En un comunicado divulgado por la red social X despu\u00e9s de una reuni\u00f3n con su [&hellip;]","protected":false},"author":2,"featured_media":62924,"comment_status":"open","ping_status":"open","sticky":false,"template":"","format":"standard","meta":{"_seopress_robots_primary_cat":"none","_seopress_titles_title":"","_seopress_titles_desc":"","_seopress_robots_index":"","_monsterinsights_skip_tracking":false,"_monsterinsights_sitenote_active":false,"_monsterinsights_sitenote_note":"","_monsterinsights_sitenote_category":0,"footnotes":""},"categories":[701,3],"tags":[],"class_list":["post-167449","post","type-post","status-publish","format-standard","has-post-thumbnail","hentry","category-economia","category-politica"],"yoast_head":"<!-- This site is optimized with the Yoast SEO plugin v27.4 - https:\/\/yoast.com\/product\/yoast-seo-wordpress\/ -->\n<title>INICIA GUERRA ECON\u00d3MICA CONTRA ESTADOS UNIDOS - Kuali<\/title>\n<meta name=\"robots\" content=\"index, follow, max-snippet:-1, max-image-preview:large, max-video-preview:-1\" \/>\n<link rel=\"canonical\" href=\"https:\/\/kuali.com.mx\/web\/2025\/02\/01\/inicia-guerra-economica-contra-estados-unidos\/\" \/>\n<meta property=\"og:locale\" content=\"es_MX\" \/>\n<meta property=\"og:type\" content=\"article\" \/>\n<meta property=\"og:title\" content=\"INICIA GUERRA ECON\u00d3MICA CONTRA ESTADOS UNIDOS - Kuali\" \/>\n<meta property=\"og:description\" content=\"La presidenta de M\u00e9xico, Claudia Sheinbaum, anunci\u00f3 el s\u00e1bado \u201cmedidas arancelarias y no arancelarias\u201d en respuesta a la imposici\u00f3n del 25% de aranceles decretado por el presidente estadunidense Donald Trump y rechaz\u00f3 contundentemente cualquier alianza de su gobierno con criminales. En un comunicado divulgado por la red social X despu\u00e9s de una reuni\u00f3n con su [&hellip;]\" \/>\n<meta property=\"og:url\" content=\"https:\/\/kuali.com.mx\/web\/2025\/02\/01\/inicia-guerra-economica-contra-estados-unidos\/\" \/>\n<meta property=\"og:site_name\" content=\"Kuali\" \/>\n<meta property=\"article:publisher\" content=\"https:\/\/kuali.com.mx\/web\/wp-content\/uploads\/2018\/04\/cropped-kuali_logo-1-1.png\" \/>\n<meta property=\"article:published_time\" content=\"2025-02-02T05:22:42+00:00\" \/>\n<meta property=\"article:modified_time\" content=\"2025-02-02T05:23:41+00:00\" \/>\n<meta property=\"og:image\" content=\"https:\/\/kuali.com.mx\/web\/wp-content\/uploads\/2019\/11\/D\u00f3lares.jpg\" \/>\n\t<meta property=\"og:image:width\" content=\"1280\" \/>\n\t<meta property=\"og:image:height\" content=\"720\" \/>\n\t<meta property=\"og:image:type\" content=\"image\/jpeg\" \/>\n<meta name=\"author\" content=\"Kuali Staff\" \/>\n<meta name=\"twitter:card\" content=\"summary_large_image\" \/>\n<meta name=\"twitter:creator\" content=\"@kuali_noticias\" \/>\n<meta name=\"twitter:site\" content=\"@kuali_noticias\" \/>\n<meta name=\"twitter:label1\" content=\"Escrito por\" \/>\n\t<meta name=\"twitter:data1\" content=\"Kuali Staff\" \/>\n\t<meta name=\"twitter:label2\" content=\"Tiempo de lectura\" \/>\n\t<meta name=\"twitter:data2\" content=\"4 minutos\" \/>\n<script type=\"application\/ld+json\" class=\"yoast-schema-graph\">{\"@context\":\"https:\\\/\\\/schema.org\",\"@graph\":[{\"@type\":\"Article\",\"@id\":\"https:\\\/\\\/kuali.com.mx\\\/web\\\/2025\\\/02\\\/01\\\/inicia-guerra-economica-contra-estados-unidos\\\/#article\",\"isPartOf\":{\"@id\":\"https:\\\/\\\/kuali.com.mx\\\/web\\\/2025\\\/02\\\/01\\\/inicia-guerra-economica-contra-estados-unidos\\\/\"},\"author\":{\"name\":\"Kuali Staff\",\"@id\":\"https:\\\/\\\/kuali.com.mx\\\/web\\\/#\\\/schema\\\/person\\\/6f89ffa8ecba9dae50662357923c5289\"},\"headline\":\"INICIA GUERRA ECON\u00d3MICA CONTRA ESTADOS UNIDOS\",\"datePublished\":\"2025-02-02T05:22:42+00:00\",\"dateModified\":\"2025-02-02T05:23:41+00:00\",\"mainEntityOfPage\":{\"@id\":\"https:\\\/\\\/kuali.com.mx\\\/web\\\/2025\\\/02\\\/01\\\/inicia-guerra-economica-contra-estados-unidos\\\/\"},\"wordCount\":769,\"commentCount\":0,\"image\":{\"@id\":\"https:\\\/\\\/kuali.com.mx\\\/web\\\/2025\\\/02\\\/01\\\/inicia-guerra-economica-contra-estados-unidos\\\/#primaryimage\"},\"thumbnailUrl\":\"https:\\\/\\\/kuali.com.mx\\\/web\\\/wp-content\\\/uploads\\\/2019\\\/11\\\/D\u00f3lares.jpg\",\"articleSection\":[\"Econom\u00eda\",\"Pol\u00edtica\"],\"inLanguage\":\"es\",\"potentialAction\":[{\"@type\":\"CommentAction\",\"name\":\"Comment\",\"target\":[\"https:\\\/\\\/kuali.com.mx\\\/web\\\/2025\\\/02\\\/01\\\/inicia-guerra-economica-contra-estados-unidos\\\/#respond\"]}]},{\"@type\":\"WebPage\",\"@id\":\"https:\\\/\\\/kuali.com.mx\\\/web\\\/2025\\\/02\\\/01\\\/inicia-guerra-economica-contra-estados-unidos\\\/\",\"url\":\"https:\\\/\\\/kuali.com.mx\\\/web\\\/2025\\\/02\\\/01\\\/inicia-guerra-economica-contra-estados-unidos\\\/\",\"name\":\"INICIA GUERRA ECON\u00d3MICA CONTRA ESTADOS UNIDOS - Kuali\",\"isPartOf\":{\"@id\":\"https:\\\/\\\/kuali.com.mx\\\/web\\\/#website\"},\"primaryImageOfPage\":{\"@id\":\"https:\\\/\\\/kuali.com.mx\\\/web\\\/2025\\\/02\\\/01\\\/inicia-guerra-economica-contra-estados-unidos\\\/#primaryimage\"},\"image\":{\"@id\":\"https:\\\/\\\/kuali.com.mx\\\/web\\\/2025\\\/02\\\/01\\\/inicia-guerra-economica-contra-estados-unidos\\\/#primaryimage\"},\"thumbnailUrl\":\"https:\\\/\\\/kuali.com.mx\\\/web\\\/wp-content\\\/uploads\\\/2019\\\/11\\\/D\u00f3lares.jpg\",\"datePublished\":\"2025-02-02T05:22:42+00:00\",\"dateModified\":\"2025-02-02T05:23:41+00:00\",\"author\":{\"@id\":\"https:\\\/\\\/kuali.com.mx\\\/web\\\/#\\\/schema\\\/person\\\/6f89ffa8ecba9dae50662357923c5289\"},\"breadcrumb\":{\"@id\":\"https:\\\/\\\/kuali.com.mx\\\/web\\\/2025\\\/02\\\/01\\\/inicia-guerra-economica-contra-estados-unidos\\\/#breadcrumb\"},\"inLanguage\":\"es\",\"potentialAction\":[{\"@type\":\"ReadAction\",\"target\":[\"https:\\\/\\\/kuali.com.mx\\\/web\\\/2025\\\/02\\\/01\\\/inicia-guerra-economica-contra-estados-unidos\\\/\"]}]},{\"@type\":\"ImageObject\",\"inLanguage\":\"es\",\"@id\":\"https:\\\/\\\/kuali.com.mx\\\/web\\\/2025\\\/02\\\/01\\\/inicia-guerra-economica-contra-estados-unidos\\\/#primaryimage\",\"url\":\"https:\\\/\\\/kuali.com.mx\\\/web\\\/wp-content\\\/uploads\\\/2019\\\/11\\\/D\u00f3lares.jpg\",\"contentUrl\":\"https:\\\/\\\/kuali.com.mx\\\/web\\\/wp-content\\\/uploads\\\/2019\\\/11\\\/D\u00f3lares.jpg\",\"width\":1280,\"height\":720},{\"@type\":\"BreadcrumbList\",\"@id\":\"https:\\\/\\\/kuali.com.mx\\\/web\\\/2025\\\/02\\\/01\\\/inicia-guerra-economica-contra-estados-unidos\\\/#breadcrumb\",\"itemListElement\":[{\"@type\":\"ListItem\",\"position\":1,\"name\":\"Inicio\",\"item\":\"https:\\\/\\\/kuali.com.mx\\\/web\\\/\"},{\"@type\":\"ListItem\",\"position\":2,\"name\":\"INICIA GUERRA ECON\u00d3MICA CONTRA ESTADOS UNIDOS\"}]},{\"@type\":\"WebSite\",\"@id\":\"https:\\\/\\\/kuali.com.mx\\\/web\\\/#website\",\"url\":\"https:\\\/\\\/kuali.com.mx\\\/web\\\/\",\"name\":\"Kuali\",\"description\":\"\",\"potentialAction\":[{\"@type\":\"SearchAction\",\"target\":{\"@type\":\"EntryPoint\",\"urlTemplate\":\"https:\\\/\\\/kuali.com.mx\\\/web\\\/?s={search_term_string}\"},\"query-input\":{\"@type\":\"PropertyValueSpecification\",\"valueRequired\":true,\"valueName\":\"search_term_string\"}}],\"inLanguage\":\"es\"},{\"@type\":\"Person\",\"@id\":\"https:\\\/\\\/kuali.com.mx\\\/web\\\/#\\\/schema\\\/person\\\/6f89ffa8ecba9dae50662357923c5289\",\"name\":\"Kuali Staff\",\"image\":{\"@type\":\"ImageObject\",\"inLanguage\":\"es\",\"@id\":\"https:\\\/\\\/secure.gravatar.com\\\/avatar\\\/f917ad82e5ab71227a733c78b6e60715476f69ee6be59feee4eb5d9920c89e0f?s=96&d=mm&r=g\",\"url\":\"https:\\\/\\\/secure.gravatar.com\\\/avatar\\\/f917ad82e5ab71227a733c78b6e60715476f69ee6be59feee4eb5d9920c89e0f?s=96&d=mm&r=g\",\"contentUrl\":\"https:\\\/\\\/secure.gravatar.com\\\/avatar\\\/f917ad82e5ab71227a733c78b6e60715476f69ee6be59feee4eb5d9920c89e0f?s=96&d=mm&r=g\",\"caption\":\"Kuali Staff\"},\"url\":\"https:\\\/\\\/kuali.com.mx\\\/web\\\/author\\\/lagarto\\\/\"}]}<\/script>\n<!-- \/ Yoast SEO plugin. -->","yoast_head_json":{"title":"INICIA GUERRA ECON\u00d3MICA CONTRA ESTADOS UNIDOS - Kuali","robots":{"index":"index","follow":"follow","max-snippet":"max-snippet:-1","max-image-preview":"max-image-preview:large","max-video-preview":"max-video-preview:-1"},"canonical":"https:\/\/kuali.com.mx\/web\/2025\/02\/01\/inicia-guerra-economica-contra-estados-unidos\/","og_locale":"es_MX","og_type":"article","og_title":"INICIA GUERRA ECON\u00d3MICA CONTRA ESTADOS UNIDOS - Kuali","og_description":"La presidenta de M\u00e9xico, Claudia Sheinbaum, anunci\u00f3 el s\u00e1bado \u201cmedidas arancelarias y no arancelarias\u201d en respuesta a la imposici\u00f3n del 25% de aranceles decretado por el presidente estadunidense Donald Trump y rechaz\u00f3 contundentemente cualquier alianza de su gobierno con criminales. En un comunicado divulgado por la red social X despu\u00e9s de una reuni\u00f3n con su [&hellip;]","og_url":"https:\/\/kuali.com.mx\/web\/2025\/02\/01\/inicia-guerra-economica-contra-estados-unidos\/","og_site_name":"Kuali","article_publisher":"https:\/\/kuali.com.mx\/web\/wp-content\/uploads\/2018\/04\/cropped-kuali_logo-1-1.png","article_published_time":"2025-02-02T05:22:42+00:00","article_modified_time":"2025-02-02T05:23:41+00:00","og_image":[{"width":1280,"height":720,"url":"https:\/\/kuali.com.mx\/web\/wp-content\/uploads\/2019\/11\/D\u00f3lares.jpg","type":"image\/jpeg"}],"author":"Kuali Staff","twitter_card":"summary_large_image","twitter_creator":"@kuali_noticias","twitter_site":"@kuali_noticias","twitter_misc":{"Escrito por":"Kuali Staff","Tiempo de lectura":"4 minutos"},"schema":{"@context":"https:\/\/schema.org","@graph":[{"@type":"Article","@id":"https:\/\/kuali.com.mx\/web\/2025\/02\/01\/inicia-guerra-economica-contra-estados-unidos\/#article","isPartOf":{"@id":"https:\/\/kuali.com.mx\/web\/2025\/02\/01\/inicia-guerra-economica-contra-estados-unidos\/"},"author":{"name":"Kuali Staff","@id":"https:\/\/kuali.com.mx\/web\/#\/schema\/person\/6f89ffa8ecba9dae50662357923c5289"},"headline":"INICIA GUERRA ECON\u00d3MICA CONTRA ESTADOS UNIDOS","datePublished":"2025-02-02T05:22:42+00:00","dateModified":"2025-02-02T05:23:41+00:00","mainEntityOfPage":{"@id":"https:\/\/kuali.com.mx\/web\/2025\/02\/01\/inicia-guerra-economica-contra-estados-unidos\/"},"wordCount":769,"commentCount":0,"image":{"@id":"https:\/\/kuali.com.mx\/web\/2025\/02\/01\/inicia-guerra-economica-contra-estados-unidos\/#primaryimage"},"thumbnailUrl":"https:\/\/kuali.com.mx\/web\/wp-content\/uploads\/2019\/11\/D\u00f3lares.jpg","articleSection":["Econom\u00eda","Pol\u00edtica"],"inLanguage":"es","potentialAction":[{"@type":"CommentAction","name":"Comment","target":["https:\/\/kuali.com.mx\/web\/2025\/02\/01\/inicia-guerra-economica-contra-estados-unidos\/#respond"]}]},{"@type":"WebPage","@id":"https:\/\/kuali.com.mx\/web\/2025\/02\/01\/inicia-guerra-economica-contra-estados-unidos\/","url":"https:\/\/kuali.com.mx\/web\/2025\/02\/01\/inicia-guerra-economica-contra-estados-unidos\/","name":"INICIA GUERRA ECON\u00d3MICA CONTRA ESTADOS UNIDOS - Kuali","isPartOf":{"@id":"https:\/\/kuali.com.mx\/web\/#website"},"primaryImageOfPage":{"@id":"https:\/\/kuali.com.mx\/web\/2025\/02\/01\/inicia-guerra-economica-contra-estados-unidos\/#primaryimage"},"image":{"@id":"https:\/\/kuali.com.mx\/web\/2025\/02\/01\/inicia-guerra-economica-contra-estados-unidos\/#primaryimage"},"thumbnailUrl":"https:\/\/kuali.com.mx\/web\/wp-content\/uploads\/2019\/11\/D\u00f3lares.jpg","datePublished":"2025-02-02T05:22:42+00:00","dateModified":"2025-02-02T05:23:41+00:00","author":{"@id":"https:\/\/kuali.com.mx\/web\/#\/schema\/person\/6f89ffa8ecba9dae50662357923c5289"},"breadcrumb":{"@id":"https:\/\/kuali.com.mx\/web\/2025\/02\/01\/inicia-guerra-economica-contra-estados-unidos\/#breadcrumb"},"inLanguage":"es","potentialAction":[{"@type":"ReadAction","target":["https:\/\/kuali.com.mx\/web\/2025\/02\/01\/inicia-guerra-economica-contra-estados-unidos\/"]}]},{"@type":"ImageObject","inLanguage":"es","@id":"https:\/\/kuali.com.mx\/web\/2025\/02\/01\/inicia-guerra-economica-contra-estados-unidos\/#primaryimage","url":"https:\/\/kuali.com.mx\/web\/wp-content\/uploads\/2019\/11\/D\u00f3lares.jpg","contentUrl":"https:\/\/kuali.com.mx\/web\/wp-content\/uploads\/2019\/11\/D\u00f3lares.jpg","width":1280,"height":720},{"@type":"BreadcrumbList","@id":"https:\/\/kuali.com.mx\/web\/2025\/02\/01\/inicia-guerra-economica-contra-estados-unidos\/#breadcrumb","itemListElement":[{"@type":"ListItem","position":1,"name":"Inicio","item":"https:\/\/kuali.com.mx\/web\/"},{"@type":"ListItem","position":2,"name":"INICIA GUERRA ECON\u00d3MICA CONTRA ESTADOS UNIDOS"}]},{"@type":"WebSite","@id":"https:\/\/kuali.com.mx\/web\/#website","url":"https:\/\/kuali.com.mx\/web\/","name":"Kuali","description":"","potentialAction":[{"@type":"SearchAction","target":{"@type":"EntryPoint","urlTemplate":"https:\/\/kuali.com.mx\/web\/?s={search_term_string}"},"query-input":{"@type":"PropertyValueSpecification","valueRequired":true,"valueName":"search_term_string"}}],"inLanguage":"es"},{"@type":"Person","@id":"https:\/\/kuali.com.mx\/web\/#\/schema\/person\/6f89ffa8ecba9dae50662357923c5289","name":"Kuali Staff","image":{"@type":"ImageObject","inLanguage":"es","@id":"https:\/\/secure.gravatar.com\/avatar\/f917ad82e5ab71227a733c78b6e60715476f69ee6be59feee4eb5d9920c89e0f?s=96&d=mm&r=g","url":"https:\/\/secure.gravatar.com\/avatar\/f917ad82e5ab71227a733c78b6e60715476f69ee6be59feee4eb5d9920c89e0f?s=96&d=mm&r=g","contentUrl":"https:\/\/secure.gravatar.com\/avatar\/f917ad82e5ab71227a733c78b6e60715476f69ee6be59feee4eb5d9920c89e0f?s=96&d=mm&r=g","caption":"Kuali Staff"},"url":"https:\/\/kuali.com.mx\/web\/author\/lagarto\/"}]}},"_links":{"self":[{"href":"https:\/\/kuali.com.mx\/web\/wp-json\/wp\/v2\/posts\/167449","targetHints":{"allow":["GET"]}}],"collection":[{"href":"https:\/\/kuali.com.mx\/web\/wp-json\/wp\/v2\/posts"}],"about":[{"href":"https:\/\/kuali.com.mx\/web\/wp-json\/wp\/v2\/types\/post"}],"author":[{"embeddable":true,"href":"https:\/\/kuali.com.mx\/web\/wp-json\/wp\/v2\/users\/2"}],"replies":[{"embeddable":true,"href":"https:\/\/kuali.com.mx\/web\/wp-json\/wp\/v2\/comments?post=167449"}],"version-history":[{"count":3,"href":"https:\/\/kuali.com.mx\/web\/wp-json\/wp\/v2\/posts\/167449\/revisions"}],"predecessor-version":[{"id":167454,"href":"https:\/\/kuali.com.mx\/web\/wp-json\/wp\/v2\/posts\/167449\/revisions\/167454"}],"wp:featuredmedia":[{"embeddable":true,"href":"https:\/\/kuali.com.mx\/web\/wp-json\/wp\/v2\/media\/62924"}],"wp:attachment":[{"href":"https:\/\/kuali.com.mx\/web\/wp-json\/wp\/v2\/media?parent=167449"}],"wp:term":[{"taxonomy":"category","embeddable":true,"href":"https:\/\/kuali.com.mx\/web\/wp-json\/wp\/v2\/categories?post=167449"},{"taxonomy":"post_tag","embeddable":true,"href":"https:\/\/kuali.com.mx\/web\/wp-json\/wp\/v2\/tags?post=167449"}],"curies":[{"name":"wp","href":"https:\/\/api.w.org\/{rel}","templated":true}]}}