{"id":167436,"date":"2025-02-01T23:02:09","date_gmt":"2025-02-02T05:02:09","guid":{"rendered":"https:\/\/kuali.com.mx\/web\/?p=167436"},"modified":"2025-02-01T23:02:10","modified_gmt":"2025-02-02T05:02:10","slug":"hay-alianza-entre-criminales-y-el-gobierno-de-mexico-trump","status":"publish","type":"post","link":"https:\/\/kuali.com.mx\/web\/2025\/02\/01\/hay-alianza-entre-criminales-y-el-gobierno-de-mexico-trump\/","title":{"rendered":"HAY ALIANZA ENTRE CRIMINALES Y EL GOBIERNO DE M\u00c9XICO: TRUMP"},"content":{"rendered":"\n<p><strong><em>La Jornada.- <\/em><\/strong>El presidente de Estados Unidos, Donald Trump, firm\u00f3 este s\u00e1bado el decreto que impone aranceles de 25 por ciento a las importaciones estadunidenses provenientes de M\u00e9xico, bajo el argumento de que ese pa\u00eds vive una situaci\u00f3n de emergencia por la \u201cextraordinaria amenaza que representan los inmigrantes ilegales y las drogas, incluido el fentanilo\u201d.<\/p>\n\n\n\n<p>La Casa Blanca, sede del gobierno de Estados Unidos, divulg\u00f3 un documento poco despu\u00e9s de la firma de la orden ejecutiva firmada por Trump, en el que asevera que \u201clas organizaciones mexicanas de narcotr\u00e1fico tienen una alianza intolerable con el gobierno de M\u00e9xico. El gobierno de M\u00e9xico ha proporcionado refugios seguros a los c\u00e1rteles para que se dediquen a la fabricaci\u00f3n y el transporte de narc\u00f3ticos peligrosos, que en conjunto han provocado la muerte por sobredosis de cientos de miles de v\u00edctimas estadunidenses. Esta alianza pone en peligro la seguridad nacional de los Estados Unidos y debemos erradicar la influencia de estos peligrosos c\u00e1rteles\u201d.<\/p>\n\n\n\n<p>Trump recurri\u00f3 a la Ley de Poderes Econ\u00f3micos de Emergencia Internacional (IEEPA) para respaldar su decisi\u00f3n de declarar \u201cemergencia nacional\u201d y justificar la imposici\u00f3n de aranceles de 25 por ciento a las importaciones procedentes de M\u00e9xico y Canad\u00e1 \u2014los mayores socios comerciales de Estados Unidos\u2014, excepto al petr\u00f3leo canadiense, al que fij\u00f3 un gravamen de diez por ciento, tambi\u00e9n impuso un arancel de diez por ciento a todas las importaciones procedentes de China. El mandatario firm\u00f3 la orden ejecutiva en su residencia en Palm Beach, Florida.<\/p>\n\n\n\n<p>Trump decidi\u00f3 diferenciar la tarifa arancelaria a los productos energ\u00e9ticos procedentes de Canad\u00e1, pa\u00eds que suministra 60 por ciento del petr\u00f3leo crudo que Estados Unidos compra del exterior, y cuyo comercio alcanz\u00f3 casi cien mil millones de d\u00f3lares en 2023, seg\u00fan datos de la Oficina del Censo de Estados Unidos.<\/p>\n\n\n\n<p>En su documento, la Casa Blanca indic\u00f3 que tambi\u00e9n hay una creciente presencia de c\u00e1rteles mexicanos que operan laboratorios de s\u00edntesis de fentanilo y nitazeno en Canad\u00e1. \u201cUn estudio reciente reconoci\u00f3 la mayor producci\u00f3n interna de fentanilo en Canad\u00e1 y su creciente presencia en la distribuci\u00f3n internacional de narc\u00f3ticos\u201d, afirm\u00f3.<\/p>\n\n\n\n<p>\u201cLas \u00f3rdenes dejan en claro que el flujo de drogas de contrabando, como el fentanilo, a Estados Unidos a trav\u00e9s de redes de distribuci\u00f3n il\u00edcitas ha creado una emergencia nacional, incluida una crisis de salud p\u00fablica\u201d, se\u00f1ala el texto difundido por la oficina presidencial de Estados Unidos.<\/p>\n\n\n\n<p>Sobre el tema, agrega que \u201clas autoridades chinas no han tomado las medidas necesarias para frenar el flujo de precursores qu\u00edmicos a c\u00e1rteles criminales conocidos y acabar con el lavado de dinero por parte de organizaciones criminales transnacionales\u201d.<\/p>\n\n\n\n<p><strong>Utilizar nuestra influencia para garantizar la seguridad de los estadunidenses<\/strong><\/p>\n\n\n\n<p>La argumentaci\u00f3n del gobierno de Trump al hacer formal la aplicaci\u00f3n de aranceles a las importaciones de sus pa\u00edses vecinos, sostuvo que \u201cadministraciones anteriores no lograron aprovechar al m\u00e1ximo la posici\u00f3n econ\u00f3mica de Estados Unidos como herramienta para asegurar nuestras fronteras contra la migraci\u00f3n ilegal y combatir el flagelo del fentanilo, y prefirieron dejar que los problemas se agravaran\u201d, reproch\u00f3 y agreg\u00f3 que \u201cEl acceso al mercado estadounidense es un privilegio. Estados Unidos tiene una de las econom\u00edas m\u00e1s abiertas del mundo y los aranceles promedio m\u00e1s bajos del mundo\u201d.<\/p>\n\n\n\n<p>El texto difundido por la oficina presidencial se\u00f1ala que mientras el comercio representa 67 por ciento del producto interno bruto (PIB) de Canad\u00e1, 73 por ciento del PIB de M\u00e9xico y 37 por ciento del PIB de China, para Estados Unidos s\u00f3lo representa 24 por ciento de su PIB. Sin embargo, dijo, en 2023 el d\u00e9ficit comercial de bienes de Estados Unidos fue el m\u00e1s grande del mundo, con m\u00e1s de un bill\u00f3n de d\u00f3lares.<\/p>\n\n\n\n<p>Los aranceles \u2013afirm\u00f3\u2013 \u201cson una fuente poderosa y comprobada de influencia para proteger el inter\u00e9s nacional\u201d. Destac\u00f3 que el presidente Trump \u201cest\u00e1 utilizando las herramientas a su alcance y tomando medidas decisivas que priorizan la seguridad de los estadunidenses y nuestra seguridad nacional\u201d.<\/p>\n\n\n\n<p>El texto de la Casa Blanca afirma que cuando los votantes \u201celigieron abrumadoramente\u201d a Donald Trump como presidente \u201cle dieron el mandato de cerrar la frontera. Eso es exactamente lo que est\u00e1 haciendo\u201d, justific\u00f3 y acus\u00f3 que las pol\u00edticas de la administraci\u00f3n del ex presidente Joe Biden alimentaron la \u201cpeor crisis fronteriza en Estados Unidos\u201d.<\/p>\n\n\n\n<p>En ese tenor, dio un listado de datos atribuibles a la administraci\u00f3n de Biden. Se\u00f1al\u00f3 que durante la gesti\u00f3n de Biden m\u00e1s de diez millones de \u201cinmigrantes ilegales\u201d intentaron ingresar a Estados Unidos, \u201cincluido un n\u00famero creciente de ciudadanos chinos y personas en la lista de vigilancia terrorista\u201d. Agreg\u00f3 que ese problema no se limita a la frontera sur, sino que los encuentros en la frontera norte con Canad\u00e1 tambi\u00e9n est\u00e1n aumentando.<\/p>\n\n\n\n<p>El texto denost\u00f3 la presencia de personas inmigrantes en Estados Unidos, al sostener que \u201cel flujo constante de inmigrantes ilegales tiene profundas consecuencias en todos los aspectos de nuestra vida nacional: satura nuestras escuelas, reduce nuestros salarios, reduce nuestra oferta de viviendas y aumenta los alquileres, abarrota nuestros hospitales, agota nuestro sistema de bienestar social y causa delitos\u201d \u201cPandilleros, contrabandistas, traficantes de personas y drogas ilegales y narc\u00f3ticos de todo tipo est\u00e1n inundando nuestras fronteras y nuestras comunidades\u201d, asever\u00f3.<\/p>\n\n\n\n<p>Indic\u00f3 que el a\u00f1o fiscal pasado, la Oficina de Aduanas y Protecci\u00f3n Fronteriza (CBP) detuvo m\u00e1s de 21 mil libras de fentanilo en nuestras fronteras, suficiente fentanilo para matar a m\u00e1s de 4 mil millones de personas. \u201cSe estima que los funcionarios federales solo pueden incautar una fracci\u00f3n del fentanilo contrabandeado a trav\u00e9s de la frontera sur\u201d. \u201cEstas drogas matan a decenas de miles de estadunidenses cada a\u00f1o, incluidas 75 mil muertes por a\u00f1o atribuidas solo al fentanilo\u201d .<\/p>\n\n\n\n<p>\u201cCada a\u00f1o mueren m\u00e1s estadunidenses por sobredosis de fentanilo que las vidas estadunidenses perdidas en toda la guerra de Vietnam\u201d, se\u00f1al\u00f3 el texto de la Casa Blanca.<\/p>\n\n\n\n<p>Y remat\u00f3: El presidente Trump prometi\u00f3 en noviembre \u201cfirmar todos los documentos necesarios para cobrar a M\u00e9xico y Canad\u00e1 un arancel de 25 por ciento sobre todos los productos que ingresen a los Estados Unidos y sus rid\u00edculas fronteras abiertas. \u00a1Este arancel permanecer\u00e1 vigente hasta que las drogas, en particular el fentanilo, y todos los inmigrantes ilegales detengan esta invasi\u00f3n de nuestro pa\u00eds\u201d.<\/p>\n","protected":false},"excerpt":{"rendered":"La Jornada.- El presidente de Estados Unidos, Donald Trump, firm\u00f3 este s\u00e1bado el decreto que impone aranceles de 25 por ciento a las importaciones estadunidenses provenientes de M\u00e9xico, bajo el argumento de que ese pa\u00eds vive una situaci\u00f3n de emergencia por la \u201cextraordinaria amenaza que representan los inmigrantes ilegales y las drogas, incluido el fentanilo\u201d. [&hellip;]","protected":false},"author":2,"featured_media":67523,"comment_status":"open","ping_status":"open","sticky":false,"template":"","format":"standard","meta":{"_seopress_robots_primary_cat":"none","_seopress_titles_title":"","_seopress_titles_desc":"","_seopress_robots_index":"","_monsterinsights_skip_tracking":false,"_monsterinsights_sitenote_active":false,"_monsterinsights_sitenote_note":"","_monsterinsights_sitenote_category":0,"footnotes":""},"categories":[1],"tags":[],"class_list":["post-167436","post","type-post","status-publish","format-standard","has-post-thumbnail","hentry","category-actualidad"],"yoast_head":"<!-- This site is optimized with the Yoast SEO plugin v27.4 - https:\/\/yoast.com\/product\/yoast-seo-wordpress\/ -->\n<title>HAY ALIANZA ENTRE CRIMINALES Y EL GOBIERNO DE M\u00c9XICO: TRUMP - Kuali<\/title>\n<meta name=\"robots\" content=\"index, follow, max-snippet:-1, max-image-preview:large, max-video-preview:-1\" \/>\n<link rel=\"canonical\" href=\"https:\/\/kuali.com.mx\/web\/2025\/02\/01\/hay-alianza-entre-criminales-y-el-gobierno-de-mexico-trump\/\" \/>\n<meta property=\"og:locale\" content=\"es_MX\" \/>\n<meta property=\"og:type\" content=\"article\" \/>\n<meta property=\"og:title\" content=\"HAY ALIANZA ENTRE CRIMINALES Y EL GOBIERNO DE M\u00c9XICO: TRUMP - Kuali\" \/>\n<meta property=\"og:description\" content=\"La Jornada.- El presidente de Estados Unidos, Donald Trump, firm\u00f3 este s\u00e1bado el decreto que impone aranceles de 25 por ciento a las importaciones estadunidenses provenientes de M\u00e9xico, bajo el argumento de que ese pa\u00eds vive una situaci\u00f3n de emergencia por la \u201cextraordinaria amenaza que representan los inmigrantes ilegales y las drogas, incluido el fentanilo\u201d. [&hellip;]\" \/>\n<meta property=\"og:url\" content=\"https:\/\/kuali.com.mx\/web\/2025\/02\/01\/hay-alianza-entre-criminales-y-el-gobierno-de-mexico-trump\/\" \/>\n<meta property=\"og:site_name\" content=\"Kuali\" \/>\n<meta property=\"article:publisher\" content=\"https:\/\/kuali.com.mx\/web\/wp-content\/uploads\/2018\/04\/cropped-kuali_logo-1-1.png\" \/>\n<meta property=\"article:published_time\" content=\"2025-02-02T05:02:09+00:00\" \/>\n<meta property=\"article:modified_time\" content=\"2025-02-02T05:02:10+00:00\" \/>\n<meta property=\"og:image\" content=\"https:\/\/kuali.com.mx\/web\/wp-content\/uploads\/2020\/03\/TRUMP.jpg\" \/>\n\t<meta property=\"og:image:width\" content=\"1838\" \/>\n\t<meta property=\"og:image:height\" content=\"750\" \/>\n\t<meta property=\"og:image:type\" content=\"image\/jpeg\" \/>\n<meta name=\"author\" content=\"Kuali Staff\" \/>\n<meta name=\"twitter:card\" content=\"summary_large_image\" \/>\n<meta name=\"twitter:creator\" content=\"@kuali_noticias\" \/>\n<meta name=\"twitter:site\" content=\"@kuali_noticias\" \/>\n<meta name=\"twitter:label1\" content=\"Escrito por\" \/>\n\t<meta name=\"twitter:data1\" content=\"Kuali Staff\" \/>\n\t<meta name=\"twitter:label2\" content=\"Tiempo de lectura\" \/>\n\t<meta name=\"twitter:data2\" content=\"5 minutos\" \/>\n<script type=\"application\/ld+json\" class=\"yoast-schema-graph\">{\"@context\":\"https:\\\/\\\/schema.org\",\"@graph\":[{\"@type\":\"Article\",\"@id\":\"https:\\\/\\\/kuali.com.mx\\\/web\\\/2025\\\/02\\\/01\\\/hay-alianza-entre-criminales-y-el-gobierno-de-mexico-trump\\\/#article\",\"isPartOf\":{\"@id\":\"https:\\\/\\\/kuali.com.mx\\\/web\\\/2025\\\/02\\\/01\\\/hay-alianza-entre-criminales-y-el-gobierno-de-mexico-trump\\\/\"},\"author\":{\"name\":\"Kuali Staff\",\"@id\":\"https:\\\/\\\/kuali.com.mx\\\/web\\\/#\\\/schema\\\/person\\\/6f89ffa8ecba9dae50662357923c5289\"},\"headline\":\"HAY ALIANZA ENTRE CRIMINALES Y EL GOBIERNO DE M\u00c9XICO: TRUMP\",\"datePublished\":\"2025-02-02T05:02:09+00:00\",\"dateModified\":\"2025-02-02T05:02:10+00:00\",\"mainEntityOfPage\":{\"@id\":\"https:\\\/\\\/kuali.com.mx\\\/web\\\/2025\\\/02\\\/01\\\/hay-alianza-entre-criminales-y-el-gobierno-de-mexico-trump\\\/\"},\"wordCount\":1103,\"commentCount\":0,\"image\":{\"@id\":\"https:\\\/\\\/kuali.com.mx\\\/web\\\/2025\\\/02\\\/01\\\/hay-alianza-entre-criminales-y-el-gobierno-de-mexico-trump\\\/#primaryimage\"},\"thumbnailUrl\":\"https:\\\/\\\/kuali.com.mx\\\/web\\\/wp-content\\\/uploads\\\/2020\\\/03\\\/TRUMP.jpg\",\"articleSection\":[\"Versatil\"],\"inLanguage\":\"es\",\"potentialAction\":[{\"@type\":\"CommentAction\",\"name\":\"Comment\",\"target\":[\"https:\\\/\\\/kuali.com.mx\\\/web\\\/2025\\\/02\\\/01\\\/hay-alianza-entre-criminales-y-el-gobierno-de-mexico-trump\\\/#respond\"]}]},{\"@type\":\"WebPage\",\"@id\":\"https:\\\/\\\/kuali.com.mx\\\/web\\\/2025\\\/02\\\/01\\\/hay-alianza-entre-criminales-y-el-gobierno-de-mexico-trump\\\/\",\"url\":\"https:\\\/\\\/kuali.com.mx\\\/web\\\/2025\\\/02\\\/01\\\/hay-alianza-entre-criminales-y-el-gobierno-de-mexico-trump\\\/\",\"name\":\"HAY ALIANZA ENTRE CRIMINALES Y EL GOBIERNO DE M\u00c9XICO: TRUMP - Kuali\",\"isPartOf\":{\"@id\":\"https:\\\/\\\/kuali.com.mx\\\/web\\\/#website\"},\"primaryImageOfPage\":{\"@id\":\"https:\\\/\\\/kuali.com.mx\\\/web\\\/2025\\\/02\\\/01\\\/hay-alianza-entre-criminales-y-el-gobierno-de-mexico-trump\\\/#primaryimage\"},\"image\":{\"@id\":\"https:\\\/\\\/kuali.com.mx\\\/web\\\/2025\\\/02\\\/01\\\/hay-alianza-entre-criminales-y-el-gobierno-de-mexico-trump\\\/#primaryimage\"},\"thumbnailUrl\":\"https:\\\/\\\/kuali.com.mx\\\/web\\\/wp-content\\\/uploads\\\/2020\\\/03\\\/TRUMP.jpg\",\"datePublished\":\"2025-02-02T05:02:09+00:00\",\"dateModified\":\"2025-02-02T05:02:10+00:00\",\"author\":{\"@id\":\"https:\\\/\\\/kuali.com.mx\\\/web\\\/#\\\/schema\\\/person\\\/6f89ffa8ecba9dae50662357923c5289\"},\"breadcrumb\":{\"@id\":\"https:\\\/\\\/kuali.com.mx\\\/web\\\/2025\\\/02\\\/01\\\/hay-alianza-entre-criminales-y-el-gobierno-de-mexico-trump\\\/#breadcrumb\"},\"inLanguage\":\"es\",\"potentialAction\":[{\"@type\":\"ReadAction\",\"target\":[\"https:\\\/\\\/kuali.com.mx\\\/web\\\/2025\\\/02\\\/01\\\/hay-alianza-entre-criminales-y-el-gobierno-de-mexico-trump\\\/\"]}]},{\"@type\":\"ImageObject\",\"inLanguage\":\"es\",\"@id\":\"https:\\\/\\\/kuali.com.mx\\\/web\\\/2025\\\/02\\\/01\\\/hay-alianza-entre-criminales-y-el-gobierno-de-mexico-trump\\\/#primaryimage\",\"url\":\"https:\\\/\\\/kuali.com.mx\\\/web\\\/wp-content\\\/uploads\\\/2020\\\/03\\\/TRUMP.jpg\",\"contentUrl\":\"https:\\\/\\\/kuali.com.mx\\\/web\\\/wp-content\\\/uploads\\\/2020\\\/03\\\/TRUMP.jpg\",\"width\":1838,\"height\":750},{\"@type\":\"BreadcrumbList\",\"@id\":\"https:\\\/\\\/kuali.com.mx\\\/web\\\/2025\\\/02\\\/01\\\/hay-alianza-entre-criminales-y-el-gobierno-de-mexico-trump\\\/#breadcrumb\",\"itemListElement\":[{\"@type\":\"ListItem\",\"position\":1,\"name\":\"Inicio\",\"item\":\"https:\\\/\\\/kuali.com.mx\\\/web\\\/\"},{\"@type\":\"ListItem\",\"position\":2,\"name\":\"HAY ALIANZA ENTRE CRIMINALES Y EL GOBIERNO DE M\u00c9XICO: TRUMP\"}]},{\"@type\":\"WebSite\",\"@id\":\"https:\\\/\\\/kuali.com.mx\\\/web\\\/#website\",\"url\":\"https:\\\/\\\/kuali.com.mx\\\/web\\\/\",\"name\":\"Kuali\",\"description\":\"\",\"potentialAction\":[{\"@type\":\"SearchAction\",\"target\":{\"@type\":\"EntryPoint\",\"urlTemplate\":\"https:\\\/\\\/kuali.com.mx\\\/web\\\/?s={search_term_string}\"},\"query-input\":{\"@type\":\"PropertyValueSpecification\",\"valueRequired\":true,\"valueName\":\"search_term_string\"}}],\"inLanguage\":\"es\"},{\"@type\":\"Person\",\"@id\":\"https:\\\/\\\/kuali.com.mx\\\/web\\\/#\\\/schema\\\/person\\\/6f89ffa8ecba9dae50662357923c5289\",\"name\":\"Kuali Staff\",\"image\":{\"@type\":\"ImageObject\",\"inLanguage\":\"es\",\"@id\":\"https:\\\/\\\/secure.gravatar.com\\\/avatar\\\/f917ad82e5ab71227a733c78b6e60715476f69ee6be59feee4eb5d9920c89e0f?s=96&d=mm&r=g\",\"url\":\"https:\\\/\\\/secure.gravatar.com\\\/avatar\\\/f917ad82e5ab71227a733c78b6e60715476f69ee6be59feee4eb5d9920c89e0f?s=96&d=mm&r=g\",\"contentUrl\":\"https:\\\/\\\/secure.gravatar.com\\\/avatar\\\/f917ad82e5ab71227a733c78b6e60715476f69ee6be59feee4eb5d9920c89e0f?s=96&d=mm&r=g\",\"caption\":\"Kuali Staff\"},\"url\":\"https:\\\/\\\/kuali.com.mx\\\/web\\\/author\\\/lagarto\\\/\"}]}<\/script>\n<!-- \/ Yoast SEO plugin. -->","yoast_head_json":{"title":"HAY ALIANZA ENTRE CRIMINALES Y EL GOBIERNO DE M\u00c9XICO: TRUMP - Kuali","robots":{"index":"index","follow":"follow","max-snippet":"max-snippet:-1","max-image-preview":"max-image-preview:large","max-video-preview":"max-video-preview:-1"},"canonical":"https:\/\/kuali.com.mx\/web\/2025\/02\/01\/hay-alianza-entre-criminales-y-el-gobierno-de-mexico-trump\/","og_locale":"es_MX","og_type":"article","og_title":"HAY ALIANZA ENTRE CRIMINALES Y EL GOBIERNO DE M\u00c9XICO: TRUMP - Kuali","og_description":"La Jornada.- El presidente de Estados Unidos, Donald Trump, firm\u00f3 este s\u00e1bado el decreto que impone aranceles de 25 por ciento a las importaciones estadunidenses provenientes de M\u00e9xico, bajo el argumento de que ese pa\u00eds vive una situaci\u00f3n de emergencia por la \u201cextraordinaria amenaza que representan los inmigrantes ilegales y las drogas, incluido el fentanilo\u201d. [&hellip;]","og_url":"https:\/\/kuali.com.mx\/web\/2025\/02\/01\/hay-alianza-entre-criminales-y-el-gobierno-de-mexico-trump\/","og_site_name":"Kuali","article_publisher":"https:\/\/kuali.com.mx\/web\/wp-content\/uploads\/2018\/04\/cropped-kuali_logo-1-1.png","article_published_time":"2025-02-02T05:02:09+00:00","article_modified_time":"2025-02-02T05:02:10+00:00","og_image":[{"width":1838,"height":750,"url":"https:\/\/kuali.com.mx\/web\/wp-content\/uploads\/2020\/03\/TRUMP.jpg","type":"image\/jpeg"}],"author":"Kuali Staff","twitter_card":"summary_large_image","twitter_creator":"@kuali_noticias","twitter_site":"@kuali_noticias","twitter_misc":{"Escrito por":"Kuali Staff","Tiempo de lectura":"5 minutos"},"schema":{"@context":"https:\/\/schema.org","@graph":[{"@type":"Article","@id":"https:\/\/kuali.com.mx\/web\/2025\/02\/01\/hay-alianza-entre-criminales-y-el-gobierno-de-mexico-trump\/#article","isPartOf":{"@id":"https:\/\/kuali.com.mx\/web\/2025\/02\/01\/hay-alianza-entre-criminales-y-el-gobierno-de-mexico-trump\/"},"author":{"name":"Kuali Staff","@id":"https:\/\/kuali.com.mx\/web\/#\/schema\/person\/6f89ffa8ecba9dae50662357923c5289"},"headline":"HAY ALIANZA ENTRE CRIMINALES Y EL GOBIERNO DE M\u00c9XICO: TRUMP","datePublished":"2025-02-02T05:02:09+00:00","dateModified":"2025-02-02T05:02:10+00:00","mainEntityOfPage":{"@id":"https:\/\/kuali.com.mx\/web\/2025\/02\/01\/hay-alianza-entre-criminales-y-el-gobierno-de-mexico-trump\/"},"wordCount":1103,"commentCount":0,"image":{"@id":"https:\/\/kuali.com.mx\/web\/2025\/02\/01\/hay-alianza-entre-criminales-y-el-gobierno-de-mexico-trump\/#primaryimage"},"thumbnailUrl":"https:\/\/kuali.com.mx\/web\/wp-content\/uploads\/2020\/03\/TRUMP.jpg","articleSection":["Versatil"],"inLanguage":"es","potentialAction":[{"@type":"CommentAction","name":"Comment","target":["https:\/\/kuali.com.mx\/web\/2025\/02\/01\/hay-alianza-entre-criminales-y-el-gobierno-de-mexico-trump\/#respond"]}]},{"@type":"WebPage","@id":"https:\/\/kuali.com.mx\/web\/2025\/02\/01\/hay-alianza-entre-criminales-y-el-gobierno-de-mexico-trump\/","url":"https:\/\/kuali.com.mx\/web\/2025\/02\/01\/hay-alianza-entre-criminales-y-el-gobierno-de-mexico-trump\/","name":"HAY ALIANZA ENTRE CRIMINALES Y EL GOBIERNO DE M\u00c9XICO: TRUMP - Kuali","isPartOf":{"@id":"https:\/\/kuali.com.mx\/web\/#website"},"primaryImageOfPage":{"@id":"https:\/\/kuali.com.mx\/web\/2025\/02\/01\/hay-alianza-entre-criminales-y-el-gobierno-de-mexico-trump\/#primaryimage"},"image":{"@id":"https:\/\/kuali.com.mx\/web\/2025\/02\/01\/hay-alianza-entre-criminales-y-el-gobierno-de-mexico-trump\/#primaryimage"},"thumbnailUrl":"https:\/\/kuali.com.mx\/web\/wp-content\/uploads\/2020\/03\/TRUMP.jpg","datePublished":"2025-02-02T05:02:09+00:00","dateModified":"2025-02-02T05:02:10+00:00","author":{"@id":"https:\/\/kuali.com.mx\/web\/#\/schema\/person\/6f89ffa8ecba9dae50662357923c5289"},"breadcrumb":{"@id":"https:\/\/kuali.com.mx\/web\/2025\/02\/01\/hay-alianza-entre-criminales-y-el-gobierno-de-mexico-trump\/#breadcrumb"},"inLanguage":"es","potentialAction":[{"@type":"ReadAction","target":["https:\/\/kuali.com.mx\/web\/2025\/02\/01\/hay-alianza-entre-criminales-y-el-gobierno-de-mexico-trump\/"]}]},{"@type":"ImageObject","inLanguage":"es","@id":"https:\/\/kuali.com.mx\/web\/2025\/02\/01\/hay-alianza-entre-criminales-y-el-gobierno-de-mexico-trump\/#primaryimage","url":"https:\/\/kuali.com.mx\/web\/wp-content\/uploads\/2020\/03\/TRUMP.jpg","contentUrl":"https:\/\/kuali.com.mx\/web\/wp-content\/uploads\/2020\/03\/TRUMP.jpg","width":1838,"height":750},{"@type":"BreadcrumbList","@id":"https:\/\/kuali.com.mx\/web\/2025\/02\/01\/hay-alianza-entre-criminales-y-el-gobierno-de-mexico-trump\/#breadcrumb","itemListElement":[{"@type":"ListItem","position":1,"name":"Inicio","item":"https:\/\/kuali.com.mx\/web\/"},{"@type":"ListItem","position":2,"name":"HAY ALIANZA ENTRE CRIMINALES Y EL GOBIERNO DE M\u00c9XICO: TRUMP"}]},{"@type":"WebSite","@id":"https:\/\/kuali.com.mx\/web\/#website","url":"https:\/\/kuali.com.mx\/web\/","name":"Kuali","description":"","potentialAction":[{"@type":"SearchAction","target":{"@type":"EntryPoint","urlTemplate":"https:\/\/kuali.com.mx\/web\/?s={search_term_string}"},"query-input":{"@type":"PropertyValueSpecification","valueRequired":true,"valueName":"search_term_string"}}],"inLanguage":"es"},{"@type":"Person","@id":"https:\/\/kuali.com.mx\/web\/#\/schema\/person\/6f89ffa8ecba9dae50662357923c5289","name":"Kuali Staff","image":{"@type":"ImageObject","inLanguage":"es","@id":"https:\/\/secure.gravatar.com\/avatar\/f917ad82e5ab71227a733c78b6e60715476f69ee6be59feee4eb5d9920c89e0f?s=96&d=mm&r=g","url":"https:\/\/secure.gravatar.com\/avatar\/f917ad82e5ab71227a733c78b6e60715476f69ee6be59feee4eb5d9920c89e0f?s=96&d=mm&r=g","contentUrl":"https:\/\/secure.gravatar.com\/avatar\/f917ad82e5ab71227a733c78b6e60715476f69ee6be59feee4eb5d9920c89e0f?s=96&d=mm&r=g","caption":"Kuali Staff"},"url":"https:\/\/kuali.com.mx\/web\/author\/lagarto\/"}]}},"_links":{"self":[{"href":"https:\/\/kuali.com.mx\/web\/wp-json\/wp\/v2\/posts\/167436","targetHints":{"allow":["GET"]}}],"collection":[{"href":"https:\/\/kuali.com.mx\/web\/wp-json\/wp\/v2\/posts"}],"about":[{"href":"https:\/\/kuali.com.mx\/web\/wp-json\/wp\/v2\/types\/post"}],"author":[{"embeddable":true,"href":"https:\/\/kuali.com.mx\/web\/wp-json\/wp\/v2\/users\/2"}],"replies":[{"embeddable":true,"href":"https:\/\/kuali.com.mx\/web\/wp-json\/wp\/v2\/comments?post=167436"}],"version-history":[{"count":1,"href":"https:\/\/kuali.com.mx\/web\/wp-json\/wp\/v2\/posts\/167436\/revisions"}],"predecessor-version":[{"id":167444,"href":"https:\/\/kuali.com.mx\/web\/wp-json\/wp\/v2\/posts\/167436\/revisions\/167444"}],"wp:featuredmedia":[{"embeddable":true,"href":"https:\/\/kuali.com.mx\/web\/wp-json\/wp\/v2\/media\/67523"}],"wp:attachment":[{"href":"https:\/\/kuali.com.mx\/web\/wp-json\/wp\/v2\/media?parent=167436"}],"wp:term":[{"taxonomy":"category","embeddable":true,"href":"https:\/\/kuali.com.mx\/web\/wp-json\/wp\/v2\/categories?post=167436"},{"taxonomy":"post_tag","embeddable":true,"href":"https:\/\/kuali.com.mx\/web\/wp-json\/wp\/v2\/tags?post=167436"}],"curies":[{"name":"wp","href":"https:\/\/api.w.org\/{rel}","templated":true}]}}