{"id":166612,"date":"2025-01-22T10:49:57","date_gmt":"2025-01-22T16:49:57","guid":{"rendered":"https:\/\/kuali.com.mx\/web\/?p=166612"},"modified":"2025-01-22T19:05:11","modified_gmt":"2025-01-23T01:05:11","slug":"siguen-cobrando-por-estacionarse-en-calles-aledanas-a-la-feria","status":"publish","type":"post","link":"https:\/\/kuali.com.mx\/web\/2025\/01\/22\/siguen-cobrando-por-estacionarse-en-calles-aledanas-a-la-feria\/","title":{"rendered":"SIGUEN COBRANDO POR ESTACIONARSE EN CALLES ALEDA\u00d1AS A LA FERIA"},"content":{"rendered":"\n<p><strong>Alicia Arias\/Le\u00f3n, Gto.- <\/strong>Aunque la alcaldesa de Le\u00f3n, Alejandra Guti\u00e9rrez Campos, prometi\u00f3 poner orden en las calles aleda\u00f1as a la Feria Estatal de Le\u00f3n para evitar el cobro por estacionarse en la v\u00eda p\u00fablica, la situaci\u00f3n persiste y cada vez se extiende a m\u00e1s calles.<\/p>\n\n\n\n<p>Como cada a\u00f1o, y este no es la excepci\u00f3n, decenas de personas lucran con la v\u00eda p\u00fablica en los alrededores del Distrito Le\u00f3n Mx durante la realizaci\u00f3n de la feria y al Festival de Verano.<\/p>\n\n\n\n<iframe loading=\"lazy\" src=\"https:\/\/www.facebook.com\/plugins\/video.php?height=314&href=https%3A%2F%2Fwww.facebook.com%2FKualiNoticias%2Fvideos%2F4052257265049632%2F&show_text=false&width=560&t=0\" width=\"560\" height=\"314\" style=\"border:none;overflow:hidden\" scrolling=\"no\" frameborder=\"0\" allowfullscreen=\"true\" allow=\"autoplay; clipboard-write; encrypted-media; picture-in-picture; web-share\" allowFullScreen=\"true\"><\/iframe>\n\n\n\n<p>Este a\u00f1o subieron la tarifa de 100 pesos a 120, dependiendo de la cercan\u00eda a las instalaciones de la feria. Tambi\u00e9n cobran 60 pesos por motocicleta y 40 por bicicleta.<\/p>\n\n\n\n<p>La gente no puede dejar su veh\u00edculo si no paga \u201cla cuota\u201d porque los lugares son apartados con conos, sillas y botes e, incluso, recibe la advertencia de que si&nbsp; no paga nadie se har\u00e1 responsable de los da\u00f1os que pudieran causarle.<\/p>\n\n\n\n<figure class=\"wp-block-gallery has-nested-images columns-default is-cropped wp-block-gallery-1 is-layout-flex wp-block-gallery-is-layout-flex\">\n<figure class=\"wp-block-image size-large\"><img loading=\"lazy\" decoding=\"async\" width=\"576\" height=\"1024\" data-id=\"166624\" src=\"https:\/\/kuali.com.mx\/web\/wp-content\/uploads\/2025\/01\/Cobro-por-calles-aledanas-a-la-feria-10-576x1024.jpeg\" alt=\"\" class=\"wp-image-166624\" srcset=\"https:\/\/kuali.com.mx\/web\/wp-content\/uploads\/2025\/01\/Cobro-por-calles-aledanas-a-la-feria-10-576x1024.jpeg 576w, https:\/\/kuali.com.mx\/web\/wp-content\/uploads\/2025\/01\/Cobro-por-calles-aledanas-a-la-feria-10-169x300.jpeg 169w, https:\/\/kuali.com.mx\/web\/wp-content\/uploads\/2025\/01\/Cobro-por-calles-aledanas-a-la-feria-10-768x1365.jpeg 768w, https:\/\/kuali.com.mx\/web\/wp-content\/uploads\/2025\/01\/Cobro-por-calles-aledanas-a-la-feria-10-864x1536.jpeg 864w, https:\/\/kuali.com.mx\/web\/wp-content\/uploads\/2025\/01\/Cobro-por-calles-aledanas-a-la-feria-10-65x116.jpeg 65w, https:\/\/kuali.com.mx\/web\/wp-content\/uploads\/2025\/01\/Cobro-por-calles-aledanas-a-la-feria-10.jpeg 900w\" sizes=\"auto, (max-width: 576px) 100vw, 576px\" \/><\/figure>\n\n\n\n<figure class=\"wp-block-image size-large\"><img loading=\"lazy\" decoding=\"async\" width=\"576\" height=\"1024\" data-id=\"166623\" src=\"https:\/\/kuali.com.mx\/web\/wp-content\/uploads\/2025\/01\/Cobro-por-calles-aledanas-a-la-feria-8-576x1024.jpeg\" alt=\"\" class=\"wp-image-166623\" srcset=\"https:\/\/kuali.com.mx\/web\/wp-content\/uploads\/2025\/01\/Cobro-por-calles-aledanas-a-la-feria-8-576x1024.jpeg 576w, https:\/\/kuali.com.mx\/web\/wp-content\/uploads\/2025\/01\/Cobro-por-calles-aledanas-a-la-feria-8-169x300.jpeg 169w, https:\/\/kuali.com.mx\/web\/wp-content\/uploads\/2025\/01\/Cobro-por-calles-aledanas-a-la-feria-8-768x1365.jpeg 768w, https:\/\/kuali.com.mx\/web\/wp-content\/uploads\/2025\/01\/Cobro-por-calles-aledanas-a-la-feria-8-864x1536.jpeg 864w, https:\/\/kuali.com.mx\/web\/wp-content\/uploads\/2025\/01\/Cobro-por-calles-aledanas-a-la-feria-8-65x116.jpeg 65w, https:\/\/kuali.com.mx\/web\/wp-content\/uploads\/2025\/01\/Cobro-por-calles-aledanas-a-la-feria-8.jpeg 900w\" sizes=\"auto, (max-width: 576px) 100vw, 576px\" \/><\/figure>\n\n\n\n<figure class=\"wp-block-image size-large\"><img loading=\"lazy\" decoding=\"async\" width=\"576\" height=\"1024\" data-id=\"166622\" src=\"https:\/\/kuali.com.mx\/web\/wp-content\/uploads\/2025\/01\/Cobro-por-calles-aledanas-a-la-feria-6-576x1024.jpeg\" alt=\"\" class=\"wp-image-166622\" srcset=\"https:\/\/kuali.com.mx\/web\/wp-content\/uploads\/2025\/01\/Cobro-por-calles-aledanas-a-la-feria-6-576x1024.jpeg 576w, https:\/\/kuali.com.mx\/web\/wp-content\/uploads\/2025\/01\/Cobro-por-calles-aledanas-a-la-feria-6-169x300.jpeg 169w, https:\/\/kuali.com.mx\/web\/wp-content\/uploads\/2025\/01\/Cobro-por-calles-aledanas-a-la-feria-6-768x1365.jpeg 768w, https:\/\/kuali.com.mx\/web\/wp-content\/uploads\/2025\/01\/Cobro-por-calles-aledanas-a-la-feria-6-864x1536.jpeg 864w, https:\/\/kuali.com.mx\/web\/wp-content\/uploads\/2025\/01\/Cobro-por-calles-aledanas-a-la-feria-6-65x116.jpeg 65w, https:\/\/kuali.com.mx\/web\/wp-content\/uploads\/2025\/01\/Cobro-por-calles-aledanas-a-la-feria-6.jpeg 900w\" sizes=\"auto, (max-width: 576px) 100vw, 576px\" \/><\/figure>\n<\/figure>\n\n\n\n<p>En la colonia Bugambilias, todas las calles, desde el Bulevar L\u00f3pez Mateos hasta la Espa\u00f1ita, est\u00e1 bajo el control de quienes cada a\u00f1o se dan cita para hacer negocio con el espacio p\u00fablico.<\/p>\n\n\n\n<p>Lo mismo sucede en la colonia La Martinica, donde hay cuidadores que piden cuota voluntaria, pero sin cuota nadie se puede estacionar.<\/p>\n\n\n\n<p>El negocio de la v\u00eda p\u00fablica en Le\u00f3n se da sin temor a las autoridades, pues agentes de la polic\u00eda vial transitan por el lugar sin impedirlo.<\/p>\n\n\n\n<figure class=\"wp-block-gallery has-nested-images columns-default is-cropped wp-block-gallery-2 is-layout-flex wp-block-gallery-is-layout-flex\">\n<figure class=\"wp-block-image size-large\"><img loading=\"lazy\" decoding=\"async\" width=\"1024\" height=\"576\" data-id=\"166621\" src=\"https:\/\/kuali.com.mx\/web\/wp-content\/uploads\/2025\/01\/Cobro-por-calles-aledanas-a-la-feria-2-1024x576.jpeg\" alt=\"\" class=\"wp-image-166621\" srcset=\"https:\/\/kuali.com.mx\/web\/wp-content\/uploads\/2025\/01\/Cobro-por-calles-aledanas-a-la-feria-2-1024x576.jpeg 1024w, https:\/\/kuali.com.mx\/web\/wp-content\/uploads\/2025\/01\/Cobro-por-calles-aledanas-a-la-feria-2-300x169.jpeg 300w, https:\/\/kuali.com.mx\/web\/wp-content\/uploads\/2025\/01\/Cobro-por-calles-aledanas-a-la-feria-2-768x432.jpeg 768w, https:\/\/kuali.com.mx\/web\/wp-content\/uploads\/2025\/01\/Cobro-por-calles-aledanas-a-la-feria-2-1536x864.jpeg 1536w, https:\/\/kuali.com.mx\/web\/wp-content\/uploads\/2025\/01\/Cobro-por-calles-aledanas-a-la-feria-2-730x410.jpeg 730w, https:\/\/kuali.com.mx\/web\/wp-content\/uploads\/2025\/01\/Cobro-por-calles-aledanas-a-la-feria-2-206x116.jpeg 206w, https:\/\/kuali.com.mx\/web\/wp-content\/uploads\/2025\/01\/Cobro-por-calles-aledanas-a-la-feria-2.jpeg 1600w\" sizes=\"auto, (max-width: 1024px) 100vw, 1024px\" \/><\/figure>\n\n\n\n<figure class=\"wp-block-image size-large\"><img loading=\"lazy\" decoding=\"async\" width=\"1024\" height=\"576\" data-id=\"166620\" src=\"https:\/\/kuali.com.mx\/web\/wp-content\/uploads\/2025\/01\/Cobro-por-calles-aledanas-a-la-feria-1-1024x576.jpeg\" alt=\"\" class=\"wp-image-166620\" srcset=\"https:\/\/kuali.com.mx\/web\/wp-content\/uploads\/2025\/01\/Cobro-por-calles-aledanas-a-la-feria-1-1024x576.jpeg 1024w, https:\/\/kuali.com.mx\/web\/wp-content\/uploads\/2025\/01\/Cobro-por-calles-aledanas-a-la-feria-1-300x169.jpeg 300w, https:\/\/kuali.com.mx\/web\/wp-content\/uploads\/2025\/01\/Cobro-por-calles-aledanas-a-la-feria-1-768x432.jpeg 768w, https:\/\/kuali.com.mx\/web\/wp-content\/uploads\/2025\/01\/Cobro-por-calles-aledanas-a-la-feria-1-1536x864.jpeg 1536w, https:\/\/kuali.com.mx\/web\/wp-content\/uploads\/2025\/01\/Cobro-por-calles-aledanas-a-la-feria-1-730x410.jpeg 730w, https:\/\/kuali.com.mx\/web\/wp-content\/uploads\/2025\/01\/Cobro-por-calles-aledanas-a-la-feria-1-206x116.jpeg 206w, https:\/\/kuali.com.mx\/web\/wp-content\/uploads\/2025\/01\/Cobro-por-calles-aledanas-a-la-feria-1.jpeg 1600w\" sizes=\"auto, (max-width: 1024px) 100vw, 1024px\" \/><\/figure>\n<\/figure>\n\n\n\n<p>El 15 de febrero del 2024, la presidenta municipal de Le\u00f3n, Alejandra Guti\u00e9rrez, declar\u00f3 que \u201cla v\u00eda p\u00fablica es p\u00fablica y no se debe de cobrar\u201d y se comprometi\u00f3 a poner orden.<\/p>\n\n\n\n<p>\u201cRevisamos en la siguiente edici\u00f3n y empezamos con la edici\u00f3n del festival de verano\u201d, dijo la alcaldesa, quien dej\u00f3 claro que \u201cla v\u00eda p\u00fablica es p\u00fablica y no se debe de cobrar\u201d<\/p>\n\n\n\n<p>La promesa de: \u201cme comprometo a revisarlo, a que en la pr\u00f3xima edici\u00f3n seguridad vial ponga orden\u201d, ahorita no se ha cumplido.<\/p>\n\n\n\n<figure class=\"wp-block-embed is-type-wp-embed is-provider-kuali wp-block-embed-kuali\"><div class=\"wp-block-embed__wrapper\">\n<blockquote class=\"wp-embedded-content\" data-secret=\"tzVWHTcgZe\"><a href=\"https:\/\/kuali.com.mx\/web\/2024\/02\/15\/promete-alcaldesa-prohibir-cobro-por-uso-de-calles\/\">PROMETE ALCALDESA PROHIBIR COBRO POR USO DE CALLES<\/a><\/blockquote><iframe loading=\"lazy\" class=\"wp-embedded-content\" sandbox=\"allow-scripts\" security=\"restricted\" style=\"position: absolute; visibility: hidden;\" title=\"&#8220;PROMETE ALCALDESA PROHIBIR COBRO POR USO DE CALLES&#8221; &#8212; Kuali\" src=\"https:\/\/kuali.com.mx\/web\/2024\/02\/15\/promete-alcaldesa-prohibir-cobro-por-uso-de-calles\/embed\/#?secret=QhSof6lmsC#?secret=tzVWHTcgZe\" data-secret=\"tzVWHTcgZe\" width=\"600\" height=\"338\" frameborder=\"0\" marginwidth=\"0\" marginheight=\"0\" scrolling=\"no\"><\/iframe>\n<\/div><\/figure>\n","protected":false},"excerpt":{"rendered":"Alicia Arias\/Le\u00f3n, Gto.- Aunque la alcaldesa de Le\u00f3n, Alejandra Guti\u00e9rrez Campos, prometi\u00f3 poner orden en las calles aleda\u00f1as a la Feria Estatal de Le\u00f3n para evitar el cobro por estacionarse en la v\u00eda p\u00fablica, la situaci\u00f3n persiste y cada vez se extiende a m\u00e1s calles. Como cada a\u00f1o, y este no es la excepci\u00f3n, decenas [&hellip;]","protected":false},"author":2,"featured_media":166625,"comment_status":"open","ping_status":"open","sticky":false,"template":"","format":"standard","meta":{"_seopress_robots_primary_cat":"none","_seopress_titles_title":"","_seopress_titles_desc":"","_seopress_robots_index":"","_monsterinsights_skip_tracking":false,"_monsterinsights_sitenote_active":false,"_monsterinsights_sitenote_note":"","_monsterinsights_sitenote_category":0,"footnotes":""},"categories":[3],"tags":[734,2071,3471,1819,438,1821,10,2961],"class_list":["post-166612","post","type-post","status-publish","format-standard","has-post-thumbnail","hentry","category-politica","tag-alejandra-gutierrez","tag-calles","tag-cobros-indebidos","tag-estacionamiento","tag-feria","tag-ilegalidad","tag-leon","tag-via-publica"],"yoast_head":"<!-- This site is optimized with the Yoast SEO plugin v27.4 - https:\/\/yoast.com\/product\/yoast-seo-wordpress\/ -->\n<title>SIGUEN COBRANDO POR ESTACIONARSE EN CALLES ALEDA\u00d1AS A LA FERIA - Kuali<\/title>\n<meta name=\"robots\" content=\"index, follow, max-snippet:-1, max-image-preview:large, max-video-preview:-1\" \/>\n<link rel=\"canonical\" href=\"https:\/\/kuali.com.mx\/web\/2025\/01\/22\/siguen-cobrando-por-estacionarse-en-calles-aledanas-a-la-feria\/\" \/>\n<meta property=\"og:locale\" content=\"es_MX\" \/>\n<meta property=\"og:type\" content=\"article\" \/>\n<meta property=\"og:title\" content=\"SIGUEN COBRANDO POR ESTACIONARSE EN CALLES ALEDA\u00d1AS A LA FERIA - Kuali\" \/>\n<meta property=\"og:description\" content=\"Alicia Arias\/Le\u00f3n, Gto.- Aunque la alcaldesa de Le\u00f3n, Alejandra Guti\u00e9rrez Campos, prometi\u00f3 poner orden en las calles aleda\u00f1as a la Feria Estatal de Le\u00f3n para evitar el cobro por estacionarse en la v\u00eda p\u00fablica, la situaci\u00f3n persiste y cada vez se extiende a m\u00e1s calles. Como cada a\u00f1o, y este no es la excepci\u00f3n, decenas [&hellip;]\" \/>\n<meta property=\"og:url\" content=\"https:\/\/kuali.com.mx\/web\/2025\/01\/22\/siguen-cobrando-por-estacionarse-en-calles-aledanas-a-la-feria\/\" \/>\n<meta property=\"og:site_name\" content=\"Kuali\" \/>\n<meta property=\"article:publisher\" content=\"https:\/\/kuali.com.mx\/web\/wp-content\/uploads\/2018\/04\/cropped-kuali_logo-1-1.png\" \/>\n<meta property=\"article:published_time\" content=\"2025-01-22T16:49:57+00:00\" \/>\n<meta property=\"article:modified_time\" content=\"2025-01-23T01:05:11+00:00\" \/>\n<meta property=\"og:image\" content=\"https:\/\/kuali.com.mx\/web\/wp-content\/uploads\/2025\/01\/Cobro-por-calles-aledanas-a-la-feria-9.gif\" \/>\n\t<meta property=\"og:image:width\" content=\"1800\" \/>\n\t<meta property=\"og:image:height\" content=\"752\" \/>\n\t<meta property=\"og:image:type\" content=\"image\/gif\" \/>\n<meta name=\"author\" content=\"Kuali Staff\" \/>\n<meta name=\"twitter:card\" content=\"summary_large_image\" \/>\n<meta name=\"twitter:creator\" content=\"@kuali_noticias\" \/>\n<meta name=\"twitter:site\" content=\"@kuali_noticias\" \/>\n<meta name=\"twitter:label1\" content=\"Escrito por\" \/>\n\t<meta name=\"twitter:data1\" content=\"Kuali Staff\" \/>\n\t<meta name=\"twitter:label2\" content=\"Tiempo de lectura\" \/>\n\t<meta name=\"twitter:data2\" content=\"2 minutos\" \/>\n<script type=\"application\/ld+json\" class=\"yoast-schema-graph\">{\"@context\":\"https:\\\/\\\/schema.org\",\"@graph\":[{\"@type\":\"Article\",\"@id\":\"https:\\\/\\\/kuali.com.mx\\\/web\\\/2025\\\/01\\\/22\\\/siguen-cobrando-por-estacionarse-en-calles-aledanas-a-la-feria\\\/#article\",\"isPartOf\":{\"@id\":\"https:\\\/\\\/kuali.com.mx\\\/web\\\/2025\\\/01\\\/22\\\/siguen-cobrando-por-estacionarse-en-calles-aledanas-a-la-feria\\\/\"},\"author\":{\"name\":\"Kuali Staff\",\"@id\":\"https:\\\/\\\/kuali.com.mx\\\/web\\\/#\\\/schema\\\/person\\\/6f89ffa8ecba9dae50662357923c5289\"},\"headline\":\"SIGUEN COBRANDO POR ESTACIONARSE EN CALLES ALEDA\u00d1AS A LA FERIA\",\"datePublished\":\"2025-01-22T16:49:57+00:00\",\"dateModified\":\"2025-01-23T01:05:11+00:00\",\"mainEntityOfPage\":{\"@id\":\"https:\\\/\\\/kuali.com.mx\\\/web\\\/2025\\\/01\\\/22\\\/siguen-cobrando-por-estacionarse-en-calles-aledanas-a-la-feria\\\/\"},\"wordCount\":374,\"commentCount\":0,\"image\":{\"@id\":\"https:\\\/\\\/kuali.com.mx\\\/web\\\/2025\\\/01\\\/22\\\/siguen-cobrando-por-estacionarse-en-calles-aledanas-a-la-feria\\\/#primaryimage\"},\"thumbnailUrl\":\"https:\\\/\\\/kuali.com.mx\\\/web\\\/wp-content\\\/uploads\\\/2025\\\/01\\\/Cobro-por-calles-aledanas-a-la-feria-9.gif\",\"keywords\":[\"Alejandra Guti\u00e9rrez\",\"Calles\",\"Cobros indebidos\",\"Estacionamiento\",\"Feria\",\"Ilegalidad\",\"Le\u00f3n\",\"V\u00eda publica\"],\"articleSection\":[\"Pol\u00edtica\"],\"inLanguage\":\"es\",\"potentialAction\":[{\"@type\":\"CommentAction\",\"name\":\"Comment\",\"target\":[\"https:\\\/\\\/kuali.com.mx\\\/web\\\/2025\\\/01\\\/22\\\/siguen-cobrando-por-estacionarse-en-calles-aledanas-a-la-feria\\\/#respond\"]}]},{\"@type\":\"WebPage\",\"@id\":\"https:\\\/\\\/kuali.com.mx\\\/web\\\/2025\\\/01\\\/22\\\/siguen-cobrando-por-estacionarse-en-calles-aledanas-a-la-feria\\\/\",\"url\":\"https:\\\/\\\/kuali.com.mx\\\/web\\\/2025\\\/01\\\/22\\\/siguen-cobrando-por-estacionarse-en-calles-aledanas-a-la-feria\\\/\",\"name\":\"SIGUEN COBRANDO POR ESTACIONARSE EN CALLES ALEDA\u00d1AS A LA FERIA - Kuali\",\"isPartOf\":{\"@id\":\"https:\\\/\\\/kuali.com.mx\\\/web\\\/#website\"},\"primaryImageOfPage\":{\"@id\":\"https:\\\/\\\/kuali.com.mx\\\/web\\\/2025\\\/01\\\/22\\\/siguen-cobrando-por-estacionarse-en-calles-aledanas-a-la-feria\\\/#primaryimage\"},\"image\":{\"@id\":\"https:\\\/\\\/kuali.com.mx\\\/web\\\/2025\\\/01\\\/22\\\/siguen-cobrando-por-estacionarse-en-calles-aledanas-a-la-feria\\\/#primaryimage\"},\"thumbnailUrl\":\"https:\\\/\\\/kuali.com.mx\\\/web\\\/wp-content\\\/uploads\\\/2025\\\/01\\\/Cobro-por-calles-aledanas-a-la-feria-9.gif\",\"datePublished\":\"2025-01-22T16:49:57+00:00\",\"dateModified\":\"2025-01-23T01:05:11+00:00\",\"author\":{\"@id\":\"https:\\\/\\\/kuali.com.mx\\\/web\\\/#\\\/schema\\\/person\\\/6f89ffa8ecba9dae50662357923c5289\"},\"breadcrumb\":{\"@id\":\"https:\\\/\\\/kuali.com.mx\\\/web\\\/2025\\\/01\\\/22\\\/siguen-cobrando-por-estacionarse-en-calles-aledanas-a-la-feria\\\/#breadcrumb\"},\"inLanguage\":\"es\",\"potentialAction\":[{\"@type\":\"ReadAction\",\"target\":[\"https:\\\/\\\/kuali.com.mx\\\/web\\\/2025\\\/01\\\/22\\\/siguen-cobrando-por-estacionarse-en-calles-aledanas-a-la-feria\\\/\"]}]},{\"@type\":\"ImageObject\",\"inLanguage\":\"es\",\"@id\":\"https:\\\/\\\/kuali.com.mx\\\/web\\\/2025\\\/01\\\/22\\\/siguen-cobrando-por-estacionarse-en-calles-aledanas-a-la-feria\\\/#primaryimage\",\"url\":\"https:\\\/\\\/kuali.com.mx\\\/web\\\/wp-content\\\/uploads\\\/2025\\\/01\\\/Cobro-por-calles-aledanas-a-la-feria-9.gif\",\"contentUrl\":\"https:\\\/\\\/kuali.com.mx\\\/web\\\/wp-content\\\/uploads\\\/2025\\\/01\\\/Cobro-por-calles-aledanas-a-la-feria-9.gif\",\"width\":1800,\"height\":752},{\"@type\":\"BreadcrumbList\",\"@id\":\"https:\\\/\\\/kuali.com.mx\\\/web\\\/2025\\\/01\\\/22\\\/siguen-cobrando-por-estacionarse-en-calles-aledanas-a-la-feria\\\/#breadcrumb\",\"itemListElement\":[{\"@type\":\"ListItem\",\"position\":1,\"name\":\"Inicio\",\"item\":\"https:\\\/\\\/kuali.com.mx\\\/web\\\/\"},{\"@type\":\"ListItem\",\"position\":2,\"name\":\"SIGUEN COBRANDO POR ESTACIONARSE EN CALLES ALEDA\u00d1AS A LA FERIA\"}]},{\"@type\":\"WebSite\",\"@id\":\"https:\\\/\\\/kuali.com.mx\\\/web\\\/#website\",\"url\":\"https:\\\/\\\/kuali.com.mx\\\/web\\\/\",\"name\":\"Kuali\",\"description\":\"\",\"potentialAction\":[{\"@type\":\"SearchAction\",\"target\":{\"@type\":\"EntryPoint\",\"urlTemplate\":\"https:\\\/\\\/kuali.com.mx\\\/web\\\/?s={search_term_string}\"},\"query-input\":{\"@type\":\"PropertyValueSpecification\",\"valueRequired\":true,\"valueName\":\"search_term_string\"}}],\"inLanguage\":\"es\"},{\"@type\":\"Person\",\"@id\":\"https:\\\/\\\/kuali.com.mx\\\/web\\\/#\\\/schema\\\/person\\\/6f89ffa8ecba9dae50662357923c5289\",\"name\":\"Kuali Staff\",\"image\":{\"@type\":\"ImageObject\",\"inLanguage\":\"es\",\"@id\":\"https:\\\/\\\/secure.gravatar.com\\\/avatar\\\/f917ad82e5ab71227a733c78b6e60715476f69ee6be59feee4eb5d9920c89e0f?s=96&d=mm&r=g\",\"url\":\"https:\\\/\\\/secure.gravatar.com\\\/avatar\\\/f917ad82e5ab71227a733c78b6e60715476f69ee6be59feee4eb5d9920c89e0f?s=96&d=mm&r=g\",\"contentUrl\":\"https:\\\/\\\/secure.gravatar.com\\\/avatar\\\/f917ad82e5ab71227a733c78b6e60715476f69ee6be59feee4eb5d9920c89e0f?s=96&d=mm&r=g\",\"caption\":\"Kuali Staff\"},\"url\":\"https:\\\/\\\/kuali.com.mx\\\/web\\\/author\\\/lagarto\\\/\"}]}<\/script>\n<!-- \/ Yoast SEO plugin. -->","yoast_head_json":{"title":"SIGUEN COBRANDO POR ESTACIONARSE EN CALLES ALEDA\u00d1AS A LA FERIA - Kuali","robots":{"index":"index","follow":"follow","max-snippet":"max-snippet:-1","max-image-preview":"max-image-preview:large","max-video-preview":"max-video-preview:-1"},"canonical":"https:\/\/kuali.com.mx\/web\/2025\/01\/22\/siguen-cobrando-por-estacionarse-en-calles-aledanas-a-la-feria\/","og_locale":"es_MX","og_type":"article","og_title":"SIGUEN COBRANDO POR ESTACIONARSE EN CALLES ALEDA\u00d1AS A LA FERIA - Kuali","og_description":"Alicia Arias\/Le\u00f3n, Gto.- Aunque la alcaldesa de Le\u00f3n, Alejandra Guti\u00e9rrez Campos, prometi\u00f3 poner orden en las calles aleda\u00f1as a la Feria Estatal de Le\u00f3n para evitar el cobro por estacionarse en la v\u00eda p\u00fablica, la situaci\u00f3n persiste y cada vez se extiende a m\u00e1s calles. Como cada a\u00f1o, y este no es la excepci\u00f3n, decenas [&hellip;]","og_url":"https:\/\/kuali.com.mx\/web\/2025\/01\/22\/siguen-cobrando-por-estacionarse-en-calles-aledanas-a-la-feria\/","og_site_name":"Kuali","article_publisher":"https:\/\/kuali.com.mx\/web\/wp-content\/uploads\/2018\/04\/cropped-kuali_logo-1-1.png","article_published_time":"2025-01-22T16:49:57+00:00","article_modified_time":"2025-01-23T01:05:11+00:00","og_image":[{"width":1800,"height":752,"url":"https:\/\/kuali.com.mx\/web\/wp-content\/uploads\/2025\/01\/Cobro-por-calles-aledanas-a-la-feria-9.gif","type":"image\/gif"}],"author":"Kuali Staff","twitter_card":"summary_large_image","twitter_creator":"@kuali_noticias","twitter_site":"@kuali_noticias","twitter_misc":{"Escrito por":"Kuali Staff","Tiempo de lectura":"2 minutos"},"schema":{"@context":"https:\/\/schema.org","@graph":[{"@type":"Article","@id":"https:\/\/kuali.com.mx\/web\/2025\/01\/22\/siguen-cobrando-por-estacionarse-en-calles-aledanas-a-la-feria\/#article","isPartOf":{"@id":"https:\/\/kuali.com.mx\/web\/2025\/01\/22\/siguen-cobrando-por-estacionarse-en-calles-aledanas-a-la-feria\/"},"author":{"name":"Kuali Staff","@id":"https:\/\/kuali.com.mx\/web\/#\/schema\/person\/6f89ffa8ecba9dae50662357923c5289"},"headline":"SIGUEN COBRANDO POR ESTACIONARSE EN CALLES ALEDA\u00d1AS A LA FERIA","datePublished":"2025-01-22T16:49:57+00:00","dateModified":"2025-01-23T01:05:11+00:00","mainEntityOfPage":{"@id":"https:\/\/kuali.com.mx\/web\/2025\/01\/22\/siguen-cobrando-por-estacionarse-en-calles-aledanas-a-la-feria\/"},"wordCount":374,"commentCount":0,"image":{"@id":"https:\/\/kuali.com.mx\/web\/2025\/01\/22\/siguen-cobrando-por-estacionarse-en-calles-aledanas-a-la-feria\/#primaryimage"},"thumbnailUrl":"https:\/\/kuali.com.mx\/web\/wp-content\/uploads\/2025\/01\/Cobro-por-calles-aledanas-a-la-feria-9.gif","keywords":["Alejandra Guti\u00e9rrez","Calles","Cobros indebidos","Estacionamiento","Feria","Ilegalidad","Le\u00f3n","V\u00eda publica"],"articleSection":["Pol\u00edtica"],"inLanguage":"es","potentialAction":[{"@type":"CommentAction","name":"Comment","target":["https:\/\/kuali.com.mx\/web\/2025\/01\/22\/siguen-cobrando-por-estacionarse-en-calles-aledanas-a-la-feria\/#respond"]}]},{"@type":"WebPage","@id":"https:\/\/kuali.com.mx\/web\/2025\/01\/22\/siguen-cobrando-por-estacionarse-en-calles-aledanas-a-la-feria\/","url":"https:\/\/kuali.com.mx\/web\/2025\/01\/22\/siguen-cobrando-por-estacionarse-en-calles-aledanas-a-la-feria\/","name":"SIGUEN COBRANDO POR ESTACIONARSE EN CALLES ALEDA\u00d1AS A LA FERIA - Kuali","isPartOf":{"@id":"https:\/\/kuali.com.mx\/web\/#website"},"primaryImageOfPage":{"@id":"https:\/\/kuali.com.mx\/web\/2025\/01\/22\/siguen-cobrando-por-estacionarse-en-calles-aledanas-a-la-feria\/#primaryimage"},"image":{"@id":"https:\/\/kuali.com.mx\/web\/2025\/01\/22\/siguen-cobrando-por-estacionarse-en-calles-aledanas-a-la-feria\/#primaryimage"},"thumbnailUrl":"https:\/\/kuali.com.mx\/web\/wp-content\/uploads\/2025\/01\/Cobro-por-calles-aledanas-a-la-feria-9.gif","datePublished":"2025-01-22T16:49:57+00:00","dateModified":"2025-01-23T01:05:11+00:00","author":{"@id":"https:\/\/kuali.com.mx\/web\/#\/schema\/person\/6f89ffa8ecba9dae50662357923c5289"},"breadcrumb":{"@id":"https:\/\/kuali.com.mx\/web\/2025\/01\/22\/siguen-cobrando-por-estacionarse-en-calles-aledanas-a-la-feria\/#breadcrumb"},"inLanguage":"es","potentialAction":[{"@type":"ReadAction","target":["https:\/\/kuali.com.mx\/web\/2025\/01\/22\/siguen-cobrando-por-estacionarse-en-calles-aledanas-a-la-feria\/"]}]},{"@type":"ImageObject","inLanguage":"es","@id":"https:\/\/kuali.com.mx\/web\/2025\/01\/22\/siguen-cobrando-por-estacionarse-en-calles-aledanas-a-la-feria\/#primaryimage","url":"https:\/\/kuali.com.mx\/web\/wp-content\/uploads\/2025\/01\/Cobro-por-calles-aledanas-a-la-feria-9.gif","contentUrl":"https:\/\/kuali.com.mx\/web\/wp-content\/uploads\/2025\/01\/Cobro-por-calles-aledanas-a-la-feria-9.gif","width":1800,"height":752},{"@type":"BreadcrumbList","@id":"https:\/\/kuali.com.mx\/web\/2025\/01\/22\/siguen-cobrando-por-estacionarse-en-calles-aledanas-a-la-feria\/#breadcrumb","itemListElement":[{"@type":"ListItem","position":1,"name":"Inicio","item":"https:\/\/kuali.com.mx\/web\/"},{"@type":"ListItem","position":2,"name":"SIGUEN COBRANDO POR ESTACIONARSE EN CALLES ALEDA\u00d1AS A LA FERIA"}]},{"@type":"WebSite","@id":"https:\/\/kuali.com.mx\/web\/#website","url":"https:\/\/kuali.com.mx\/web\/","name":"Kuali","description":"","potentialAction":[{"@type":"SearchAction","target":{"@type":"EntryPoint","urlTemplate":"https:\/\/kuali.com.mx\/web\/?s={search_term_string}"},"query-input":{"@type":"PropertyValueSpecification","valueRequired":true,"valueName":"search_term_string"}}],"inLanguage":"es"},{"@type":"Person","@id":"https:\/\/kuali.com.mx\/web\/#\/schema\/person\/6f89ffa8ecba9dae50662357923c5289","name":"Kuali Staff","image":{"@type":"ImageObject","inLanguage":"es","@id":"https:\/\/secure.gravatar.com\/avatar\/f917ad82e5ab71227a733c78b6e60715476f69ee6be59feee4eb5d9920c89e0f?s=96&d=mm&r=g","url":"https:\/\/secure.gravatar.com\/avatar\/f917ad82e5ab71227a733c78b6e60715476f69ee6be59feee4eb5d9920c89e0f?s=96&d=mm&r=g","contentUrl":"https:\/\/secure.gravatar.com\/avatar\/f917ad82e5ab71227a733c78b6e60715476f69ee6be59feee4eb5d9920c89e0f?s=96&d=mm&r=g","caption":"Kuali Staff"},"url":"https:\/\/kuali.com.mx\/web\/author\/lagarto\/"}]}},"_links":{"self":[{"href":"https:\/\/kuali.com.mx\/web\/wp-json\/wp\/v2\/posts\/166612","targetHints":{"allow":["GET"]}}],"collection":[{"href":"https:\/\/kuali.com.mx\/web\/wp-json\/wp\/v2\/posts"}],"about":[{"href":"https:\/\/kuali.com.mx\/web\/wp-json\/wp\/v2\/types\/post"}],"author":[{"embeddable":true,"href":"https:\/\/kuali.com.mx\/web\/wp-json\/wp\/v2\/users\/2"}],"replies":[{"embeddable":true,"href":"https:\/\/kuali.com.mx\/web\/wp-json\/wp\/v2\/comments?post=166612"}],"version-history":[{"count":3,"href":"https:\/\/kuali.com.mx\/web\/wp-json\/wp\/v2\/posts\/166612\/revisions"}],"predecessor-version":[{"id":166630,"href":"https:\/\/kuali.com.mx\/web\/wp-json\/wp\/v2\/posts\/166612\/revisions\/166630"}],"wp:featuredmedia":[{"embeddable":true,"href":"https:\/\/kuali.com.mx\/web\/wp-json\/wp\/v2\/media\/166625"}],"wp:attachment":[{"href":"https:\/\/kuali.com.mx\/web\/wp-json\/wp\/v2\/media?parent=166612"}],"wp:term":[{"taxonomy":"category","embeddable":true,"href":"https:\/\/kuali.com.mx\/web\/wp-json\/wp\/v2\/categories?post=166612"},{"taxonomy":"post_tag","embeddable":true,"href":"https:\/\/kuali.com.mx\/web\/wp-json\/wp\/v2\/tags?post=166612"}],"curies":[{"name":"wp","href":"https:\/\/api.w.org\/{rel}","templated":true}]}}