{"id":166528,"date":"2025-01-21T22:17:20","date_gmt":"2025-01-22T04:17:20","guid":{"rendered":"https:\/\/kuali.com.mx\/web\/?p=166528"},"modified":"2025-01-21T22:17:34","modified_gmt":"2025-01-22T04:17:34","slug":"destinaran-10-del-fais-a-las-comunidades-indigenas","status":"publish","type":"post","link":"https:\/\/kuali.com.mx\/web\/2025\/01\/21\/destinaran-10-del-fais-a-las-comunidades-indigenas\/","title":{"rendered":"DESTINAR\u00c1N 10% DEL FAIS A LAS COMUNIDADES IND\u00cdGENAS"},"content":{"rendered":"\n<p>Guanajuato, Gto. 21 de enero de 2025.- El Fondo de Aportaciones para la Infraestructura Social (FAIS), por primera vez en su historia destinar\u00e1 el 10% de forma directa a los Pueblos Originarios, anunci\u00f3 la gobernadora de Guanajuato, Libia Dennise Garc\u00eda Mu\u00f1oz Ledo.<\/p>\n\n\n\n<p>El anunci\u00f3 lo hizo  durante su intervenci\u00f3n en la Primera Sesi\u00f3n Ordinaria del Consejo Estatal Ind\u00edgena del Estado de Guanajuato 2025, y respald\u00f3 las inquietudes de los Consejeros.<\/p>\n\n\n\n<p>La Ejecutiva Estatal inform\u00f3 al Consejo que ya firm\u00f3 con la Federaci\u00f3n la participaci\u00f3n de Guanajuato en el FAIS y, el compromiso del Gobierno con los Consejeros, es materializar las necesidades de los Pueblos Originarios de Guanajuato, respetando sus ra\u00edces.<\/p>\n\n\n\n<p>\u201cVan a tener una administraci\u00f3n que no solo cree en la gran fortaleza que representan nuestras comunidades ind\u00edgenas, sino que adem\u00e1s entiende que el Guanajuato del futuro tiene que construirse con solidas ra\u00edces de lo que nos da identidad.<\/p>\n\n\n\n<p>\u201cNuestras comunidades ind\u00edgenas son historia, tradici\u00f3n, arraigo y cultura que representa a Guanajuato\u201d, enfatiz\u00f3 la Mandataria Estatal.<\/p>\n\n\n\n<p>El Gobierno tiene la firme convicci\u00f3n de que el trabajo por los guanajuatenses se realiza lejos del escritorio y cercano a las necesidades, con la finalidad de que las decisiones cambien la vida de las familias.<\/p>\n\n\n\n<p>Por ello, adem\u00e1s de las tres sesiones ordinarias que realiza este Consejo cada a\u00f1o, la Gobernadora dijo que visitar\u00e1 los Pueblos Originarios de Guanajuato para ver personalmente sus necesidades y acordar maneras de resolverlas.<\/p>\n\n\n\n<p>\u201cGracias a la voz de ustedes, hoy vamos a hacer un trabajo muy cercano\u201d, dijo la Gobernadora.<\/p>\n\n\n\n<p>Este Consejo lo integran representantes de los municipios con presencia ind\u00edgena, de acuerdo al Padr\u00f3n de Pueblos y Comunidades Ind\u00edgenas de Guanajuato.<\/p>\n\n\n\n<p>En el Estado son poco m\u00e1s de 90 las comunidades originarias y m\u00e1s de 70 mil las personas identificadas como poblaci\u00f3n ind\u00edgena, distribuidos en los municipios de Apaseo El Alto, Atarjea, Comonfort, Dolores Hidalgo CIN, Salvatierra, San Luis de La Paz, San Miguel de Allende, Santa Catarina, Tierra Blanca, Valle de Santiago, Victoria, Villagr\u00e1n y Xich\u00fa.<\/p>\n\n\n\n<p>En la Primer Sesi\u00f3n Ordinaria de este 2025, participaron Liz Alejandra Esparza Frausto, Secretaria de Derechos Humanos; Antonio Guerrero Horta, Subsecretario de Atenci\u00f3n a Pueblos y Comunidades Ind\u00edgenas y Personas Afromexicanas; Ma. Cirila Gallegos Gallegos, Presidenta del Consejo Estatal Ind\u00edgena y representante de Tierra Blanca.<\/p>\n\n\n\n<p>Adem\u00e1s de las Consejeras y los Consejeros representantes de los Pueblos Originarios de los municipios: Salvador Gallegos Ram\u00edrez, de Xich\u00fa; Ma. Esperanza \u00c1vila Dur\u00e1n, de Apaseo el Alto; Ma. Dolores Gonz\u00e1lez Tello, de Atarjea; Ma. Florida Garc\u00eda Garmilla, de Comonfort; Pedro V\u00e1zquez Anguiano, de Dolores Hidalgo; Luis Garc\u00eda Matehuala, de San Luis de La Paz.<\/p>\n\n\n\n<p>Adem\u00e1s de Mar\u00eda Guadalupe Mart\u00ednez Badillo y Nazario Gonz\u00e1lez Ram\u00edrez, de San Miguel de Allende; Teresita Hern\u00e1ndez Rojo, de Santa Catarina; Gloria Ju\u00e1rez Salda\u00f1a y Carolina Rodr\u00edguez Morales, de Valle de Santiago; y Erik Ram\u00edrez L\u00f3pez, de Victoria.<\/p>\n","protected":false},"excerpt":{"rendered":"Guanajuato, Gto. 21 de enero de 2025.- El Fondo de Aportaciones para la Infraestructura Social (FAIS), por primera vez en su historia destinar\u00e1 el 10% de forma directa a los Pueblos Originarios, anunci\u00f3 la gobernadora de Guanajuato, Libia Dennise Garc\u00eda Mu\u00f1oz Ledo. El anunci\u00f3 lo hizo durante su intervenci\u00f3n en la Primera Sesi\u00f3n Ordinaria del [&hellip;]","protected":false},"author":2,"featured_media":166531,"comment_status":"open","ping_status":"open","sticky":false,"template":"","format":"standard","meta":{"_seopress_robots_primary_cat":"none","_seopress_titles_title":"","_seopress_titles_desc":"","_seopress_robots_index":"","_monsterinsights_skip_tracking":false,"_monsterinsights_sitenote_active":false,"_monsterinsights_sitenote_note":"","_monsterinsights_sitenote_category":0,"footnotes":""},"categories":[3],"tags":[],"class_list":["post-166528","post","type-post","status-publish","format-standard","has-post-thumbnail","hentry","category-politica"],"yoast_head":"<!-- This site is optimized with the Yoast SEO plugin v27.4 - https:\/\/yoast.com\/product\/yoast-seo-wordpress\/ -->\n<title>DESTINAR\u00c1N 10% DEL FAIS A LAS COMUNIDADES IND\u00cdGENAS - Kuali<\/title>\n<meta name=\"robots\" content=\"index, follow, max-snippet:-1, max-image-preview:large, max-video-preview:-1\" \/>\n<link rel=\"canonical\" href=\"https:\/\/kuali.com.mx\/web\/2025\/01\/21\/destinaran-10-del-fais-a-las-comunidades-indigenas\/\" \/>\n<meta property=\"og:locale\" content=\"es_MX\" \/>\n<meta property=\"og:type\" content=\"article\" \/>\n<meta property=\"og:title\" content=\"DESTINAR\u00c1N 10% DEL FAIS A LAS COMUNIDADES IND\u00cdGENAS - Kuali\" \/>\n<meta property=\"og:description\" content=\"Guanajuato, Gto. 21 de enero de 2025.- El Fondo de Aportaciones para la Infraestructura Social (FAIS), por primera vez en su historia destinar\u00e1 el 10% de forma directa a los Pueblos Originarios, anunci\u00f3 la gobernadora de Guanajuato, Libia Dennise Garc\u00eda Mu\u00f1oz Ledo. El anunci\u00f3 lo hizo durante su intervenci\u00f3n en la Primera Sesi\u00f3n Ordinaria del [&hellip;]\" \/>\n<meta property=\"og:url\" content=\"https:\/\/kuali.com.mx\/web\/2025\/01\/21\/destinaran-10-del-fais-a-las-comunidades-indigenas\/\" \/>\n<meta property=\"og:site_name\" content=\"Kuali\" \/>\n<meta property=\"article:publisher\" content=\"https:\/\/kuali.com.mx\/web\/wp-content\/uploads\/2018\/04\/cropped-kuali_logo-1-1.png\" \/>\n<meta property=\"article:published_time\" content=\"2025-01-22T04:17:20+00:00\" \/>\n<meta property=\"article:modified_time\" content=\"2025-01-22T04:17:34+00:00\" \/>\n<meta property=\"og:image\" content=\"https:\/\/kuali.com.mx\/web\/wp-content\/uploads\/2025\/01\/Primera-Sesion-Ordinaria-del-Consejo-Estatal-Indigena-2025-6.jpeg\" \/>\n\t<meta property=\"og:image:width\" content=\"1600\" \/>\n\t<meta property=\"og:image:height\" content=\"808\" \/>\n\t<meta property=\"og:image:type\" content=\"image\/jpeg\" \/>\n<meta name=\"author\" content=\"Kuali Staff\" \/>\n<meta name=\"twitter:card\" content=\"summary_large_image\" \/>\n<meta name=\"twitter:creator\" content=\"@kuali_noticias\" \/>\n<meta name=\"twitter:site\" content=\"@kuali_noticias\" \/>\n<meta name=\"twitter:label1\" content=\"Escrito por\" \/>\n\t<meta name=\"twitter:data1\" content=\"Kuali Staff\" \/>\n\t<meta name=\"twitter:label2\" content=\"Tiempo de lectura\" \/>\n\t<meta name=\"twitter:data2\" content=\"3 minutos\" \/>\n<script type=\"application\/ld+json\" class=\"yoast-schema-graph\">{\"@context\":\"https:\\\/\\\/schema.org\",\"@graph\":[{\"@type\":\"Article\",\"@id\":\"https:\\\/\\\/kuali.com.mx\\\/web\\\/2025\\\/01\\\/21\\\/destinaran-10-del-fais-a-las-comunidades-indigenas\\\/#article\",\"isPartOf\":{\"@id\":\"https:\\\/\\\/kuali.com.mx\\\/web\\\/2025\\\/01\\\/21\\\/destinaran-10-del-fais-a-las-comunidades-indigenas\\\/\"},\"author\":{\"name\":\"Kuali Staff\",\"@id\":\"https:\\\/\\\/kuali.com.mx\\\/web\\\/#\\\/schema\\\/person\\\/6f89ffa8ecba9dae50662357923c5289\"},\"headline\":\"DESTINAR\u00c1N 10% DEL FAIS A LAS COMUNIDADES IND\u00cdGENAS\",\"datePublished\":\"2025-01-22T04:17:20+00:00\",\"dateModified\":\"2025-01-22T04:17:34+00:00\",\"mainEntityOfPage\":{\"@id\":\"https:\\\/\\\/kuali.com.mx\\\/web\\\/2025\\\/01\\\/21\\\/destinaran-10-del-fais-a-las-comunidades-indigenas\\\/\"},\"wordCount\":519,\"commentCount\":0,\"image\":{\"@id\":\"https:\\\/\\\/kuali.com.mx\\\/web\\\/2025\\\/01\\\/21\\\/destinaran-10-del-fais-a-las-comunidades-indigenas\\\/#primaryimage\"},\"thumbnailUrl\":\"https:\\\/\\\/kuali.com.mx\\\/web\\\/wp-content\\\/uploads\\\/2025\\\/01\\\/Primera-Sesion-Ordinaria-del-Consejo-Estatal-Indigena-2025-6.jpeg\",\"articleSection\":[\"Pol\u00edtica\"],\"inLanguage\":\"es\",\"potentialAction\":[{\"@type\":\"CommentAction\",\"name\":\"Comment\",\"target\":[\"https:\\\/\\\/kuali.com.mx\\\/web\\\/2025\\\/01\\\/21\\\/destinaran-10-del-fais-a-las-comunidades-indigenas\\\/#respond\"]}]},{\"@type\":\"WebPage\",\"@id\":\"https:\\\/\\\/kuali.com.mx\\\/web\\\/2025\\\/01\\\/21\\\/destinaran-10-del-fais-a-las-comunidades-indigenas\\\/\",\"url\":\"https:\\\/\\\/kuali.com.mx\\\/web\\\/2025\\\/01\\\/21\\\/destinaran-10-del-fais-a-las-comunidades-indigenas\\\/\",\"name\":\"DESTINAR\u00c1N 10% DEL FAIS A LAS COMUNIDADES IND\u00cdGENAS - Kuali\",\"isPartOf\":{\"@id\":\"https:\\\/\\\/kuali.com.mx\\\/web\\\/#website\"},\"primaryImageOfPage\":{\"@id\":\"https:\\\/\\\/kuali.com.mx\\\/web\\\/2025\\\/01\\\/21\\\/destinaran-10-del-fais-a-las-comunidades-indigenas\\\/#primaryimage\"},\"image\":{\"@id\":\"https:\\\/\\\/kuali.com.mx\\\/web\\\/2025\\\/01\\\/21\\\/destinaran-10-del-fais-a-las-comunidades-indigenas\\\/#primaryimage\"},\"thumbnailUrl\":\"https:\\\/\\\/kuali.com.mx\\\/web\\\/wp-content\\\/uploads\\\/2025\\\/01\\\/Primera-Sesion-Ordinaria-del-Consejo-Estatal-Indigena-2025-6.jpeg\",\"datePublished\":\"2025-01-22T04:17:20+00:00\",\"dateModified\":\"2025-01-22T04:17:34+00:00\",\"author\":{\"@id\":\"https:\\\/\\\/kuali.com.mx\\\/web\\\/#\\\/schema\\\/person\\\/6f89ffa8ecba9dae50662357923c5289\"},\"breadcrumb\":{\"@id\":\"https:\\\/\\\/kuali.com.mx\\\/web\\\/2025\\\/01\\\/21\\\/destinaran-10-del-fais-a-las-comunidades-indigenas\\\/#breadcrumb\"},\"inLanguage\":\"es\",\"potentialAction\":[{\"@type\":\"ReadAction\",\"target\":[\"https:\\\/\\\/kuali.com.mx\\\/web\\\/2025\\\/01\\\/21\\\/destinaran-10-del-fais-a-las-comunidades-indigenas\\\/\"]}]},{\"@type\":\"ImageObject\",\"inLanguage\":\"es\",\"@id\":\"https:\\\/\\\/kuali.com.mx\\\/web\\\/2025\\\/01\\\/21\\\/destinaran-10-del-fais-a-las-comunidades-indigenas\\\/#primaryimage\",\"url\":\"https:\\\/\\\/kuali.com.mx\\\/web\\\/wp-content\\\/uploads\\\/2025\\\/01\\\/Primera-Sesion-Ordinaria-del-Consejo-Estatal-Indigena-2025-6.jpeg\",\"contentUrl\":\"https:\\\/\\\/kuali.com.mx\\\/web\\\/wp-content\\\/uploads\\\/2025\\\/01\\\/Primera-Sesion-Ordinaria-del-Consejo-Estatal-Indigena-2025-6.jpeg\",\"width\":1600,\"height\":808},{\"@type\":\"BreadcrumbList\",\"@id\":\"https:\\\/\\\/kuali.com.mx\\\/web\\\/2025\\\/01\\\/21\\\/destinaran-10-del-fais-a-las-comunidades-indigenas\\\/#breadcrumb\",\"itemListElement\":[{\"@type\":\"ListItem\",\"position\":1,\"name\":\"Inicio\",\"item\":\"https:\\\/\\\/kuali.com.mx\\\/web\\\/\"},{\"@type\":\"ListItem\",\"position\":2,\"name\":\"DESTINAR\u00c1N 10% DEL FAIS A LAS COMUNIDADES IND\u00cdGENAS\"}]},{\"@type\":\"WebSite\",\"@id\":\"https:\\\/\\\/kuali.com.mx\\\/web\\\/#website\",\"url\":\"https:\\\/\\\/kuali.com.mx\\\/web\\\/\",\"name\":\"Kuali\",\"description\":\"\",\"potentialAction\":[{\"@type\":\"SearchAction\",\"target\":{\"@type\":\"EntryPoint\",\"urlTemplate\":\"https:\\\/\\\/kuali.com.mx\\\/web\\\/?s={search_term_string}\"},\"query-input\":{\"@type\":\"PropertyValueSpecification\",\"valueRequired\":true,\"valueName\":\"search_term_string\"}}],\"inLanguage\":\"es\"},{\"@type\":\"Person\",\"@id\":\"https:\\\/\\\/kuali.com.mx\\\/web\\\/#\\\/schema\\\/person\\\/6f89ffa8ecba9dae50662357923c5289\",\"name\":\"Kuali Staff\",\"image\":{\"@type\":\"ImageObject\",\"inLanguage\":\"es\",\"@id\":\"https:\\\/\\\/secure.gravatar.com\\\/avatar\\\/f917ad82e5ab71227a733c78b6e60715476f69ee6be59feee4eb5d9920c89e0f?s=96&d=mm&r=g\",\"url\":\"https:\\\/\\\/secure.gravatar.com\\\/avatar\\\/f917ad82e5ab71227a733c78b6e60715476f69ee6be59feee4eb5d9920c89e0f?s=96&d=mm&r=g\",\"contentUrl\":\"https:\\\/\\\/secure.gravatar.com\\\/avatar\\\/f917ad82e5ab71227a733c78b6e60715476f69ee6be59feee4eb5d9920c89e0f?s=96&d=mm&r=g\",\"caption\":\"Kuali Staff\"},\"url\":\"https:\\\/\\\/kuali.com.mx\\\/web\\\/author\\\/lagarto\\\/\"}]}<\/script>\n<!-- \/ Yoast SEO plugin. -->","yoast_head_json":{"title":"DESTINAR\u00c1N 10% DEL FAIS A LAS COMUNIDADES IND\u00cdGENAS - Kuali","robots":{"index":"index","follow":"follow","max-snippet":"max-snippet:-1","max-image-preview":"max-image-preview:large","max-video-preview":"max-video-preview:-1"},"canonical":"https:\/\/kuali.com.mx\/web\/2025\/01\/21\/destinaran-10-del-fais-a-las-comunidades-indigenas\/","og_locale":"es_MX","og_type":"article","og_title":"DESTINAR\u00c1N 10% DEL FAIS A LAS COMUNIDADES IND\u00cdGENAS - Kuali","og_description":"Guanajuato, Gto. 21 de enero de 2025.- El Fondo de Aportaciones para la Infraestructura Social (FAIS), por primera vez en su historia destinar\u00e1 el 10% de forma directa a los Pueblos Originarios, anunci\u00f3 la gobernadora de Guanajuato, Libia Dennise Garc\u00eda Mu\u00f1oz Ledo. El anunci\u00f3 lo hizo durante su intervenci\u00f3n en la Primera Sesi\u00f3n Ordinaria del [&hellip;]","og_url":"https:\/\/kuali.com.mx\/web\/2025\/01\/21\/destinaran-10-del-fais-a-las-comunidades-indigenas\/","og_site_name":"Kuali","article_publisher":"https:\/\/kuali.com.mx\/web\/wp-content\/uploads\/2018\/04\/cropped-kuali_logo-1-1.png","article_published_time":"2025-01-22T04:17:20+00:00","article_modified_time":"2025-01-22T04:17:34+00:00","og_image":[{"width":1600,"height":808,"url":"https:\/\/kuali.com.mx\/web\/wp-content\/uploads\/2025\/01\/Primera-Sesion-Ordinaria-del-Consejo-Estatal-Indigena-2025-6.jpeg","type":"image\/jpeg"}],"author":"Kuali Staff","twitter_card":"summary_large_image","twitter_creator":"@kuali_noticias","twitter_site":"@kuali_noticias","twitter_misc":{"Escrito por":"Kuali Staff","Tiempo de lectura":"3 minutos"},"schema":{"@context":"https:\/\/schema.org","@graph":[{"@type":"Article","@id":"https:\/\/kuali.com.mx\/web\/2025\/01\/21\/destinaran-10-del-fais-a-las-comunidades-indigenas\/#article","isPartOf":{"@id":"https:\/\/kuali.com.mx\/web\/2025\/01\/21\/destinaran-10-del-fais-a-las-comunidades-indigenas\/"},"author":{"name":"Kuali Staff","@id":"https:\/\/kuali.com.mx\/web\/#\/schema\/person\/6f89ffa8ecba9dae50662357923c5289"},"headline":"DESTINAR\u00c1N 10% DEL FAIS A LAS COMUNIDADES IND\u00cdGENAS","datePublished":"2025-01-22T04:17:20+00:00","dateModified":"2025-01-22T04:17:34+00:00","mainEntityOfPage":{"@id":"https:\/\/kuali.com.mx\/web\/2025\/01\/21\/destinaran-10-del-fais-a-las-comunidades-indigenas\/"},"wordCount":519,"commentCount":0,"image":{"@id":"https:\/\/kuali.com.mx\/web\/2025\/01\/21\/destinaran-10-del-fais-a-las-comunidades-indigenas\/#primaryimage"},"thumbnailUrl":"https:\/\/kuali.com.mx\/web\/wp-content\/uploads\/2025\/01\/Primera-Sesion-Ordinaria-del-Consejo-Estatal-Indigena-2025-6.jpeg","articleSection":["Pol\u00edtica"],"inLanguage":"es","potentialAction":[{"@type":"CommentAction","name":"Comment","target":["https:\/\/kuali.com.mx\/web\/2025\/01\/21\/destinaran-10-del-fais-a-las-comunidades-indigenas\/#respond"]}]},{"@type":"WebPage","@id":"https:\/\/kuali.com.mx\/web\/2025\/01\/21\/destinaran-10-del-fais-a-las-comunidades-indigenas\/","url":"https:\/\/kuali.com.mx\/web\/2025\/01\/21\/destinaran-10-del-fais-a-las-comunidades-indigenas\/","name":"DESTINAR\u00c1N 10% DEL FAIS A LAS COMUNIDADES IND\u00cdGENAS - Kuali","isPartOf":{"@id":"https:\/\/kuali.com.mx\/web\/#website"},"primaryImageOfPage":{"@id":"https:\/\/kuali.com.mx\/web\/2025\/01\/21\/destinaran-10-del-fais-a-las-comunidades-indigenas\/#primaryimage"},"image":{"@id":"https:\/\/kuali.com.mx\/web\/2025\/01\/21\/destinaran-10-del-fais-a-las-comunidades-indigenas\/#primaryimage"},"thumbnailUrl":"https:\/\/kuali.com.mx\/web\/wp-content\/uploads\/2025\/01\/Primera-Sesion-Ordinaria-del-Consejo-Estatal-Indigena-2025-6.jpeg","datePublished":"2025-01-22T04:17:20+00:00","dateModified":"2025-01-22T04:17:34+00:00","author":{"@id":"https:\/\/kuali.com.mx\/web\/#\/schema\/person\/6f89ffa8ecba9dae50662357923c5289"},"breadcrumb":{"@id":"https:\/\/kuali.com.mx\/web\/2025\/01\/21\/destinaran-10-del-fais-a-las-comunidades-indigenas\/#breadcrumb"},"inLanguage":"es","potentialAction":[{"@type":"ReadAction","target":["https:\/\/kuali.com.mx\/web\/2025\/01\/21\/destinaran-10-del-fais-a-las-comunidades-indigenas\/"]}]},{"@type":"ImageObject","inLanguage":"es","@id":"https:\/\/kuali.com.mx\/web\/2025\/01\/21\/destinaran-10-del-fais-a-las-comunidades-indigenas\/#primaryimage","url":"https:\/\/kuali.com.mx\/web\/wp-content\/uploads\/2025\/01\/Primera-Sesion-Ordinaria-del-Consejo-Estatal-Indigena-2025-6.jpeg","contentUrl":"https:\/\/kuali.com.mx\/web\/wp-content\/uploads\/2025\/01\/Primera-Sesion-Ordinaria-del-Consejo-Estatal-Indigena-2025-6.jpeg","width":1600,"height":808},{"@type":"BreadcrumbList","@id":"https:\/\/kuali.com.mx\/web\/2025\/01\/21\/destinaran-10-del-fais-a-las-comunidades-indigenas\/#breadcrumb","itemListElement":[{"@type":"ListItem","position":1,"name":"Inicio","item":"https:\/\/kuali.com.mx\/web\/"},{"@type":"ListItem","position":2,"name":"DESTINAR\u00c1N 10% DEL FAIS A LAS COMUNIDADES IND\u00cdGENAS"}]},{"@type":"WebSite","@id":"https:\/\/kuali.com.mx\/web\/#website","url":"https:\/\/kuali.com.mx\/web\/","name":"Kuali","description":"","potentialAction":[{"@type":"SearchAction","target":{"@type":"EntryPoint","urlTemplate":"https:\/\/kuali.com.mx\/web\/?s={search_term_string}"},"query-input":{"@type":"PropertyValueSpecification","valueRequired":true,"valueName":"search_term_string"}}],"inLanguage":"es"},{"@type":"Person","@id":"https:\/\/kuali.com.mx\/web\/#\/schema\/person\/6f89ffa8ecba9dae50662357923c5289","name":"Kuali Staff","image":{"@type":"ImageObject","inLanguage":"es","@id":"https:\/\/secure.gravatar.com\/avatar\/f917ad82e5ab71227a733c78b6e60715476f69ee6be59feee4eb5d9920c89e0f?s=96&d=mm&r=g","url":"https:\/\/secure.gravatar.com\/avatar\/f917ad82e5ab71227a733c78b6e60715476f69ee6be59feee4eb5d9920c89e0f?s=96&d=mm&r=g","contentUrl":"https:\/\/secure.gravatar.com\/avatar\/f917ad82e5ab71227a733c78b6e60715476f69ee6be59feee4eb5d9920c89e0f?s=96&d=mm&r=g","caption":"Kuali Staff"},"url":"https:\/\/kuali.com.mx\/web\/author\/lagarto\/"}]}},"_links":{"self":[{"href":"https:\/\/kuali.com.mx\/web\/wp-json\/wp\/v2\/posts\/166528","targetHints":{"allow":["GET"]}}],"collection":[{"href":"https:\/\/kuali.com.mx\/web\/wp-json\/wp\/v2\/posts"}],"about":[{"href":"https:\/\/kuali.com.mx\/web\/wp-json\/wp\/v2\/types\/post"}],"author":[{"embeddable":true,"href":"https:\/\/kuali.com.mx\/web\/wp-json\/wp\/v2\/users\/2"}],"replies":[{"embeddable":true,"href":"https:\/\/kuali.com.mx\/web\/wp-json\/wp\/v2\/comments?post=166528"}],"version-history":[{"count":2,"href":"https:\/\/kuali.com.mx\/web\/wp-json\/wp\/v2\/posts\/166528\/revisions"}],"predecessor-version":[{"id":166533,"href":"https:\/\/kuali.com.mx\/web\/wp-json\/wp\/v2\/posts\/166528\/revisions\/166533"}],"wp:featuredmedia":[{"embeddable":true,"href":"https:\/\/kuali.com.mx\/web\/wp-json\/wp\/v2\/media\/166531"}],"wp:attachment":[{"href":"https:\/\/kuali.com.mx\/web\/wp-json\/wp\/v2\/media?parent=166528"}],"wp:term":[{"taxonomy":"category","embeddable":true,"href":"https:\/\/kuali.com.mx\/web\/wp-json\/wp\/v2\/categories?post=166528"},{"taxonomy":"post_tag","embeddable":true,"href":"https:\/\/kuali.com.mx\/web\/wp-json\/wp\/v2\/tags?post=166528"}],"curies":[{"name":"wp","href":"https:\/\/api.w.org\/{rel}","templated":true}]}}