{"id":166445,"date":"2025-01-21T06:46:50","date_gmt":"2025-01-21T12:46:50","guid":{"rendered":"https:\/\/kuali.com.mx\/web\/?p=166445"},"modified":"2025-01-22T17:33:43","modified_gmt":"2025-01-22T23:33:43","slug":"celebran-los-449-anos-de-la-fundacion-de-leon","status":"publish","type":"post","link":"https:\/\/kuali.com.mx\/web\/2025\/01\/21\/celebran-los-449-anos-de-la-fundacion-de-leon\/","title":{"rendered":"CELEBRAN LOS 449 A\u00d1OS DE LA FUNDACI\u00d3N DE LE\u00d3N"},"content":{"rendered":"\n<p><strong><em>Kuali\/Le\u00f3n, Gto.-<\/em><\/strong> El municipio de Le\u00f3n celebr\u00f3 449 a\u00f1os de su fundaci\u00f3n y conform\u00f3 un Comite para organizar los festjeos del 450 aniversario<\/p>\n\n\n\n<p>La gobernadora, Libia Garc\u00eda Mu\u00f1oz Ledo; y la presidenta municipal, Alejadra Guti\u00e9rrez Campos, encabezaron la conmemoraci\u00f3n del 449 aniversario de la Fundaci\u00f3n de Le\u00f3n, un acto en el que destac\u00f3 y reconoci\u00f3 a aquellas personas que han construido la ciudad.<\/p>\n\n\n\n<p><strong>\u00a0\u201cNo es solo conmemorar, es hacer un homenaje y recordar a los hombres y mujeres que dieron todo para que hoy tengamos esta ciudad tan grande, tan fuerte y tan pujante<\/strong>\", mencion\u00f3 la alcaldesa.<\/p>\n\n\n\n<p><strong>\u201cEs importante conocer el pasado para no cometer los mismos errores y reconocer a cada hombre y mujer que hicieron todo para tener esta ciudad, hoy tenemos la oportunidad de construir el futuro\u201d, reconoci\u00f3<\/strong> Guti\u00e9rrez Campos.<\/p>\n\n\n\n<p>Un ejemplo de la participaci\u00f3n de los leoneses, es el Consejo Rector, creado justamente hace dos a\u00f1os, y hoy es un ejemplo nacional de trabajo en equipo para alinear esfuerzos y dejar un mejor futuro para las pr\u00f3ximas generaciones.<\/p>\n\n\n\n<p>En este 449 aniversario, el municipio da un paso m\u00e1s, al conformar el Comit\u00e9 450, que tiene el objetivo de destacar la grandeza del municipio en la celebraci\u00f3n de los 450 a\u00f1os del municipio.<\/p>\n\n\n\n<p><strong>\u201cEl mejor regalo que le podemos dejar a la ciudad, es una ciudad m\u00e1s pr\u00f3spera, m\u00e1s generosa, con mejores ciudadanos porque no solamente es construir obras que tambi\u00e9n lo estamos haciendo, lo m\u00e1s importante es tener mejores ciudadanos\u201d.<\/strong><\/p>\n\n\n\n<p>El Comit\u00e9 450 estar\u00e1 integrado por: M\u00f3nica P\u00e9rez Dorsey, Graciela Rodr\u00edguez Flores, Luisa Mar\u00eda Granados, H\u00e9ctor Rodr\u00edguez Vel\u00e1zquez, Luis Ernesto Ayala Torres y Allan Le\u00f3n Aguirre.<\/p>\n\n\n\n<p>Alejandra Guti\u00e9rrez destac\u00f3 que Le\u00f3n es la tercera ciudad m\u00e1s poblada del pa\u00eds y ha sido reconocida no solo a nivel nacional sino tambi\u00e9n internacional como una ciudad fuerte, competitiva, viva y vibrante y si algo distingue a los leoneses es que cuando enfrentan un problema, buscan la manera de levantarse, superarse y ser mejores. \u00a0<\/p>\n\n\n\n<p><strong>\u201cQueremos una ciudadan\u00eda cada vez m\u00e1s participativa, m\u00e1s fuerte porque en la medida que el ciudadanos sea m\u00e1s fuerte, va a crecer m\u00e1s esta ciudad, queremos que la ciudad sea m\u00e1s competitiva, que siga creciendo, que siga siendo ejemplo, que sigamos en los ojos no solo de M\u00e9xico sino a nivel internacional\u201d, mencion\u00f3 la presidenta.<\/strong><\/p>\n\n\n\n<p>Adem\u00e1s, este gobierno trabaja d\u00eda con d\u00eda para cumplir los sue\u00f1os de los leoneses, un claro ejemplo es la creaci\u00f3n del puente de Barranca de Venaderos, una obra que por m\u00e1s de 30 a\u00f1os hab\u00edan so\u00f1ado los vecinos y por fin, Ale Guti\u00e9rrez lo hizo realidad.<\/p>\n\n\n\n<p>De igual manera se trabaj\u00f3 en la ampliaci\u00f3n del bulevar la Luz con el cual se benefici\u00f3 a los habitantes de la zona oriente del municipio al reducir hasta en un 30% los tiempos de traslado.<\/p>\n\n\n\n<p>Alejandra Guti\u00e9rrez tambi\u00e9n trabaja para consolidar el mejor sistema de Parques de M\u00e9xico, y en este sentido se trabaja en la creaci\u00f3n de 5 nuevos parques metropolitanos nuevos.<\/p>\n\n\n\n<p>Motivo de orgullo<\/p>\n\n\n\n<p>\u201cHoy es un d\u00eda que nos recuerda lo maravilloso de nuestra historia, de nuestras ra\u00edces firmes que nos han hecho ser fuertes a lo largo de los a\u00f1os\u201d, dijo la Gobernadora de la Gente, Libia Dennise Garc\u00eda Mu\u00f1oz Ledo, en la celebraci\u00f3n del 449 Aniversario de la Fundaci\u00f3n de Le\u00f3n.<\/p>\n\n\n\n<p>Destac\u00f3 Libia que en Le\u00f3n se ha sabido reconocer qu\u00e9 es en el trabajo en equipo, donde sociedad y gobierno, trabajando juntos han logrado resultados por la ciudad del futuro.<\/p>\n\n\n\n<p>Para la Mandataria Estatal, ser leonesa es motivo de gran orgullo, adem\u00e1s de contar con la dicha de ser de una ciudad conocida por el ritmo en la voz \u201ccantadita\u201d. Con olor a piel y a solidaridad, de sabor a \u2018guacamaya\u2019 y \u2018cebadina\u2019, pero tambi\u00e9n, con una ciudadan\u00eda reconocida por el trabajo en equipo.<\/p>\n\n\n\n<p>\u201cEsta tierra donde se juega dentro y fuera de la cancha, con esa pasi\u00f3n que nos caracteriza a \u2018los panzas verdes\u2019, pero que tambi\u00e9n nos jugamos todo por aquellos que amamos\u201d, relat\u00f3 la Gobernadora sobre la identidad, como oriunda de la ciudad zapatera.<\/p>\n\n\n\n<p>La Gobernadora reconoci\u00f3 la fortaleza de los leoneses, quienes han enfrentado sequ\u00edas e inundaciones en diversos momentos de su historia y siempre se han puesto de pie.<\/p>\n\n\n\n<p>\u201cHoy quiero invitarlos a que m\u00e1s all\u00e1 de recordar aquello que nos une, estemos firmes en la convicci\u00f3n de que los retos de Le\u00f3n y el Guanajuato del futuro nos necesitar\u00e1n m\u00e1s unidos que nunca\u201d, enfatiz\u00f3.<\/p>\n\n\n\n<p>En el evento de los 449 a\u00f1os se realiz\u00f3 una guardia de honor para recordar a aquellos hombres y mujeres que fundaron Le\u00f3n, adem\u00e1s el cronista, Luis Alegre platic\u00f3 momentos hist\u00f3ricos para el municipio de Le\u00f3n y el s\u00edndico Rom\u00e1n Cifuentes Negrete explic\u00f3 sobre la fundaci\u00f3n Villa Le\u00f3n.<\/p>\n","protected":false},"excerpt":{"rendered":"Kuali\/Le\u00f3n, Gto.- El municipio de Le\u00f3n celebr\u00f3 449 a\u00f1os de su fundaci\u00f3n y conform\u00f3 un Comite para organizar los festjeos del 450 aniversario La gobernadora, Libia Garc\u00eda Mu\u00f1oz Ledo; y la presidenta municipal, Alejadra Guti\u00e9rrez Campos, encabezaron la conmemoraci\u00f3n del 449 aniversario de la Fundaci\u00f3n de Le\u00f3n, un acto en el que destac\u00f3 y reconoci\u00f3 [&hellip;]","protected":false},"author":2,"featured_media":166448,"comment_status":"open","ping_status":"open","sticky":false,"template":"","format":"standard","meta":{"_seopress_robots_primary_cat":"none","_seopress_titles_title":"","_seopress_titles_desc":"","_seopress_robots_index":"","_monsterinsights_skip_tracking":false,"_monsterinsights_sitenote_active":false,"_monsterinsights_sitenote_note":"","_monsterinsights_sitenote_category":0,"footnotes":""},"categories":[3],"tags":[],"class_list":["post-166445","post","type-post","status-publish","format-standard","has-post-thumbnail","hentry","category-politica"],"yoast_head":"<!-- This site is optimized with the Yoast SEO plugin v27.4 - https:\/\/yoast.com\/product\/yoast-seo-wordpress\/ -->\n<title>CELEBRAN LOS 449 A\u00d1OS DE LA FUNDACI\u00d3N DE LE\u00d3N - Kuali<\/title>\n<meta name=\"robots\" content=\"index, follow, max-snippet:-1, max-image-preview:large, max-video-preview:-1\" \/>\n<link rel=\"canonical\" href=\"https:\/\/kuali.com.mx\/web\/2025\/01\/21\/celebran-los-449-anos-de-la-fundacion-de-leon\/\" \/>\n<meta property=\"og:locale\" content=\"es_MX\" \/>\n<meta property=\"og:type\" content=\"article\" \/>\n<meta property=\"og:title\" content=\"CELEBRAN LOS 449 A\u00d1OS DE LA FUNDACI\u00d3N DE LE\u00d3N - Kuali\" \/>\n<meta property=\"og:description\" content=\"Kuali\/Le\u00f3n, Gto.- El municipio de Le\u00f3n celebr\u00f3 449 a\u00f1os de su fundaci\u00f3n y conform\u00f3 un Comite para organizar los festjeos del 450 aniversario La gobernadora, Libia Garc\u00eda Mu\u00f1oz Ledo; y la presidenta municipal, Alejadra Guti\u00e9rrez Campos, encabezaron la conmemoraci\u00f3n del 449 aniversario de la Fundaci\u00f3n de Le\u00f3n, un acto en el que destac\u00f3 y reconoci\u00f3 [&hellip;]\" \/>\n<meta property=\"og:url\" content=\"https:\/\/kuali.com.mx\/web\/2025\/01\/21\/celebran-los-449-anos-de-la-fundacion-de-leon\/\" \/>\n<meta property=\"og:site_name\" content=\"Kuali\" \/>\n<meta property=\"article:publisher\" content=\"https:\/\/kuali.com.mx\/web\/wp-content\/uploads\/2018\/04\/cropped-kuali_logo-1-1.png\" \/>\n<meta property=\"article:published_time\" content=\"2025-01-21T12:46:50+00:00\" \/>\n<meta property=\"article:modified_time\" content=\"2025-01-22T23:33:43+00:00\" \/>\n<meta property=\"og:image\" content=\"https:\/\/kuali.com.mx\/web\/wp-content\/uploads\/2025\/01\/Aniversrio-Leon.jpg\" \/>\n\t<meta property=\"og:image:width\" content=\"1228\" \/>\n\t<meta property=\"og:image:height\" content=\"869\" \/>\n\t<meta property=\"og:image:type\" content=\"image\/jpeg\" \/>\n<meta name=\"author\" content=\"Kuali Staff\" \/>\n<meta name=\"twitter:card\" content=\"summary_large_image\" \/>\n<meta name=\"twitter:creator\" content=\"@kuali_noticias\" \/>\n<meta name=\"twitter:site\" content=\"@kuali_noticias\" \/>\n<meta name=\"twitter:label1\" content=\"Escrito por\" \/>\n\t<meta name=\"twitter:data1\" content=\"Kuali Staff\" \/>\n\t<meta name=\"twitter:label2\" content=\"Tiempo de lectura\" \/>\n\t<meta name=\"twitter:data2\" content=\"4 minutos\" \/>\n<script type=\"application\/ld+json\" class=\"yoast-schema-graph\">{\"@context\":\"https:\\\/\\\/schema.org\",\"@graph\":[{\"@type\":\"Article\",\"@id\":\"https:\\\/\\\/kuali.com.mx\\\/web\\\/2025\\\/01\\\/21\\\/celebran-los-449-anos-de-la-fundacion-de-leon\\\/#article\",\"isPartOf\":{\"@id\":\"https:\\\/\\\/kuali.com.mx\\\/web\\\/2025\\\/01\\\/21\\\/celebran-los-449-anos-de-la-fundacion-de-leon\\\/\"},\"author\":{\"name\":\"Kuali Staff\",\"@id\":\"https:\\\/\\\/kuali.com.mx\\\/web\\\/#\\\/schema\\\/person\\\/6f89ffa8ecba9dae50662357923c5289\"},\"headline\":\"CELEBRAN LOS 449 A\u00d1OS DE LA FUNDACI\u00d3N DE LE\u00d3N\",\"datePublished\":\"2025-01-21T12:46:50+00:00\",\"dateModified\":\"2025-01-22T23:33:43+00:00\",\"mainEntityOfPage\":{\"@id\":\"https:\\\/\\\/kuali.com.mx\\\/web\\\/2025\\\/01\\\/21\\\/celebran-los-449-anos-de-la-fundacion-de-leon\\\/\"},\"wordCount\":868,\"commentCount\":0,\"image\":{\"@id\":\"https:\\\/\\\/kuali.com.mx\\\/web\\\/2025\\\/01\\\/21\\\/celebran-los-449-anos-de-la-fundacion-de-leon\\\/#primaryimage\"},\"thumbnailUrl\":\"https:\\\/\\\/kuali.com.mx\\\/web\\\/wp-content\\\/uploads\\\/2025\\\/01\\\/Aniversrio-Leon.jpg\",\"articleSection\":[\"Pol\u00edtica\"],\"inLanguage\":\"es\",\"potentialAction\":[{\"@type\":\"CommentAction\",\"name\":\"Comment\",\"target\":[\"https:\\\/\\\/kuali.com.mx\\\/web\\\/2025\\\/01\\\/21\\\/celebran-los-449-anos-de-la-fundacion-de-leon\\\/#respond\"]}]},{\"@type\":\"WebPage\",\"@id\":\"https:\\\/\\\/kuali.com.mx\\\/web\\\/2025\\\/01\\\/21\\\/celebran-los-449-anos-de-la-fundacion-de-leon\\\/\",\"url\":\"https:\\\/\\\/kuali.com.mx\\\/web\\\/2025\\\/01\\\/21\\\/celebran-los-449-anos-de-la-fundacion-de-leon\\\/\",\"name\":\"CELEBRAN LOS 449 A\u00d1OS DE LA FUNDACI\u00d3N DE LE\u00d3N - Kuali\",\"isPartOf\":{\"@id\":\"https:\\\/\\\/kuali.com.mx\\\/web\\\/#website\"},\"primaryImageOfPage\":{\"@id\":\"https:\\\/\\\/kuali.com.mx\\\/web\\\/2025\\\/01\\\/21\\\/celebran-los-449-anos-de-la-fundacion-de-leon\\\/#primaryimage\"},\"image\":{\"@id\":\"https:\\\/\\\/kuali.com.mx\\\/web\\\/2025\\\/01\\\/21\\\/celebran-los-449-anos-de-la-fundacion-de-leon\\\/#primaryimage\"},\"thumbnailUrl\":\"https:\\\/\\\/kuali.com.mx\\\/web\\\/wp-content\\\/uploads\\\/2025\\\/01\\\/Aniversrio-Leon.jpg\",\"datePublished\":\"2025-01-21T12:46:50+00:00\",\"dateModified\":\"2025-01-22T23:33:43+00:00\",\"author\":{\"@id\":\"https:\\\/\\\/kuali.com.mx\\\/web\\\/#\\\/schema\\\/person\\\/6f89ffa8ecba9dae50662357923c5289\"},\"breadcrumb\":{\"@id\":\"https:\\\/\\\/kuali.com.mx\\\/web\\\/2025\\\/01\\\/21\\\/celebran-los-449-anos-de-la-fundacion-de-leon\\\/#breadcrumb\"},\"inLanguage\":\"es\",\"potentialAction\":[{\"@type\":\"ReadAction\",\"target\":[\"https:\\\/\\\/kuali.com.mx\\\/web\\\/2025\\\/01\\\/21\\\/celebran-los-449-anos-de-la-fundacion-de-leon\\\/\"]}]},{\"@type\":\"ImageObject\",\"inLanguage\":\"es\",\"@id\":\"https:\\\/\\\/kuali.com.mx\\\/web\\\/2025\\\/01\\\/21\\\/celebran-los-449-anos-de-la-fundacion-de-leon\\\/#primaryimage\",\"url\":\"https:\\\/\\\/kuali.com.mx\\\/web\\\/wp-content\\\/uploads\\\/2025\\\/01\\\/Aniversrio-Leon.jpg\",\"contentUrl\":\"https:\\\/\\\/kuali.com.mx\\\/web\\\/wp-content\\\/uploads\\\/2025\\\/01\\\/Aniversrio-Leon.jpg\",\"width\":1228,\"height\":869},{\"@type\":\"BreadcrumbList\",\"@id\":\"https:\\\/\\\/kuali.com.mx\\\/web\\\/2025\\\/01\\\/21\\\/celebran-los-449-anos-de-la-fundacion-de-leon\\\/#breadcrumb\",\"itemListElement\":[{\"@type\":\"ListItem\",\"position\":1,\"name\":\"Inicio\",\"item\":\"https:\\\/\\\/kuali.com.mx\\\/web\\\/\"},{\"@type\":\"ListItem\",\"position\":2,\"name\":\"CELEBRAN LOS 449 A\u00d1OS DE LA FUNDACI\u00d3N DE LE\u00d3N\"}]},{\"@type\":\"WebSite\",\"@id\":\"https:\\\/\\\/kuali.com.mx\\\/web\\\/#website\",\"url\":\"https:\\\/\\\/kuali.com.mx\\\/web\\\/\",\"name\":\"Kuali\",\"description\":\"\",\"potentialAction\":[{\"@type\":\"SearchAction\",\"target\":{\"@type\":\"EntryPoint\",\"urlTemplate\":\"https:\\\/\\\/kuali.com.mx\\\/web\\\/?s={search_term_string}\"},\"query-input\":{\"@type\":\"PropertyValueSpecification\",\"valueRequired\":true,\"valueName\":\"search_term_string\"}}],\"inLanguage\":\"es\"},{\"@type\":\"Person\",\"@id\":\"https:\\\/\\\/kuali.com.mx\\\/web\\\/#\\\/schema\\\/person\\\/6f89ffa8ecba9dae50662357923c5289\",\"name\":\"Kuali Staff\",\"image\":{\"@type\":\"ImageObject\",\"inLanguage\":\"es\",\"@id\":\"https:\\\/\\\/secure.gravatar.com\\\/avatar\\\/f917ad82e5ab71227a733c78b6e60715476f69ee6be59feee4eb5d9920c89e0f?s=96&d=mm&r=g\",\"url\":\"https:\\\/\\\/secure.gravatar.com\\\/avatar\\\/f917ad82e5ab71227a733c78b6e60715476f69ee6be59feee4eb5d9920c89e0f?s=96&d=mm&r=g\",\"contentUrl\":\"https:\\\/\\\/secure.gravatar.com\\\/avatar\\\/f917ad82e5ab71227a733c78b6e60715476f69ee6be59feee4eb5d9920c89e0f?s=96&d=mm&r=g\",\"caption\":\"Kuali Staff\"},\"url\":\"https:\\\/\\\/kuali.com.mx\\\/web\\\/author\\\/lagarto\\\/\"}]}<\/script>\n<!-- \/ Yoast SEO plugin. -->","yoast_head_json":{"title":"CELEBRAN LOS 449 A\u00d1OS DE LA FUNDACI\u00d3N DE LE\u00d3N - Kuali","robots":{"index":"index","follow":"follow","max-snippet":"max-snippet:-1","max-image-preview":"max-image-preview:large","max-video-preview":"max-video-preview:-1"},"canonical":"https:\/\/kuali.com.mx\/web\/2025\/01\/21\/celebran-los-449-anos-de-la-fundacion-de-leon\/","og_locale":"es_MX","og_type":"article","og_title":"CELEBRAN LOS 449 A\u00d1OS DE LA FUNDACI\u00d3N DE LE\u00d3N - Kuali","og_description":"Kuali\/Le\u00f3n, Gto.- El municipio de Le\u00f3n celebr\u00f3 449 a\u00f1os de su fundaci\u00f3n y conform\u00f3 un Comite para organizar los festjeos del 450 aniversario La gobernadora, Libia Garc\u00eda Mu\u00f1oz Ledo; y la presidenta municipal, Alejadra Guti\u00e9rrez Campos, encabezaron la conmemoraci\u00f3n del 449 aniversario de la Fundaci\u00f3n de Le\u00f3n, un acto en el que destac\u00f3 y reconoci\u00f3 [&hellip;]","og_url":"https:\/\/kuali.com.mx\/web\/2025\/01\/21\/celebran-los-449-anos-de-la-fundacion-de-leon\/","og_site_name":"Kuali","article_publisher":"https:\/\/kuali.com.mx\/web\/wp-content\/uploads\/2018\/04\/cropped-kuali_logo-1-1.png","article_published_time":"2025-01-21T12:46:50+00:00","article_modified_time":"2025-01-22T23:33:43+00:00","og_image":[{"width":1228,"height":869,"url":"https:\/\/kuali.com.mx\/web\/wp-content\/uploads\/2025\/01\/Aniversrio-Leon.jpg","type":"image\/jpeg"}],"author":"Kuali Staff","twitter_card":"summary_large_image","twitter_creator":"@kuali_noticias","twitter_site":"@kuali_noticias","twitter_misc":{"Escrito por":"Kuali Staff","Tiempo de lectura":"4 minutos"},"schema":{"@context":"https:\/\/schema.org","@graph":[{"@type":"Article","@id":"https:\/\/kuali.com.mx\/web\/2025\/01\/21\/celebran-los-449-anos-de-la-fundacion-de-leon\/#article","isPartOf":{"@id":"https:\/\/kuali.com.mx\/web\/2025\/01\/21\/celebran-los-449-anos-de-la-fundacion-de-leon\/"},"author":{"name":"Kuali Staff","@id":"https:\/\/kuali.com.mx\/web\/#\/schema\/person\/6f89ffa8ecba9dae50662357923c5289"},"headline":"CELEBRAN LOS 449 A\u00d1OS DE LA FUNDACI\u00d3N DE LE\u00d3N","datePublished":"2025-01-21T12:46:50+00:00","dateModified":"2025-01-22T23:33:43+00:00","mainEntityOfPage":{"@id":"https:\/\/kuali.com.mx\/web\/2025\/01\/21\/celebran-los-449-anos-de-la-fundacion-de-leon\/"},"wordCount":868,"commentCount":0,"image":{"@id":"https:\/\/kuali.com.mx\/web\/2025\/01\/21\/celebran-los-449-anos-de-la-fundacion-de-leon\/#primaryimage"},"thumbnailUrl":"https:\/\/kuali.com.mx\/web\/wp-content\/uploads\/2025\/01\/Aniversrio-Leon.jpg","articleSection":["Pol\u00edtica"],"inLanguage":"es","potentialAction":[{"@type":"CommentAction","name":"Comment","target":["https:\/\/kuali.com.mx\/web\/2025\/01\/21\/celebran-los-449-anos-de-la-fundacion-de-leon\/#respond"]}]},{"@type":"WebPage","@id":"https:\/\/kuali.com.mx\/web\/2025\/01\/21\/celebran-los-449-anos-de-la-fundacion-de-leon\/","url":"https:\/\/kuali.com.mx\/web\/2025\/01\/21\/celebran-los-449-anos-de-la-fundacion-de-leon\/","name":"CELEBRAN LOS 449 A\u00d1OS DE LA FUNDACI\u00d3N DE LE\u00d3N - Kuali","isPartOf":{"@id":"https:\/\/kuali.com.mx\/web\/#website"},"primaryImageOfPage":{"@id":"https:\/\/kuali.com.mx\/web\/2025\/01\/21\/celebran-los-449-anos-de-la-fundacion-de-leon\/#primaryimage"},"image":{"@id":"https:\/\/kuali.com.mx\/web\/2025\/01\/21\/celebran-los-449-anos-de-la-fundacion-de-leon\/#primaryimage"},"thumbnailUrl":"https:\/\/kuali.com.mx\/web\/wp-content\/uploads\/2025\/01\/Aniversrio-Leon.jpg","datePublished":"2025-01-21T12:46:50+00:00","dateModified":"2025-01-22T23:33:43+00:00","author":{"@id":"https:\/\/kuali.com.mx\/web\/#\/schema\/person\/6f89ffa8ecba9dae50662357923c5289"},"breadcrumb":{"@id":"https:\/\/kuali.com.mx\/web\/2025\/01\/21\/celebran-los-449-anos-de-la-fundacion-de-leon\/#breadcrumb"},"inLanguage":"es","potentialAction":[{"@type":"ReadAction","target":["https:\/\/kuali.com.mx\/web\/2025\/01\/21\/celebran-los-449-anos-de-la-fundacion-de-leon\/"]}]},{"@type":"ImageObject","inLanguage":"es","@id":"https:\/\/kuali.com.mx\/web\/2025\/01\/21\/celebran-los-449-anos-de-la-fundacion-de-leon\/#primaryimage","url":"https:\/\/kuali.com.mx\/web\/wp-content\/uploads\/2025\/01\/Aniversrio-Leon.jpg","contentUrl":"https:\/\/kuali.com.mx\/web\/wp-content\/uploads\/2025\/01\/Aniversrio-Leon.jpg","width":1228,"height":869},{"@type":"BreadcrumbList","@id":"https:\/\/kuali.com.mx\/web\/2025\/01\/21\/celebran-los-449-anos-de-la-fundacion-de-leon\/#breadcrumb","itemListElement":[{"@type":"ListItem","position":1,"name":"Inicio","item":"https:\/\/kuali.com.mx\/web\/"},{"@type":"ListItem","position":2,"name":"CELEBRAN LOS 449 A\u00d1OS DE LA FUNDACI\u00d3N DE LE\u00d3N"}]},{"@type":"WebSite","@id":"https:\/\/kuali.com.mx\/web\/#website","url":"https:\/\/kuali.com.mx\/web\/","name":"Kuali","description":"","potentialAction":[{"@type":"SearchAction","target":{"@type":"EntryPoint","urlTemplate":"https:\/\/kuali.com.mx\/web\/?s={search_term_string}"},"query-input":{"@type":"PropertyValueSpecification","valueRequired":true,"valueName":"search_term_string"}}],"inLanguage":"es"},{"@type":"Person","@id":"https:\/\/kuali.com.mx\/web\/#\/schema\/person\/6f89ffa8ecba9dae50662357923c5289","name":"Kuali Staff","image":{"@type":"ImageObject","inLanguage":"es","@id":"https:\/\/secure.gravatar.com\/avatar\/f917ad82e5ab71227a733c78b6e60715476f69ee6be59feee4eb5d9920c89e0f?s=96&d=mm&r=g","url":"https:\/\/secure.gravatar.com\/avatar\/f917ad82e5ab71227a733c78b6e60715476f69ee6be59feee4eb5d9920c89e0f?s=96&d=mm&r=g","contentUrl":"https:\/\/secure.gravatar.com\/avatar\/f917ad82e5ab71227a733c78b6e60715476f69ee6be59feee4eb5d9920c89e0f?s=96&d=mm&r=g","caption":"Kuali Staff"},"url":"https:\/\/kuali.com.mx\/web\/author\/lagarto\/"}]}},"_links":{"self":[{"href":"https:\/\/kuali.com.mx\/web\/wp-json\/wp\/v2\/posts\/166445","targetHints":{"allow":["GET"]}}],"collection":[{"href":"https:\/\/kuali.com.mx\/web\/wp-json\/wp\/v2\/posts"}],"about":[{"href":"https:\/\/kuali.com.mx\/web\/wp-json\/wp\/v2\/types\/post"}],"author":[{"embeddable":true,"href":"https:\/\/kuali.com.mx\/web\/wp-json\/wp\/v2\/users\/2"}],"replies":[{"embeddable":true,"href":"https:\/\/kuali.com.mx\/web\/wp-json\/wp\/v2\/comments?post=166445"}],"version-history":[{"count":3,"href":"https:\/\/kuali.com.mx\/web\/wp-json\/wp\/v2\/posts\/166445\/revisions"}],"predecessor-version":[{"id":166611,"href":"https:\/\/kuali.com.mx\/web\/wp-json\/wp\/v2\/posts\/166445\/revisions\/166611"}],"wp:featuredmedia":[{"embeddable":true,"href":"https:\/\/kuali.com.mx\/web\/wp-json\/wp\/v2\/media\/166448"}],"wp:attachment":[{"href":"https:\/\/kuali.com.mx\/web\/wp-json\/wp\/v2\/media?parent=166445"}],"wp:term":[{"taxonomy":"category","embeddable":true,"href":"https:\/\/kuali.com.mx\/web\/wp-json\/wp\/v2\/categories?post=166445"},{"taxonomy":"post_tag","embeddable":true,"href":"https:\/\/kuali.com.mx\/web\/wp-json\/wp\/v2\/tags?post=166445"}],"curies":[{"name":"wp","href":"https:\/\/api.w.org\/{rel}","templated":true}]}}