{"id":166420,"date":"2025-01-20T18:36:46","date_gmt":"2025-01-21T00:36:46","guid":{"rendered":"https:\/\/kuali.com.mx\/web\/?p=166420"},"modified":"2025-01-20T21:58:12","modified_gmt":"2025-01-21T03:58:12","slug":"reportan-alta-ocupacion-hotelera","status":"publish","type":"post","link":"https:\/\/kuali.com.mx\/web\/2025\/01\/20\/reportan-alta-ocupacion-hotelera\/","title":{"rendered":"REPORTAN ALTA OCUPACI\u00d3N HOTELERA"},"content":{"rendered":"\n<p><strong>Milagros Tadeo\/Le\u00f3n, Gto.-&nbsp;<\/strong>La Feria Estatal de Le\u00f3n y sus eventos generaron una ocupaci\u00f3n hotelera del 95% durante este fin de semana, siendo una de las mejores semanas en enero para este sector.<\/p>\n\n\n\n<p>El presidente de la Asociaci\u00f3n de Hoteles y Moteles de Le\u00f3n (AHML), Eduardo Bujaidar Mu\u00f1oz, dijo que el s\u00e1bado se registr\u00f3 una gran afluencia de visitantes en los 73 hoteles que est\u00e1n afiliados a la asociaci\u00f3n. &nbsp;<\/p>\n\n\n\n<p>&nbsp;\u201cEl fin de semana ya hubo un repunte importante en el tema de la ocupaci\u00f3n, lo estuvimos viendo y monitoreando con el grupo que tenemos de hotelero, el s\u00e1bado incluso tuvimos que estar revisando para ver qui\u00e9n ten\u00eda habitaciones porque respondi\u00f3 bien la feria y la convocatoria, el programa de la Feria\u201d, destac\u00f3.<\/p>\n\n\n\n<p>Dijo que el s\u00e1bado hab\u00eda muy pocas habitaciones de las 8 mil 500 que se ofertan en el municipio.<\/p>\n\n\n\n<p>El patronato de la Feria Estatal de Le\u00f3n inform\u00f3 que durante el pasado s\u00e1bado se registr\u00f3 la afluencia de cerca de 200 mil asistentes en la verbena popular; 22 mil estuvieron en el Foro Mazada en el concierto de Def Leppard.<\/p>\n\n\n\n<p>Asimismo, Bujaidar Mu\u00f1oz indic\u00f3 que esperan que los siguientes fines de semana sean buenos para su sector, y no solo por la Feria sino por el paso de los sanjuaneros.<\/p>\n\n\n\n<p>\u201cLa semana que entra y la pr\u00f3xima ya tenemos algo de reservaciones, eso es una buena noticia porque enero es un mes malo, entonces vamos bien (\u2026) si esperamos un repunte en los pr\u00f3ximos d\u00edas y no nada m\u00e1s por Feria sino por las peregrinaciones a San Juan, eso hace que tengamos m\u00e1s demanda\u201d, dijo.<\/p>\n\n\n\n<p>Precis\u00f3 que esperan cerrar el mes con un acumulado del 85% en la ocupaci\u00f3n hotelera durante el mes de enero.<\/p>\n","protected":false},"excerpt":{"rendered":"Milagros Tadeo\/Le\u00f3n, Gto.-&nbsp;La Feria Estatal de Le\u00f3n y sus eventos generaron una ocupaci\u00f3n hotelera del 95% durante este fin de semana, siendo una de las mejores semanas en enero para este sector. El presidente de la Asociaci\u00f3n de Hoteles y Moteles de Le\u00f3n (AHML), Eduardo Bujaidar Mu\u00f1oz, dijo que el s\u00e1bado se registr\u00f3 una gran [&hellip;]","protected":false},"author":2,"featured_media":62196,"comment_status":"open","ping_status":"open","sticky":false,"template":"","format":"standard","meta":{"_seopress_robots_primary_cat":"none","_seopress_titles_title":"","_seopress_titles_desc":"","_seopress_robots_index":"","_monsterinsights_skip_tracking":false,"_monsterinsights_sitenote_active":false,"_monsterinsights_sitenote_note":"","_monsterinsights_sitenote_category":0,"footnotes":""},"categories":[13],"tags":[],"class_list":["post-166420","post","type-post","status-publish","format-standard","has-post-thumbnail","hentry","category-turismo"],"yoast_head":"<!-- This site is optimized with the Yoast SEO plugin v27.4 - https:\/\/yoast.com\/product\/yoast-seo-wordpress\/ -->\n<title>REPORTAN ALTA OCUPACI\u00d3N HOTELERA - Kuali<\/title>\n<meta name=\"robots\" content=\"index, follow, max-snippet:-1, max-image-preview:large, max-video-preview:-1\" \/>\n<link rel=\"canonical\" href=\"https:\/\/kuali.com.mx\/web\/2025\/01\/20\/reportan-alta-ocupacion-hotelera\/\" \/>\n<meta property=\"og:locale\" content=\"es_MX\" \/>\n<meta property=\"og:type\" content=\"article\" \/>\n<meta property=\"og:title\" content=\"REPORTAN ALTA OCUPACI\u00d3N HOTELERA - Kuali\" \/>\n<meta property=\"og:description\" content=\"Milagros Tadeo\/Le\u00f3n, Gto.-&nbsp;La Feria Estatal de Le\u00f3n y sus eventos generaron una ocupaci\u00f3n hotelera del 95% durante este fin de semana, siendo una de las mejores semanas en enero para este sector. El presidente de la Asociaci\u00f3n de Hoteles y Moteles de Le\u00f3n (AHML), Eduardo Bujaidar Mu\u00f1oz, dijo que el s\u00e1bado se registr\u00f3 una gran [&hellip;]\" \/>\n<meta property=\"og:url\" content=\"https:\/\/kuali.com.mx\/web\/2025\/01\/20\/reportan-alta-ocupacion-hotelera\/\" \/>\n<meta property=\"og:site_name\" content=\"Kuali\" \/>\n<meta property=\"article:publisher\" content=\"https:\/\/kuali.com.mx\/web\/wp-content\/uploads\/2018\/04\/cropped-kuali_logo-1-1.png\" \/>\n<meta property=\"article:published_time\" content=\"2025-01-21T00:36:46+00:00\" \/>\n<meta property=\"article:modified_time\" content=\"2025-01-21T03:58:12+00:00\" \/>\n<meta property=\"og:image\" content=\"https:\/\/kuali.com.mx\/web\/wp-content\/uploads\/2019\/11\/Hotel-habitaci\u00f3n.jpg\" \/>\n\t<meta property=\"og:image:width\" content=\"1890\" \/>\n\t<meta property=\"og:image:height\" content=\"750\" \/>\n\t<meta property=\"og:image:type\" content=\"image\/jpeg\" \/>\n<meta name=\"author\" content=\"Kuali Staff\" \/>\n<meta name=\"twitter:card\" content=\"summary_large_image\" \/>\n<meta name=\"twitter:creator\" content=\"@kuali_noticias\" \/>\n<meta name=\"twitter:site\" content=\"@kuali_noticias\" \/>\n<meta name=\"twitter:label1\" content=\"Escrito por\" \/>\n\t<meta name=\"twitter:data1\" content=\"Kuali Staff\" \/>\n\t<meta name=\"twitter:label2\" content=\"Tiempo de lectura\" \/>\n\t<meta name=\"twitter:data2\" content=\"2 minutos\" \/>\n<script type=\"application\/ld+json\" class=\"yoast-schema-graph\">{\"@context\":\"https:\\\/\\\/schema.org\",\"@graph\":[{\"@type\":\"Article\",\"@id\":\"https:\\\/\\\/kuali.com.mx\\\/web\\\/2025\\\/01\\\/20\\\/reportan-alta-ocupacion-hotelera\\\/#article\",\"isPartOf\":{\"@id\":\"https:\\\/\\\/kuali.com.mx\\\/web\\\/2025\\\/01\\\/20\\\/reportan-alta-ocupacion-hotelera\\\/\"},\"author\":{\"name\":\"Kuali Staff\",\"@id\":\"https:\\\/\\\/kuali.com.mx\\\/web\\\/#\\\/schema\\\/person\\\/6f89ffa8ecba9dae50662357923c5289\"},\"headline\":\"REPORTAN ALTA OCUPACI\u00d3N HOTELERA\",\"datePublished\":\"2025-01-21T00:36:46+00:00\",\"dateModified\":\"2025-01-21T03:58:12+00:00\",\"mainEntityOfPage\":{\"@id\":\"https:\\\/\\\/kuali.com.mx\\\/web\\\/2025\\\/01\\\/20\\\/reportan-alta-ocupacion-hotelera\\\/\"},\"wordCount\":313,\"commentCount\":0,\"image\":{\"@id\":\"https:\\\/\\\/kuali.com.mx\\\/web\\\/2025\\\/01\\\/20\\\/reportan-alta-ocupacion-hotelera\\\/#primaryimage\"},\"thumbnailUrl\":\"https:\\\/\\\/kuali.com.mx\\\/web\\\/wp-content\\\/uploads\\\/2019\\\/11\\\/Hotel-habitaci\u00f3n.jpg\",\"articleSection\":[\"Turismo\"],\"inLanguage\":\"es\",\"potentialAction\":[{\"@type\":\"CommentAction\",\"name\":\"Comment\",\"target\":[\"https:\\\/\\\/kuali.com.mx\\\/web\\\/2025\\\/01\\\/20\\\/reportan-alta-ocupacion-hotelera\\\/#respond\"]}]},{\"@type\":\"WebPage\",\"@id\":\"https:\\\/\\\/kuali.com.mx\\\/web\\\/2025\\\/01\\\/20\\\/reportan-alta-ocupacion-hotelera\\\/\",\"url\":\"https:\\\/\\\/kuali.com.mx\\\/web\\\/2025\\\/01\\\/20\\\/reportan-alta-ocupacion-hotelera\\\/\",\"name\":\"REPORTAN ALTA OCUPACI\u00d3N HOTELERA - Kuali\",\"isPartOf\":{\"@id\":\"https:\\\/\\\/kuali.com.mx\\\/web\\\/#website\"},\"primaryImageOfPage\":{\"@id\":\"https:\\\/\\\/kuali.com.mx\\\/web\\\/2025\\\/01\\\/20\\\/reportan-alta-ocupacion-hotelera\\\/#primaryimage\"},\"image\":{\"@id\":\"https:\\\/\\\/kuali.com.mx\\\/web\\\/2025\\\/01\\\/20\\\/reportan-alta-ocupacion-hotelera\\\/#primaryimage\"},\"thumbnailUrl\":\"https:\\\/\\\/kuali.com.mx\\\/web\\\/wp-content\\\/uploads\\\/2019\\\/11\\\/Hotel-habitaci\u00f3n.jpg\",\"datePublished\":\"2025-01-21T00:36:46+00:00\",\"dateModified\":\"2025-01-21T03:58:12+00:00\",\"author\":{\"@id\":\"https:\\\/\\\/kuali.com.mx\\\/web\\\/#\\\/schema\\\/person\\\/6f89ffa8ecba9dae50662357923c5289\"},\"breadcrumb\":{\"@id\":\"https:\\\/\\\/kuali.com.mx\\\/web\\\/2025\\\/01\\\/20\\\/reportan-alta-ocupacion-hotelera\\\/#breadcrumb\"},\"inLanguage\":\"es\",\"potentialAction\":[{\"@type\":\"ReadAction\",\"target\":[\"https:\\\/\\\/kuali.com.mx\\\/web\\\/2025\\\/01\\\/20\\\/reportan-alta-ocupacion-hotelera\\\/\"]}]},{\"@type\":\"ImageObject\",\"inLanguage\":\"es\",\"@id\":\"https:\\\/\\\/kuali.com.mx\\\/web\\\/2025\\\/01\\\/20\\\/reportan-alta-ocupacion-hotelera\\\/#primaryimage\",\"url\":\"https:\\\/\\\/kuali.com.mx\\\/web\\\/wp-content\\\/uploads\\\/2019\\\/11\\\/Hotel-habitaci\u00f3n.jpg\",\"contentUrl\":\"https:\\\/\\\/kuali.com.mx\\\/web\\\/wp-content\\\/uploads\\\/2019\\\/11\\\/Hotel-habitaci\u00f3n.jpg\",\"width\":1890,\"height\":750},{\"@type\":\"BreadcrumbList\",\"@id\":\"https:\\\/\\\/kuali.com.mx\\\/web\\\/2025\\\/01\\\/20\\\/reportan-alta-ocupacion-hotelera\\\/#breadcrumb\",\"itemListElement\":[{\"@type\":\"ListItem\",\"position\":1,\"name\":\"Inicio\",\"item\":\"https:\\\/\\\/kuali.com.mx\\\/web\\\/\"},{\"@type\":\"ListItem\",\"position\":2,\"name\":\"REPORTAN ALTA OCUPACI\u00d3N HOTELERA\"}]},{\"@type\":\"WebSite\",\"@id\":\"https:\\\/\\\/kuali.com.mx\\\/web\\\/#website\",\"url\":\"https:\\\/\\\/kuali.com.mx\\\/web\\\/\",\"name\":\"Kuali\",\"description\":\"\",\"potentialAction\":[{\"@type\":\"SearchAction\",\"target\":{\"@type\":\"EntryPoint\",\"urlTemplate\":\"https:\\\/\\\/kuali.com.mx\\\/web\\\/?s={search_term_string}\"},\"query-input\":{\"@type\":\"PropertyValueSpecification\",\"valueRequired\":true,\"valueName\":\"search_term_string\"}}],\"inLanguage\":\"es\"},{\"@type\":\"Person\",\"@id\":\"https:\\\/\\\/kuali.com.mx\\\/web\\\/#\\\/schema\\\/person\\\/6f89ffa8ecba9dae50662357923c5289\",\"name\":\"Kuali Staff\",\"image\":{\"@type\":\"ImageObject\",\"inLanguage\":\"es\",\"@id\":\"https:\\\/\\\/secure.gravatar.com\\\/avatar\\\/f917ad82e5ab71227a733c78b6e60715476f69ee6be59feee4eb5d9920c89e0f?s=96&d=mm&r=g\",\"url\":\"https:\\\/\\\/secure.gravatar.com\\\/avatar\\\/f917ad82e5ab71227a733c78b6e60715476f69ee6be59feee4eb5d9920c89e0f?s=96&d=mm&r=g\",\"contentUrl\":\"https:\\\/\\\/secure.gravatar.com\\\/avatar\\\/f917ad82e5ab71227a733c78b6e60715476f69ee6be59feee4eb5d9920c89e0f?s=96&d=mm&r=g\",\"caption\":\"Kuali Staff\"},\"url\":\"https:\\\/\\\/kuali.com.mx\\\/web\\\/author\\\/lagarto\\\/\"}]}<\/script>\n<!-- \/ Yoast SEO plugin. -->","yoast_head_json":{"title":"REPORTAN ALTA OCUPACI\u00d3N HOTELERA - Kuali","robots":{"index":"index","follow":"follow","max-snippet":"max-snippet:-1","max-image-preview":"max-image-preview:large","max-video-preview":"max-video-preview:-1"},"canonical":"https:\/\/kuali.com.mx\/web\/2025\/01\/20\/reportan-alta-ocupacion-hotelera\/","og_locale":"es_MX","og_type":"article","og_title":"REPORTAN ALTA OCUPACI\u00d3N HOTELERA - Kuali","og_description":"Milagros Tadeo\/Le\u00f3n, Gto.-&nbsp;La Feria Estatal de Le\u00f3n y sus eventos generaron una ocupaci\u00f3n hotelera del 95% durante este fin de semana, siendo una de las mejores semanas en enero para este sector. El presidente de la Asociaci\u00f3n de Hoteles y Moteles de Le\u00f3n (AHML), Eduardo Bujaidar Mu\u00f1oz, dijo que el s\u00e1bado se registr\u00f3 una gran [&hellip;]","og_url":"https:\/\/kuali.com.mx\/web\/2025\/01\/20\/reportan-alta-ocupacion-hotelera\/","og_site_name":"Kuali","article_publisher":"https:\/\/kuali.com.mx\/web\/wp-content\/uploads\/2018\/04\/cropped-kuali_logo-1-1.png","article_published_time":"2025-01-21T00:36:46+00:00","article_modified_time":"2025-01-21T03:58:12+00:00","og_image":[{"width":1890,"height":750,"url":"https:\/\/kuali.com.mx\/web\/wp-content\/uploads\/2019\/11\/Hotel-habitaci\u00f3n.jpg","type":"image\/jpeg"}],"author":"Kuali Staff","twitter_card":"summary_large_image","twitter_creator":"@kuali_noticias","twitter_site":"@kuali_noticias","twitter_misc":{"Escrito por":"Kuali Staff","Tiempo de lectura":"2 minutos"},"schema":{"@context":"https:\/\/schema.org","@graph":[{"@type":"Article","@id":"https:\/\/kuali.com.mx\/web\/2025\/01\/20\/reportan-alta-ocupacion-hotelera\/#article","isPartOf":{"@id":"https:\/\/kuali.com.mx\/web\/2025\/01\/20\/reportan-alta-ocupacion-hotelera\/"},"author":{"name":"Kuali Staff","@id":"https:\/\/kuali.com.mx\/web\/#\/schema\/person\/6f89ffa8ecba9dae50662357923c5289"},"headline":"REPORTAN ALTA OCUPACI\u00d3N HOTELERA","datePublished":"2025-01-21T00:36:46+00:00","dateModified":"2025-01-21T03:58:12+00:00","mainEntityOfPage":{"@id":"https:\/\/kuali.com.mx\/web\/2025\/01\/20\/reportan-alta-ocupacion-hotelera\/"},"wordCount":313,"commentCount":0,"image":{"@id":"https:\/\/kuali.com.mx\/web\/2025\/01\/20\/reportan-alta-ocupacion-hotelera\/#primaryimage"},"thumbnailUrl":"https:\/\/kuali.com.mx\/web\/wp-content\/uploads\/2019\/11\/Hotel-habitaci\u00f3n.jpg","articleSection":["Turismo"],"inLanguage":"es","potentialAction":[{"@type":"CommentAction","name":"Comment","target":["https:\/\/kuali.com.mx\/web\/2025\/01\/20\/reportan-alta-ocupacion-hotelera\/#respond"]}]},{"@type":"WebPage","@id":"https:\/\/kuali.com.mx\/web\/2025\/01\/20\/reportan-alta-ocupacion-hotelera\/","url":"https:\/\/kuali.com.mx\/web\/2025\/01\/20\/reportan-alta-ocupacion-hotelera\/","name":"REPORTAN ALTA OCUPACI\u00d3N HOTELERA - Kuali","isPartOf":{"@id":"https:\/\/kuali.com.mx\/web\/#website"},"primaryImageOfPage":{"@id":"https:\/\/kuali.com.mx\/web\/2025\/01\/20\/reportan-alta-ocupacion-hotelera\/#primaryimage"},"image":{"@id":"https:\/\/kuali.com.mx\/web\/2025\/01\/20\/reportan-alta-ocupacion-hotelera\/#primaryimage"},"thumbnailUrl":"https:\/\/kuali.com.mx\/web\/wp-content\/uploads\/2019\/11\/Hotel-habitaci\u00f3n.jpg","datePublished":"2025-01-21T00:36:46+00:00","dateModified":"2025-01-21T03:58:12+00:00","author":{"@id":"https:\/\/kuali.com.mx\/web\/#\/schema\/person\/6f89ffa8ecba9dae50662357923c5289"},"breadcrumb":{"@id":"https:\/\/kuali.com.mx\/web\/2025\/01\/20\/reportan-alta-ocupacion-hotelera\/#breadcrumb"},"inLanguage":"es","potentialAction":[{"@type":"ReadAction","target":["https:\/\/kuali.com.mx\/web\/2025\/01\/20\/reportan-alta-ocupacion-hotelera\/"]}]},{"@type":"ImageObject","inLanguage":"es","@id":"https:\/\/kuali.com.mx\/web\/2025\/01\/20\/reportan-alta-ocupacion-hotelera\/#primaryimage","url":"https:\/\/kuali.com.mx\/web\/wp-content\/uploads\/2019\/11\/Hotel-habitaci\u00f3n.jpg","contentUrl":"https:\/\/kuali.com.mx\/web\/wp-content\/uploads\/2019\/11\/Hotel-habitaci\u00f3n.jpg","width":1890,"height":750},{"@type":"BreadcrumbList","@id":"https:\/\/kuali.com.mx\/web\/2025\/01\/20\/reportan-alta-ocupacion-hotelera\/#breadcrumb","itemListElement":[{"@type":"ListItem","position":1,"name":"Inicio","item":"https:\/\/kuali.com.mx\/web\/"},{"@type":"ListItem","position":2,"name":"REPORTAN ALTA OCUPACI\u00d3N HOTELERA"}]},{"@type":"WebSite","@id":"https:\/\/kuali.com.mx\/web\/#website","url":"https:\/\/kuali.com.mx\/web\/","name":"Kuali","description":"","potentialAction":[{"@type":"SearchAction","target":{"@type":"EntryPoint","urlTemplate":"https:\/\/kuali.com.mx\/web\/?s={search_term_string}"},"query-input":{"@type":"PropertyValueSpecification","valueRequired":true,"valueName":"search_term_string"}}],"inLanguage":"es"},{"@type":"Person","@id":"https:\/\/kuali.com.mx\/web\/#\/schema\/person\/6f89ffa8ecba9dae50662357923c5289","name":"Kuali Staff","image":{"@type":"ImageObject","inLanguage":"es","@id":"https:\/\/secure.gravatar.com\/avatar\/f917ad82e5ab71227a733c78b6e60715476f69ee6be59feee4eb5d9920c89e0f?s=96&d=mm&r=g","url":"https:\/\/secure.gravatar.com\/avatar\/f917ad82e5ab71227a733c78b6e60715476f69ee6be59feee4eb5d9920c89e0f?s=96&d=mm&r=g","contentUrl":"https:\/\/secure.gravatar.com\/avatar\/f917ad82e5ab71227a733c78b6e60715476f69ee6be59feee4eb5d9920c89e0f?s=96&d=mm&r=g","caption":"Kuali Staff"},"url":"https:\/\/kuali.com.mx\/web\/author\/lagarto\/"}]}},"_links":{"self":[{"href":"https:\/\/kuali.com.mx\/web\/wp-json\/wp\/v2\/posts\/166420","targetHints":{"allow":["GET"]}}],"collection":[{"href":"https:\/\/kuali.com.mx\/web\/wp-json\/wp\/v2\/posts"}],"about":[{"href":"https:\/\/kuali.com.mx\/web\/wp-json\/wp\/v2\/types\/post"}],"author":[{"embeddable":true,"href":"https:\/\/kuali.com.mx\/web\/wp-json\/wp\/v2\/users\/2"}],"replies":[{"embeddable":true,"href":"https:\/\/kuali.com.mx\/web\/wp-json\/wp\/v2\/comments?post=166420"}],"version-history":[{"count":2,"href":"https:\/\/kuali.com.mx\/web\/wp-json\/wp\/v2\/posts\/166420\/revisions"}],"predecessor-version":[{"id":166424,"href":"https:\/\/kuali.com.mx\/web\/wp-json\/wp\/v2\/posts\/166420\/revisions\/166424"}],"wp:featuredmedia":[{"embeddable":true,"href":"https:\/\/kuali.com.mx\/web\/wp-json\/wp\/v2\/media\/62196"}],"wp:attachment":[{"href":"https:\/\/kuali.com.mx\/web\/wp-json\/wp\/v2\/media?parent=166420"}],"wp:term":[{"taxonomy":"category","embeddable":true,"href":"https:\/\/kuali.com.mx\/web\/wp-json\/wp\/v2\/categories?post=166420"},{"taxonomy":"post_tag","embeddable":true,"href":"https:\/\/kuali.com.mx\/web\/wp-json\/wp\/v2\/tags?post=166420"}],"curies":[{"name":"wp","href":"https:\/\/api.w.org\/{rel}","templated":true}]}}