{"id":166308,"date":"2025-01-19T18:49:40","date_gmt":"2025-01-20T00:49:40","guid":{"rendered":"https:\/\/kuali.com.mx\/web\/?p=166308"},"modified":"2025-01-19T18:49:42","modified_gmt":"2025-01-20T00:49:42","slug":"bajan-ventas-en-linea-de-fuego","status":"publish","type":"post","link":"https:\/\/kuali.com.mx\/web\/2025\/01\/19\/bajan-ventas-en-linea-de-fuego\/","title":{"rendered":"BAJAN VENTAS EN L\u00cdNEA DE FUEGO"},"content":{"rendered":"\n<p><strong>Milagros Tadeo\/Le\u00f3n, Gto.-<\/strong>&nbsp;El presidente&nbsp;de&nbsp;la&nbsp;L\u00ednea&nbsp;de&nbsp;Fuego, Carlos T\u00e9llez Santib\u00e1\u00f1ez,&nbsp;se\u00f1al\u00f3 que la cuesta de enero representa una ca\u00edda del 50% en las ventas de los comerciantes.<\/p>\n\n\n\n<p>Dijo que enero y febrero son meses complicados para las familias, quienes, al venir de los gastos de fin de a\u00f1o tienden a apretarse el cintur\u00f3n.<\/p>\n\n\n\n<p>\u201cNosotros con los Reyes es la fecha esperada, siempre es el \u00faltimo estir\u00f3n del a\u00f1o; en enero bajan mucho las ventas en todos los aspectos (\u2026) los ni\u00f1os mueven la econom\u00eda\u201d, dijo.<\/p>\n\n\n\n<p>Se\u00f1al\u00f3 que la inflaci\u00f3n que se genera durante cada inicio de a\u00f1o es uno de los factores que complica que se tengan buenos indicadores dentro del comercio en los 50 tianguis&nbsp;que representa.<\/p>\n\n\n\n<p>Asimismo, refiri\u00f3 que el 2024 cerr\u00f3 con un 70% en las ventas de los 6 mil comerciantes que representa L\u00ednea de Fuego.<\/p>\n\n\n\n<p>\u201cPara nosotros no fue un a\u00f1o con el 100% de ventas, pero si le pegamos a un 70% en ventas y eso es favorable para nosotros por todo el movimiento econ\u00f3mico que ha vivido el pa\u00eds, cambio de gobierno, el aumento de la canasta b\u00e1sica\u201d, refiri\u00f3.<\/p>\n\n\n\n<p>T\u00e9llez Santib\u00e1\u00f1ez refiri\u00f3 que esperan que 2025 sea uno de los mejores a\u00f1os para el comercio de la ciudad.&nbsp;<\/p>\n","protected":false},"excerpt":{"rendered":"Milagros Tadeo\/Le\u00f3n, Gto.-&nbsp;El presidente&nbsp;de&nbsp;la&nbsp;L\u00ednea&nbsp;de&nbsp;Fuego, Carlos T\u00e9llez Santib\u00e1\u00f1ez,&nbsp;se\u00f1al\u00f3 que la cuesta de enero representa una ca\u00edda del 50% en las ventas de los comerciantes. Dijo que enero y febrero son meses complicados para las familias, quienes, al venir de los gastos de fin de a\u00f1o tienden a apretarse el cintur\u00f3n. \u201cNosotros con los Reyes es la [&hellip;]","protected":false},"author":2,"featured_media":166311,"comment_status":"open","ping_status":"open","sticky":false,"template":"","format":"standard","meta":{"_seopress_robots_primary_cat":"none","_seopress_titles_title":"","_seopress_titles_desc":"","_seopress_robots_index":"","_monsterinsights_skip_tracking":false,"_monsterinsights_sitenote_active":false,"_monsterinsights_sitenote_note":"","_monsterinsights_sitenote_category":0,"footnotes":""},"categories":[3],"tags":[],"class_list":["post-166308","post","type-post","status-publish","format-standard","has-post-thumbnail","hentry","category-politica"],"yoast_head":"<!-- This site is optimized with the Yoast SEO plugin v27.4 - https:\/\/yoast.com\/product\/yoast-seo-wordpress\/ -->\n<title>BAJAN VENTAS EN L\u00cdNEA DE FUEGO - Kuali<\/title>\n<meta name=\"robots\" content=\"index, follow, max-snippet:-1, max-image-preview:large, max-video-preview:-1\" \/>\n<link rel=\"canonical\" href=\"https:\/\/kuali.com.mx\/web\/2025\/01\/19\/bajan-ventas-en-linea-de-fuego\/\" \/>\n<meta property=\"og:locale\" content=\"es_MX\" \/>\n<meta property=\"og:type\" content=\"article\" \/>\n<meta property=\"og:title\" content=\"BAJAN VENTAS EN L\u00cdNEA DE FUEGO - Kuali\" \/>\n<meta property=\"og:description\" content=\"Milagros Tadeo\/Le\u00f3n, Gto.-&nbsp;El presidente&nbsp;de&nbsp;la&nbsp;L\u00ednea&nbsp;de&nbsp;Fuego, Carlos T\u00e9llez Santib\u00e1\u00f1ez,&nbsp;se\u00f1al\u00f3 que la cuesta de enero representa una ca\u00edda del 50% en las ventas de los comerciantes. Dijo que enero y febrero son meses complicados para las familias, quienes, al venir de los gastos de fin de a\u00f1o tienden a apretarse el cintur\u00f3n. \u201cNosotros con los Reyes es la [&hellip;]\" \/>\n<meta property=\"og:url\" content=\"https:\/\/kuali.com.mx\/web\/2025\/01\/19\/bajan-ventas-en-linea-de-fuego\/\" \/>\n<meta property=\"og:site_name\" content=\"Kuali\" \/>\n<meta property=\"article:publisher\" content=\"https:\/\/kuali.com.mx\/web\/wp-content\/uploads\/2018\/04\/cropped-kuali_logo-1-1.png\" \/>\n<meta property=\"article:published_time\" content=\"2025-01-20T00:49:40+00:00\" \/>\n<meta property=\"article:modified_time\" content=\"2025-01-20T00:49:42+00:00\" \/>\n<meta property=\"og:image\" content=\"https:\/\/kuali.com.mx\/web\/wp-content\/uploads\/2025\/01\/COMERCIO.jpg\" \/>\n\t<meta property=\"og:image:width\" content=\"1204\" \/>\n\t<meta property=\"og:image:height\" content=\"1181\" \/>\n\t<meta property=\"og:image:type\" content=\"image\/jpeg\" \/>\n<meta name=\"author\" content=\"Kuali Staff\" \/>\n<meta name=\"twitter:card\" content=\"summary_large_image\" \/>\n<meta name=\"twitter:creator\" content=\"@kuali_noticias\" \/>\n<meta name=\"twitter:site\" content=\"@kuali_noticias\" \/>\n<meta name=\"twitter:label1\" content=\"Escrito por\" \/>\n\t<meta name=\"twitter:data1\" content=\"Kuali Staff\" \/>\n\t<meta name=\"twitter:label2\" content=\"Tiempo de lectura\" \/>\n\t<meta name=\"twitter:data2\" content=\"1 minuto\" \/>\n<script type=\"application\/ld+json\" class=\"yoast-schema-graph\">{\"@context\":\"https:\\\/\\\/schema.org\",\"@graph\":[{\"@type\":\"Article\",\"@id\":\"https:\\\/\\\/kuali.com.mx\\\/web\\\/2025\\\/01\\\/19\\\/bajan-ventas-en-linea-de-fuego\\\/#article\",\"isPartOf\":{\"@id\":\"https:\\\/\\\/kuali.com.mx\\\/web\\\/2025\\\/01\\\/19\\\/bajan-ventas-en-linea-de-fuego\\\/\"},\"author\":{\"name\":\"Kuali Staff\",\"@id\":\"https:\\\/\\\/kuali.com.mx\\\/web\\\/#\\\/schema\\\/person\\\/6f89ffa8ecba9dae50662357923c5289\"},\"headline\":\"BAJAN VENTAS EN L\u00cdNEA DE FUEGO\",\"datePublished\":\"2025-01-20T00:49:40+00:00\",\"dateModified\":\"2025-01-20T00:49:42+00:00\",\"mainEntityOfPage\":{\"@id\":\"https:\\\/\\\/kuali.com.mx\\\/web\\\/2025\\\/01\\\/19\\\/bajan-ventas-en-linea-de-fuego\\\/\"},\"wordCount\":240,\"commentCount\":0,\"image\":{\"@id\":\"https:\\\/\\\/kuali.com.mx\\\/web\\\/2025\\\/01\\\/19\\\/bajan-ventas-en-linea-de-fuego\\\/#primaryimage\"},\"thumbnailUrl\":\"https:\\\/\\\/kuali.com.mx\\\/web\\\/wp-content\\\/uploads\\\/2025\\\/01\\\/COMERCIO.jpg\",\"articleSection\":[\"Pol\u00edtica\"],\"inLanguage\":\"es\",\"potentialAction\":[{\"@type\":\"CommentAction\",\"name\":\"Comment\",\"target\":[\"https:\\\/\\\/kuali.com.mx\\\/web\\\/2025\\\/01\\\/19\\\/bajan-ventas-en-linea-de-fuego\\\/#respond\"]}]},{\"@type\":\"WebPage\",\"@id\":\"https:\\\/\\\/kuali.com.mx\\\/web\\\/2025\\\/01\\\/19\\\/bajan-ventas-en-linea-de-fuego\\\/\",\"url\":\"https:\\\/\\\/kuali.com.mx\\\/web\\\/2025\\\/01\\\/19\\\/bajan-ventas-en-linea-de-fuego\\\/\",\"name\":\"BAJAN VENTAS EN L\u00cdNEA DE FUEGO - Kuali\",\"isPartOf\":{\"@id\":\"https:\\\/\\\/kuali.com.mx\\\/web\\\/#website\"},\"primaryImageOfPage\":{\"@id\":\"https:\\\/\\\/kuali.com.mx\\\/web\\\/2025\\\/01\\\/19\\\/bajan-ventas-en-linea-de-fuego\\\/#primaryimage\"},\"image\":{\"@id\":\"https:\\\/\\\/kuali.com.mx\\\/web\\\/2025\\\/01\\\/19\\\/bajan-ventas-en-linea-de-fuego\\\/#primaryimage\"},\"thumbnailUrl\":\"https:\\\/\\\/kuali.com.mx\\\/web\\\/wp-content\\\/uploads\\\/2025\\\/01\\\/COMERCIO.jpg\",\"datePublished\":\"2025-01-20T00:49:40+00:00\",\"dateModified\":\"2025-01-20T00:49:42+00:00\",\"author\":{\"@id\":\"https:\\\/\\\/kuali.com.mx\\\/web\\\/#\\\/schema\\\/person\\\/6f89ffa8ecba9dae50662357923c5289\"},\"breadcrumb\":{\"@id\":\"https:\\\/\\\/kuali.com.mx\\\/web\\\/2025\\\/01\\\/19\\\/bajan-ventas-en-linea-de-fuego\\\/#breadcrumb\"},\"inLanguage\":\"es\",\"potentialAction\":[{\"@type\":\"ReadAction\",\"target\":[\"https:\\\/\\\/kuali.com.mx\\\/web\\\/2025\\\/01\\\/19\\\/bajan-ventas-en-linea-de-fuego\\\/\"]}]},{\"@type\":\"ImageObject\",\"inLanguage\":\"es\",\"@id\":\"https:\\\/\\\/kuali.com.mx\\\/web\\\/2025\\\/01\\\/19\\\/bajan-ventas-en-linea-de-fuego\\\/#primaryimage\",\"url\":\"https:\\\/\\\/kuali.com.mx\\\/web\\\/wp-content\\\/uploads\\\/2025\\\/01\\\/COMERCIO.jpg\",\"contentUrl\":\"https:\\\/\\\/kuali.com.mx\\\/web\\\/wp-content\\\/uploads\\\/2025\\\/01\\\/COMERCIO.jpg\",\"width\":1204,\"height\":1181},{\"@type\":\"BreadcrumbList\",\"@id\":\"https:\\\/\\\/kuali.com.mx\\\/web\\\/2025\\\/01\\\/19\\\/bajan-ventas-en-linea-de-fuego\\\/#breadcrumb\",\"itemListElement\":[{\"@type\":\"ListItem\",\"position\":1,\"name\":\"Inicio\",\"item\":\"https:\\\/\\\/kuali.com.mx\\\/web\\\/\"},{\"@type\":\"ListItem\",\"position\":2,\"name\":\"BAJAN VENTAS EN L\u00cdNEA DE FUEGO\"}]},{\"@type\":\"WebSite\",\"@id\":\"https:\\\/\\\/kuali.com.mx\\\/web\\\/#website\",\"url\":\"https:\\\/\\\/kuali.com.mx\\\/web\\\/\",\"name\":\"Kuali\",\"description\":\"\",\"potentialAction\":[{\"@type\":\"SearchAction\",\"target\":{\"@type\":\"EntryPoint\",\"urlTemplate\":\"https:\\\/\\\/kuali.com.mx\\\/web\\\/?s={search_term_string}\"},\"query-input\":{\"@type\":\"PropertyValueSpecification\",\"valueRequired\":true,\"valueName\":\"search_term_string\"}}],\"inLanguage\":\"es\"},{\"@type\":\"Person\",\"@id\":\"https:\\\/\\\/kuali.com.mx\\\/web\\\/#\\\/schema\\\/person\\\/6f89ffa8ecba9dae50662357923c5289\",\"name\":\"Kuali Staff\",\"image\":{\"@type\":\"ImageObject\",\"inLanguage\":\"es\",\"@id\":\"https:\\\/\\\/secure.gravatar.com\\\/avatar\\\/f917ad82e5ab71227a733c78b6e60715476f69ee6be59feee4eb5d9920c89e0f?s=96&d=mm&r=g\",\"url\":\"https:\\\/\\\/secure.gravatar.com\\\/avatar\\\/f917ad82e5ab71227a733c78b6e60715476f69ee6be59feee4eb5d9920c89e0f?s=96&d=mm&r=g\",\"contentUrl\":\"https:\\\/\\\/secure.gravatar.com\\\/avatar\\\/f917ad82e5ab71227a733c78b6e60715476f69ee6be59feee4eb5d9920c89e0f?s=96&d=mm&r=g\",\"caption\":\"Kuali Staff\"},\"url\":\"https:\\\/\\\/kuali.com.mx\\\/web\\\/author\\\/lagarto\\\/\"}]}<\/script>\n<!-- \/ Yoast SEO plugin. -->","yoast_head_json":{"title":"BAJAN VENTAS EN L\u00cdNEA DE FUEGO - Kuali","robots":{"index":"index","follow":"follow","max-snippet":"max-snippet:-1","max-image-preview":"max-image-preview:large","max-video-preview":"max-video-preview:-1"},"canonical":"https:\/\/kuali.com.mx\/web\/2025\/01\/19\/bajan-ventas-en-linea-de-fuego\/","og_locale":"es_MX","og_type":"article","og_title":"BAJAN VENTAS EN L\u00cdNEA DE FUEGO - Kuali","og_description":"Milagros Tadeo\/Le\u00f3n, Gto.-&nbsp;El presidente&nbsp;de&nbsp;la&nbsp;L\u00ednea&nbsp;de&nbsp;Fuego, Carlos T\u00e9llez Santib\u00e1\u00f1ez,&nbsp;se\u00f1al\u00f3 que la cuesta de enero representa una ca\u00edda del 50% en las ventas de los comerciantes. Dijo que enero y febrero son meses complicados para las familias, quienes, al venir de los gastos de fin de a\u00f1o tienden a apretarse el cintur\u00f3n. \u201cNosotros con los Reyes es la [&hellip;]","og_url":"https:\/\/kuali.com.mx\/web\/2025\/01\/19\/bajan-ventas-en-linea-de-fuego\/","og_site_name":"Kuali","article_publisher":"https:\/\/kuali.com.mx\/web\/wp-content\/uploads\/2018\/04\/cropped-kuali_logo-1-1.png","article_published_time":"2025-01-20T00:49:40+00:00","article_modified_time":"2025-01-20T00:49:42+00:00","og_image":[{"width":1204,"height":1181,"url":"https:\/\/kuali.com.mx\/web\/wp-content\/uploads\/2025\/01\/COMERCIO.jpg","type":"image\/jpeg"}],"author":"Kuali Staff","twitter_card":"summary_large_image","twitter_creator":"@kuali_noticias","twitter_site":"@kuali_noticias","twitter_misc":{"Escrito por":"Kuali Staff","Tiempo de lectura":"1 minuto"},"schema":{"@context":"https:\/\/schema.org","@graph":[{"@type":"Article","@id":"https:\/\/kuali.com.mx\/web\/2025\/01\/19\/bajan-ventas-en-linea-de-fuego\/#article","isPartOf":{"@id":"https:\/\/kuali.com.mx\/web\/2025\/01\/19\/bajan-ventas-en-linea-de-fuego\/"},"author":{"name":"Kuali Staff","@id":"https:\/\/kuali.com.mx\/web\/#\/schema\/person\/6f89ffa8ecba9dae50662357923c5289"},"headline":"BAJAN VENTAS EN L\u00cdNEA DE FUEGO","datePublished":"2025-01-20T00:49:40+00:00","dateModified":"2025-01-20T00:49:42+00:00","mainEntityOfPage":{"@id":"https:\/\/kuali.com.mx\/web\/2025\/01\/19\/bajan-ventas-en-linea-de-fuego\/"},"wordCount":240,"commentCount":0,"image":{"@id":"https:\/\/kuali.com.mx\/web\/2025\/01\/19\/bajan-ventas-en-linea-de-fuego\/#primaryimage"},"thumbnailUrl":"https:\/\/kuali.com.mx\/web\/wp-content\/uploads\/2025\/01\/COMERCIO.jpg","articleSection":["Pol\u00edtica"],"inLanguage":"es","potentialAction":[{"@type":"CommentAction","name":"Comment","target":["https:\/\/kuali.com.mx\/web\/2025\/01\/19\/bajan-ventas-en-linea-de-fuego\/#respond"]}]},{"@type":"WebPage","@id":"https:\/\/kuali.com.mx\/web\/2025\/01\/19\/bajan-ventas-en-linea-de-fuego\/","url":"https:\/\/kuali.com.mx\/web\/2025\/01\/19\/bajan-ventas-en-linea-de-fuego\/","name":"BAJAN VENTAS EN L\u00cdNEA DE FUEGO - Kuali","isPartOf":{"@id":"https:\/\/kuali.com.mx\/web\/#website"},"primaryImageOfPage":{"@id":"https:\/\/kuali.com.mx\/web\/2025\/01\/19\/bajan-ventas-en-linea-de-fuego\/#primaryimage"},"image":{"@id":"https:\/\/kuali.com.mx\/web\/2025\/01\/19\/bajan-ventas-en-linea-de-fuego\/#primaryimage"},"thumbnailUrl":"https:\/\/kuali.com.mx\/web\/wp-content\/uploads\/2025\/01\/COMERCIO.jpg","datePublished":"2025-01-20T00:49:40+00:00","dateModified":"2025-01-20T00:49:42+00:00","author":{"@id":"https:\/\/kuali.com.mx\/web\/#\/schema\/person\/6f89ffa8ecba9dae50662357923c5289"},"breadcrumb":{"@id":"https:\/\/kuali.com.mx\/web\/2025\/01\/19\/bajan-ventas-en-linea-de-fuego\/#breadcrumb"},"inLanguage":"es","potentialAction":[{"@type":"ReadAction","target":["https:\/\/kuali.com.mx\/web\/2025\/01\/19\/bajan-ventas-en-linea-de-fuego\/"]}]},{"@type":"ImageObject","inLanguage":"es","@id":"https:\/\/kuali.com.mx\/web\/2025\/01\/19\/bajan-ventas-en-linea-de-fuego\/#primaryimage","url":"https:\/\/kuali.com.mx\/web\/wp-content\/uploads\/2025\/01\/COMERCIO.jpg","contentUrl":"https:\/\/kuali.com.mx\/web\/wp-content\/uploads\/2025\/01\/COMERCIO.jpg","width":1204,"height":1181},{"@type":"BreadcrumbList","@id":"https:\/\/kuali.com.mx\/web\/2025\/01\/19\/bajan-ventas-en-linea-de-fuego\/#breadcrumb","itemListElement":[{"@type":"ListItem","position":1,"name":"Inicio","item":"https:\/\/kuali.com.mx\/web\/"},{"@type":"ListItem","position":2,"name":"BAJAN VENTAS EN L\u00cdNEA DE FUEGO"}]},{"@type":"WebSite","@id":"https:\/\/kuali.com.mx\/web\/#website","url":"https:\/\/kuali.com.mx\/web\/","name":"Kuali","description":"","potentialAction":[{"@type":"SearchAction","target":{"@type":"EntryPoint","urlTemplate":"https:\/\/kuali.com.mx\/web\/?s={search_term_string}"},"query-input":{"@type":"PropertyValueSpecification","valueRequired":true,"valueName":"search_term_string"}}],"inLanguage":"es"},{"@type":"Person","@id":"https:\/\/kuali.com.mx\/web\/#\/schema\/person\/6f89ffa8ecba9dae50662357923c5289","name":"Kuali Staff","image":{"@type":"ImageObject","inLanguage":"es","@id":"https:\/\/secure.gravatar.com\/avatar\/f917ad82e5ab71227a733c78b6e60715476f69ee6be59feee4eb5d9920c89e0f?s=96&d=mm&r=g","url":"https:\/\/secure.gravatar.com\/avatar\/f917ad82e5ab71227a733c78b6e60715476f69ee6be59feee4eb5d9920c89e0f?s=96&d=mm&r=g","contentUrl":"https:\/\/secure.gravatar.com\/avatar\/f917ad82e5ab71227a733c78b6e60715476f69ee6be59feee4eb5d9920c89e0f?s=96&d=mm&r=g","caption":"Kuali Staff"},"url":"https:\/\/kuali.com.mx\/web\/author\/lagarto\/"}]}},"_links":{"self":[{"href":"https:\/\/kuali.com.mx\/web\/wp-json\/wp\/v2\/posts\/166308","targetHints":{"allow":["GET"]}}],"collection":[{"href":"https:\/\/kuali.com.mx\/web\/wp-json\/wp\/v2\/posts"}],"about":[{"href":"https:\/\/kuali.com.mx\/web\/wp-json\/wp\/v2\/types\/post"}],"author":[{"embeddable":true,"href":"https:\/\/kuali.com.mx\/web\/wp-json\/wp\/v2\/users\/2"}],"replies":[{"embeddable":true,"href":"https:\/\/kuali.com.mx\/web\/wp-json\/wp\/v2\/comments?post=166308"}],"version-history":[{"count":2,"href":"https:\/\/kuali.com.mx\/web\/wp-json\/wp\/v2\/posts\/166308\/revisions"}],"predecessor-version":[{"id":166313,"href":"https:\/\/kuali.com.mx\/web\/wp-json\/wp\/v2\/posts\/166308\/revisions\/166313"}],"wp:featuredmedia":[{"embeddable":true,"href":"https:\/\/kuali.com.mx\/web\/wp-json\/wp\/v2\/media\/166311"}],"wp:attachment":[{"href":"https:\/\/kuali.com.mx\/web\/wp-json\/wp\/v2\/media?parent=166308"}],"wp:term":[{"taxonomy":"category","embeddable":true,"href":"https:\/\/kuali.com.mx\/web\/wp-json\/wp\/v2\/categories?post=166308"},{"taxonomy":"post_tag","embeddable":true,"href":"https:\/\/kuali.com.mx\/web\/wp-json\/wp\/v2\/tags?post=166308"}],"curies":[{"name":"wp","href":"https:\/\/api.w.org\/{rel}","templated":true}]}}