{"id":166299,"date":"2025-01-19T14:20:23","date_gmt":"2025-01-19T20:20:23","guid":{"rendered":"https:\/\/kuali.com.mx\/web\/?p=166299"},"modified":"2025-01-19T19:00:47","modified_gmt":"2025-01-20T01:00:47","slug":"gines-marin-triunfa-en-la-primera-de-feria-leonesa","status":"publish","type":"post","link":"https:\/\/kuali.com.mx\/web\/2025\/01\/19\/gines-marin-triunfa-en-la-primera-de-feria-leonesa\/","title":{"rendered":"GIN\u00c9S MAR\u00cdN TRIUNFA EN LA PRIMERA DE FERIA LEONESA"},"content":{"rendered":"\n<p><em><strong>Texto y fotos: Juan Jos\u00e9 L\u00f3pez Luna\/Le\u00f3n,Gto<\/strong><\/em>.-Con un ambiente fresco y ventoso y media entrada en los tendidos, se dio la primera corrida de feria en la plaza \u201cLa Luz\u201d,\u00a0\u00a0estando colgados en el cartel Ernesto Javier \u201cEl Calita\u201d, Juan Pablo S\u00e1nchez y el espa\u00f1ol Gin\u00e9s Mar\u00edn, quienes lidiaron un encierro de Xajay, justo de presentaci\u00f3n y soso de comportamiento. No hubo faenas clamorosas por el mal juego de los astados, pero el primer espada cort\u00f3 1 oreja, el segundo sali\u00f3 al tercio y el tercero dio una vuelta y le dieron las orejas del toro de regalo.<\/p>\n\n\n\n<p>&nbsp;&nbsp;&nbsp;&nbsp;&nbsp;&nbsp;&nbsp;&nbsp;&nbsp;&nbsp;&nbsp;&nbsp;&nbsp;&nbsp;&nbsp;&nbsp;&nbsp;&nbsp;&nbsp;&nbsp;&nbsp;&nbsp;&nbsp;&nbsp;&nbsp;&nbsp;&nbsp;&nbsp;&nbsp;&nbsp;&nbsp;&nbsp;&nbsp;&nbsp;&nbsp;&nbsp;&nbsp;\u201cEL CALITA\u201d QUER\u00cdA TRIUNFAR Y CASI LO LOGRA&nbsp;<\/p>\n\n\n\n<figure class=\"wp-block-image size-large\"><img loading=\"lazy\" decoding=\"async\" width=\"1024\" height=\"668\" src=\"https:\/\/kuali.com.mx\/web\/wp-content\/uploads\/2025\/01\/calita-1-1024x668.jpeg\" alt=\"\" class=\"wp-image-166301\" srcset=\"https:\/\/kuali.com.mx\/web\/wp-content\/uploads\/2025\/01\/calita-1-1024x668.jpeg 1024w, https:\/\/kuali.com.mx\/web\/wp-content\/uploads\/2025\/01\/calita-1-300x196.jpeg 300w, https:\/\/kuali.com.mx\/web\/wp-content\/uploads\/2025\/01\/calita-1-768x501.jpeg 768w, https:\/\/kuali.com.mx\/web\/wp-content\/uploads\/2025\/01\/calita-1-1536x1002.jpeg 1536w, https:\/\/kuali.com.mx\/web\/wp-content\/uploads\/2025\/01\/calita-1-178x116.jpeg 178w, https:\/\/kuali.com.mx\/web\/wp-content\/uploads\/2025\/01\/calita-1.jpeg 1600w\" sizes=\"auto, (max-width: 1024px) 100vw, 1024px\" \/><\/figure>\n\n\n\n<p>Ernesto Javier Calita, sali\u00f3 al ruedo leon\u00e9s con la firme idea de triunfar y ser de los consentidos entre los aficionados, para lo cual se fue a los medios y de rodillas recibir a su primero con una larga y en seguida pegarle otra en tablas, con lo cual encendi\u00f3 los \u00e1nimos, despu\u00e9s lig\u00f3 ver\u00f3nicas a pies juntos con chicuelinas y remat\u00f3 con una larga, todo parec\u00eda que iba a crecer en la faena de muleta, habiendo 3 tandas seguidas de largos y artistas derechazos, aprovechando su estatura el diestro, los ol\u00e9s comenzaron a sonar fuertes y al s\u00f3n de la m\u00fasica, Calita cambi\u00f3 de mano y pudo darle una tanda de naturales de buena factura al torito, que ya para entonces se quedaba corto y se raj\u00f3 ll\u00e9ndose a tablas, pero hasta ah\u00ed fue el torero para arrancarle otra tanda de derechazos, lo malo fue que se complic\u00f3 la suerte de matar y fall\u00f3 con la espada, quedando en silencio. Con su segundo no hubo nada en capote, pero con la muleta y aprovechando que ten\u00eda m\u00e1s agresividad, aunque calamocheaba Ernesto lig\u00f3 primero 3 tandas por la derecha, con su sello personal, largos los pases , con arte y emoci\u00f3n, calando en los tendidos, despu\u00e9s con la izquierda peg\u00f3 2 tandas de naturales de muy buena factura y de nuevo con la derecha pudo ligar otras 3 tandas de derechazos y al final dejar una estocada entera caidita, pero suficiente para que la gente emocionada pidiera la oreja y premiarlo.<\/p>\n\n\n\n<p>&nbsp;&nbsp;&nbsp;&nbsp;&nbsp;&nbsp;&nbsp;&nbsp;&nbsp;&nbsp;&nbsp;&nbsp;&nbsp;&nbsp;&nbsp;&nbsp;&nbsp;&nbsp;&nbsp;&nbsp;&nbsp;&nbsp;&nbsp;&nbsp;&nbsp;&nbsp;&nbsp;&nbsp;&nbsp;&nbsp;&nbsp;&nbsp;&nbsp;&nbsp;&nbsp;&nbsp;&nbsp;&nbsp;&nbsp;&nbsp;JUAN PABLO S\u00c1NCHEZ NO TUVO MATERIA PARA SU ARTE<\/p>\n\n\n\n<figure class=\"wp-block-image size-large\"><img loading=\"lazy\" decoding=\"async\" width=\"1024\" height=\"732\" src=\"https:\/\/kuali.com.mx\/web\/wp-content\/uploads\/2025\/01\/JUAN-PABLO-1-1024x732.jpeg\" alt=\"\" class=\"wp-image-166302\" srcset=\"https:\/\/kuali.com.mx\/web\/wp-content\/uploads\/2025\/01\/JUAN-PABLO-1-1024x732.jpeg 1024w, https:\/\/kuali.com.mx\/web\/wp-content\/uploads\/2025\/01\/JUAN-PABLO-1-300x215.jpeg 300w, https:\/\/kuali.com.mx\/web\/wp-content\/uploads\/2025\/01\/JUAN-PABLO-1-768x549.jpeg 768w, https:\/\/kuali.com.mx\/web\/wp-content\/uploads\/2025\/01\/JUAN-PABLO-1-1536x1098.jpeg 1536w, https:\/\/kuali.com.mx\/web\/wp-content\/uploads\/2025\/01\/JUAN-PABLO-1-162x116.jpeg 162w, https:\/\/kuali.com.mx\/web\/wp-content\/uploads\/2025\/01\/JUAN-PABLO-1.jpeg 1600w\" sizes=\"auto, (max-width: 1024px) 100vw, 1024px\" \/><\/figure>\n\n\n\n<p>El Diestro hidroc\u00e1lido Juan Pablo S\u00e1nchez ven\u00eda con el \u00e1nimo de triunfar antes de irse a la plaza M\u00e9xico para torear hoy, se le vi\u00f3 muy animoso y nada m\u00e1s salir su primero le peg\u00f3 ver\u00f3nicas a pies juntos y despu\u00e9s de la pica un quite por gaoneras que calaron en los tendidos, y ya con la muleta comenz\u00f3 su faena de rodillas y ah\u00ed mismo peg\u00f3 una tanda emocionante, se palpaba algo grande, pero apenas realiz\u00f3 2 tandas de derechazos y el torito se apag\u00f3 y comenz\u00f3 a quedarse a medio viaje, el diestro quer\u00eda triunfar y se puso entre los pitones para arrancarle otra tanda y luego 1 de naturales, pero sin calar arriba por los tiempos muertos, el astado recul\u00f3 en tablas y ah\u00ed mismo se meti\u00f3 para exponer mucho y dejar claro que por \u00e9l no quedaba, despu\u00e9s de matar al rajado burel la gente lo sac\u00f3 al tercio. Con su segundo las cosas no cambiaron y s\u00f3lo pudo dejar constancia de su arte en unas ver\u00f3nicas a pies juntos porque con la muleta se dobl\u00f3 para bajarle la cabeza al burel que la llevaba por las nubes y tiraba derrotes, s\u00f3lo 2 tandas de derechazos pudo sacarle S\u00e1nchez, porque se le raj\u00f3 y se iba de la suerte en cada pase, anduvo casi por todo el ruedo persigui\u00e9ndolo ante el enfado de la gente y mejor lo despach\u00f3.<\/p>\n\n\n\n<p>&nbsp;&nbsp;&nbsp;&nbsp;&nbsp;&nbsp;&nbsp;&nbsp;&nbsp;&nbsp;&nbsp;&nbsp;&nbsp;&nbsp;&nbsp;&nbsp;&nbsp;&nbsp;&nbsp;&nbsp;&nbsp;&nbsp;&nbsp;&nbsp;&nbsp;&nbsp;&nbsp;&nbsp;&nbsp;&nbsp;&nbsp;GIN\u00c9S TIENE MUCHO ARTE, PERO COMO QUE NO SE DECIDE<\/p>\n\n\n\n<figure class=\"wp-block-image size-large is-resized\"><img loading=\"lazy\" decoding=\"async\" width=\"1024\" height=\"697\" src=\"https:\/\/kuali.com.mx\/web\/wp-content\/uploads\/2025\/01\/calita-2-1024x697.jpeg\" alt=\"\" class=\"wp-image-166305\" style=\"width:804px;height:auto\" srcset=\"https:\/\/kuali.com.mx\/web\/wp-content\/uploads\/2025\/01\/calita-2-1024x697.jpeg 1024w, https:\/\/kuali.com.mx\/web\/wp-content\/uploads\/2025\/01\/calita-2-300x204.jpeg 300w, https:\/\/kuali.com.mx\/web\/wp-content\/uploads\/2025\/01\/calita-2-768x523.jpeg 768w, https:\/\/kuali.com.mx\/web\/wp-content\/uploads\/2025\/01\/calita-2-1536x1045.jpeg 1536w, https:\/\/kuali.com.mx\/web\/wp-content\/uploads\/2025\/01\/calita-2-170x116.jpeg 170w, https:\/\/kuali.com.mx\/web\/wp-content\/uploads\/2025\/01\/calita-2.jpeg 1600w\" sizes=\"auto, (max-width: 1024px) 100vw, 1024px\" \/><\/figure>\n\n\n\n<figure class=\"wp-block-image size-large\"><img loading=\"lazy\" decoding=\"async\" width=\"1024\" height=\"736\" src=\"https:\/\/kuali.com.mx\/web\/wp-content\/uploads\/2025\/01\/GINES-2-1024x736.jpeg\" alt=\"\" class=\"wp-image-166303\" srcset=\"https:\/\/kuali.com.mx\/web\/wp-content\/uploads\/2025\/01\/GINES-2-1024x736.jpeg 1024w, https:\/\/kuali.com.mx\/web\/wp-content\/uploads\/2025\/01\/GINES-2-300x216.jpeg 300w, https:\/\/kuali.com.mx\/web\/wp-content\/uploads\/2025\/01\/GINES-2-768x552.jpeg 768w, https:\/\/kuali.com.mx\/web\/wp-content\/uploads\/2025\/01\/GINES-2-161x116.jpeg 161w, https:\/\/kuali.com.mx\/web\/wp-content\/uploads\/2025\/01\/GINES-2.jpeg 1043w\" sizes=\"auto, (max-width: 1024px) 100vw, 1024px\" \/><\/figure>\n\n\n\n<p>El diestro espa\u00f1ol Gin\u00e9s Mar\u00edn tuvo mejor suerte en el toro de regalo, al que le realiz\u00f3 una faena con mucho empe\u00f1o pero sin que fuera lo grande que se esperaba porque tambi\u00e9n este toro embest\u00eda con mal estilo y desluc\u00eda las suertes, a\u00fan as\u00ed Gin\u00e9s pudo emocionar al p\u00fablico en tandas por ambos lados y remates muy pintureros, por lo que tras despacharlo con una estocada entera lo premiaron con una oreja, pero el juez le dio la segunda y sali\u00f3 a hombros. Antes con su lote el torero espa\u00f1ol realiz\u00f3 2 faenas con mucho arte y est\u00e9tica, tanto con capote como con muleta, sin embargo la soser\u00eda y poco gas de sus toros hicieron que aquellas no calaran tanto entre la gente, aparte porque en algunos pases se notaba algo de dudas, pero cuando se plantaba y corr\u00eda la mano en derechazos o naturales, florec\u00eda el arte que atesora, y por ello en su primero lo premiaron con la vuelta al ruedo.<\/p>\n\n\n\n<figure class=\"wp-block-image size-large\"><img loading=\"lazy\" decoding=\"async\" width=\"1024\" height=\"708\" src=\"https:\/\/kuali.com.mx\/web\/wp-content\/uploads\/2025\/01\/TOROS-1-1024x708.jpeg\" alt=\"\" class=\"wp-image-166304\" srcset=\"https:\/\/kuali.com.mx\/web\/wp-content\/uploads\/2025\/01\/TOROS-1-1024x708.jpeg 1024w, https:\/\/kuali.com.mx\/web\/wp-content\/uploads\/2025\/01\/TOROS-1-300x208.jpeg 300w, https:\/\/kuali.com.mx\/web\/wp-content\/uploads\/2025\/01\/TOROS-1-768x531.jpeg 768w, https:\/\/kuali.com.mx\/web\/wp-content\/uploads\/2025\/01\/TOROS-1-1536x1063.jpeg 1536w, https:\/\/kuali.com.mx\/web\/wp-content\/uploads\/2025\/01\/TOROS-1-168x116.jpeg 168w, https:\/\/kuali.com.mx\/web\/wp-content\/uploads\/2025\/01\/TOROS-1.jpeg 1600w\" sizes=\"auto, (max-width: 1024px) 100vw, 1024px\" \/><\/figure>\n","protected":false},"excerpt":{"rendered":"Texto y fotos: Juan Jos\u00e9 L\u00f3pez Luna\/Le\u00f3n,Gto.-Con un ambiente fresco y ventoso y media entrada en los tendidos, se dio la primera corrida de feria en la plaza \u201cLa Luz\u201d,\u00a0\u00a0estando colgados en el cartel Ernesto Javier \u201cEl Calita\u201d, Juan Pablo S\u00e1nchez y el espa\u00f1ol Gin\u00e9s Mar\u00edn, quienes lidiaron un encierro de Xajay, justo de presentaci\u00f3n [&hellip;]","protected":false},"author":2,"featured_media":166300,"comment_status":"open","ping_status":"open","sticky":false,"template":"","format":"standard","meta":{"_seopress_robots_primary_cat":"none","_seopress_titles_title":"","_seopress_titles_desc":"","_seopress_robots_index":"","_monsterinsights_skip_tracking":false,"_monsterinsights_sitenote_active":false,"_monsterinsights_sitenote_note":"","_monsterinsights_sitenote_category":0,"footnotes":""},"categories":[1],"tags":[],"class_list":["post-166299","post","type-post","status-publish","format-standard","has-post-thumbnail","hentry","category-actualidad"],"yoast_head":"<!-- This site is optimized with the Yoast SEO plugin v27.4 - https:\/\/yoast.com\/product\/yoast-seo-wordpress\/ -->\n<title>GIN\u00c9S MAR\u00cdN TRIUNFA EN LA PRIMERA DE FERIA LEONESA - Kuali<\/title>\n<meta name=\"robots\" content=\"index, follow, max-snippet:-1, max-image-preview:large, max-video-preview:-1\" \/>\n<link rel=\"canonical\" href=\"https:\/\/kuali.com.mx\/web\/2025\/01\/19\/gines-marin-triunfa-en-la-primera-de-feria-leonesa\/\" \/>\n<meta property=\"og:locale\" content=\"es_MX\" \/>\n<meta property=\"og:type\" content=\"article\" \/>\n<meta property=\"og:title\" content=\"GIN\u00c9S MAR\u00cdN TRIUNFA EN LA PRIMERA DE FERIA LEONESA - Kuali\" \/>\n<meta property=\"og:description\" content=\"Texto y fotos: Juan Jos\u00e9 L\u00f3pez Luna\/Le\u00f3n,Gto.-Con un ambiente fresco y ventoso y media entrada en los tendidos, se dio la primera corrida de feria en la plaza \u201cLa Luz\u201d,\u00a0\u00a0estando colgados en el cartel Ernesto Javier \u201cEl Calita\u201d, Juan Pablo S\u00e1nchez y el espa\u00f1ol Gin\u00e9s Mar\u00edn, quienes lidiaron un encierro de Xajay, justo de presentaci\u00f3n [&hellip;]\" \/>\n<meta property=\"og:url\" content=\"https:\/\/kuali.com.mx\/web\/2025\/01\/19\/gines-marin-triunfa-en-la-primera-de-feria-leonesa\/\" \/>\n<meta property=\"og:site_name\" content=\"Kuali\" \/>\n<meta property=\"article:publisher\" content=\"https:\/\/kuali.com.mx\/web\/wp-content\/uploads\/2018\/04\/cropped-kuali_logo-1-1.png\" \/>\n<meta property=\"article:published_time\" content=\"2025-01-19T20:20:23+00:00\" \/>\n<meta property=\"article:modified_time\" content=\"2025-01-20T01:00:47+00:00\" \/>\n<meta property=\"og:image\" content=\"https:\/\/kuali.com.mx\/web\/wp-content\/uploads\/2025\/01\/gines-1.jpeg\" \/>\n\t<meta property=\"og:image:width\" content=\"1498\" \/>\n\t<meta property=\"og:image:height\" content=\"750\" \/>\n\t<meta property=\"og:image:type\" content=\"image\/jpeg\" \/>\n<meta name=\"author\" content=\"Kuali Staff\" \/>\n<meta name=\"twitter:card\" content=\"summary_large_image\" \/>\n<meta name=\"twitter:creator\" content=\"@kuali_noticias\" \/>\n<meta name=\"twitter:site\" content=\"@kuali_noticias\" \/>\n<meta name=\"twitter:label1\" content=\"Escrito por\" \/>\n\t<meta name=\"twitter:data1\" content=\"Kuali Staff\" \/>\n\t<meta name=\"twitter:label2\" content=\"Tiempo de lectura\" \/>\n\t<meta name=\"twitter:data2\" content=\"5 minutos\" \/>\n<script type=\"application\/ld+json\" class=\"yoast-schema-graph\">{\"@context\":\"https:\\\/\\\/schema.org\",\"@graph\":[{\"@type\":\"Article\",\"@id\":\"https:\\\/\\\/kuali.com.mx\\\/web\\\/2025\\\/01\\\/19\\\/gines-marin-triunfa-en-la-primera-de-feria-leonesa\\\/#article\",\"isPartOf\":{\"@id\":\"https:\\\/\\\/kuali.com.mx\\\/web\\\/2025\\\/01\\\/19\\\/gines-marin-triunfa-en-la-primera-de-feria-leonesa\\\/\"},\"author\":{\"name\":\"Kuali Staff\",\"@id\":\"https:\\\/\\\/kuali.com.mx\\\/web\\\/#\\\/schema\\\/person\\\/6f89ffa8ecba9dae50662357923c5289\"},\"headline\":\"GIN\u00c9S MAR\u00cdN TRIUNFA EN LA PRIMERA DE FERIA LEONESA\",\"datePublished\":\"2025-01-19T20:20:23+00:00\",\"dateModified\":\"2025-01-20T01:00:47+00:00\",\"mainEntityOfPage\":{\"@id\":\"https:\\\/\\\/kuali.com.mx\\\/web\\\/2025\\\/01\\\/19\\\/gines-marin-triunfa-en-la-primera-de-feria-leonesa\\\/\"},\"wordCount\":937,\"commentCount\":0,\"image\":{\"@id\":\"https:\\\/\\\/kuali.com.mx\\\/web\\\/2025\\\/01\\\/19\\\/gines-marin-triunfa-en-la-primera-de-feria-leonesa\\\/#primaryimage\"},\"thumbnailUrl\":\"https:\\\/\\\/kuali.com.mx\\\/web\\\/wp-content\\\/uploads\\\/2025\\\/01\\\/gines-1.jpeg\",\"articleSection\":[\"Versatil\"],\"inLanguage\":\"es\",\"potentialAction\":[{\"@type\":\"CommentAction\",\"name\":\"Comment\",\"target\":[\"https:\\\/\\\/kuali.com.mx\\\/web\\\/2025\\\/01\\\/19\\\/gines-marin-triunfa-en-la-primera-de-feria-leonesa\\\/#respond\"]}]},{\"@type\":\"WebPage\",\"@id\":\"https:\\\/\\\/kuali.com.mx\\\/web\\\/2025\\\/01\\\/19\\\/gines-marin-triunfa-en-la-primera-de-feria-leonesa\\\/\",\"url\":\"https:\\\/\\\/kuali.com.mx\\\/web\\\/2025\\\/01\\\/19\\\/gines-marin-triunfa-en-la-primera-de-feria-leonesa\\\/\",\"name\":\"GIN\u00c9S MAR\u00cdN TRIUNFA EN LA PRIMERA DE FERIA LEONESA - Kuali\",\"isPartOf\":{\"@id\":\"https:\\\/\\\/kuali.com.mx\\\/web\\\/#website\"},\"primaryImageOfPage\":{\"@id\":\"https:\\\/\\\/kuali.com.mx\\\/web\\\/2025\\\/01\\\/19\\\/gines-marin-triunfa-en-la-primera-de-feria-leonesa\\\/#primaryimage\"},\"image\":{\"@id\":\"https:\\\/\\\/kuali.com.mx\\\/web\\\/2025\\\/01\\\/19\\\/gines-marin-triunfa-en-la-primera-de-feria-leonesa\\\/#primaryimage\"},\"thumbnailUrl\":\"https:\\\/\\\/kuali.com.mx\\\/web\\\/wp-content\\\/uploads\\\/2025\\\/01\\\/gines-1.jpeg\",\"datePublished\":\"2025-01-19T20:20:23+00:00\",\"dateModified\":\"2025-01-20T01:00:47+00:00\",\"author\":{\"@id\":\"https:\\\/\\\/kuali.com.mx\\\/web\\\/#\\\/schema\\\/person\\\/6f89ffa8ecba9dae50662357923c5289\"},\"breadcrumb\":{\"@id\":\"https:\\\/\\\/kuali.com.mx\\\/web\\\/2025\\\/01\\\/19\\\/gines-marin-triunfa-en-la-primera-de-feria-leonesa\\\/#breadcrumb\"},\"inLanguage\":\"es\",\"potentialAction\":[{\"@type\":\"ReadAction\",\"target\":[\"https:\\\/\\\/kuali.com.mx\\\/web\\\/2025\\\/01\\\/19\\\/gines-marin-triunfa-en-la-primera-de-feria-leonesa\\\/\"]}]},{\"@type\":\"ImageObject\",\"inLanguage\":\"es\",\"@id\":\"https:\\\/\\\/kuali.com.mx\\\/web\\\/2025\\\/01\\\/19\\\/gines-marin-triunfa-en-la-primera-de-feria-leonesa\\\/#primaryimage\",\"url\":\"https:\\\/\\\/kuali.com.mx\\\/web\\\/wp-content\\\/uploads\\\/2025\\\/01\\\/gines-1.jpeg\",\"contentUrl\":\"https:\\\/\\\/kuali.com.mx\\\/web\\\/wp-content\\\/uploads\\\/2025\\\/01\\\/gines-1.jpeg\",\"width\":1498,\"height\":750},{\"@type\":\"BreadcrumbList\",\"@id\":\"https:\\\/\\\/kuali.com.mx\\\/web\\\/2025\\\/01\\\/19\\\/gines-marin-triunfa-en-la-primera-de-feria-leonesa\\\/#breadcrumb\",\"itemListElement\":[{\"@type\":\"ListItem\",\"position\":1,\"name\":\"Inicio\",\"item\":\"https:\\\/\\\/kuali.com.mx\\\/web\\\/\"},{\"@type\":\"ListItem\",\"position\":2,\"name\":\"GIN\u00c9S MAR\u00cdN TRIUNFA EN LA PRIMERA DE FERIA LEONESA\"}]},{\"@type\":\"WebSite\",\"@id\":\"https:\\\/\\\/kuali.com.mx\\\/web\\\/#website\",\"url\":\"https:\\\/\\\/kuali.com.mx\\\/web\\\/\",\"name\":\"Kuali\",\"description\":\"\",\"potentialAction\":[{\"@type\":\"SearchAction\",\"target\":{\"@type\":\"EntryPoint\",\"urlTemplate\":\"https:\\\/\\\/kuali.com.mx\\\/web\\\/?s={search_term_string}\"},\"query-input\":{\"@type\":\"PropertyValueSpecification\",\"valueRequired\":true,\"valueName\":\"search_term_string\"}}],\"inLanguage\":\"es\"},{\"@type\":\"Person\",\"@id\":\"https:\\\/\\\/kuali.com.mx\\\/web\\\/#\\\/schema\\\/person\\\/6f89ffa8ecba9dae50662357923c5289\",\"name\":\"Kuali Staff\",\"image\":{\"@type\":\"ImageObject\",\"inLanguage\":\"es\",\"@id\":\"https:\\\/\\\/secure.gravatar.com\\\/avatar\\\/f917ad82e5ab71227a733c78b6e60715476f69ee6be59feee4eb5d9920c89e0f?s=96&d=mm&r=g\",\"url\":\"https:\\\/\\\/secure.gravatar.com\\\/avatar\\\/f917ad82e5ab71227a733c78b6e60715476f69ee6be59feee4eb5d9920c89e0f?s=96&d=mm&r=g\",\"contentUrl\":\"https:\\\/\\\/secure.gravatar.com\\\/avatar\\\/f917ad82e5ab71227a733c78b6e60715476f69ee6be59feee4eb5d9920c89e0f?s=96&d=mm&r=g\",\"caption\":\"Kuali Staff\"},\"url\":\"https:\\\/\\\/kuali.com.mx\\\/web\\\/author\\\/lagarto\\\/\"}]}<\/script>\n<!-- \/ Yoast SEO plugin. -->","yoast_head_json":{"title":"GIN\u00c9S MAR\u00cdN TRIUNFA EN LA PRIMERA DE FERIA LEONESA - Kuali","robots":{"index":"index","follow":"follow","max-snippet":"max-snippet:-1","max-image-preview":"max-image-preview:large","max-video-preview":"max-video-preview:-1"},"canonical":"https:\/\/kuali.com.mx\/web\/2025\/01\/19\/gines-marin-triunfa-en-la-primera-de-feria-leonesa\/","og_locale":"es_MX","og_type":"article","og_title":"GIN\u00c9S MAR\u00cdN TRIUNFA EN LA PRIMERA DE FERIA LEONESA - Kuali","og_description":"Texto y fotos: Juan Jos\u00e9 L\u00f3pez Luna\/Le\u00f3n,Gto.-Con un ambiente fresco y ventoso y media entrada en los tendidos, se dio la primera corrida de feria en la plaza \u201cLa Luz\u201d,\u00a0\u00a0estando colgados en el cartel Ernesto Javier \u201cEl Calita\u201d, Juan Pablo S\u00e1nchez y el espa\u00f1ol Gin\u00e9s Mar\u00edn, quienes lidiaron un encierro de Xajay, justo de presentaci\u00f3n [&hellip;]","og_url":"https:\/\/kuali.com.mx\/web\/2025\/01\/19\/gines-marin-triunfa-en-la-primera-de-feria-leonesa\/","og_site_name":"Kuali","article_publisher":"https:\/\/kuali.com.mx\/web\/wp-content\/uploads\/2018\/04\/cropped-kuali_logo-1-1.png","article_published_time":"2025-01-19T20:20:23+00:00","article_modified_time":"2025-01-20T01:00:47+00:00","og_image":[{"width":1498,"height":750,"url":"https:\/\/kuali.com.mx\/web\/wp-content\/uploads\/2025\/01\/gines-1.jpeg","type":"image\/jpeg"}],"author":"Kuali Staff","twitter_card":"summary_large_image","twitter_creator":"@kuali_noticias","twitter_site":"@kuali_noticias","twitter_misc":{"Escrito por":"Kuali Staff","Tiempo de lectura":"5 minutos"},"schema":{"@context":"https:\/\/schema.org","@graph":[{"@type":"Article","@id":"https:\/\/kuali.com.mx\/web\/2025\/01\/19\/gines-marin-triunfa-en-la-primera-de-feria-leonesa\/#article","isPartOf":{"@id":"https:\/\/kuali.com.mx\/web\/2025\/01\/19\/gines-marin-triunfa-en-la-primera-de-feria-leonesa\/"},"author":{"name":"Kuali Staff","@id":"https:\/\/kuali.com.mx\/web\/#\/schema\/person\/6f89ffa8ecba9dae50662357923c5289"},"headline":"GIN\u00c9S MAR\u00cdN TRIUNFA EN LA PRIMERA DE FERIA LEONESA","datePublished":"2025-01-19T20:20:23+00:00","dateModified":"2025-01-20T01:00:47+00:00","mainEntityOfPage":{"@id":"https:\/\/kuali.com.mx\/web\/2025\/01\/19\/gines-marin-triunfa-en-la-primera-de-feria-leonesa\/"},"wordCount":937,"commentCount":0,"image":{"@id":"https:\/\/kuali.com.mx\/web\/2025\/01\/19\/gines-marin-triunfa-en-la-primera-de-feria-leonesa\/#primaryimage"},"thumbnailUrl":"https:\/\/kuali.com.mx\/web\/wp-content\/uploads\/2025\/01\/gines-1.jpeg","articleSection":["Versatil"],"inLanguage":"es","potentialAction":[{"@type":"CommentAction","name":"Comment","target":["https:\/\/kuali.com.mx\/web\/2025\/01\/19\/gines-marin-triunfa-en-la-primera-de-feria-leonesa\/#respond"]}]},{"@type":"WebPage","@id":"https:\/\/kuali.com.mx\/web\/2025\/01\/19\/gines-marin-triunfa-en-la-primera-de-feria-leonesa\/","url":"https:\/\/kuali.com.mx\/web\/2025\/01\/19\/gines-marin-triunfa-en-la-primera-de-feria-leonesa\/","name":"GIN\u00c9S MAR\u00cdN TRIUNFA EN LA PRIMERA DE FERIA LEONESA - Kuali","isPartOf":{"@id":"https:\/\/kuali.com.mx\/web\/#website"},"primaryImageOfPage":{"@id":"https:\/\/kuali.com.mx\/web\/2025\/01\/19\/gines-marin-triunfa-en-la-primera-de-feria-leonesa\/#primaryimage"},"image":{"@id":"https:\/\/kuali.com.mx\/web\/2025\/01\/19\/gines-marin-triunfa-en-la-primera-de-feria-leonesa\/#primaryimage"},"thumbnailUrl":"https:\/\/kuali.com.mx\/web\/wp-content\/uploads\/2025\/01\/gines-1.jpeg","datePublished":"2025-01-19T20:20:23+00:00","dateModified":"2025-01-20T01:00:47+00:00","author":{"@id":"https:\/\/kuali.com.mx\/web\/#\/schema\/person\/6f89ffa8ecba9dae50662357923c5289"},"breadcrumb":{"@id":"https:\/\/kuali.com.mx\/web\/2025\/01\/19\/gines-marin-triunfa-en-la-primera-de-feria-leonesa\/#breadcrumb"},"inLanguage":"es","potentialAction":[{"@type":"ReadAction","target":["https:\/\/kuali.com.mx\/web\/2025\/01\/19\/gines-marin-triunfa-en-la-primera-de-feria-leonesa\/"]}]},{"@type":"ImageObject","inLanguage":"es","@id":"https:\/\/kuali.com.mx\/web\/2025\/01\/19\/gines-marin-triunfa-en-la-primera-de-feria-leonesa\/#primaryimage","url":"https:\/\/kuali.com.mx\/web\/wp-content\/uploads\/2025\/01\/gines-1.jpeg","contentUrl":"https:\/\/kuali.com.mx\/web\/wp-content\/uploads\/2025\/01\/gines-1.jpeg","width":1498,"height":750},{"@type":"BreadcrumbList","@id":"https:\/\/kuali.com.mx\/web\/2025\/01\/19\/gines-marin-triunfa-en-la-primera-de-feria-leonesa\/#breadcrumb","itemListElement":[{"@type":"ListItem","position":1,"name":"Inicio","item":"https:\/\/kuali.com.mx\/web\/"},{"@type":"ListItem","position":2,"name":"GIN\u00c9S MAR\u00cdN TRIUNFA EN LA PRIMERA DE FERIA LEONESA"}]},{"@type":"WebSite","@id":"https:\/\/kuali.com.mx\/web\/#website","url":"https:\/\/kuali.com.mx\/web\/","name":"Kuali","description":"","potentialAction":[{"@type":"SearchAction","target":{"@type":"EntryPoint","urlTemplate":"https:\/\/kuali.com.mx\/web\/?s={search_term_string}"},"query-input":{"@type":"PropertyValueSpecification","valueRequired":true,"valueName":"search_term_string"}}],"inLanguage":"es"},{"@type":"Person","@id":"https:\/\/kuali.com.mx\/web\/#\/schema\/person\/6f89ffa8ecba9dae50662357923c5289","name":"Kuali Staff","image":{"@type":"ImageObject","inLanguage":"es","@id":"https:\/\/secure.gravatar.com\/avatar\/f917ad82e5ab71227a733c78b6e60715476f69ee6be59feee4eb5d9920c89e0f?s=96&d=mm&r=g","url":"https:\/\/secure.gravatar.com\/avatar\/f917ad82e5ab71227a733c78b6e60715476f69ee6be59feee4eb5d9920c89e0f?s=96&d=mm&r=g","contentUrl":"https:\/\/secure.gravatar.com\/avatar\/f917ad82e5ab71227a733c78b6e60715476f69ee6be59feee4eb5d9920c89e0f?s=96&d=mm&r=g","caption":"Kuali Staff"},"url":"https:\/\/kuali.com.mx\/web\/author\/lagarto\/"}]}},"_links":{"self":[{"href":"https:\/\/kuali.com.mx\/web\/wp-json\/wp\/v2\/posts\/166299","targetHints":{"allow":["GET"]}}],"collection":[{"href":"https:\/\/kuali.com.mx\/web\/wp-json\/wp\/v2\/posts"}],"about":[{"href":"https:\/\/kuali.com.mx\/web\/wp-json\/wp\/v2\/types\/post"}],"author":[{"embeddable":true,"href":"https:\/\/kuali.com.mx\/web\/wp-json\/wp\/v2\/users\/2"}],"replies":[{"embeddable":true,"href":"https:\/\/kuali.com.mx\/web\/wp-json\/wp\/v2\/comments?post=166299"}],"version-history":[{"count":3,"href":"https:\/\/kuali.com.mx\/web\/wp-json\/wp\/v2\/posts\/166299\/revisions"}],"predecessor-version":[{"id":166325,"href":"https:\/\/kuali.com.mx\/web\/wp-json\/wp\/v2\/posts\/166299\/revisions\/166325"}],"wp:featuredmedia":[{"embeddable":true,"href":"https:\/\/kuali.com.mx\/web\/wp-json\/wp\/v2\/media\/166300"}],"wp:attachment":[{"href":"https:\/\/kuali.com.mx\/web\/wp-json\/wp\/v2\/media?parent=166299"}],"wp:term":[{"taxonomy":"category","embeddable":true,"href":"https:\/\/kuali.com.mx\/web\/wp-json\/wp\/v2\/categories?post=166299"},{"taxonomy":"post_tag","embeddable":true,"href":"https:\/\/kuali.com.mx\/web\/wp-json\/wp\/v2\/tags?post=166299"}],"curies":[{"name":"wp","href":"https:\/\/api.w.org\/{rel}","templated":true}]}}