{"id":16597,"date":"2016-08-12T18:23:58","date_gmt":"2016-08-12T18:23:58","guid":{"rendered":"http:\/\/kuali.com.mx\/?p=16597"},"modified":"2016-08-13T13:08:02","modified_gmt":"2016-08-13T13:08:02","slug":"ofrece-orquesta-sinfonica-de-la-ug-concierto-en-cereso-mil","status":"publish","type":"post","link":"https:\/\/kuali.com.mx\/web\/2016\/08\/12\/ofrece-orquesta-sinfonica-de-la-ug-concierto-en-cereso-mil\/","title":{"rendered":"OFRECE ORQUESTA SINF\u00d3NICA DE LA UG CONCIERTO EN CERESO MIL"},"content":{"rendered":"<p style=\"text-align: justify;\"><em><strong>Kuali\/Valle de Santiago, Gto.-<\/strong><\/em>La Orquesta Sinf\u00f3nica de la Universidad de Guanajuato (OSUG) es la \u00fanica orquesta perteneciente a una instituci\u00f3n educativa de este pa\u00eds que ofrece conciertos en los Centros de Readaptaci\u00f3n Social (Ceresos).<\/p>\n<p style=\"text-align: justify;\"><!--more--><\/p>\n<p style=\"text-align: justify;\">Prueba de ello, es el concierto que la OSUG realiz\u00f3 en el Cereso 1000 de Valle de Santiago, lugar al que llegaron los m\u00fasicos acompa\u00f1ados de sus instrumentos para romper con la cotidianidad de la vida de los internos y as\u00ed, ofrecerles un espacio de reflexi\u00f3n y esparcimiento.<\/p>\n<p style=\"text-align: justify;\">\u00bfEs la m\u00fasica una herramienta para la reinserci\u00f3n social?, \u00bfson las expresiones art\u00edsticas elementos fundamentales para salud emocional e incluso espiritual? Estos cuestionamientos fueron hechos en la Universidad de Guanajuato para emprender dicho evento.<\/p>\n<p style=\"text-align: justify;\">Despu\u00e9s de una exhaustiva planeaci\u00f3n y coordinaci\u00f3n con autoridades universitarias y estatales, el p\u00fablico integrado por mujeres y hombres, disfrutaron de una ma\u00f1ana llena de tonalidades alegres y entusiastas.<\/p>\n<p style=\"text-align: justify;\">Bajo la batuta de su director titular, el maestro Roberto Beltr\u00e1n Zavala, la OSUG interpret\u00f3 una programaci\u00f3n diversa, pensada espec\u00edficamente para ese concierto. En principio, los m\u00fasicos tocaron el \u201cDanz\u00f3n no. 2\u201d del compositor Arturo M\u00e1rquez, una obra llena de belleza y ritmo que inmediatamente cautiva a los escuchas.<\/p>\n<p style=\"text-align: justify;\">Despu\u00e9s interpretaron una obra de gran delicadeza y afabilidad, \u201cIntermezzo de la \u00d3pera Atzimba\u201d del compositor mexicano Ricardo Castro. Continuaron con el \u00faltimo movimiento de la \u201cSinfon\u00eda no.5 en mi menor, Op.64\u201d de Tchaikovsky.<\/p>\n<p style=\"text-align: justify;\">Para finalizar, tocaron una obra emblem\u00e1tica para M\u00e9xico, el \u201cHuapango\u201d de Jos\u00e9 Pablo Moncayo, m\u00fasica que alegr\u00f3 de sobremanera a los internos al punto de ponerlos de pie para aplaudir prolongadamente, expresando su entusiasmo y agradecimiento por la excelente interpretaci\u00f3n de la Orquesta y la interacci\u00f3n de su director titular que explic\u00f3 paso a paso esta traves\u00eda musical.<\/p>\n<p style=\"text-align: justify;\">En entrevista, Roberto Beltr\u00e1n Zavala coment\u00f3 que \u201cnaturalmente un p\u00fablico en libertad no es lo mismo que un p\u00fablico que se encuentra en un proceso de readaptaci\u00f3n social -eso es evidente- pero puedo imaginar que, en ese contexto tan duro y tan dif\u00edcil, el momento de m\u00fasica que nosotros les ofrecemos, puede funcionar como un espacio en su mente para generar placer, reflexiones, emociones, relajaci\u00f3n y entusiasmo\u201d.<\/p>\n<p style=\"text-align: justify;\">De igual forma, coment\u00f3 que es en este tipo de conciertos en los que la funci\u00f3n social del arte se hace presente \u201cpor estas acciones, nos damos cuenta de por qu\u00e9 es importante tratar de atender lo m\u00e1s posible a sectores vulnerables de nuestra sociedad o a sectores a los que les es muy dif\u00edcil acceder a la cultura\u201d.<\/p>\n<p style=\"text-align: justify;\">Puede ser posible, que algunos internos y trabajadores del centro de readaptaci\u00f3n social por primera vez en su vida hayan visto y escuchado c\u00f3mo funciona y toca una orquesta sinf\u00f3nica, por lo que ese peque\u00f1o acto se puede traducir como un hecho bastante significativo para el p\u00fablico del Cereso 1000 de Valle de Santiago.<\/p>\n<p style=\"text-align: justify;\">En este sentido, el director titular de la OSUG, distingui\u00f3 \u201cno hay que olvidar que los Ceresos no son centros de castigo, sino que son espacios en los que el individuo entra a un proceso de readaptaci\u00f3n social, y un factor elemental para poder ser parte de la sociedad es tener un sentido de dignidad y un m\u00ednimo de sensibilidad. Que podamos contribuir un poco en su proceso de readaptaci\u00f3n social nos hace pensar en nuestra responsabilidad como m\u00fasicos\u201d.<\/p>\n<p style=\"text-align: justify;\">En representaci\u00f3n de la comunidad universitaria, el Rector General de la Universidad de Guanajuato, Dr. Luis Felipe Guerrero Agripino, brind\u00f3 unas palabras en las que destac\u00f3 que el compromiso social de una universidad p\u00fablica como la de Guanajuato es la inclusi\u00f3n de todas las personas para la construcci\u00f3n de un mundo mejor.<\/p>\n<p style=\"text-align: justify;\">Destac\u00f3 que \u201cen la Universidad de Guanajuato creemos en cada persona, y en la expresi\u00f3n art\u00edstica como herramienta de inclusi\u00f3n. La OSUG representa una orquesta de alta calidad, con liderazgo de altura y un profundo sentido humanista\u201d.<\/p>\n<p style=\"text-align: justify;\">Al concierto asistieron autoridades de la Secretar\u00eda de Seguridad P\u00fablica del Estado y de la Universidad de Guanajuato.<\/p>\n<p style=\"text-align: justify;\"><strong>La Orquesta Sinf\u00f3nica de la Universidad de Guanajuato<\/strong><\/p>\n<p style=\"text-align: justify;\">La Orquesta Sinf\u00f3nica de la Universidad de Guanajuato (OSUG) ocupa un lugar privilegiado en el panorama musical de M\u00e9xico como uno de los ensambles orquestales de mayor prestigio en el pa\u00eds y con una s\u00f3lida proyecci\u00f3n internacional.<\/p>\n<p style=\"text-align: justify;\">Adem\u00e1s de ofrecer m\u00e1s de 30 programas anuales en sus temporadas, la OSUG es la orquesta residente del Festival Internacional Cervantino donde ha participado con programas de gran trascendencia art\u00edstica como el estreno en M\u00e9xico de la Sinfon\u00eda n\u00fam. 4 de Lutoslawski, el estreno en Guanajuato del Concierto para viol\u00edn de Paul Hindemith y decenas de ejecuciones y estrenos de obras de compositores tales como Mario Lavista, Joaqu\u00edn Guti\u00e9rrez Heras, Silvestre Revueltas y Juan Trigos.<\/p>\n<p style=\"text-align: justify;\">Gracias a su enorme repertorio, dinamismo y personalidad, la OSUG ha sido invitada a diversos festivales nacionales y ha realizado m\u00faltiples giras internacionales.<\/p>\n<p style=\"text-align: justify;\">En junio del 2015 Roberto Beltr\u00e1n-Zavala fue nombrado Director Titular de la OSUG. Con una s\u00f3lida carrera internacional y una nutrida agenda de conciertos, el Maestro Beltr\u00e1n-Zavala ha sido hu\u00e9sped en varias de la Orquestas m\u00e1s prestigiadas en Europa y su trabajo ha sido un\u00e1nimemente aclamado por la prensa especializada europea.<\/p>\n","protected":false},"excerpt":{"rendered":"Kuali\/Valle de Santiago, Gto.-La Orquesta Sinf\u00f3nica de la Universidad de Guanajuato (OSUG) es la \u00fanica orquesta perteneciente a una instituci\u00f3n educativa de este pa\u00eds que ofrece conciertos en los Centros de Readaptaci\u00f3n Social (Ceresos).","protected":false},"author":2,"featured_media":16598,"comment_status":"open","ping_status":"open","sticky":false,"template":"","format":"standard","meta":{"_seopress_robots_primary_cat":"","_seopress_titles_title":"","_seopress_titles_desc":"","_seopress_robots_index":"","_monsterinsights_skip_tracking":false,"_monsterinsights_sitenote_active":false,"_monsterinsights_sitenote_note":"","_monsterinsights_sitenote_category":0,"footnotes":""},"categories":[8],"tags":[],"class_list":["post-16597","post","type-post","status-publish","format-standard","has-post-thumbnail","hentry","category-espectaculos"],"yoast_head":"<!-- This site is optimized with the Yoast SEO plugin v27.4 - https:\/\/yoast.com\/product\/yoast-seo-wordpress\/ -->\n<title>OFRECE ORQUESTA SINF\u00d3NICA DE LA UG CONCIERTO EN CERESO MIL - Kuali<\/title>\n<meta name=\"robots\" content=\"index, follow, max-snippet:-1, max-image-preview:large, max-video-preview:-1\" \/>\n<link rel=\"canonical\" href=\"https:\/\/kuali.com.mx\/web\/2016\/08\/12\/ofrece-orquesta-sinfonica-de-la-ug-concierto-en-cereso-mil\/\" \/>\n<meta property=\"og:locale\" content=\"es_MX\" \/>\n<meta property=\"og:type\" content=\"article\" \/>\n<meta property=\"og:title\" content=\"OFRECE ORQUESTA SINF\u00d3NICA DE LA UG CONCIERTO EN CERESO MIL - Kuali\" \/>\n<meta property=\"og:description\" content=\"Kuali\/Valle de Santiago, Gto.-La Orquesta Sinf\u00f3nica de la Universidad de Guanajuato (OSUG) es la \u00fanica orquesta perteneciente a una instituci\u00f3n educativa de este pa\u00eds que ofrece conciertos en los Centros de Readaptaci\u00f3n Social (Ceresos).\" \/>\n<meta property=\"og:url\" content=\"https:\/\/kuali.com.mx\/web\/2016\/08\/12\/ofrece-orquesta-sinfonica-de-la-ug-concierto-en-cereso-mil\/\" \/>\n<meta property=\"og:site_name\" content=\"Kuali\" \/>\n<meta property=\"article:publisher\" content=\"https:\/\/kuali.com.mx\/web\/wp-content\/uploads\/2018\/04\/cropped-kuali_logo-1-1.png\" \/>\n<meta property=\"article:published_time\" content=\"2016-08-12T18:23:58+00:00\" \/>\n<meta property=\"article:modified_time\" content=\"2016-08-13T13:08:02+00:00\" \/>\n<meta property=\"og:image\" content=\"https:\/\/kuali.com.mx\/web\/wp-content\/uploads\/2016\/08\/Explicaci\u00f3n-Mtro.-Roberto-Beltr\u00e1n-2-e1471026222222.jpg\" \/>\n\t<meta property=\"og:image:width\" content=\"1000\" \/>\n\t<meta property=\"og:image:height\" content=\"561\" \/>\n\t<meta property=\"og:image:type\" content=\"image\/jpeg\" \/>\n<meta name=\"author\" content=\"Kuali Staff\" \/>\n<meta name=\"twitter:card\" content=\"summary_large_image\" \/>\n<meta name=\"twitter:creator\" content=\"@kuali_noticias\" \/>\n<meta name=\"twitter:site\" content=\"@kuali_noticias\" \/>\n<meta name=\"twitter:label1\" content=\"Escrito por\" \/>\n\t<meta name=\"twitter:data1\" content=\"Kuali Staff\" \/>\n\t<meta name=\"twitter:label2\" content=\"Tiempo de lectura\" \/>\n\t<meta name=\"twitter:data2\" content=\"5 minutos\" \/>\n<script type=\"application\/ld+json\" class=\"yoast-schema-graph\">{\"@context\":\"https:\\\/\\\/schema.org\",\"@graph\":[{\"@type\":\"Article\",\"@id\":\"https:\\\/\\\/kuali.com.mx\\\/web\\\/2016\\\/08\\\/12\\\/ofrece-orquesta-sinfonica-de-la-ug-concierto-en-cereso-mil\\\/#article\",\"isPartOf\":{\"@id\":\"https:\\\/\\\/kuali.com.mx\\\/web\\\/2016\\\/08\\\/12\\\/ofrece-orquesta-sinfonica-de-la-ug-concierto-en-cereso-mil\\\/\"},\"author\":{\"name\":\"Kuali Staff\",\"@id\":\"https:\\\/\\\/kuali.com.mx\\\/web\\\/#\\\/schema\\\/person\\\/6f89ffa8ecba9dae50662357923c5289\"},\"headline\":\"OFRECE ORQUESTA SINF\u00d3NICA DE LA UG CONCIERTO EN CERESO MIL\",\"datePublished\":\"2016-08-12T18:23:58+00:00\",\"dateModified\":\"2016-08-13T13:08:02+00:00\",\"mainEntityOfPage\":{\"@id\":\"https:\\\/\\\/kuali.com.mx\\\/web\\\/2016\\\/08\\\/12\\\/ofrece-orquesta-sinfonica-de-la-ug-concierto-en-cereso-mil\\\/\"},\"wordCount\":933,\"commentCount\":0,\"image\":{\"@id\":\"https:\\\/\\\/kuali.com.mx\\\/web\\\/2016\\\/08\\\/12\\\/ofrece-orquesta-sinfonica-de-la-ug-concierto-en-cereso-mil\\\/#primaryimage\"},\"thumbnailUrl\":\"https:\\\/\\\/kuali.com.mx\\\/web\\\/wp-content\\\/uploads\\\/2016\\\/08\\\/Explicaci\u00f3n-Mtro.-Roberto-Beltr\u00e1n-2-e1471026222222.jpg\",\"articleSection\":[\"Cultura\"],\"inLanguage\":\"es\",\"potentialAction\":[{\"@type\":\"CommentAction\",\"name\":\"Comment\",\"target\":[\"https:\\\/\\\/kuali.com.mx\\\/web\\\/2016\\\/08\\\/12\\\/ofrece-orquesta-sinfonica-de-la-ug-concierto-en-cereso-mil\\\/#respond\"]}]},{\"@type\":\"WebPage\",\"@id\":\"https:\\\/\\\/kuali.com.mx\\\/web\\\/2016\\\/08\\\/12\\\/ofrece-orquesta-sinfonica-de-la-ug-concierto-en-cereso-mil\\\/\",\"url\":\"https:\\\/\\\/kuali.com.mx\\\/web\\\/2016\\\/08\\\/12\\\/ofrece-orquesta-sinfonica-de-la-ug-concierto-en-cereso-mil\\\/\",\"name\":\"OFRECE ORQUESTA SINF\u00d3NICA DE LA UG CONCIERTO EN CERESO MIL - Kuali\",\"isPartOf\":{\"@id\":\"https:\\\/\\\/kuali.com.mx\\\/web\\\/#website\"},\"primaryImageOfPage\":{\"@id\":\"https:\\\/\\\/kuali.com.mx\\\/web\\\/2016\\\/08\\\/12\\\/ofrece-orquesta-sinfonica-de-la-ug-concierto-en-cereso-mil\\\/#primaryimage\"},\"image\":{\"@id\":\"https:\\\/\\\/kuali.com.mx\\\/web\\\/2016\\\/08\\\/12\\\/ofrece-orquesta-sinfonica-de-la-ug-concierto-en-cereso-mil\\\/#primaryimage\"},\"thumbnailUrl\":\"https:\\\/\\\/kuali.com.mx\\\/web\\\/wp-content\\\/uploads\\\/2016\\\/08\\\/Explicaci\u00f3n-Mtro.-Roberto-Beltr\u00e1n-2-e1471026222222.jpg\",\"datePublished\":\"2016-08-12T18:23:58+00:00\",\"dateModified\":\"2016-08-13T13:08:02+00:00\",\"author\":{\"@id\":\"https:\\\/\\\/kuali.com.mx\\\/web\\\/#\\\/schema\\\/person\\\/6f89ffa8ecba9dae50662357923c5289\"},\"breadcrumb\":{\"@id\":\"https:\\\/\\\/kuali.com.mx\\\/web\\\/2016\\\/08\\\/12\\\/ofrece-orquesta-sinfonica-de-la-ug-concierto-en-cereso-mil\\\/#breadcrumb\"},\"inLanguage\":\"es\",\"potentialAction\":[{\"@type\":\"ReadAction\",\"target\":[\"https:\\\/\\\/kuali.com.mx\\\/web\\\/2016\\\/08\\\/12\\\/ofrece-orquesta-sinfonica-de-la-ug-concierto-en-cereso-mil\\\/\"]}]},{\"@type\":\"ImageObject\",\"inLanguage\":\"es\",\"@id\":\"https:\\\/\\\/kuali.com.mx\\\/web\\\/2016\\\/08\\\/12\\\/ofrece-orquesta-sinfonica-de-la-ug-concierto-en-cereso-mil\\\/#primaryimage\",\"url\":\"https:\\\/\\\/kuali.com.mx\\\/web\\\/wp-content\\\/uploads\\\/2016\\\/08\\\/Explicaci\u00f3n-Mtro.-Roberto-Beltr\u00e1n-2-e1471026222222.jpg\",\"contentUrl\":\"https:\\\/\\\/kuali.com.mx\\\/web\\\/wp-content\\\/uploads\\\/2016\\\/08\\\/Explicaci\u00f3n-Mtro.-Roberto-Beltr\u00e1n-2-e1471026222222.jpg\",\"width\":1000,\"height\":561},{\"@type\":\"BreadcrumbList\",\"@id\":\"https:\\\/\\\/kuali.com.mx\\\/web\\\/2016\\\/08\\\/12\\\/ofrece-orquesta-sinfonica-de-la-ug-concierto-en-cereso-mil\\\/#breadcrumb\",\"itemListElement\":[{\"@type\":\"ListItem\",\"position\":1,\"name\":\"Inicio\",\"item\":\"https:\\\/\\\/kuali.com.mx\\\/web\\\/\"},{\"@type\":\"ListItem\",\"position\":2,\"name\":\"OFRECE ORQUESTA SINF\u00d3NICA DE LA UG CONCIERTO EN CERESO MIL\"}]},{\"@type\":\"WebSite\",\"@id\":\"https:\\\/\\\/kuali.com.mx\\\/web\\\/#website\",\"url\":\"https:\\\/\\\/kuali.com.mx\\\/web\\\/\",\"name\":\"Kuali\",\"description\":\"\",\"potentialAction\":[{\"@type\":\"SearchAction\",\"target\":{\"@type\":\"EntryPoint\",\"urlTemplate\":\"https:\\\/\\\/kuali.com.mx\\\/web\\\/?s={search_term_string}\"},\"query-input\":{\"@type\":\"PropertyValueSpecification\",\"valueRequired\":true,\"valueName\":\"search_term_string\"}}],\"inLanguage\":\"es\"},{\"@type\":\"Person\",\"@id\":\"https:\\\/\\\/kuali.com.mx\\\/web\\\/#\\\/schema\\\/person\\\/6f89ffa8ecba9dae50662357923c5289\",\"name\":\"Kuali Staff\",\"image\":{\"@type\":\"ImageObject\",\"inLanguage\":\"es\",\"@id\":\"https:\\\/\\\/secure.gravatar.com\\\/avatar\\\/f917ad82e5ab71227a733c78b6e60715476f69ee6be59feee4eb5d9920c89e0f?s=96&d=mm&r=g\",\"url\":\"https:\\\/\\\/secure.gravatar.com\\\/avatar\\\/f917ad82e5ab71227a733c78b6e60715476f69ee6be59feee4eb5d9920c89e0f?s=96&d=mm&r=g\",\"contentUrl\":\"https:\\\/\\\/secure.gravatar.com\\\/avatar\\\/f917ad82e5ab71227a733c78b6e60715476f69ee6be59feee4eb5d9920c89e0f?s=96&d=mm&r=g\",\"caption\":\"Kuali Staff\"},\"url\":\"https:\\\/\\\/kuali.com.mx\\\/web\\\/author\\\/lagarto\\\/\"}]}<\/script>\n<!-- \/ Yoast SEO plugin. -->","yoast_head_json":{"title":"OFRECE ORQUESTA SINF\u00d3NICA DE LA UG CONCIERTO EN CERESO MIL - Kuali","robots":{"index":"index","follow":"follow","max-snippet":"max-snippet:-1","max-image-preview":"max-image-preview:large","max-video-preview":"max-video-preview:-1"},"canonical":"https:\/\/kuali.com.mx\/web\/2016\/08\/12\/ofrece-orquesta-sinfonica-de-la-ug-concierto-en-cereso-mil\/","og_locale":"es_MX","og_type":"article","og_title":"OFRECE ORQUESTA SINF\u00d3NICA DE LA UG CONCIERTO EN CERESO MIL - Kuali","og_description":"Kuali\/Valle de Santiago, Gto.-La Orquesta Sinf\u00f3nica de la Universidad de Guanajuato (OSUG) es la \u00fanica orquesta perteneciente a una instituci\u00f3n educativa de este pa\u00eds que ofrece conciertos en los Centros de Readaptaci\u00f3n Social (Ceresos).","og_url":"https:\/\/kuali.com.mx\/web\/2016\/08\/12\/ofrece-orquesta-sinfonica-de-la-ug-concierto-en-cereso-mil\/","og_site_name":"Kuali","article_publisher":"https:\/\/kuali.com.mx\/web\/wp-content\/uploads\/2018\/04\/cropped-kuali_logo-1-1.png","article_published_time":"2016-08-12T18:23:58+00:00","article_modified_time":"2016-08-13T13:08:02+00:00","og_image":[{"width":1000,"height":561,"url":"https:\/\/kuali.com.mx\/web\/wp-content\/uploads\/2016\/08\/Explicaci\u00f3n-Mtro.-Roberto-Beltr\u00e1n-2-e1471026222222.jpg","type":"image\/jpeg"}],"author":"Kuali Staff","twitter_card":"summary_large_image","twitter_creator":"@kuali_noticias","twitter_site":"@kuali_noticias","twitter_misc":{"Escrito por":"Kuali Staff","Tiempo de lectura":"5 minutos"},"schema":{"@context":"https:\/\/schema.org","@graph":[{"@type":"Article","@id":"https:\/\/kuali.com.mx\/web\/2016\/08\/12\/ofrece-orquesta-sinfonica-de-la-ug-concierto-en-cereso-mil\/#article","isPartOf":{"@id":"https:\/\/kuali.com.mx\/web\/2016\/08\/12\/ofrece-orquesta-sinfonica-de-la-ug-concierto-en-cereso-mil\/"},"author":{"name":"Kuali Staff","@id":"https:\/\/kuali.com.mx\/web\/#\/schema\/person\/6f89ffa8ecba9dae50662357923c5289"},"headline":"OFRECE ORQUESTA SINF\u00d3NICA DE LA UG CONCIERTO EN CERESO MIL","datePublished":"2016-08-12T18:23:58+00:00","dateModified":"2016-08-13T13:08:02+00:00","mainEntityOfPage":{"@id":"https:\/\/kuali.com.mx\/web\/2016\/08\/12\/ofrece-orquesta-sinfonica-de-la-ug-concierto-en-cereso-mil\/"},"wordCount":933,"commentCount":0,"image":{"@id":"https:\/\/kuali.com.mx\/web\/2016\/08\/12\/ofrece-orquesta-sinfonica-de-la-ug-concierto-en-cereso-mil\/#primaryimage"},"thumbnailUrl":"https:\/\/kuali.com.mx\/web\/wp-content\/uploads\/2016\/08\/Explicaci\u00f3n-Mtro.-Roberto-Beltr\u00e1n-2-e1471026222222.jpg","articleSection":["Cultura"],"inLanguage":"es","potentialAction":[{"@type":"CommentAction","name":"Comment","target":["https:\/\/kuali.com.mx\/web\/2016\/08\/12\/ofrece-orquesta-sinfonica-de-la-ug-concierto-en-cereso-mil\/#respond"]}]},{"@type":"WebPage","@id":"https:\/\/kuali.com.mx\/web\/2016\/08\/12\/ofrece-orquesta-sinfonica-de-la-ug-concierto-en-cereso-mil\/","url":"https:\/\/kuali.com.mx\/web\/2016\/08\/12\/ofrece-orquesta-sinfonica-de-la-ug-concierto-en-cereso-mil\/","name":"OFRECE ORQUESTA SINF\u00d3NICA DE LA UG CONCIERTO EN CERESO MIL - Kuali","isPartOf":{"@id":"https:\/\/kuali.com.mx\/web\/#website"},"primaryImageOfPage":{"@id":"https:\/\/kuali.com.mx\/web\/2016\/08\/12\/ofrece-orquesta-sinfonica-de-la-ug-concierto-en-cereso-mil\/#primaryimage"},"image":{"@id":"https:\/\/kuali.com.mx\/web\/2016\/08\/12\/ofrece-orquesta-sinfonica-de-la-ug-concierto-en-cereso-mil\/#primaryimage"},"thumbnailUrl":"https:\/\/kuali.com.mx\/web\/wp-content\/uploads\/2016\/08\/Explicaci\u00f3n-Mtro.-Roberto-Beltr\u00e1n-2-e1471026222222.jpg","datePublished":"2016-08-12T18:23:58+00:00","dateModified":"2016-08-13T13:08:02+00:00","author":{"@id":"https:\/\/kuali.com.mx\/web\/#\/schema\/person\/6f89ffa8ecba9dae50662357923c5289"},"breadcrumb":{"@id":"https:\/\/kuali.com.mx\/web\/2016\/08\/12\/ofrece-orquesta-sinfonica-de-la-ug-concierto-en-cereso-mil\/#breadcrumb"},"inLanguage":"es","potentialAction":[{"@type":"ReadAction","target":["https:\/\/kuali.com.mx\/web\/2016\/08\/12\/ofrece-orquesta-sinfonica-de-la-ug-concierto-en-cereso-mil\/"]}]},{"@type":"ImageObject","inLanguage":"es","@id":"https:\/\/kuali.com.mx\/web\/2016\/08\/12\/ofrece-orquesta-sinfonica-de-la-ug-concierto-en-cereso-mil\/#primaryimage","url":"https:\/\/kuali.com.mx\/web\/wp-content\/uploads\/2016\/08\/Explicaci\u00f3n-Mtro.-Roberto-Beltr\u00e1n-2-e1471026222222.jpg","contentUrl":"https:\/\/kuali.com.mx\/web\/wp-content\/uploads\/2016\/08\/Explicaci\u00f3n-Mtro.-Roberto-Beltr\u00e1n-2-e1471026222222.jpg","width":1000,"height":561},{"@type":"BreadcrumbList","@id":"https:\/\/kuali.com.mx\/web\/2016\/08\/12\/ofrece-orquesta-sinfonica-de-la-ug-concierto-en-cereso-mil\/#breadcrumb","itemListElement":[{"@type":"ListItem","position":1,"name":"Inicio","item":"https:\/\/kuali.com.mx\/web\/"},{"@type":"ListItem","position":2,"name":"OFRECE ORQUESTA SINF\u00d3NICA DE LA UG CONCIERTO EN CERESO MIL"}]},{"@type":"WebSite","@id":"https:\/\/kuali.com.mx\/web\/#website","url":"https:\/\/kuali.com.mx\/web\/","name":"Kuali","description":"","potentialAction":[{"@type":"SearchAction","target":{"@type":"EntryPoint","urlTemplate":"https:\/\/kuali.com.mx\/web\/?s={search_term_string}"},"query-input":{"@type":"PropertyValueSpecification","valueRequired":true,"valueName":"search_term_string"}}],"inLanguage":"es"},{"@type":"Person","@id":"https:\/\/kuali.com.mx\/web\/#\/schema\/person\/6f89ffa8ecba9dae50662357923c5289","name":"Kuali Staff","image":{"@type":"ImageObject","inLanguage":"es","@id":"https:\/\/secure.gravatar.com\/avatar\/f917ad82e5ab71227a733c78b6e60715476f69ee6be59feee4eb5d9920c89e0f?s=96&d=mm&r=g","url":"https:\/\/secure.gravatar.com\/avatar\/f917ad82e5ab71227a733c78b6e60715476f69ee6be59feee4eb5d9920c89e0f?s=96&d=mm&r=g","contentUrl":"https:\/\/secure.gravatar.com\/avatar\/f917ad82e5ab71227a733c78b6e60715476f69ee6be59feee4eb5d9920c89e0f?s=96&d=mm&r=g","caption":"Kuali Staff"},"url":"https:\/\/kuali.com.mx\/web\/author\/lagarto\/"}]}},"_links":{"self":[{"href":"https:\/\/kuali.com.mx\/web\/wp-json\/wp\/v2\/posts\/16597","targetHints":{"allow":["GET"]}}],"collection":[{"href":"https:\/\/kuali.com.mx\/web\/wp-json\/wp\/v2\/posts"}],"about":[{"href":"https:\/\/kuali.com.mx\/web\/wp-json\/wp\/v2\/types\/post"}],"author":[{"embeddable":true,"href":"https:\/\/kuali.com.mx\/web\/wp-json\/wp\/v2\/users\/2"}],"replies":[{"embeddable":true,"href":"https:\/\/kuali.com.mx\/web\/wp-json\/wp\/v2\/comments?post=16597"}],"version-history":[{"count":1,"href":"https:\/\/kuali.com.mx\/web\/wp-json\/wp\/v2\/posts\/16597\/revisions"}],"predecessor-version":[{"id":16599,"href":"https:\/\/kuali.com.mx\/web\/wp-json\/wp\/v2\/posts\/16597\/revisions\/16599"}],"wp:featuredmedia":[{"embeddable":true,"href":"https:\/\/kuali.com.mx\/web\/wp-json\/wp\/v2\/media\/16598"}],"wp:attachment":[{"href":"https:\/\/kuali.com.mx\/web\/wp-json\/wp\/v2\/media?parent=16597"}],"wp:term":[{"taxonomy":"category","embeddable":true,"href":"https:\/\/kuali.com.mx\/web\/wp-json\/wp\/v2\/categories?post=16597"},{"taxonomy":"post_tag","embeddable":true,"href":"https:\/\/kuali.com.mx\/web\/wp-json\/wp\/v2\/tags?post=16597"}],"curies":[{"name":"wp","href":"https:\/\/api.w.org\/{rel}","templated":true}]}}