{"id":165890,"date":"2025-01-13T13:39:25","date_gmt":"2025-01-13T19:39:25","guid":{"rendered":"https:\/\/kuali.com.mx\/web\/?p=165890"},"modified":"2025-01-13T20:52:50","modified_gmt":"2025-01-14T02:52:50","slug":"james-rodriguez-refuerzo-estelar-de-la-fiera","status":"publish","type":"post","link":"https:\/\/kuali.com.mx\/web\/2025\/01\/13\/james-rodriguez-refuerzo-estelar-de-la-fiera\/","title":{"rendered":"JAMES RODR\u00cdGUEZ, REFUERZO ESTELAR DE LA FIERA"},"content":{"rendered":"\n<p><em><strong>La Jornada\/Le\u00f3n, Gto<\/strong>.<\/em>\u00a0James Rodr\u00edguez, mediocampista de la selecci\u00f3n colombiana y ex jugador del Real Madrid, fue anunciado este lunes por el Le\u00f3n como su nuevo refuerzo para el Clausura 2025.<\/p>\n\n\n\n<p>En un video difundido en redes sociales, el club guanajuatense hizo oficial un traspaso que empez\u00f3 a negociarse desde hace varias semanas con los directivos del Rayo Vallecano espa\u00f1ol, su anterior equipo.<\/p>\n\n\n\n<p>Luego de disputar solo seis partidos y quedar fuera de los planes de su entrenador, Rodr\u00edguez, presentado como un gladiador romano por la fiera, solicit\u00f3 la rescisi\u00f3n de su contrato para poner un nuevo rumbo en su carrera. Instituciones como Boca Juniors y Banfield lo pretendieron en Argentina, pero el seleccionado nacional colombiano cerr\u00f3 el acuerdo con los Panzas Verdes.<\/p>\n\n\n\n<p>El presidente del club, Jes\u00fas Mart\u00ednez Murgu\u00eda, comparti\u00f3 una foto del momento en que ambos firmaron su contrato.<\/p>\n","protected":false},"excerpt":{"rendered":"La Jornada\/Le\u00f3n, Gto.\u00a0James Rodr\u00edguez, mediocampista de la selecci\u00f3n colombiana y ex jugador del Real Madrid, fue anunciado este lunes por el Le\u00f3n como su nuevo refuerzo para el Clausura 2025. En un video difundido en redes sociales, el club guanajuatense hizo oficial un traspaso que empez\u00f3 a negociarse desde hace varias semanas con los directivos [&hellip;]","protected":false},"author":2,"featured_media":165892,"comment_status":"open","ping_status":"open","sticky":false,"template":"","format":"standard","meta":{"_seopress_robots_primary_cat":"none","_seopress_titles_title":"","_seopress_titles_desc":"","_seopress_robots_index":"","_monsterinsights_skip_tracking":false,"_monsterinsights_sitenote_active":false,"_monsterinsights_sitenote_note":"","_monsterinsights_sitenote_category":0,"footnotes":""},"categories":[16],"tags":[],"class_list":["post-165890","post","type-post","status-publish","format-standard","has-post-thumbnail","hentry","category-deportes"],"yoast_head":"<!-- This site is optimized with the Yoast SEO plugin v27.4 - https:\/\/yoast.com\/product\/yoast-seo-wordpress\/ -->\n<title>JAMES RODR\u00cdGUEZ, REFUERZO ESTELAR DE LA FIERA - Kuali<\/title>\n<meta name=\"robots\" content=\"index, follow, max-snippet:-1, max-image-preview:large, max-video-preview:-1\" \/>\n<link rel=\"canonical\" href=\"https:\/\/kuali.com.mx\/web\/2025\/01\/13\/james-rodriguez-refuerzo-estelar-de-la-fiera\/\" \/>\n<meta property=\"og:locale\" content=\"es_MX\" \/>\n<meta property=\"og:type\" content=\"article\" \/>\n<meta property=\"og:title\" content=\"JAMES RODR\u00cdGUEZ, REFUERZO ESTELAR DE LA FIERA - Kuali\" \/>\n<meta property=\"og:description\" content=\"La Jornada\/Le\u00f3n, Gto.\u00a0James Rodr\u00edguez, mediocampista de la selecci\u00f3n colombiana y ex jugador del Real Madrid, fue anunciado este lunes por el Le\u00f3n como su nuevo refuerzo para el Clausura 2025. En un video difundido en redes sociales, el club guanajuatense hizo oficial un traspaso que empez\u00f3 a negociarse desde hace varias semanas con los directivos [&hellip;]\" \/>\n<meta property=\"og:url\" content=\"https:\/\/kuali.com.mx\/web\/2025\/01\/13\/james-rodriguez-refuerzo-estelar-de-la-fiera\/\" \/>\n<meta property=\"og:site_name\" content=\"Kuali\" \/>\n<meta property=\"article:publisher\" content=\"https:\/\/kuali.com.mx\/web\/wp-content\/uploads\/2018\/04\/cropped-kuali_logo-1-1.png\" \/>\n<meta property=\"article:published_time\" content=\"2025-01-13T19:39:25+00:00\" \/>\n<meta property=\"article:modified_time\" content=\"2025-01-14T02:52:50+00:00\" \/>\n<meta property=\"og:image\" content=\"https:\/\/kuali.com.mx\/web\/wp-content\/uploads\/2025\/01\/james.jpg\" \/>\n\t<meta property=\"og:image:width\" content=\"2048\" \/>\n\t<meta property=\"og:image:height\" content=\"902\" \/>\n\t<meta property=\"og:image:type\" content=\"image\/jpeg\" \/>\n<meta name=\"author\" content=\"Kuali Staff\" \/>\n<meta name=\"twitter:card\" content=\"summary_large_image\" \/>\n<meta name=\"twitter:creator\" content=\"@kuali_noticias\" \/>\n<meta name=\"twitter:site\" content=\"@kuali_noticias\" \/>\n<meta name=\"twitter:label1\" content=\"Escrito por\" \/>\n\t<meta name=\"twitter:data1\" content=\"Kuali Staff\" \/>\n\t<meta name=\"twitter:label2\" content=\"Tiempo de lectura\" \/>\n\t<meta name=\"twitter:data2\" content=\"1 minuto\" \/>\n<script type=\"application\/ld+json\" class=\"yoast-schema-graph\">{\"@context\":\"https:\\\/\\\/schema.org\",\"@graph\":[{\"@type\":\"Article\",\"@id\":\"https:\\\/\\\/kuali.com.mx\\\/web\\\/2025\\\/01\\\/13\\\/james-rodriguez-refuerzo-estelar-de-la-fiera\\\/#article\",\"isPartOf\":{\"@id\":\"https:\\\/\\\/kuali.com.mx\\\/web\\\/2025\\\/01\\\/13\\\/james-rodriguez-refuerzo-estelar-de-la-fiera\\\/\"},\"author\":{\"name\":\"Kuali Staff\",\"@id\":\"https:\\\/\\\/kuali.com.mx\\\/web\\\/#\\\/schema\\\/person\\\/6f89ffa8ecba9dae50662357923c5289\"},\"headline\":\"JAMES RODR\u00cdGUEZ, REFUERZO ESTELAR DE LA FIERA\",\"datePublished\":\"2025-01-13T19:39:25+00:00\",\"dateModified\":\"2025-01-14T02:52:50+00:00\",\"mainEntityOfPage\":{\"@id\":\"https:\\\/\\\/kuali.com.mx\\\/web\\\/2025\\\/01\\\/13\\\/james-rodriguez-refuerzo-estelar-de-la-fiera\\\/\"},\"wordCount\":159,\"commentCount\":0,\"image\":{\"@id\":\"https:\\\/\\\/kuali.com.mx\\\/web\\\/2025\\\/01\\\/13\\\/james-rodriguez-refuerzo-estelar-de-la-fiera\\\/#primaryimage\"},\"thumbnailUrl\":\"https:\\\/\\\/kuali.com.mx\\\/web\\\/wp-content\\\/uploads\\\/2025\\\/01\\\/james.jpg\",\"articleSection\":[\"Deportes\"],\"inLanguage\":\"es\",\"potentialAction\":[{\"@type\":\"CommentAction\",\"name\":\"Comment\",\"target\":[\"https:\\\/\\\/kuali.com.mx\\\/web\\\/2025\\\/01\\\/13\\\/james-rodriguez-refuerzo-estelar-de-la-fiera\\\/#respond\"]}]},{\"@type\":\"WebPage\",\"@id\":\"https:\\\/\\\/kuali.com.mx\\\/web\\\/2025\\\/01\\\/13\\\/james-rodriguez-refuerzo-estelar-de-la-fiera\\\/\",\"url\":\"https:\\\/\\\/kuali.com.mx\\\/web\\\/2025\\\/01\\\/13\\\/james-rodriguez-refuerzo-estelar-de-la-fiera\\\/\",\"name\":\"JAMES RODR\u00cdGUEZ, REFUERZO ESTELAR DE LA FIERA - Kuali\",\"isPartOf\":{\"@id\":\"https:\\\/\\\/kuali.com.mx\\\/web\\\/#website\"},\"primaryImageOfPage\":{\"@id\":\"https:\\\/\\\/kuali.com.mx\\\/web\\\/2025\\\/01\\\/13\\\/james-rodriguez-refuerzo-estelar-de-la-fiera\\\/#primaryimage\"},\"image\":{\"@id\":\"https:\\\/\\\/kuali.com.mx\\\/web\\\/2025\\\/01\\\/13\\\/james-rodriguez-refuerzo-estelar-de-la-fiera\\\/#primaryimage\"},\"thumbnailUrl\":\"https:\\\/\\\/kuali.com.mx\\\/web\\\/wp-content\\\/uploads\\\/2025\\\/01\\\/james.jpg\",\"datePublished\":\"2025-01-13T19:39:25+00:00\",\"dateModified\":\"2025-01-14T02:52:50+00:00\",\"author\":{\"@id\":\"https:\\\/\\\/kuali.com.mx\\\/web\\\/#\\\/schema\\\/person\\\/6f89ffa8ecba9dae50662357923c5289\"},\"breadcrumb\":{\"@id\":\"https:\\\/\\\/kuali.com.mx\\\/web\\\/2025\\\/01\\\/13\\\/james-rodriguez-refuerzo-estelar-de-la-fiera\\\/#breadcrumb\"},\"inLanguage\":\"es\",\"potentialAction\":[{\"@type\":\"ReadAction\",\"target\":[\"https:\\\/\\\/kuali.com.mx\\\/web\\\/2025\\\/01\\\/13\\\/james-rodriguez-refuerzo-estelar-de-la-fiera\\\/\"]}]},{\"@type\":\"ImageObject\",\"inLanguage\":\"es\",\"@id\":\"https:\\\/\\\/kuali.com.mx\\\/web\\\/2025\\\/01\\\/13\\\/james-rodriguez-refuerzo-estelar-de-la-fiera\\\/#primaryimage\",\"url\":\"https:\\\/\\\/kuali.com.mx\\\/web\\\/wp-content\\\/uploads\\\/2025\\\/01\\\/james.jpg\",\"contentUrl\":\"https:\\\/\\\/kuali.com.mx\\\/web\\\/wp-content\\\/uploads\\\/2025\\\/01\\\/james.jpg\",\"width\":2048,\"height\":902},{\"@type\":\"BreadcrumbList\",\"@id\":\"https:\\\/\\\/kuali.com.mx\\\/web\\\/2025\\\/01\\\/13\\\/james-rodriguez-refuerzo-estelar-de-la-fiera\\\/#breadcrumb\",\"itemListElement\":[{\"@type\":\"ListItem\",\"position\":1,\"name\":\"Inicio\",\"item\":\"https:\\\/\\\/kuali.com.mx\\\/web\\\/\"},{\"@type\":\"ListItem\",\"position\":2,\"name\":\"JAMES RODR\u00cdGUEZ, REFUERZO ESTELAR DE LA FIERA\"}]},{\"@type\":\"WebSite\",\"@id\":\"https:\\\/\\\/kuali.com.mx\\\/web\\\/#website\",\"url\":\"https:\\\/\\\/kuali.com.mx\\\/web\\\/\",\"name\":\"Kuali\",\"description\":\"\",\"potentialAction\":[{\"@type\":\"SearchAction\",\"target\":{\"@type\":\"EntryPoint\",\"urlTemplate\":\"https:\\\/\\\/kuali.com.mx\\\/web\\\/?s={search_term_string}\"},\"query-input\":{\"@type\":\"PropertyValueSpecification\",\"valueRequired\":true,\"valueName\":\"search_term_string\"}}],\"inLanguage\":\"es\"},{\"@type\":\"Person\",\"@id\":\"https:\\\/\\\/kuali.com.mx\\\/web\\\/#\\\/schema\\\/person\\\/6f89ffa8ecba9dae50662357923c5289\",\"name\":\"Kuali Staff\",\"image\":{\"@type\":\"ImageObject\",\"inLanguage\":\"es\",\"@id\":\"https:\\\/\\\/secure.gravatar.com\\\/avatar\\\/f917ad82e5ab71227a733c78b6e60715476f69ee6be59feee4eb5d9920c89e0f?s=96&d=mm&r=g\",\"url\":\"https:\\\/\\\/secure.gravatar.com\\\/avatar\\\/f917ad82e5ab71227a733c78b6e60715476f69ee6be59feee4eb5d9920c89e0f?s=96&d=mm&r=g\",\"contentUrl\":\"https:\\\/\\\/secure.gravatar.com\\\/avatar\\\/f917ad82e5ab71227a733c78b6e60715476f69ee6be59feee4eb5d9920c89e0f?s=96&d=mm&r=g\",\"caption\":\"Kuali Staff\"},\"url\":\"https:\\\/\\\/kuali.com.mx\\\/web\\\/author\\\/lagarto\\\/\"}]}<\/script>\n<!-- \/ Yoast SEO plugin. -->","yoast_head_json":{"title":"JAMES RODR\u00cdGUEZ, REFUERZO ESTELAR DE LA FIERA - Kuali","robots":{"index":"index","follow":"follow","max-snippet":"max-snippet:-1","max-image-preview":"max-image-preview:large","max-video-preview":"max-video-preview:-1"},"canonical":"https:\/\/kuali.com.mx\/web\/2025\/01\/13\/james-rodriguez-refuerzo-estelar-de-la-fiera\/","og_locale":"es_MX","og_type":"article","og_title":"JAMES RODR\u00cdGUEZ, REFUERZO ESTELAR DE LA FIERA - Kuali","og_description":"La Jornada\/Le\u00f3n, Gto.\u00a0James Rodr\u00edguez, mediocampista de la selecci\u00f3n colombiana y ex jugador del Real Madrid, fue anunciado este lunes por el Le\u00f3n como su nuevo refuerzo para el Clausura 2025. En un video difundido en redes sociales, el club guanajuatense hizo oficial un traspaso que empez\u00f3 a negociarse desde hace varias semanas con los directivos [&hellip;]","og_url":"https:\/\/kuali.com.mx\/web\/2025\/01\/13\/james-rodriguez-refuerzo-estelar-de-la-fiera\/","og_site_name":"Kuali","article_publisher":"https:\/\/kuali.com.mx\/web\/wp-content\/uploads\/2018\/04\/cropped-kuali_logo-1-1.png","article_published_time":"2025-01-13T19:39:25+00:00","article_modified_time":"2025-01-14T02:52:50+00:00","og_image":[{"width":2048,"height":902,"url":"https:\/\/kuali.com.mx\/web\/wp-content\/uploads\/2025\/01\/james.jpg","type":"image\/jpeg"}],"author":"Kuali Staff","twitter_card":"summary_large_image","twitter_creator":"@kuali_noticias","twitter_site":"@kuali_noticias","twitter_misc":{"Escrito por":"Kuali Staff","Tiempo de lectura":"1 minuto"},"schema":{"@context":"https:\/\/schema.org","@graph":[{"@type":"Article","@id":"https:\/\/kuali.com.mx\/web\/2025\/01\/13\/james-rodriguez-refuerzo-estelar-de-la-fiera\/#article","isPartOf":{"@id":"https:\/\/kuali.com.mx\/web\/2025\/01\/13\/james-rodriguez-refuerzo-estelar-de-la-fiera\/"},"author":{"name":"Kuali Staff","@id":"https:\/\/kuali.com.mx\/web\/#\/schema\/person\/6f89ffa8ecba9dae50662357923c5289"},"headline":"JAMES RODR\u00cdGUEZ, REFUERZO ESTELAR DE LA FIERA","datePublished":"2025-01-13T19:39:25+00:00","dateModified":"2025-01-14T02:52:50+00:00","mainEntityOfPage":{"@id":"https:\/\/kuali.com.mx\/web\/2025\/01\/13\/james-rodriguez-refuerzo-estelar-de-la-fiera\/"},"wordCount":159,"commentCount":0,"image":{"@id":"https:\/\/kuali.com.mx\/web\/2025\/01\/13\/james-rodriguez-refuerzo-estelar-de-la-fiera\/#primaryimage"},"thumbnailUrl":"https:\/\/kuali.com.mx\/web\/wp-content\/uploads\/2025\/01\/james.jpg","articleSection":["Deportes"],"inLanguage":"es","potentialAction":[{"@type":"CommentAction","name":"Comment","target":["https:\/\/kuali.com.mx\/web\/2025\/01\/13\/james-rodriguez-refuerzo-estelar-de-la-fiera\/#respond"]}]},{"@type":"WebPage","@id":"https:\/\/kuali.com.mx\/web\/2025\/01\/13\/james-rodriguez-refuerzo-estelar-de-la-fiera\/","url":"https:\/\/kuali.com.mx\/web\/2025\/01\/13\/james-rodriguez-refuerzo-estelar-de-la-fiera\/","name":"JAMES RODR\u00cdGUEZ, REFUERZO ESTELAR DE LA FIERA - Kuali","isPartOf":{"@id":"https:\/\/kuali.com.mx\/web\/#website"},"primaryImageOfPage":{"@id":"https:\/\/kuali.com.mx\/web\/2025\/01\/13\/james-rodriguez-refuerzo-estelar-de-la-fiera\/#primaryimage"},"image":{"@id":"https:\/\/kuali.com.mx\/web\/2025\/01\/13\/james-rodriguez-refuerzo-estelar-de-la-fiera\/#primaryimage"},"thumbnailUrl":"https:\/\/kuali.com.mx\/web\/wp-content\/uploads\/2025\/01\/james.jpg","datePublished":"2025-01-13T19:39:25+00:00","dateModified":"2025-01-14T02:52:50+00:00","author":{"@id":"https:\/\/kuali.com.mx\/web\/#\/schema\/person\/6f89ffa8ecba9dae50662357923c5289"},"breadcrumb":{"@id":"https:\/\/kuali.com.mx\/web\/2025\/01\/13\/james-rodriguez-refuerzo-estelar-de-la-fiera\/#breadcrumb"},"inLanguage":"es","potentialAction":[{"@type":"ReadAction","target":["https:\/\/kuali.com.mx\/web\/2025\/01\/13\/james-rodriguez-refuerzo-estelar-de-la-fiera\/"]}]},{"@type":"ImageObject","inLanguage":"es","@id":"https:\/\/kuali.com.mx\/web\/2025\/01\/13\/james-rodriguez-refuerzo-estelar-de-la-fiera\/#primaryimage","url":"https:\/\/kuali.com.mx\/web\/wp-content\/uploads\/2025\/01\/james.jpg","contentUrl":"https:\/\/kuali.com.mx\/web\/wp-content\/uploads\/2025\/01\/james.jpg","width":2048,"height":902},{"@type":"BreadcrumbList","@id":"https:\/\/kuali.com.mx\/web\/2025\/01\/13\/james-rodriguez-refuerzo-estelar-de-la-fiera\/#breadcrumb","itemListElement":[{"@type":"ListItem","position":1,"name":"Inicio","item":"https:\/\/kuali.com.mx\/web\/"},{"@type":"ListItem","position":2,"name":"JAMES RODR\u00cdGUEZ, REFUERZO ESTELAR DE LA FIERA"}]},{"@type":"WebSite","@id":"https:\/\/kuali.com.mx\/web\/#website","url":"https:\/\/kuali.com.mx\/web\/","name":"Kuali","description":"","potentialAction":[{"@type":"SearchAction","target":{"@type":"EntryPoint","urlTemplate":"https:\/\/kuali.com.mx\/web\/?s={search_term_string}"},"query-input":{"@type":"PropertyValueSpecification","valueRequired":true,"valueName":"search_term_string"}}],"inLanguage":"es"},{"@type":"Person","@id":"https:\/\/kuali.com.mx\/web\/#\/schema\/person\/6f89ffa8ecba9dae50662357923c5289","name":"Kuali Staff","image":{"@type":"ImageObject","inLanguage":"es","@id":"https:\/\/secure.gravatar.com\/avatar\/f917ad82e5ab71227a733c78b6e60715476f69ee6be59feee4eb5d9920c89e0f?s=96&d=mm&r=g","url":"https:\/\/secure.gravatar.com\/avatar\/f917ad82e5ab71227a733c78b6e60715476f69ee6be59feee4eb5d9920c89e0f?s=96&d=mm&r=g","contentUrl":"https:\/\/secure.gravatar.com\/avatar\/f917ad82e5ab71227a733c78b6e60715476f69ee6be59feee4eb5d9920c89e0f?s=96&d=mm&r=g","caption":"Kuali Staff"},"url":"https:\/\/kuali.com.mx\/web\/author\/lagarto\/"}]}},"_links":{"self":[{"href":"https:\/\/kuali.com.mx\/web\/wp-json\/wp\/v2\/posts\/165890","targetHints":{"allow":["GET"]}}],"collection":[{"href":"https:\/\/kuali.com.mx\/web\/wp-json\/wp\/v2\/posts"}],"about":[{"href":"https:\/\/kuali.com.mx\/web\/wp-json\/wp\/v2\/types\/post"}],"author":[{"embeddable":true,"href":"https:\/\/kuali.com.mx\/web\/wp-json\/wp\/v2\/users\/2"}],"replies":[{"embeddable":true,"href":"https:\/\/kuali.com.mx\/web\/wp-json\/wp\/v2\/comments?post=165890"}],"version-history":[{"count":1,"href":"https:\/\/kuali.com.mx\/web\/wp-json\/wp\/v2\/posts\/165890\/revisions"}],"predecessor-version":[{"id":165893,"href":"https:\/\/kuali.com.mx\/web\/wp-json\/wp\/v2\/posts\/165890\/revisions\/165893"}],"wp:featuredmedia":[{"embeddable":true,"href":"https:\/\/kuali.com.mx\/web\/wp-json\/wp\/v2\/media\/165892"}],"wp:attachment":[{"href":"https:\/\/kuali.com.mx\/web\/wp-json\/wp\/v2\/media?parent=165890"}],"wp:term":[{"taxonomy":"category","embeddable":true,"href":"https:\/\/kuali.com.mx\/web\/wp-json\/wp\/v2\/categories?post=165890"},{"taxonomy":"post_tag","embeddable":true,"href":"https:\/\/kuali.com.mx\/web\/wp-json\/wp\/v2\/tags?post=165890"}],"curies":[{"name":"wp","href":"https:\/\/api.w.org\/{rel}","templated":true}]}}