{"id":165828,"date":"2025-01-12T20:37:00","date_gmt":"2025-01-13T02:37:00","guid":{"rendered":"https:\/\/kuali.com.mx\/web\/?p=165828"},"modified":"2025-01-13T08:05:12","modified_gmt":"2025-01-13T14:05:12","slug":"vinculan-a-2-sicarios-que-mataron-a-27-internos-de-un-anexo","status":"publish","type":"post","link":"https:\/\/kuali.com.mx\/web\/2025\/01\/12\/vinculan-a-2-sicarios-que-mataron-a-27-internos-de-un-anexo\/","title":{"rendered":"VINCULAN A 2 SICARIOS QUE MATARON A 27 INTERNOS DE UN ANEXO"},"content":{"rendered":"\n<p><strong><em>Carlos Garc\u00eda\/ Irapuato, Gto.-<\/em><\/strong> Dos implicados en la masacre de 27 internos del anexo \u201cBuscando el Camino a Mi Recuperaci\u00f3n\u201d, del municipio de Irapuato, fueron  vinculados a proceso penal, inform\u00f3 la Fiscal\u00eda General del Estado (FGE).<\/p>\n\n\n\n<p>Por el multihomicidio, cometido el primero de julio del 2020, Jes\u00fas Emmanuel Quezada Mart\u00ednez, \u201cEl Jordan\u201d, ya hab\u00eda sido sentenciado a 797 a\u00f1os de prisi\u00f3n.<\/p>\n\n\n\n<p>Por la masacre m\u00e1s grande cometida en el estado de Guanajuato, fueron detenidos H\u00e9ctor Eduardo y \u00d3scar Iv\u00e1n.<\/p>\n\n\n\n<p>Un juez lo vincul\u00f3 a proceso penal por participar en el asesinato de 24 internos de un centro de rehabilitaci\u00f3n ubicado en la comunidad de Arandas.<\/p>\n\n\n\n<p>\u201cAl lugar ingresaron tres hombres con el rostro cubierto, portando armas de fuego; los inculpados se dirigieron a la planta alta y amagaron a los internos\u201d, record\u00f3 la Fiscal\u00eda.<\/p>\n\n\n\n<p>Agreg\u00f3 que cuando las personas en rehabilitaci\u00f3n estaban sometidas, les pidieron informaci\u00f3n sobre un hombre.<\/p>\n\n\n\n<p>\u201cAl no obtener respuesta afirmativa, dispararon contra las personas que se encontraban ah\u00ed, matando a 21 hombres\u201d, record\u00f3.<\/p>\n\n\n\n<p>Relat\u00f3 que en la planta baja mataron a otros tres hombres.<\/p>\n\n\n\n<p>\u201cTres personas fueron trasladadas al hospital debido a las lesiones sufridas, donde posteriormente perdieron la vida\u201d, remont\u00f3.<\/p>\n\n\n\n<p>El seis de julio del 2020, cinco d\u00edas despu\u00e9s de la masacre, la Fiscal\u00eda arrest\u00f3 a \u201cEl Jordan\u201d, a quien identific\u00f3 como del \u201cgrupo criminal que opera en la zona Laja-Baj\u00edo\u201d, es decir, el C\u00e1rtel Santa Rosa de Lima.<\/p>\n\n\n\n<p>En enero de 2023, \u201cEl Jordan\u201d fue sentenciado a casi 800 a\u00f1os de prisi\u00f3n por matar a 27 internos del centro de rehabilitaci\u00f3n.<\/p>\n\n\n\n<p>Cuando se dict\u00f3 la sentencia, la Fiscal\u00eda General del Estado se\u00f1al\u00f3 que el caso del anexo de Arandas es \u201cla peor masacre de los \u00faltimos a\u00f1os\u201d.<\/p>\n\n\n\n<p>En esa ocasi\u00f3n la FGE se\u00f1al\u00f3 que \u201cEl Jordan\u201d y dos hombres m\u00e1s hab\u00edan ingresado al centro de rehabilitaci\u00f3n, ubicado en la calle Privada Guanajuato, en la comunidad de Arandas, para matar a los internos.<\/p>\n\n\n\n<figure class=\"wp-block-embed is-type-wp-embed is-provider-kuali wp-block-embed-kuali\"><div class=\"wp-block-embed__wrapper\">\n<blockquote class=\"wp-embedded-content\" data-secret=\"kd1q90ZGtH\"><a href=\"https:\/\/kuali.com.mx\/web\/2023\/01\/18\/sentencian-a-797-anos-al-asesino-de-25-internos-de-un-anexo\/\">SENTENCIAN A 797 A\u00d1OS AL ASESINO DE 25 INTERNOS DE UN ANEXO<\/a><\/blockquote><iframe loading=\"lazy\" class=\"wp-embedded-content\" sandbox=\"allow-scripts\" security=\"restricted\" style=\"position: absolute; visibility: hidden;\" title=\"&#8220;SENTENCIAN A 797 A\u00d1OS AL ASESINO DE 25 INTERNOS DE UN ANEXO&#8221; &#8212; Kuali\" src=\"https:\/\/kuali.com.mx\/web\/2023\/01\/18\/sentencian-a-797-anos-al-asesino-de-25-internos-de-un-anexo\/embed\/#?secret=xGRvJL2Uug#?secret=kd1q90ZGtH\" data-secret=\"kd1q90ZGtH\" width=\"600\" height=\"338\" frameborder=\"0\" marginwidth=\"0\" marginheight=\"0\" scrolling=\"no\"><\/iframe>\n<\/div><\/figure>\n","protected":false},"excerpt":{"rendered":"Carlos Garc\u00eda\/ Irapuato, Gto.- Dos implicados en la masacre de 27 internos del anexo \u201cBuscando el Camino a Mi Recuperaci\u00f3n\u201d, del municipio de Irapuato, fueron vinculados a proceso penal, inform\u00f3 la Fiscal\u00eda General del Estado (FGE). Por el multihomicidio, cometido el primero de julio del 2020, Jes\u00fas Emmanuel Quezada Mart\u00ednez, \u201cEl Jordan\u201d, ya hab\u00eda sido [&hellip;]","protected":false},"author":2,"featured_media":165831,"comment_status":"open","ping_status":"open","sticky":false,"template":"","format":"standard","meta":{"_seopress_robots_primary_cat":"none","_seopress_titles_title":"","_seopress_titles_desc":"","_seopress_robots_index":"","_monsterinsights_skip_tracking":false,"_monsterinsights_sitenote_active":false,"_monsterinsights_sitenote_note":"","_monsterinsights_sitenote_category":0,"footnotes":""},"categories":[3,69],"tags":[],"class_list":["post-165828","post","type-post","status-publish","format-standard","has-post-thumbnail","hentry","category-politica","category-slider"],"yoast_head":"<!-- This site is optimized with the Yoast SEO plugin v27.4 - https:\/\/yoast.com\/product\/yoast-seo-wordpress\/ -->\n<title>VINCULAN A 2 SICARIOS QUE MATARON A 27 INTERNOS DE UN ANEXO - Kuali<\/title>\n<meta name=\"robots\" content=\"index, follow, max-snippet:-1, max-image-preview:large, max-video-preview:-1\" \/>\n<link rel=\"canonical\" href=\"https:\/\/kuali.com.mx\/web\/2025\/01\/12\/vinculan-a-2-sicarios-que-mataron-a-27-internos-de-un-anexo\/\" \/>\n<meta property=\"og:locale\" content=\"es_MX\" \/>\n<meta property=\"og:type\" content=\"article\" \/>\n<meta property=\"og:title\" content=\"VINCULAN A 2 SICARIOS QUE MATARON A 27 INTERNOS DE UN ANEXO - Kuali\" \/>\n<meta property=\"og:description\" content=\"Carlos Garc\u00eda\/ Irapuato, Gto.- Dos implicados en la masacre de 27 internos del anexo \u201cBuscando el Camino a Mi Recuperaci\u00f3n\u201d, del municipio de Irapuato, fueron vinculados a proceso penal, inform\u00f3 la Fiscal\u00eda General del Estado (FGE). Por el multihomicidio, cometido el primero de julio del 2020, Jes\u00fas Emmanuel Quezada Mart\u00ednez, \u201cEl Jordan\u201d, ya hab\u00eda sido [&hellip;]\" \/>\n<meta property=\"og:url\" content=\"https:\/\/kuali.com.mx\/web\/2025\/01\/12\/vinculan-a-2-sicarios-que-mataron-a-27-internos-de-un-anexo\/\" \/>\n<meta property=\"og:site_name\" content=\"Kuali\" \/>\n<meta property=\"article:publisher\" content=\"https:\/\/kuali.com.mx\/web\/wp-content\/uploads\/2018\/04\/cropped-kuali_logo-1-1.png\" \/>\n<meta property=\"article:published_time\" content=\"2025-01-13T02:37:00+00:00\" \/>\n<meta property=\"article:modified_time\" content=\"2025-01-13T14:05:12+00:00\" \/>\n<meta property=\"og:image\" content=\"https:\/\/kuali.com.mx\/web\/wp-content\/uploads\/2025\/01\/Asesinos-27-internos-anexo-Irapuato.jpg\" \/>\n\t<meta property=\"og:image:width\" content=\"1720\" \/>\n\t<meta property=\"og:image:height\" content=\"750\" \/>\n\t<meta property=\"og:image:type\" content=\"image\/jpeg\" \/>\n<meta name=\"author\" content=\"Kuali Staff\" \/>\n<meta name=\"twitter:card\" content=\"summary_large_image\" \/>\n<meta name=\"twitter:creator\" content=\"@kuali_noticias\" \/>\n<meta name=\"twitter:site\" content=\"@kuali_noticias\" \/>\n<meta name=\"twitter:label1\" content=\"Escrito por\" \/>\n\t<meta name=\"twitter:data1\" content=\"Kuali Staff\" \/>\n\t<meta name=\"twitter:label2\" content=\"Tiempo de lectura\" \/>\n\t<meta name=\"twitter:data2\" content=\"2 minutos\" \/>\n<script type=\"application\/ld+json\" class=\"yoast-schema-graph\">{\"@context\":\"https:\\\/\\\/schema.org\",\"@graph\":[{\"@type\":\"Article\",\"@id\":\"https:\\\/\\\/kuali.com.mx\\\/web\\\/2025\\\/01\\\/12\\\/vinculan-a-2-sicarios-que-mataron-a-27-internos-de-un-anexo\\\/#article\",\"isPartOf\":{\"@id\":\"https:\\\/\\\/kuali.com.mx\\\/web\\\/2025\\\/01\\\/12\\\/vinculan-a-2-sicarios-que-mataron-a-27-internos-de-un-anexo\\\/\"},\"author\":{\"name\":\"Kuali Staff\",\"@id\":\"https:\\\/\\\/kuali.com.mx\\\/web\\\/#\\\/schema\\\/person\\\/6f89ffa8ecba9dae50662357923c5289\"},\"headline\":\"VINCULAN A 2 SICARIOS QUE MATARON A 27 INTERNOS DE UN ANEXO\",\"datePublished\":\"2025-01-13T02:37:00+00:00\",\"dateModified\":\"2025-01-13T14:05:12+00:00\",\"mainEntityOfPage\":{\"@id\":\"https:\\\/\\\/kuali.com.mx\\\/web\\\/2025\\\/01\\\/12\\\/vinculan-a-2-sicarios-que-mataron-a-27-internos-de-un-anexo\\\/\"},\"wordCount\":359,\"commentCount\":0,\"image\":{\"@id\":\"https:\\\/\\\/kuali.com.mx\\\/web\\\/2025\\\/01\\\/12\\\/vinculan-a-2-sicarios-que-mataron-a-27-internos-de-un-anexo\\\/#primaryimage\"},\"thumbnailUrl\":\"https:\\\/\\\/kuali.com.mx\\\/web\\\/wp-content\\\/uploads\\\/2025\\\/01\\\/Asesinos-27-internos-anexo-Irapuato.jpg\",\"articleSection\":[\"Pol\u00edtica\",\"slider\"],\"inLanguage\":\"es\",\"potentialAction\":[{\"@type\":\"CommentAction\",\"name\":\"Comment\",\"target\":[\"https:\\\/\\\/kuali.com.mx\\\/web\\\/2025\\\/01\\\/12\\\/vinculan-a-2-sicarios-que-mataron-a-27-internos-de-un-anexo\\\/#respond\"]}]},{\"@type\":\"WebPage\",\"@id\":\"https:\\\/\\\/kuali.com.mx\\\/web\\\/2025\\\/01\\\/12\\\/vinculan-a-2-sicarios-que-mataron-a-27-internos-de-un-anexo\\\/\",\"url\":\"https:\\\/\\\/kuali.com.mx\\\/web\\\/2025\\\/01\\\/12\\\/vinculan-a-2-sicarios-que-mataron-a-27-internos-de-un-anexo\\\/\",\"name\":\"VINCULAN A 2 SICARIOS QUE MATARON A 27 INTERNOS DE UN ANEXO - Kuali\",\"isPartOf\":{\"@id\":\"https:\\\/\\\/kuali.com.mx\\\/web\\\/#website\"},\"primaryImageOfPage\":{\"@id\":\"https:\\\/\\\/kuali.com.mx\\\/web\\\/2025\\\/01\\\/12\\\/vinculan-a-2-sicarios-que-mataron-a-27-internos-de-un-anexo\\\/#primaryimage\"},\"image\":{\"@id\":\"https:\\\/\\\/kuali.com.mx\\\/web\\\/2025\\\/01\\\/12\\\/vinculan-a-2-sicarios-que-mataron-a-27-internos-de-un-anexo\\\/#primaryimage\"},\"thumbnailUrl\":\"https:\\\/\\\/kuali.com.mx\\\/web\\\/wp-content\\\/uploads\\\/2025\\\/01\\\/Asesinos-27-internos-anexo-Irapuato.jpg\",\"datePublished\":\"2025-01-13T02:37:00+00:00\",\"dateModified\":\"2025-01-13T14:05:12+00:00\",\"author\":{\"@id\":\"https:\\\/\\\/kuali.com.mx\\\/web\\\/#\\\/schema\\\/person\\\/6f89ffa8ecba9dae50662357923c5289\"},\"breadcrumb\":{\"@id\":\"https:\\\/\\\/kuali.com.mx\\\/web\\\/2025\\\/01\\\/12\\\/vinculan-a-2-sicarios-que-mataron-a-27-internos-de-un-anexo\\\/#breadcrumb\"},\"inLanguage\":\"es\",\"potentialAction\":[{\"@type\":\"ReadAction\",\"target\":[\"https:\\\/\\\/kuali.com.mx\\\/web\\\/2025\\\/01\\\/12\\\/vinculan-a-2-sicarios-que-mataron-a-27-internos-de-un-anexo\\\/\"]}]},{\"@type\":\"ImageObject\",\"inLanguage\":\"es\",\"@id\":\"https:\\\/\\\/kuali.com.mx\\\/web\\\/2025\\\/01\\\/12\\\/vinculan-a-2-sicarios-que-mataron-a-27-internos-de-un-anexo\\\/#primaryimage\",\"url\":\"https:\\\/\\\/kuali.com.mx\\\/web\\\/wp-content\\\/uploads\\\/2025\\\/01\\\/Asesinos-27-internos-anexo-Irapuato.jpg\",\"contentUrl\":\"https:\\\/\\\/kuali.com.mx\\\/web\\\/wp-content\\\/uploads\\\/2025\\\/01\\\/Asesinos-27-internos-anexo-Irapuato.jpg\",\"width\":1720,\"height\":750},{\"@type\":\"BreadcrumbList\",\"@id\":\"https:\\\/\\\/kuali.com.mx\\\/web\\\/2025\\\/01\\\/12\\\/vinculan-a-2-sicarios-que-mataron-a-27-internos-de-un-anexo\\\/#breadcrumb\",\"itemListElement\":[{\"@type\":\"ListItem\",\"position\":1,\"name\":\"Inicio\",\"item\":\"https:\\\/\\\/kuali.com.mx\\\/web\\\/\"},{\"@type\":\"ListItem\",\"position\":2,\"name\":\"VINCULAN A 2 SICARIOS QUE MATARON A 27 INTERNOS DE UN ANEXO\"}]},{\"@type\":\"WebSite\",\"@id\":\"https:\\\/\\\/kuali.com.mx\\\/web\\\/#website\",\"url\":\"https:\\\/\\\/kuali.com.mx\\\/web\\\/\",\"name\":\"Kuali\",\"description\":\"\",\"potentialAction\":[{\"@type\":\"SearchAction\",\"target\":{\"@type\":\"EntryPoint\",\"urlTemplate\":\"https:\\\/\\\/kuali.com.mx\\\/web\\\/?s={search_term_string}\"},\"query-input\":{\"@type\":\"PropertyValueSpecification\",\"valueRequired\":true,\"valueName\":\"search_term_string\"}}],\"inLanguage\":\"es\"},{\"@type\":\"Person\",\"@id\":\"https:\\\/\\\/kuali.com.mx\\\/web\\\/#\\\/schema\\\/person\\\/6f89ffa8ecba9dae50662357923c5289\",\"name\":\"Kuali Staff\",\"image\":{\"@type\":\"ImageObject\",\"inLanguage\":\"es\",\"@id\":\"https:\\\/\\\/secure.gravatar.com\\\/avatar\\\/f917ad82e5ab71227a733c78b6e60715476f69ee6be59feee4eb5d9920c89e0f?s=96&d=mm&r=g\",\"url\":\"https:\\\/\\\/secure.gravatar.com\\\/avatar\\\/f917ad82e5ab71227a733c78b6e60715476f69ee6be59feee4eb5d9920c89e0f?s=96&d=mm&r=g\",\"contentUrl\":\"https:\\\/\\\/secure.gravatar.com\\\/avatar\\\/f917ad82e5ab71227a733c78b6e60715476f69ee6be59feee4eb5d9920c89e0f?s=96&d=mm&r=g\",\"caption\":\"Kuali Staff\"},\"url\":\"https:\\\/\\\/kuali.com.mx\\\/web\\\/author\\\/lagarto\\\/\"}]}<\/script>\n<!-- \/ Yoast SEO plugin. -->","yoast_head_json":{"title":"VINCULAN A 2 SICARIOS QUE MATARON A 27 INTERNOS DE UN ANEXO - Kuali","robots":{"index":"index","follow":"follow","max-snippet":"max-snippet:-1","max-image-preview":"max-image-preview:large","max-video-preview":"max-video-preview:-1"},"canonical":"https:\/\/kuali.com.mx\/web\/2025\/01\/12\/vinculan-a-2-sicarios-que-mataron-a-27-internos-de-un-anexo\/","og_locale":"es_MX","og_type":"article","og_title":"VINCULAN A 2 SICARIOS QUE MATARON A 27 INTERNOS DE UN ANEXO - Kuali","og_description":"Carlos Garc\u00eda\/ Irapuato, Gto.- Dos implicados en la masacre de 27 internos del anexo \u201cBuscando el Camino a Mi Recuperaci\u00f3n\u201d, del municipio de Irapuato, fueron vinculados a proceso penal, inform\u00f3 la Fiscal\u00eda General del Estado (FGE). Por el multihomicidio, cometido el primero de julio del 2020, Jes\u00fas Emmanuel Quezada Mart\u00ednez, \u201cEl Jordan\u201d, ya hab\u00eda sido [&hellip;]","og_url":"https:\/\/kuali.com.mx\/web\/2025\/01\/12\/vinculan-a-2-sicarios-que-mataron-a-27-internos-de-un-anexo\/","og_site_name":"Kuali","article_publisher":"https:\/\/kuali.com.mx\/web\/wp-content\/uploads\/2018\/04\/cropped-kuali_logo-1-1.png","article_published_time":"2025-01-13T02:37:00+00:00","article_modified_time":"2025-01-13T14:05:12+00:00","og_image":[{"width":1720,"height":750,"url":"https:\/\/kuali.com.mx\/web\/wp-content\/uploads\/2025\/01\/Asesinos-27-internos-anexo-Irapuato.jpg","type":"image\/jpeg"}],"author":"Kuali Staff","twitter_card":"summary_large_image","twitter_creator":"@kuali_noticias","twitter_site":"@kuali_noticias","twitter_misc":{"Escrito por":"Kuali Staff","Tiempo de lectura":"2 minutos"},"schema":{"@context":"https:\/\/schema.org","@graph":[{"@type":"Article","@id":"https:\/\/kuali.com.mx\/web\/2025\/01\/12\/vinculan-a-2-sicarios-que-mataron-a-27-internos-de-un-anexo\/#article","isPartOf":{"@id":"https:\/\/kuali.com.mx\/web\/2025\/01\/12\/vinculan-a-2-sicarios-que-mataron-a-27-internos-de-un-anexo\/"},"author":{"name":"Kuali Staff","@id":"https:\/\/kuali.com.mx\/web\/#\/schema\/person\/6f89ffa8ecba9dae50662357923c5289"},"headline":"VINCULAN A 2 SICARIOS QUE MATARON A 27 INTERNOS DE UN ANEXO","datePublished":"2025-01-13T02:37:00+00:00","dateModified":"2025-01-13T14:05:12+00:00","mainEntityOfPage":{"@id":"https:\/\/kuali.com.mx\/web\/2025\/01\/12\/vinculan-a-2-sicarios-que-mataron-a-27-internos-de-un-anexo\/"},"wordCount":359,"commentCount":0,"image":{"@id":"https:\/\/kuali.com.mx\/web\/2025\/01\/12\/vinculan-a-2-sicarios-que-mataron-a-27-internos-de-un-anexo\/#primaryimage"},"thumbnailUrl":"https:\/\/kuali.com.mx\/web\/wp-content\/uploads\/2025\/01\/Asesinos-27-internos-anexo-Irapuato.jpg","articleSection":["Pol\u00edtica","slider"],"inLanguage":"es","potentialAction":[{"@type":"CommentAction","name":"Comment","target":["https:\/\/kuali.com.mx\/web\/2025\/01\/12\/vinculan-a-2-sicarios-que-mataron-a-27-internos-de-un-anexo\/#respond"]}]},{"@type":"WebPage","@id":"https:\/\/kuali.com.mx\/web\/2025\/01\/12\/vinculan-a-2-sicarios-que-mataron-a-27-internos-de-un-anexo\/","url":"https:\/\/kuali.com.mx\/web\/2025\/01\/12\/vinculan-a-2-sicarios-que-mataron-a-27-internos-de-un-anexo\/","name":"VINCULAN A 2 SICARIOS QUE MATARON A 27 INTERNOS DE UN ANEXO - Kuali","isPartOf":{"@id":"https:\/\/kuali.com.mx\/web\/#website"},"primaryImageOfPage":{"@id":"https:\/\/kuali.com.mx\/web\/2025\/01\/12\/vinculan-a-2-sicarios-que-mataron-a-27-internos-de-un-anexo\/#primaryimage"},"image":{"@id":"https:\/\/kuali.com.mx\/web\/2025\/01\/12\/vinculan-a-2-sicarios-que-mataron-a-27-internos-de-un-anexo\/#primaryimage"},"thumbnailUrl":"https:\/\/kuali.com.mx\/web\/wp-content\/uploads\/2025\/01\/Asesinos-27-internos-anexo-Irapuato.jpg","datePublished":"2025-01-13T02:37:00+00:00","dateModified":"2025-01-13T14:05:12+00:00","author":{"@id":"https:\/\/kuali.com.mx\/web\/#\/schema\/person\/6f89ffa8ecba9dae50662357923c5289"},"breadcrumb":{"@id":"https:\/\/kuali.com.mx\/web\/2025\/01\/12\/vinculan-a-2-sicarios-que-mataron-a-27-internos-de-un-anexo\/#breadcrumb"},"inLanguage":"es","potentialAction":[{"@type":"ReadAction","target":["https:\/\/kuali.com.mx\/web\/2025\/01\/12\/vinculan-a-2-sicarios-que-mataron-a-27-internos-de-un-anexo\/"]}]},{"@type":"ImageObject","inLanguage":"es","@id":"https:\/\/kuali.com.mx\/web\/2025\/01\/12\/vinculan-a-2-sicarios-que-mataron-a-27-internos-de-un-anexo\/#primaryimage","url":"https:\/\/kuali.com.mx\/web\/wp-content\/uploads\/2025\/01\/Asesinos-27-internos-anexo-Irapuato.jpg","contentUrl":"https:\/\/kuali.com.mx\/web\/wp-content\/uploads\/2025\/01\/Asesinos-27-internos-anexo-Irapuato.jpg","width":1720,"height":750},{"@type":"BreadcrumbList","@id":"https:\/\/kuali.com.mx\/web\/2025\/01\/12\/vinculan-a-2-sicarios-que-mataron-a-27-internos-de-un-anexo\/#breadcrumb","itemListElement":[{"@type":"ListItem","position":1,"name":"Inicio","item":"https:\/\/kuali.com.mx\/web\/"},{"@type":"ListItem","position":2,"name":"VINCULAN A 2 SICARIOS QUE MATARON A 27 INTERNOS DE UN ANEXO"}]},{"@type":"WebSite","@id":"https:\/\/kuali.com.mx\/web\/#website","url":"https:\/\/kuali.com.mx\/web\/","name":"Kuali","description":"","potentialAction":[{"@type":"SearchAction","target":{"@type":"EntryPoint","urlTemplate":"https:\/\/kuali.com.mx\/web\/?s={search_term_string}"},"query-input":{"@type":"PropertyValueSpecification","valueRequired":true,"valueName":"search_term_string"}}],"inLanguage":"es"},{"@type":"Person","@id":"https:\/\/kuali.com.mx\/web\/#\/schema\/person\/6f89ffa8ecba9dae50662357923c5289","name":"Kuali Staff","image":{"@type":"ImageObject","inLanguage":"es","@id":"https:\/\/secure.gravatar.com\/avatar\/f917ad82e5ab71227a733c78b6e60715476f69ee6be59feee4eb5d9920c89e0f?s=96&d=mm&r=g","url":"https:\/\/secure.gravatar.com\/avatar\/f917ad82e5ab71227a733c78b6e60715476f69ee6be59feee4eb5d9920c89e0f?s=96&d=mm&r=g","contentUrl":"https:\/\/secure.gravatar.com\/avatar\/f917ad82e5ab71227a733c78b6e60715476f69ee6be59feee4eb5d9920c89e0f?s=96&d=mm&r=g","caption":"Kuali Staff"},"url":"https:\/\/kuali.com.mx\/web\/author\/lagarto\/"}]}},"_links":{"self":[{"href":"https:\/\/kuali.com.mx\/web\/wp-json\/wp\/v2\/posts\/165828","targetHints":{"allow":["GET"]}}],"collection":[{"href":"https:\/\/kuali.com.mx\/web\/wp-json\/wp\/v2\/posts"}],"about":[{"href":"https:\/\/kuali.com.mx\/web\/wp-json\/wp\/v2\/types\/post"}],"author":[{"embeddable":true,"href":"https:\/\/kuali.com.mx\/web\/wp-json\/wp\/v2\/users\/2"}],"replies":[{"embeddable":true,"href":"https:\/\/kuali.com.mx\/web\/wp-json\/wp\/v2\/comments?post=165828"}],"version-history":[{"count":3,"href":"https:\/\/kuali.com.mx\/web\/wp-json\/wp\/v2\/posts\/165828\/revisions"}],"predecessor-version":[{"id":165835,"href":"https:\/\/kuali.com.mx\/web\/wp-json\/wp\/v2\/posts\/165828\/revisions\/165835"}],"wp:featuredmedia":[{"embeddable":true,"href":"https:\/\/kuali.com.mx\/web\/wp-json\/wp\/v2\/media\/165831"}],"wp:attachment":[{"href":"https:\/\/kuali.com.mx\/web\/wp-json\/wp\/v2\/media?parent=165828"}],"wp:term":[{"taxonomy":"category","embeddable":true,"href":"https:\/\/kuali.com.mx\/web\/wp-json\/wp\/v2\/categories?post=165828"},{"taxonomy":"post_tag","embeddable":true,"href":"https:\/\/kuali.com.mx\/web\/wp-json\/wp\/v2\/tags?post=165828"}],"curies":[{"name":"wp","href":"https:\/\/api.w.org\/{rel}","templated":true}]}}