{"id":165806,"date":"2025-01-12T09:49:40","date_gmt":"2025-01-12T15:49:40","guid":{"rendered":"https:\/\/kuali.com.mx\/web\/?p=165806"},"modified":"2025-01-12T22:03:09","modified_gmt":"2025-01-13T04:03:09","slug":"festeja-purisima-422-anos-de-su-fundacion","status":"publish","type":"post","link":"https:\/\/kuali.com.mx\/web\/2025\/01\/12\/festeja-purisima-422-anos-de-su-fundacion\/","title":{"rendered":"FESTEJA PUR\u00cdSIMA 422 A\u00d1OS DE SU FUNDACI\u00d3N"},"content":{"rendered":"\n<p><strong>Kuali<\/strong>\/<strong>Pur\u00edsima del Rinc\u00f3n, Gto.- <\/strong>Con un desfile c\u00edvico y una festival musical Pur\u00edsima del Rinc\u00f3n celebro el 422 aniversario de su fundaci\u00f3n, hecho que ocurri\u00f3 un primero de enero de 1603 por indios Otomies.<\/p>\n\n\n\n<p>Los fesejos estuvieron encabezados por el presidente municipal, Roberto Garc\u00eda Urbano, quien estuvo acompa\u00f1ado de la subsecretaria de Vinculaci\u00f3n y Desarrollo Pol\u00edtico de la Secretar\u00eda de Gobierno, Elvira Paniagua, as\u00ed como de diputados locales y el alcalde de Manuel Doblado, Adolfo Alfaro; y representantes del Ej\u00e9rcito Mexicano.<\/p>\n\n\n\n<figure class=\"wp-block-gallery has-nested-images columns-default is-cropped wp-block-gallery-1 is-layout-flex wp-block-gallery-is-layout-flex\">\n<figure class=\"wp-block-image size-large\"><img loading=\"lazy\" decoding=\"async\" width=\"1024\" height=\"682\" data-id=\"165809\" src=\"https:\/\/kuali.com.mx\/web\/wp-content\/uploads\/2025\/01\/Aniversario-Fundacion-Purisima-1-1024x682.jpeg\" alt=\"\" class=\"wp-image-165809\" srcset=\"https:\/\/kuali.com.mx\/web\/wp-content\/uploads\/2025\/01\/Aniversario-Fundacion-Purisima-1-1024x682.jpeg 1024w, https:\/\/kuali.com.mx\/web\/wp-content\/uploads\/2025\/01\/Aniversario-Fundacion-Purisima-1-300x200.jpeg 300w, https:\/\/kuali.com.mx\/web\/wp-content\/uploads\/2025\/01\/Aniversario-Fundacion-Purisima-1-768x512.jpeg 768w, https:\/\/kuali.com.mx\/web\/wp-content\/uploads\/2025\/01\/Aniversario-Fundacion-Purisima-1-174x116.jpeg 174w, https:\/\/kuali.com.mx\/web\/wp-content\/uploads\/2025\/01\/Aniversario-Fundacion-Purisima-1.jpeg 1280w\" sizes=\"auto, (max-width: 1024px) 100vw, 1024px\" \/><\/figure>\n\n\n\n<figure class=\"wp-block-image size-large\"><img loading=\"lazy\" decoding=\"async\" width=\"1024\" height=\"682\" data-id=\"165810\" src=\"https:\/\/kuali.com.mx\/web\/wp-content\/uploads\/2025\/01\/Aniversario-Fundacion-Purisima-2-1024x682.jpeg\" alt=\"\" class=\"wp-image-165810\" srcset=\"https:\/\/kuali.com.mx\/web\/wp-content\/uploads\/2025\/01\/Aniversario-Fundacion-Purisima-2-1024x682.jpeg 1024w, https:\/\/kuali.com.mx\/web\/wp-content\/uploads\/2025\/01\/Aniversario-Fundacion-Purisima-2-300x200.jpeg 300w, https:\/\/kuali.com.mx\/web\/wp-content\/uploads\/2025\/01\/Aniversario-Fundacion-Purisima-2-768x512.jpeg 768w, https:\/\/kuali.com.mx\/web\/wp-content\/uploads\/2025\/01\/Aniversario-Fundacion-Purisima-2-174x116.jpeg 174w, https:\/\/kuali.com.mx\/web\/wp-content\/uploads\/2025\/01\/Aniversario-Fundacion-Purisima-2.jpeg 1280w\" sizes=\"auto, (max-width: 1024px) 100vw, 1024px\" \/><\/figure>\n<\/figure>\n\n\n\n<p>Roberto Garc\u00eda destac\u00f3 que \u201cla historia de Pur\u00edsima del Rinc\u00f3n es como un libro lleno de p\u00e1ginas infinitas porque se sigue escribiendo, por la mano, obra, acci\u00f3n y determinaci\u00f3n de cada uno de los purisimenses, \"una historia que nos conecta con nuestro pasado, nos da esperanza en el presente y nos invita a so\u00f1ar con un futuro brillante, aqu\u00ed donde el cielo toca a la distancia del Cerro del Palenque, la tierra de Pur\u00edsima de Rinc\u00f3n, cuenta con secretos de agua, \u00e1rboles y Esperanza\u201d.<\/p>\n\n\n\n<p>La ciudad de las Limas y los Mil Azahares tuvo el nombre de San Juan del Bosque, fundado en el cruce del Camino Real y la Villa de Le\u00f3n, que en su cabecera municipal lleva por cr\u00e9dito Pur\u00edsima de Bustos en honor al ilustre Hermenegildo Bustos, el pintor, m\u00fasico, escultor y astr\u00f3nomo que hered\u00f3 a su pueblo La Judea de cada Semana Santa con las m\u00e1scaras del \u00e1rbol de color\u00edn y los retratos que cuentan historias de un pueblo lleno de arte y devoci\u00f3n.<\/p>\n\n\n\n<p>\"De norte a sur, Pur\u00edsima del Rinc\u00f3n exalta, pinta y transmite el ADN con el que se escribe fuerte, claro y limpio 'Pur\u00edsima del Rinc\u00f3n'. Con cada uno de sus nombres ha reflejado siempre su esp\u00edritu, un pueblo de indios de Nuestra Se\u00f1ora de la Limpia Concepci\u00f3n y Pur\u00edsima de Rinc\u00f3n, que se resalta en el escudo de armas que el trabajo es honor y virtud. Esa es la carta de presentaci\u00f3n de los purisimenses\".<\/p>\n\n\n\n<figure class=\"wp-block-image size-large\"><img loading=\"lazy\" decoding=\"async\" width=\"1024\" height=\"682\" src=\"https:\/\/kuali.com.mx\/web\/wp-content\/uploads\/2025\/01\/Ejercito-1024x682.jpeg\" alt=\"\" class=\"wp-image-165812\" srcset=\"https:\/\/kuali.com.mx\/web\/wp-content\/uploads\/2025\/01\/Ejercito-1024x682.jpeg 1024w, https:\/\/kuali.com.mx\/web\/wp-content\/uploads\/2025\/01\/Ejercito-300x200.jpeg 300w, https:\/\/kuali.com.mx\/web\/wp-content\/uploads\/2025\/01\/Ejercito-768x512.jpeg 768w, https:\/\/kuali.com.mx\/web\/wp-content\/uploads\/2025\/01\/Ejercito-174x116.jpeg 174w, https:\/\/kuali.com.mx\/web\/wp-content\/uploads\/2025\/01\/Ejercito.jpeg 1280w\" sizes=\"auto, (max-width: 1024px) 100vw, 1024px\" \/><figcaption class=\"wp-element-caption\">Pur\u00edsima del Rinc\u00f3n festej\u00f3 422 a\u00f1os de su fundaci\u00f3n. FOTO: CORTES\u00cdA<\/figcaption><\/figure>\n\n\n\n<p>Por la ma\u00f1ana se realiz\u00f3 el tradicional desfile c\u00edvico con la participaci\u00f3n de cuatro bloques con 70 contingentes. Ni el fr\u00edo ni la lluvia menguaron el inter\u00e9s de los purisimenses.<\/p>\n\n\n\n<p>Desde el Mariachi Juvenil Azteca, cada una de las dependencias de la Presidencia Municipal presentaron  carros aleg\u00f3ricos tem\u00e1ticos. <\/p>\n\n\n\n<p>Adem\u00e1s de la Guardia Nacional (GN) y la Secretar\u00eda de la Defensa Nacional (Sedena) entre los invitados estuvieron los representantes de los Pueblos M\u00e1gicos de Romita,<\/p>\n\n\n\n<p>Yuriria y Jalpa de C\u00e1novas el Pueblo M\u00e1gico de Pur\u00edsima del Rinc\u00f3n, la estudiantina, la Reina Infantil Melany I y la Reina Juvenil Paola I; l\u00e1cteos Padhier, as\u00ed como la Asociaci\u00f3n de Charros encabezados por Jos\u00e9 Juli\u00e1n, acto seguido fue con quien Pur\u00edsima sigui\u00f3 su festejo, no sin antes tener una quema de p\u00f3lvora desde la parte superior de Presidencia Municipal y el atrio de la parroquia.<\/p>\n\n\n\n<p>Finalmente Bruno, el ex vocalista de la Banda Cuisillos, deleit\u00f3 y puso a bailar a cientos de personas que celebraron un a\u00f1os m\u00e1s de su municipio.<\/p>\n","protected":false},"excerpt":{"rendered":"Kuali\/Pur\u00edsima del Rinc\u00f3n, Gto.- Con un desfile c\u00edvico y una festival musical Pur\u00edsima del Rinc\u00f3n celebro el 422 aniversario de su fundaci\u00f3n, hecho que ocurri\u00f3 un primero de enero de 1603 por indios Otomies. Los fesejos estuvieron encabezados por el presidente municipal, Roberto Garc\u00eda Urbano, quien estuvo acompa\u00f1ado de la subsecretaria de Vinculaci\u00f3n y Desarrollo [&hellip;]","protected":false},"author":2,"featured_media":165811,"comment_status":"open","ping_status":"open","sticky":false,"template":"","format":"standard","meta":{"_seopress_robots_primary_cat":"none","_seopress_titles_title":"","_seopress_titles_desc":"","_seopress_robots_index":"","_monsterinsights_skip_tracking":false,"_monsterinsights_sitenote_active":false,"_monsterinsights_sitenote_note":"","_monsterinsights_sitenote_category":0,"footnotes":""},"categories":[3],"tags":[2262,1766,2329,2421,1115],"class_list":["post-165806","post","type-post","status-publish","format-standard","has-post-thumbnail","hentry","category-politica","tag-aniversario","tag-desfile","tag-festejos","tag-fundacion","tag-purisima-del-rincon"],"yoast_head":"<!-- This site is optimized with the Yoast SEO plugin v27.4 - https:\/\/yoast.com\/product\/yoast-seo-wordpress\/ -->\n<title>FESTEJA PUR\u00cdSIMA 422 A\u00d1OS DE SU FUNDACI\u00d3N - Kuali<\/title>\n<meta name=\"robots\" content=\"index, follow, max-snippet:-1, max-image-preview:large, max-video-preview:-1\" \/>\n<link rel=\"canonical\" href=\"https:\/\/kuali.com.mx\/web\/2025\/01\/12\/festeja-purisima-422-anos-de-su-fundacion\/\" \/>\n<meta property=\"og:locale\" content=\"es_MX\" \/>\n<meta property=\"og:type\" content=\"article\" \/>\n<meta property=\"og:title\" content=\"FESTEJA PUR\u00cdSIMA 422 A\u00d1OS DE SU FUNDACI\u00d3N - Kuali\" \/>\n<meta property=\"og:description\" content=\"Kuali\/Pur\u00edsima del Rinc\u00f3n, Gto.- Con un desfile c\u00edvico y una festival musical Pur\u00edsima del Rinc\u00f3n celebro el 422 aniversario de su fundaci\u00f3n, hecho que ocurri\u00f3 un primero de enero de 1603 por indios Otomies. Los fesejos estuvieron encabezados por el presidente municipal, Roberto Garc\u00eda Urbano, quien estuvo acompa\u00f1ado de la subsecretaria de Vinculaci\u00f3n y Desarrollo [&hellip;]\" \/>\n<meta property=\"og:url\" content=\"https:\/\/kuali.com.mx\/web\/2025\/01\/12\/festeja-purisima-422-anos-de-su-fundacion\/\" \/>\n<meta property=\"og:site_name\" content=\"Kuali\" \/>\n<meta property=\"article:publisher\" content=\"https:\/\/kuali.com.mx\/web\/wp-content\/uploads\/2018\/04\/cropped-kuali_logo-1-1.png\" \/>\n<meta property=\"article:published_time\" content=\"2025-01-12T15:49:40+00:00\" \/>\n<meta property=\"article:modified_time\" content=\"2025-01-13T04:03:09+00:00\" \/>\n<meta property=\"og:image\" content=\"https:\/\/kuali.com.mx\/web\/wp-content\/uploads\/2025\/01\/Aniversario-Fundacion-Purisima-3.gif\" \/>\n\t<meta property=\"og:image:width\" content=\"1708\" \/>\n\t<meta property=\"og:image:height\" content=\"750\" \/>\n\t<meta property=\"og:image:type\" content=\"image\/gif\" \/>\n<meta name=\"author\" content=\"Kuali Staff\" \/>\n<meta name=\"twitter:card\" content=\"summary_large_image\" \/>\n<meta name=\"twitter:creator\" content=\"@kuali_noticias\" \/>\n<meta name=\"twitter:site\" content=\"@kuali_noticias\" \/>\n<meta name=\"twitter:label1\" content=\"Escrito por\" \/>\n\t<meta name=\"twitter:data1\" content=\"Kuali Staff\" \/>\n\t<meta name=\"twitter:label2\" content=\"Tiempo de lectura\" \/>\n\t<meta name=\"twitter:data2\" content=\"3 minutos\" \/>\n<script type=\"application\/ld+json\" class=\"yoast-schema-graph\">{\"@context\":\"https:\\\/\\\/schema.org\",\"@graph\":[{\"@type\":\"Article\",\"@id\":\"https:\\\/\\\/kuali.com.mx\\\/web\\\/2025\\\/01\\\/12\\\/festeja-purisima-422-anos-de-su-fundacion\\\/#article\",\"isPartOf\":{\"@id\":\"https:\\\/\\\/kuali.com.mx\\\/web\\\/2025\\\/01\\\/12\\\/festeja-purisima-422-anos-de-su-fundacion\\\/\"},\"author\":{\"name\":\"Kuali Staff\",\"@id\":\"https:\\\/\\\/kuali.com.mx\\\/web\\\/#\\\/schema\\\/person\\\/6f89ffa8ecba9dae50662357923c5289\"},\"headline\":\"FESTEJA PUR\u00cdSIMA 422 A\u00d1OS DE SU FUNDACI\u00d3N\",\"datePublished\":\"2025-01-12T15:49:40+00:00\",\"dateModified\":\"2025-01-13T04:03:09+00:00\",\"mainEntityOfPage\":{\"@id\":\"https:\\\/\\\/kuali.com.mx\\\/web\\\/2025\\\/01\\\/12\\\/festeja-purisima-422-anos-de-su-fundacion\\\/\"},\"wordCount\":574,\"commentCount\":0,\"image\":{\"@id\":\"https:\\\/\\\/kuali.com.mx\\\/web\\\/2025\\\/01\\\/12\\\/festeja-purisima-422-anos-de-su-fundacion\\\/#primaryimage\"},\"thumbnailUrl\":\"https:\\\/\\\/kuali.com.mx\\\/web\\\/wp-content\\\/uploads\\\/2025\\\/01\\\/Aniversario-Fundacion-Purisima-3.gif\",\"keywords\":[\"Aniversario\",\"Desfile\",\"Festejos\",\"Fundaci\u00f3n\",\"Pur\u00edsima del Rinc\u00f3n\"],\"articleSection\":[\"Pol\u00edtica\"],\"inLanguage\":\"es\",\"potentialAction\":[{\"@type\":\"CommentAction\",\"name\":\"Comment\",\"target\":[\"https:\\\/\\\/kuali.com.mx\\\/web\\\/2025\\\/01\\\/12\\\/festeja-purisima-422-anos-de-su-fundacion\\\/#respond\"]}]},{\"@type\":\"WebPage\",\"@id\":\"https:\\\/\\\/kuali.com.mx\\\/web\\\/2025\\\/01\\\/12\\\/festeja-purisima-422-anos-de-su-fundacion\\\/\",\"url\":\"https:\\\/\\\/kuali.com.mx\\\/web\\\/2025\\\/01\\\/12\\\/festeja-purisima-422-anos-de-su-fundacion\\\/\",\"name\":\"FESTEJA PUR\u00cdSIMA 422 A\u00d1OS DE SU FUNDACI\u00d3N - Kuali\",\"isPartOf\":{\"@id\":\"https:\\\/\\\/kuali.com.mx\\\/web\\\/#website\"},\"primaryImageOfPage\":{\"@id\":\"https:\\\/\\\/kuali.com.mx\\\/web\\\/2025\\\/01\\\/12\\\/festeja-purisima-422-anos-de-su-fundacion\\\/#primaryimage\"},\"image\":{\"@id\":\"https:\\\/\\\/kuali.com.mx\\\/web\\\/2025\\\/01\\\/12\\\/festeja-purisima-422-anos-de-su-fundacion\\\/#primaryimage\"},\"thumbnailUrl\":\"https:\\\/\\\/kuali.com.mx\\\/web\\\/wp-content\\\/uploads\\\/2025\\\/01\\\/Aniversario-Fundacion-Purisima-3.gif\",\"datePublished\":\"2025-01-12T15:49:40+00:00\",\"dateModified\":\"2025-01-13T04:03:09+00:00\",\"author\":{\"@id\":\"https:\\\/\\\/kuali.com.mx\\\/web\\\/#\\\/schema\\\/person\\\/6f89ffa8ecba9dae50662357923c5289\"},\"breadcrumb\":{\"@id\":\"https:\\\/\\\/kuali.com.mx\\\/web\\\/2025\\\/01\\\/12\\\/festeja-purisima-422-anos-de-su-fundacion\\\/#breadcrumb\"},\"inLanguage\":\"es\",\"potentialAction\":[{\"@type\":\"ReadAction\",\"target\":[\"https:\\\/\\\/kuali.com.mx\\\/web\\\/2025\\\/01\\\/12\\\/festeja-purisima-422-anos-de-su-fundacion\\\/\"]}]},{\"@type\":\"ImageObject\",\"inLanguage\":\"es\",\"@id\":\"https:\\\/\\\/kuali.com.mx\\\/web\\\/2025\\\/01\\\/12\\\/festeja-purisima-422-anos-de-su-fundacion\\\/#primaryimage\",\"url\":\"https:\\\/\\\/kuali.com.mx\\\/web\\\/wp-content\\\/uploads\\\/2025\\\/01\\\/Aniversario-Fundacion-Purisima-3.gif\",\"contentUrl\":\"https:\\\/\\\/kuali.com.mx\\\/web\\\/wp-content\\\/uploads\\\/2025\\\/01\\\/Aniversario-Fundacion-Purisima-3.gif\",\"width\":1708,\"height\":750},{\"@type\":\"BreadcrumbList\",\"@id\":\"https:\\\/\\\/kuali.com.mx\\\/web\\\/2025\\\/01\\\/12\\\/festeja-purisima-422-anos-de-su-fundacion\\\/#breadcrumb\",\"itemListElement\":[{\"@type\":\"ListItem\",\"position\":1,\"name\":\"Inicio\",\"item\":\"https:\\\/\\\/kuali.com.mx\\\/web\\\/\"},{\"@type\":\"ListItem\",\"position\":2,\"name\":\"FESTEJA PUR\u00cdSIMA 422 A\u00d1OS DE SU FUNDACI\u00d3N\"}]},{\"@type\":\"WebSite\",\"@id\":\"https:\\\/\\\/kuali.com.mx\\\/web\\\/#website\",\"url\":\"https:\\\/\\\/kuali.com.mx\\\/web\\\/\",\"name\":\"Kuali\",\"description\":\"\",\"potentialAction\":[{\"@type\":\"SearchAction\",\"target\":{\"@type\":\"EntryPoint\",\"urlTemplate\":\"https:\\\/\\\/kuali.com.mx\\\/web\\\/?s={search_term_string}\"},\"query-input\":{\"@type\":\"PropertyValueSpecification\",\"valueRequired\":true,\"valueName\":\"search_term_string\"}}],\"inLanguage\":\"es\"},{\"@type\":\"Person\",\"@id\":\"https:\\\/\\\/kuali.com.mx\\\/web\\\/#\\\/schema\\\/person\\\/6f89ffa8ecba9dae50662357923c5289\",\"name\":\"Kuali Staff\",\"image\":{\"@type\":\"ImageObject\",\"inLanguage\":\"es\",\"@id\":\"https:\\\/\\\/secure.gravatar.com\\\/avatar\\\/f917ad82e5ab71227a733c78b6e60715476f69ee6be59feee4eb5d9920c89e0f?s=96&d=mm&r=g\",\"url\":\"https:\\\/\\\/secure.gravatar.com\\\/avatar\\\/f917ad82e5ab71227a733c78b6e60715476f69ee6be59feee4eb5d9920c89e0f?s=96&d=mm&r=g\",\"contentUrl\":\"https:\\\/\\\/secure.gravatar.com\\\/avatar\\\/f917ad82e5ab71227a733c78b6e60715476f69ee6be59feee4eb5d9920c89e0f?s=96&d=mm&r=g\",\"caption\":\"Kuali Staff\"},\"url\":\"https:\\\/\\\/kuali.com.mx\\\/web\\\/author\\\/lagarto\\\/\"}]}<\/script>\n<!-- \/ Yoast SEO plugin. -->","yoast_head_json":{"title":"FESTEJA PUR\u00cdSIMA 422 A\u00d1OS DE SU FUNDACI\u00d3N - Kuali","robots":{"index":"index","follow":"follow","max-snippet":"max-snippet:-1","max-image-preview":"max-image-preview:large","max-video-preview":"max-video-preview:-1"},"canonical":"https:\/\/kuali.com.mx\/web\/2025\/01\/12\/festeja-purisima-422-anos-de-su-fundacion\/","og_locale":"es_MX","og_type":"article","og_title":"FESTEJA PUR\u00cdSIMA 422 A\u00d1OS DE SU FUNDACI\u00d3N - Kuali","og_description":"Kuali\/Pur\u00edsima del Rinc\u00f3n, Gto.- Con un desfile c\u00edvico y una festival musical Pur\u00edsima del Rinc\u00f3n celebro el 422 aniversario de su fundaci\u00f3n, hecho que ocurri\u00f3 un primero de enero de 1603 por indios Otomies. Los fesejos estuvieron encabezados por el presidente municipal, Roberto Garc\u00eda Urbano, quien estuvo acompa\u00f1ado de la subsecretaria de Vinculaci\u00f3n y Desarrollo [&hellip;]","og_url":"https:\/\/kuali.com.mx\/web\/2025\/01\/12\/festeja-purisima-422-anos-de-su-fundacion\/","og_site_name":"Kuali","article_publisher":"https:\/\/kuali.com.mx\/web\/wp-content\/uploads\/2018\/04\/cropped-kuali_logo-1-1.png","article_published_time":"2025-01-12T15:49:40+00:00","article_modified_time":"2025-01-13T04:03:09+00:00","og_image":[{"width":1708,"height":750,"url":"https:\/\/kuali.com.mx\/web\/wp-content\/uploads\/2025\/01\/Aniversario-Fundacion-Purisima-3.gif","type":"image\/gif"}],"author":"Kuali Staff","twitter_card":"summary_large_image","twitter_creator":"@kuali_noticias","twitter_site":"@kuali_noticias","twitter_misc":{"Escrito por":"Kuali Staff","Tiempo de lectura":"3 minutos"},"schema":{"@context":"https:\/\/schema.org","@graph":[{"@type":"Article","@id":"https:\/\/kuali.com.mx\/web\/2025\/01\/12\/festeja-purisima-422-anos-de-su-fundacion\/#article","isPartOf":{"@id":"https:\/\/kuali.com.mx\/web\/2025\/01\/12\/festeja-purisima-422-anos-de-su-fundacion\/"},"author":{"name":"Kuali Staff","@id":"https:\/\/kuali.com.mx\/web\/#\/schema\/person\/6f89ffa8ecba9dae50662357923c5289"},"headline":"FESTEJA PUR\u00cdSIMA 422 A\u00d1OS DE SU FUNDACI\u00d3N","datePublished":"2025-01-12T15:49:40+00:00","dateModified":"2025-01-13T04:03:09+00:00","mainEntityOfPage":{"@id":"https:\/\/kuali.com.mx\/web\/2025\/01\/12\/festeja-purisima-422-anos-de-su-fundacion\/"},"wordCount":574,"commentCount":0,"image":{"@id":"https:\/\/kuali.com.mx\/web\/2025\/01\/12\/festeja-purisima-422-anos-de-su-fundacion\/#primaryimage"},"thumbnailUrl":"https:\/\/kuali.com.mx\/web\/wp-content\/uploads\/2025\/01\/Aniversario-Fundacion-Purisima-3.gif","keywords":["Aniversario","Desfile","Festejos","Fundaci\u00f3n","Pur\u00edsima del Rinc\u00f3n"],"articleSection":["Pol\u00edtica"],"inLanguage":"es","potentialAction":[{"@type":"CommentAction","name":"Comment","target":["https:\/\/kuali.com.mx\/web\/2025\/01\/12\/festeja-purisima-422-anos-de-su-fundacion\/#respond"]}]},{"@type":"WebPage","@id":"https:\/\/kuali.com.mx\/web\/2025\/01\/12\/festeja-purisima-422-anos-de-su-fundacion\/","url":"https:\/\/kuali.com.mx\/web\/2025\/01\/12\/festeja-purisima-422-anos-de-su-fundacion\/","name":"FESTEJA PUR\u00cdSIMA 422 A\u00d1OS DE SU FUNDACI\u00d3N - Kuali","isPartOf":{"@id":"https:\/\/kuali.com.mx\/web\/#website"},"primaryImageOfPage":{"@id":"https:\/\/kuali.com.mx\/web\/2025\/01\/12\/festeja-purisima-422-anos-de-su-fundacion\/#primaryimage"},"image":{"@id":"https:\/\/kuali.com.mx\/web\/2025\/01\/12\/festeja-purisima-422-anos-de-su-fundacion\/#primaryimage"},"thumbnailUrl":"https:\/\/kuali.com.mx\/web\/wp-content\/uploads\/2025\/01\/Aniversario-Fundacion-Purisima-3.gif","datePublished":"2025-01-12T15:49:40+00:00","dateModified":"2025-01-13T04:03:09+00:00","author":{"@id":"https:\/\/kuali.com.mx\/web\/#\/schema\/person\/6f89ffa8ecba9dae50662357923c5289"},"breadcrumb":{"@id":"https:\/\/kuali.com.mx\/web\/2025\/01\/12\/festeja-purisima-422-anos-de-su-fundacion\/#breadcrumb"},"inLanguage":"es","potentialAction":[{"@type":"ReadAction","target":["https:\/\/kuali.com.mx\/web\/2025\/01\/12\/festeja-purisima-422-anos-de-su-fundacion\/"]}]},{"@type":"ImageObject","inLanguage":"es","@id":"https:\/\/kuali.com.mx\/web\/2025\/01\/12\/festeja-purisima-422-anos-de-su-fundacion\/#primaryimage","url":"https:\/\/kuali.com.mx\/web\/wp-content\/uploads\/2025\/01\/Aniversario-Fundacion-Purisima-3.gif","contentUrl":"https:\/\/kuali.com.mx\/web\/wp-content\/uploads\/2025\/01\/Aniversario-Fundacion-Purisima-3.gif","width":1708,"height":750},{"@type":"BreadcrumbList","@id":"https:\/\/kuali.com.mx\/web\/2025\/01\/12\/festeja-purisima-422-anos-de-su-fundacion\/#breadcrumb","itemListElement":[{"@type":"ListItem","position":1,"name":"Inicio","item":"https:\/\/kuali.com.mx\/web\/"},{"@type":"ListItem","position":2,"name":"FESTEJA PUR\u00cdSIMA 422 A\u00d1OS DE SU FUNDACI\u00d3N"}]},{"@type":"WebSite","@id":"https:\/\/kuali.com.mx\/web\/#website","url":"https:\/\/kuali.com.mx\/web\/","name":"Kuali","description":"","potentialAction":[{"@type":"SearchAction","target":{"@type":"EntryPoint","urlTemplate":"https:\/\/kuali.com.mx\/web\/?s={search_term_string}"},"query-input":{"@type":"PropertyValueSpecification","valueRequired":true,"valueName":"search_term_string"}}],"inLanguage":"es"},{"@type":"Person","@id":"https:\/\/kuali.com.mx\/web\/#\/schema\/person\/6f89ffa8ecba9dae50662357923c5289","name":"Kuali Staff","image":{"@type":"ImageObject","inLanguage":"es","@id":"https:\/\/secure.gravatar.com\/avatar\/f917ad82e5ab71227a733c78b6e60715476f69ee6be59feee4eb5d9920c89e0f?s=96&d=mm&r=g","url":"https:\/\/secure.gravatar.com\/avatar\/f917ad82e5ab71227a733c78b6e60715476f69ee6be59feee4eb5d9920c89e0f?s=96&d=mm&r=g","contentUrl":"https:\/\/secure.gravatar.com\/avatar\/f917ad82e5ab71227a733c78b6e60715476f69ee6be59feee4eb5d9920c89e0f?s=96&d=mm&r=g","caption":"Kuali Staff"},"url":"https:\/\/kuali.com.mx\/web\/author\/lagarto\/"}]}},"_links":{"self":[{"href":"https:\/\/kuali.com.mx\/web\/wp-json\/wp\/v2\/posts\/165806","targetHints":{"allow":["GET"]}}],"collection":[{"href":"https:\/\/kuali.com.mx\/web\/wp-json\/wp\/v2\/posts"}],"about":[{"href":"https:\/\/kuali.com.mx\/web\/wp-json\/wp\/v2\/types\/post"}],"author":[{"embeddable":true,"href":"https:\/\/kuali.com.mx\/web\/wp-json\/wp\/v2\/users\/2"}],"replies":[{"embeddable":true,"href":"https:\/\/kuali.com.mx\/web\/wp-json\/wp\/v2\/comments?post=165806"}],"version-history":[{"count":2,"href":"https:\/\/kuali.com.mx\/web\/wp-json\/wp\/v2\/posts\/165806\/revisions"}],"predecessor-version":[{"id":165819,"href":"https:\/\/kuali.com.mx\/web\/wp-json\/wp\/v2\/posts\/165806\/revisions\/165819"}],"wp:featuredmedia":[{"embeddable":true,"href":"https:\/\/kuali.com.mx\/web\/wp-json\/wp\/v2\/media\/165811"}],"wp:attachment":[{"href":"https:\/\/kuali.com.mx\/web\/wp-json\/wp\/v2\/media?parent=165806"}],"wp:term":[{"taxonomy":"category","embeddable":true,"href":"https:\/\/kuali.com.mx\/web\/wp-json\/wp\/v2\/categories?post=165806"},{"taxonomy":"post_tag","embeddable":true,"href":"https:\/\/kuali.com.mx\/web\/wp-json\/wp\/v2\/tags?post=165806"}],"curies":[{"name":"wp","href":"https:\/\/api.w.org\/{rel}","templated":true}]}}