{"id":165788,"date":"2025-01-12T11:00:00","date_gmt":"2025-01-12T17:00:00","guid":{"rendered":"https:\/\/kuali.com.mx\/web\/?p=165788"},"modified":"2025-01-12T17:59:38","modified_gmt":"2025-01-12T23:59:38","slug":"lucran-estacionamientos-aledanos-a-la-feria","status":"publish","type":"post","link":"https:\/\/kuali.com.mx\/web\/2025\/01\/12\/lucran-estacionamientos-aledanos-a-la-feria\/","title":{"rendered":"LUCRAN ESTACIONAMIENTOS ALEDA\u00d1OS A LA FERIA"},"content":{"rendered":"\n<p><strong>Milagros Tadeo\/Le\u00f3n, Gto.-&nbsp;<\/strong>Asistentes a la Feria Estatal de Le\u00f3n se quejaron de los costos excesivos en los estacionamientos aleda\u00f1os a las instalaciones de dicho recinto; al tener que pagar de 120 a 200 pesos por autom\u00f3vil.<\/p>\n\n\n\n<p>Para el caso de las motos, los usuarios pagan cuotas de 60 pesos y los camiones de carga pagan 350 pesos.<\/p>\n\n\n\n<p>Los usuarios pidieron a la Procuradur\u00eda Federal del Consumidor (PROFECO) intervenga y revise las cuotas de los estacionamientos, pues son excesivos los precios que manejan quienes rentan los espacios habilitados como estacionamientos.<\/p>\n\n\n\n<p>Juan dijo que pese a que son caros los estacionamientos tampoco cuentan con un seguro que garantice protecci\u00f3n a su auto.<\/p>\n\n\n\n<p>\u201cLo malo es que en la Feria hay estacionamiento y tiene un costo de 30 pesos la hora, sin embargo, resulta muy peque\u00f1o para la cantidad de personas que asisten, es el \u00fanico que nos da un poco de garant\u00edas para los autos\u201d, expres\u00f3.<\/p>\n\n\n\n<p>En tanto, Luis coment\u00f3 que el a\u00f1o pasado se qued\u00f3 en un estacionamiento cercano a la Feria, por el cual pag\u00f3 100 pesos y este a\u00f1o pag\u00f3 200 pesos.<\/p>\n\n\n\n<p>Lamentaron que cada a\u00f1o, algunos aprovechen para hacer su agosto durante la Feria y abusen de las familias y que las autoridades no hagan nada para evitarlo.<\/p>\n","protected":false},"excerpt":{"rendered":"Milagros Tadeo\/Le\u00f3n, Gto.-&nbsp;Asistentes a la Feria Estatal de Le\u00f3n se quejaron de los costos excesivos en los estacionamientos aleda\u00f1os a las instalaciones de dicho recinto; al tener que pagar de 120 a 200 pesos por autom\u00f3vil. Para el caso de las motos, los usuarios pagan cuotas de 60 pesos y los camiones de carga pagan [&hellip;]","protected":false},"author":2,"featured_media":165791,"comment_status":"open","ping_status":"open","sticky":false,"template":"","format":"standard","meta":{"_seopress_robots_primary_cat":"none","_seopress_titles_title":"","_seopress_titles_desc":"","_seopress_robots_index":"","_monsterinsights_skip_tracking":false,"_monsterinsights_sitenote_active":false,"_monsterinsights_sitenote_note":"","_monsterinsights_sitenote_category":0,"footnotes":""},"categories":[13],"tags":[],"class_list":["post-165788","post","type-post","status-publish","format-standard","has-post-thumbnail","hentry","category-turismo"],"yoast_head":"<!-- This site is optimized with the Yoast SEO plugin v27.4 - https:\/\/yoast.com\/product\/yoast-seo-wordpress\/ -->\n<title>LUCRAN ESTACIONAMIENTOS ALEDA\u00d1OS A LA FERIA - Kuali<\/title>\n<meta name=\"robots\" content=\"index, follow, max-snippet:-1, max-image-preview:large, max-video-preview:-1\" \/>\n<link rel=\"canonical\" href=\"https:\/\/kuali.com.mx\/web\/2025\/01\/12\/lucran-estacionamientos-aledanos-a-la-feria\/\" \/>\n<meta property=\"og:locale\" content=\"es_MX\" \/>\n<meta property=\"og:type\" content=\"article\" \/>\n<meta property=\"og:title\" content=\"LUCRAN ESTACIONAMIENTOS ALEDA\u00d1OS A LA FERIA - Kuali\" \/>\n<meta property=\"og:description\" content=\"Milagros Tadeo\/Le\u00f3n, Gto.-&nbsp;Asistentes a la Feria Estatal de Le\u00f3n se quejaron de los costos excesivos en los estacionamientos aleda\u00f1os a las instalaciones de dicho recinto; al tener que pagar de 120 a 200 pesos por autom\u00f3vil. Para el caso de las motos, los usuarios pagan cuotas de 60 pesos y los camiones de carga pagan [&hellip;]\" \/>\n<meta property=\"og:url\" content=\"https:\/\/kuali.com.mx\/web\/2025\/01\/12\/lucran-estacionamientos-aledanos-a-la-feria\/\" \/>\n<meta property=\"og:site_name\" content=\"Kuali\" \/>\n<meta property=\"article:publisher\" content=\"https:\/\/kuali.com.mx\/web\/wp-content\/uploads\/2018\/04\/cropped-kuali_logo-1-1.png\" \/>\n<meta property=\"article:published_time\" content=\"2025-01-12T17:00:00+00:00\" \/>\n<meta property=\"article:modified_time\" content=\"2025-01-12T23:59:38+00:00\" \/>\n<meta property=\"og:image\" content=\"https:\/\/kuali.com.mx\/web\/wp-content\/uploads\/2025\/01\/estacionamiento-feria-e1736726322962.jpeg\" \/>\n\t<meta property=\"og:image:width\" content=\"898\" \/>\n\t<meta property=\"og:image:height\" content=\"624\" \/>\n\t<meta property=\"og:image:type\" content=\"image\/jpeg\" \/>\n<meta name=\"author\" content=\"Kuali Staff\" \/>\n<meta name=\"twitter:card\" content=\"summary_large_image\" \/>\n<meta name=\"twitter:creator\" content=\"@kuali_noticias\" \/>\n<meta name=\"twitter:site\" content=\"@kuali_noticias\" \/>\n<meta name=\"twitter:label1\" content=\"Escrito por\" \/>\n\t<meta name=\"twitter:data1\" content=\"Kuali Staff\" \/>\n\t<meta name=\"twitter:label2\" content=\"Tiempo de lectura\" \/>\n\t<meta name=\"twitter:data2\" content=\"1 minuto\" \/>\n<script type=\"application\/ld+json\" class=\"yoast-schema-graph\">{\"@context\":\"https:\\\/\\\/schema.org\",\"@graph\":[{\"@type\":\"Article\",\"@id\":\"https:\\\/\\\/kuali.com.mx\\\/web\\\/2025\\\/01\\\/12\\\/lucran-estacionamientos-aledanos-a-la-feria\\\/#article\",\"isPartOf\":{\"@id\":\"https:\\\/\\\/kuali.com.mx\\\/web\\\/2025\\\/01\\\/12\\\/lucran-estacionamientos-aledanos-a-la-feria\\\/\"},\"author\":{\"name\":\"Kuali Staff\",\"@id\":\"https:\\\/\\\/kuali.com.mx\\\/web\\\/#\\\/schema\\\/person\\\/6f89ffa8ecba9dae50662357923c5289\"},\"headline\":\"LUCRAN ESTACIONAMIENTOS ALEDA\u00d1OS A LA FERIA\",\"datePublished\":\"2025-01-12T17:00:00+00:00\",\"dateModified\":\"2025-01-12T23:59:38+00:00\",\"mainEntityOfPage\":{\"@id\":\"https:\\\/\\\/kuali.com.mx\\\/web\\\/2025\\\/01\\\/12\\\/lucran-estacionamientos-aledanos-a-la-feria\\\/\"},\"wordCount\":225,\"commentCount\":0,\"image\":{\"@id\":\"https:\\\/\\\/kuali.com.mx\\\/web\\\/2025\\\/01\\\/12\\\/lucran-estacionamientos-aledanos-a-la-feria\\\/#primaryimage\"},\"thumbnailUrl\":\"https:\\\/\\\/kuali.com.mx\\\/web\\\/wp-content\\\/uploads\\\/2025\\\/01\\\/estacionamiento-feria-e1736726322962.jpeg\",\"articleSection\":[\"Turismo\"],\"inLanguage\":\"es\",\"potentialAction\":[{\"@type\":\"CommentAction\",\"name\":\"Comment\",\"target\":[\"https:\\\/\\\/kuali.com.mx\\\/web\\\/2025\\\/01\\\/12\\\/lucran-estacionamientos-aledanos-a-la-feria\\\/#respond\"]}]},{\"@type\":\"WebPage\",\"@id\":\"https:\\\/\\\/kuali.com.mx\\\/web\\\/2025\\\/01\\\/12\\\/lucran-estacionamientos-aledanos-a-la-feria\\\/\",\"url\":\"https:\\\/\\\/kuali.com.mx\\\/web\\\/2025\\\/01\\\/12\\\/lucran-estacionamientos-aledanos-a-la-feria\\\/\",\"name\":\"LUCRAN ESTACIONAMIENTOS ALEDA\u00d1OS A LA FERIA - Kuali\",\"isPartOf\":{\"@id\":\"https:\\\/\\\/kuali.com.mx\\\/web\\\/#website\"},\"primaryImageOfPage\":{\"@id\":\"https:\\\/\\\/kuali.com.mx\\\/web\\\/2025\\\/01\\\/12\\\/lucran-estacionamientos-aledanos-a-la-feria\\\/#primaryimage\"},\"image\":{\"@id\":\"https:\\\/\\\/kuali.com.mx\\\/web\\\/2025\\\/01\\\/12\\\/lucran-estacionamientos-aledanos-a-la-feria\\\/#primaryimage\"},\"thumbnailUrl\":\"https:\\\/\\\/kuali.com.mx\\\/web\\\/wp-content\\\/uploads\\\/2025\\\/01\\\/estacionamiento-feria-e1736726322962.jpeg\",\"datePublished\":\"2025-01-12T17:00:00+00:00\",\"dateModified\":\"2025-01-12T23:59:38+00:00\",\"author\":{\"@id\":\"https:\\\/\\\/kuali.com.mx\\\/web\\\/#\\\/schema\\\/person\\\/6f89ffa8ecba9dae50662357923c5289\"},\"breadcrumb\":{\"@id\":\"https:\\\/\\\/kuali.com.mx\\\/web\\\/2025\\\/01\\\/12\\\/lucran-estacionamientos-aledanos-a-la-feria\\\/#breadcrumb\"},\"inLanguage\":\"es\",\"potentialAction\":[{\"@type\":\"ReadAction\",\"target\":[\"https:\\\/\\\/kuali.com.mx\\\/web\\\/2025\\\/01\\\/12\\\/lucran-estacionamientos-aledanos-a-la-feria\\\/\"]}]},{\"@type\":\"ImageObject\",\"inLanguage\":\"es\",\"@id\":\"https:\\\/\\\/kuali.com.mx\\\/web\\\/2025\\\/01\\\/12\\\/lucran-estacionamientos-aledanos-a-la-feria\\\/#primaryimage\",\"url\":\"https:\\\/\\\/kuali.com.mx\\\/web\\\/wp-content\\\/uploads\\\/2025\\\/01\\\/estacionamiento-feria-e1736726322962.jpeg\",\"contentUrl\":\"https:\\\/\\\/kuali.com.mx\\\/web\\\/wp-content\\\/uploads\\\/2025\\\/01\\\/estacionamiento-feria-e1736726322962.jpeg\",\"width\":898,\"height\":624},{\"@type\":\"BreadcrumbList\",\"@id\":\"https:\\\/\\\/kuali.com.mx\\\/web\\\/2025\\\/01\\\/12\\\/lucran-estacionamientos-aledanos-a-la-feria\\\/#breadcrumb\",\"itemListElement\":[{\"@type\":\"ListItem\",\"position\":1,\"name\":\"Inicio\",\"item\":\"https:\\\/\\\/kuali.com.mx\\\/web\\\/\"},{\"@type\":\"ListItem\",\"position\":2,\"name\":\"LUCRAN ESTACIONAMIENTOS ALEDA\u00d1OS A LA FERIA\"}]},{\"@type\":\"WebSite\",\"@id\":\"https:\\\/\\\/kuali.com.mx\\\/web\\\/#website\",\"url\":\"https:\\\/\\\/kuali.com.mx\\\/web\\\/\",\"name\":\"Kuali\",\"description\":\"\",\"potentialAction\":[{\"@type\":\"SearchAction\",\"target\":{\"@type\":\"EntryPoint\",\"urlTemplate\":\"https:\\\/\\\/kuali.com.mx\\\/web\\\/?s={search_term_string}\"},\"query-input\":{\"@type\":\"PropertyValueSpecification\",\"valueRequired\":true,\"valueName\":\"search_term_string\"}}],\"inLanguage\":\"es\"},{\"@type\":\"Person\",\"@id\":\"https:\\\/\\\/kuali.com.mx\\\/web\\\/#\\\/schema\\\/person\\\/6f89ffa8ecba9dae50662357923c5289\",\"name\":\"Kuali Staff\",\"image\":{\"@type\":\"ImageObject\",\"inLanguage\":\"es\",\"@id\":\"https:\\\/\\\/secure.gravatar.com\\\/avatar\\\/f917ad82e5ab71227a733c78b6e60715476f69ee6be59feee4eb5d9920c89e0f?s=96&d=mm&r=g\",\"url\":\"https:\\\/\\\/secure.gravatar.com\\\/avatar\\\/f917ad82e5ab71227a733c78b6e60715476f69ee6be59feee4eb5d9920c89e0f?s=96&d=mm&r=g\",\"contentUrl\":\"https:\\\/\\\/secure.gravatar.com\\\/avatar\\\/f917ad82e5ab71227a733c78b6e60715476f69ee6be59feee4eb5d9920c89e0f?s=96&d=mm&r=g\",\"caption\":\"Kuali Staff\"},\"url\":\"https:\\\/\\\/kuali.com.mx\\\/web\\\/author\\\/lagarto\\\/\"}]}<\/script>\n<!-- \/ Yoast SEO plugin. -->","yoast_head_json":{"title":"LUCRAN ESTACIONAMIENTOS ALEDA\u00d1OS A LA FERIA - Kuali","robots":{"index":"index","follow":"follow","max-snippet":"max-snippet:-1","max-image-preview":"max-image-preview:large","max-video-preview":"max-video-preview:-1"},"canonical":"https:\/\/kuali.com.mx\/web\/2025\/01\/12\/lucran-estacionamientos-aledanos-a-la-feria\/","og_locale":"es_MX","og_type":"article","og_title":"LUCRAN ESTACIONAMIENTOS ALEDA\u00d1OS A LA FERIA - Kuali","og_description":"Milagros Tadeo\/Le\u00f3n, Gto.-&nbsp;Asistentes a la Feria Estatal de Le\u00f3n se quejaron de los costos excesivos en los estacionamientos aleda\u00f1os a las instalaciones de dicho recinto; al tener que pagar de 120 a 200 pesos por autom\u00f3vil. Para el caso de las motos, los usuarios pagan cuotas de 60 pesos y los camiones de carga pagan [&hellip;]","og_url":"https:\/\/kuali.com.mx\/web\/2025\/01\/12\/lucran-estacionamientos-aledanos-a-la-feria\/","og_site_name":"Kuali","article_publisher":"https:\/\/kuali.com.mx\/web\/wp-content\/uploads\/2018\/04\/cropped-kuali_logo-1-1.png","article_published_time":"2025-01-12T17:00:00+00:00","article_modified_time":"2025-01-12T23:59:38+00:00","og_image":[{"width":898,"height":624,"url":"https:\/\/kuali.com.mx\/web\/wp-content\/uploads\/2025\/01\/estacionamiento-feria-e1736726322962.jpeg","type":"image\/jpeg"}],"author":"Kuali Staff","twitter_card":"summary_large_image","twitter_creator":"@kuali_noticias","twitter_site":"@kuali_noticias","twitter_misc":{"Escrito por":"Kuali Staff","Tiempo de lectura":"1 minuto"},"schema":{"@context":"https:\/\/schema.org","@graph":[{"@type":"Article","@id":"https:\/\/kuali.com.mx\/web\/2025\/01\/12\/lucran-estacionamientos-aledanos-a-la-feria\/#article","isPartOf":{"@id":"https:\/\/kuali.com.mx\/web\/2025\/01\/12\/lucran-estacionamientos-aledanos-a-la-feria\/"},"author":{"name":"Kuali Staff","@id":"https:\/\/kuali.com.mx\/web\/#\/schema\/person\/6f89ffa8ecba9dae50662357923c5289"},"headline":"LUCRAN ESTACIONAMIENTOS ALEDA\u00d1OS A LA FERIA","datePublished":"2025-01-12T17:00:00+00:00","dateModified":"2025-01-12T23:59:38+00:00","mainEntityOfPage":{"@id":"https:\/\/kuali.com.mx\/web\/2025\/01\/12\/lucran-estacionamientos-aledanos-a-la-feria\/"},"wordCount":225,"commentCount":0,"image":{"@id":"https:\/\/kuali.com.mx\/web\/2025\/01\/12\/lucran-estacionamientos-aledanos-a-la-feria\/#primaryimage"},"thumbnailUrl":"https:\/\/kuali.com.mx\/web\/wp-content\/uploads\/2025\/01\/estacionamiento-feria-e1736726322962.jpeg","articleSection":["Turismo"],"inLanguage":"es","potentialAction":[{"@type":"CommentAction","name":"Comment","target":["https:\/\/kuali.com.mx\/web\/2025\/01\/12\/lucran-estacionamientos-aledanos-a-la-feria\/#respond"]}]},{"@type":"WebPage","@id":"https:\/\/kuali.com.mx\/web\/2025\/01\/12\/lucran-estacionamientos-aledanos-a-la-feria\/","url":"https:\/\/kuali.com.mx\/web\/2025\/01\/12\/lucran-estacionamientos-aledanos-a-la-feria\/","name":"LUCRAN ESTACIONAMIENTOS ALEDA\u00d1OS A LA FERIA - Kuali","isPartOf":{"@id":"https:\/\/kuali.com.mx\/web\/#website"},"primaryImageOfPage":{"@id":"https:\/\/kuali.com.mx\/web\/2025\/01\/12\/lucran-estacionamientos-aledanos-a-la-feria\/#primaryimage"},"image":{"@id":"https:\/\/kuali.com.mx\/web\/2025\/01\/12\/lucran-estacionamientos-aledanos-a-la-feria\/#primaryimage"},"thumbnailUrl":"https:\/\/kuali.com.mx\/web\/wp-content\/uploads\/2025\/01\/estacionamiento-feria-e1736726322962.jpeg","datePublished":"2025-01-12T17:00:00+00:00","dateModified":"2025-01-12T23:59:38+00:00","author":{"@id":"https:\/\/kuali.com.mx\/web\/#\/schema\/person\/6f89ffa8ecba9dae50662357923c5289"},"breadcrumb":{"@id":"https:\/\/kuali.com.mx\/web\/2025\/01\/12\/lucran-estacionamientos-aledanos-a-la-feria\/#breadcrumb"},"inLanguage":"es","potentialAction":[{"@type":"ReadAction","target":["https:\/\/kuali.com.mx\/web\/2025\/01\/12\/lucran-estacionamientos-aledanos-a-la-feria\/"]}]},{"@type":"ImageObject","inLanguage":"es","@id":"https:\/\/kuali.com.mx\/web\/2025\/01\/12\/lucran-estacionamientos-aledanos-a-la-feria\/#primaryimage","url":"https:\/\/kuali.com.mx\/web\/wp-content\/uploads\/2025\/01\/estacionamiento-feria-e1736726322962.jpeg","contentUrl":"https:\/\/kuali.com.mx\/web\/wp-content\/uploads\/2025\/01\/estacionamiento-feria-e1736726322962.jpeg","width":898,"height":624},{"@type":"BreadcrumbList","@id":"https:\/\/kuali.com.mx\/web\/2025\/01\/12\/lucran-estacionamientos-aledanos-a-la-feria\/#breadcrumb","itemListElement":[{"@type":"ListItem","position":1,"name":"Inicio","item":"https:\/\/kuali.com.mx\/web\/"},{"@type":"ListItem","position":2,"name":"LUCRAN ESTACIONAMIENTOS ALEDA\u00d1OS A LA FERIA"}]},{"@type":"WebSite","@id":"https:\/\/kuali.com.mx\/web\/#website","url":"https:\/\/kuali.com.mx\/web\/","name":"Kuali","description":"","potentialAction":[{"@type":"SearchAction","target":{"@type":"EntryPoint","urlTemplate":"https:\/\/kuali.com.mx\/web\/?s={search_term_string}"},"query-input":{"@type":"PropertyValueSpecification","valueRequired":true,"valueName":"search_term_string"}}],"inLanguage":"es"},{"@type":"Person","@id":"https:\/\/kuali.com.mx\/web\/#\/schema\/person\/6f89ffa8ecba9dae50662357923c5289","name":"Kuali Staff","image":{"@type":"ImageObject","inLanguage":"es","@id":"https:\/\/secure.gravatar.com\/avatar\/f917ad82e5ab71227a733c78b6e60715476f69ee6be59feee4eb5d9920c89e0f?s=96&d=mm&r=g","url":"https:\/\/secure.gravatar.com\/avatar\/f917ad82e5ab71227a733c78b6e60715476f69ee6be59feee4eb5d9920c89e0f?s=96&d=mm&r=g","contentUrl":"https:\/\/secure.gravatar.com\/avatar\/f917ad82e5ab71227a733c78b6e60715476f69ee6be59feee4eb5d9920c89e0f?s=96&d=mm&r=g","caption":"Kuali Staff"},"url":"https:\/\/kuali.com.mx\/web\/author\/lagarto\/"}]}},"_links":{"self":[{"href":"https:\/\/kuali.com.mx\/web\/wp-json\/wp\/v2\/posts\/165788","targetHints":{"allow":["GET"]}}],"collection":[{"href":"https:\/\/kuali.com.mx\/web\/wp-json\/wp\/v2\/posts"}],"about":[{"href":"https:\/\/kuali.com.mx\/web\/wp-json\/wp\/v2\/types\/post"}],"author":[{"embeddable":true,"href":"https:\/\/kuali.com.mx\/web\/wp-json\/wp\/v2\/users\/2"}],"replies":[{"embeddable":true,"href":"https:\/\/kuali.com.mx\/web\/wp-json\/wp\/v2\/comments?post=165788"}],"version-history":[{"count":1,"href":"https:\/\/kuali.com.mx\/web\/wp-json\/wp\/v2\/posts\/165788\/revisions"}],"predecessor-version":[{"id":165792,"href":"https:\/\/kuali.com.mx\/web\/wp-json\/wp\/v2\/posts\/165788\/revisions\/165792"}],"wp:featuredmedia":[{"embeddable":true,"href":"https:\/\/kuali.com.mx\/web\/wp-json\/wp\/v2\/media\/165791"}],"wp:attachment":[{"href":"https:\/\/kuali.com.mx\/web\/wp-json\/wp\/v2\/media?parent=165788"}],"wp:term":[{"taxonomy":"category","embeddable":true,"href":"https:\/\/kuali.com.mx\/web\/wp-json\/wp\/v2\/categories?post=165788"},{"taxonomy":"post_tag","embeddable":true,"href":"https:\/\/kuali.com.mx\/web\/wp-json\/wp\/v2\/tags?post=165788"}],"curies":[{"name":"wp","href":"https:\/\/api.w.org\/{rel}","templated":true}]}}