{"id":164447,"date":"2024-12-26T16:16:00","date_gmt":"2024-12-26T22:16:00","guid":{"rendered":"https:\/\/kuali.com.mx\/web\/?p=164447"},"modified":"2024-12-26T19:20:56","modified_gmt":"2024-12-27T01:20:56","slug":"coordinan-trabajo-para-proteger-a-infantes","status":"publish","type":"post","link":"https:\/\/kuali.com.mx\/web\/2024\/12\/26\/coordinan-trabajo-para-proteger-a-infantes\/","title":{"rendered":"COORDINAN TRABAJO PARA PROTEGER A INFANTES"},"content":{"rendered":"\n<p>La Procuradur\u00eda Estatal de Protecci\u00f3n de Ni\u00f1as, Ni\u00f1os y Adolescentes (PEPNNA) llev\u00f3 a cabo una mesa de trabajo con los titulares de las Procuradur\u00edas Auxiliares para coordonar la protecci\u00f3n de los menores de edad en lso 46 municipios.<\/p>\n\n\n\n<p>La finalidad de este encuentro fue garantizan que la protecci\u00f3n a las infancias y adolescencias sea integral, participativa y eficaz, respetando el derecho de las personas menores de edad, que es, el de la dignidad humana.<\/p>\n\n\n\n<p>Adem\u00e1s, se concretaron los siguientes acuerdos:<\/p>\n\n\n\n<ul class=\"wp-block-list\"><li>Fortalecer el trabajo en equipo.<\/li><li>Mantener una estrecha comunicaci\u00f3n.<\/li><li>Coordinaci\u00f3n en la ejecuci\u00f3n de acciones.<\/li><\/ul>\n\n\n\n<ul class=\"wp-block-list\"><li>Homologar criterios de atenci\u00f3n.<\/li><li>Desarrollar capacitaciones por regiones.<\/li><\/ul>\n\n\n\n<p>Mar\u00eda Teresa Palomino Ramos, Procuradora Estatal de Protecci\u00f3n de Ni\u00f1as, Ni\u00f1os y Adolescentes, recalc\u00f3 que, para eficientar el cuidado a las ni\u00f1as, ni\u00f1os y adolescentes y restituirles sus derechos en el menor tiempo posible, es necesario que avancen en la separaci\u00f3n de los sistemas DIF municipales, como lo mandata la Ley de los Derechos de Ni\u00f1as, Ni\u00f1os y Adolescentes del Estado de Guanajuato.<\/p>\n\n\n\n<p>Mencion\u00f3 que la atenci\u00f3n a los infantes y adolescentes que se encuentran bajo tutela del estado o de las Procuradur\u00edas Auxiliares debe ser personalizada, es decir, un traje a la medida.<\/p>\n\n\n\n<p>Invit\u00f3 a las y los asistentes a colaborar en sinergia, pues como dice la Gobernadora, Libia Dennise Garc\u00eda Mu\u00f1oz Ledo, unidas y unidos&nbsp;avanzamos hacia un Guanajuato m\u00e1s justo y seguro.<\/p>\n\n\n\n<p>Reiter\u00f3 el compromiso del Gobierno de la Gente&nbsp;en favor de infancia y la adolescencia y su derecho a vivir en entornos sanos, seguros y libres de violencia.<\/p>\n","protected":false},"excerpt":{"rendered":"La Procuradur\u00eda Estatal de Protecci\u00f3n de Ni\u00f1as, Ni\u00f1os y Adolescentes (PEPNNA) llev\u00f3 a cabo una mesa de trabajo con los titulares de las Procuradur\u00edas Auxiliares para coordonar la protecci\u00f3n de los menores de edad en lso 46 municipios. La finalidad de este encuentro fue garantizan que la protecci\u00f3n a las infancias y adolescencias sea integral, [&hellip;]","protected":false},"author":2,"featured_media":69305,"comment_status":"open","ping_status":"open","sticky":false,"template":"","format":"standard","meta":{"_seopress_robots_primary_cat":"none","_seopress_titles_title":"","_seopress_titles_desc":"","_seopress_robots_index":"","_monsterinsights_skip_tracking":false,"_monsterinsights_sitenote_active":false,"_monsterinsights_sitenote_note":"","_monsterinsights_sitenote_category":0,"footnotes":""},"categories":[14],"tags":[],"class_list":["post-164447","post","type-post","status-publish","format-standard","has-post-thumbnail","hentry","category-derechos"],"yoast_head":"<!-- This site is optimized with the Yoast SEO plugin v27.5 - https:\/\/yoast.com\/product\/yoast-seo-wordpress\/ -->\n<title>COORDINAN TRABAJO PARA PROTEGER A INFANTES - Kuali<\/title>\n<meta name=\"robots\" content=\"index, follow, max-snippet:-1, max-image-preview:large, max-video-preview:-1\" \/>\n<link rel=\"canonical\" href=\"https:\/\/kuali.com.mx\/web\/2024\/12\/26\/coordinan-trabajo-para-proteger-a-infantes\/\" \/>\n<meta property=\"og:locale\" content=\"es_MX\" \/>\n<meta property=\"og:type\" content=\"article\" \/>\n<meta property=\"og:title\" content=\"COORDINAN TRABAJO PARA PROTEGER A INFANTES - Kuali\" \/>\n<meta property=\"og:description\" content=\"La Procuradur\u00eda Estatal de Protecci\u00f3n de Ni\u00f1as, Ni\u00f1os y Adolescentes (PEPNNA) llev\u00f3 a cabo una mesa de trabajo con los titulares de las Procuradur\u00edas Auxiliares para coordonar la protecci\u00f3n de los menores de edad en lso 46 municipios. La finalidad de este encuentro fue garantizan que la protecci\u00f3n a las infancias y adolescencias sea integral, [&hellip;]\" \/>\n<meta property=\"og:url\" content=\"https:\/\/kuali.com.mx\/web\/2024\/12\/26\/coordinan-trabajo-para-proteger-a-infantes\/\" \/>\n<meta property=\"og:site_name\" content=\"Kuali\" \/>\n<meta property=\"article:publisher\" content=\"https:\/\/kuali.com.mx\/web\/wp-content\/uploads\/2018\/04\/cropped-kuali_logo-1-1.png\" \/>\n<meta property=\"article:published_time\" content=\"2024-12-26T22:16:00+00:00\" \/>\n<meta property=\"article:modified_time\" content=\"2024-12-27T01:20:56+00:00\" \/>\n<meta property=\"og:image\" content=\"https:\/\/kuali.com.mx\/web\/wp-content\/uploads\/2020\/04\/MALTRATO-VIOLENCIA-INFANTIL.gif\" \/>\n\t<meta property=\"og:image:width\" content=\"1792\" \/>\n\t<meta property=\"og:image:height\" content=\"750\" \/>\n\t<meta property=\"og:image:type\" content=\"image\/gif\" \/>\n<meta name=\"author\" content=\"Kuali Staff\" \/>\n<meta name=\"twitter:card\" content=\"summary_large_image\" \/>\n<meta name=\"twitter:creator\" content=\"@kuali_noticias\" \/>\n<meta name=\"twitter:site\" content=\"@kuali_noticias\" \/>\n<meta name=\"twitter:label1\" content=\"Escrito por\" \/>\n\t<meta name=\"twitter:data1\" content=\"Kuali Staff\" \/>\n\t<meta name=\"twitter:label2\" content=\"Tiempo de lectura\" \/>\n\t<meta name=\"twitter:data2\" content=\"1 minuto\" \/>\n<script type=\"application\/ld+json\" class=\"yoast-schema-graph\">{\"@context\":\"https:\\\/\\\/schema.org\",\"@graph\":[{\"@type\":\"Article\",\"@id\":\"https:\\\/\\\/kuali.com.mx\\\/web\\\/2024\\\/12\\\/26\\\/coordinan-trabajo-para-proteger-a-infantes\\\/#article\",\"isPartOf\":{\"@id\":\"https:\\\/\\\/kuali.com.mx\\\/web\\\/2024\\\/12\\\/26\\\/coordinan-trabajo-para-proteger-a-infantes\\\/\"},\"author\":{\"name\":\"Kuali Staff\",\"@id\":\"https:\\\/\\\/kuali.com.mx\\\/web\\\/#\\\/schema\\\/person\\\/6f89ffa8ecba9dae50662357923c5289\"},\"headline\":\"COORDINAN TRABAJO PARA PROTEGER A INFANTES\",\"datePublished\":\"2024-12-26T22:16:00+00:00\",\"dateModified\":\"2024-12-27T01:20:56+00:00\",\"mainEntityOfPage\":{\"@id\":\"https:\\\/\\\/kuali.com.mx\\\/web\\\/2024\\\/12\\\/26\\\/coordinan-trabajo-para-proteger-a-infantes\\\/\"},\"wordCount\":289,\"commentCount\":0,\"image\":{\"@id\":\"https:\\\/\\\/kuali.com.mx\\\/web\\\/2024\\\/12\\\/26\\\/coordinan-trabajo-para-proteger-a-infantes\\\/#primaryimage\"},\"thumbnailUrl\":\"https:\\\/\\\/kuali.com.mx\\\/web\\\/wp-content\\\/uploads\\\/2020\\\/04\\\/MALTRATO-VIOLENCIA-INFANTIL.gif\",\"articleSection\":[\"Derechos Humanos\"],\"inLanguage\":\"es\",\"potentialAction\":[{\"@type\":\"CommentAction\",\"name\":\"Comment\",\"target\":[\"https:\\\/\\\/kuali.com.mx\\\/web\\\/2024\\\/12\\\/26\\\/coordinan-trabajo-para-proteger-a-infantes\\\/#respond\"]}]},{\"@type\":\"WebPage\",\"@id\":\"https:\\\/\\\/kuali.com.mx\\\/web\\\/2024\\\/12\\\/26\\\/coordinan-trabajo-para-proteger-a-infantes\\\/\",\"url\":\"https:\\\/\\\/kuali.com.mx\\\/web\\\/2024\\\/12\\\/26\\\/coordinan-trabajo-para-proteger-a-infantes\\\/\",\"name\":\"COORDINAN TRABAJO PARA PROTEGER A INFANTES - Kuali\",\"isPartOf\":{\"@id\":\"https:\\\/\\\/kuali.com.mx\\\/web\\\/#website\"},\"primaryImageOfPage\":{\"@id\":\"https:\\\/\\\/kuali.com.mx\\\/web\\\/2024\\\/12\\\/26\\\/coordinan-trabajo-para-proteger-a-infantes\\\/#primaryimage\"},\"image\":{\"@id\":\"https:\\\/\\\/kuali.com.mx\\\/web\\\/2024\\\/12\\\/26\\\/coordinan-trabajo-para-proteger-a-infantes\\\/#primaryimage\"},\"thumbnailUrl\":\"https:\\\/\\\/kuali.com.mx\\\/web\\\/wp-content\\\/uploads\\\/2020\\\/04\\\/MALTRATO-VIOLENCIA-INFANTIL.gif\",\"datePublished\":\"2024-12-26T22:16:00+00:00\",\"dateModified\":\"2024-12-27T01:20:56+00:00\",\"author\":{\"@id\":\"https:\\\/\\\/kuali.com.mx\\\/web\\\/#\\\/schema\\\/person\\\/6f89ffa8ecba9dae50662357923c5289\"},\"breadcrumb\":{\"@id\":\"https:\\\/\\\/kuali.com.mx\\\/web\\\/2024\\\/12\\\/26\\\/coordinan-trabajo-para-proteger-a-infantes\\\/#breadcrumb\"},\"inLanguage\":\"es\",\"potentialAction\":[{\"@type\":\"ReadAction\",\"target\":[\"https:\\\/\\\/kuali.com.mx\\\/web\\\/2024\\\/12\\\/26\\\/coordinan-trabajo-para-proteger-a-infantes\\\/\"]}]},{\"@type\":\"ImageObject\",\"inLanguage\":\"es\",\"@id\":\"https:\\\/\\\/kuali.com.mx\\\/web\\\/2024\\\/12\\\/26\\\/coordinan-trabajo-para-proteger-a-infantes\\\/#primaryimage\",\"url\":\"https:\\\/\\\/kuali.com.mx\\\/web\\\/wp-content\\\/uploads\\\/2020\\\/04\\\/MALTRATO-VIOLENCIA-INFANTIL.gif\",\"contentUrl\":\"https:\\\/\\\/kuali.com.mx\\\/web\\\/wp-content\\\/uploads\\\/2020\\\/04\\\/MALTRATO-VIOLENCIA-INFANTIL.gif\",\"width\":1792,\"height\":750},{\"@type\":\"BreadcrumbList\",\"@id\":\"https:\\\/\\\/kuali.com.mx\\\/web\\\/2024\\\/12\\\/26\\\/coordinan-trabajo-para-proteger-a-infantes\\\/#breadcrumb\",\"itemListElement\":[{\"@type\":\"ListItem\",\"position\":1,\"name\":\"Inicio\",\"item\":\"https:\\\/\\\/kuali.com.mx\\\/web\\\/\"},{\"@type\":\"ListItem\",\"position\":2,\"name\":\"COORDINAN TRABAJO PARA PROTEGER A INFANTES\"}]},{\"@type\":\"WebSite\",\"@id\":\"https:\\\/\\\/kuali.com.mx\\\/web\\\/#website\",\"url\":\"https:\\\/\\\/kuali.com.mx\\\/web\\\/\",\"name\":\"Kuali\",\"description\":\"\",\"potentialAction\":[{\"@type\":\"SearchAction\",\"target\":{\"@type\":\"EntryPoint\",\"urlTemplate\":\"https:\\\/\\\/kuali.com.mx\\\/web\\\/?s={search_term_string}\"},\"query-input\":{\"@type\":\"PropertyValueSpecification\",\"valueRequired\":true,\"valueName\":\"search_term_string\"}}],\"inLanguage\":\"es\"},{\"@type\":\"Person\",\"@id\":\"https:\\\/\\\/kuali.com.mx\\\/web\\\/#\\\/schema\\\/person\\\/6f89ffa8ecba9dae50662357923c5289\",\"name\":\"Kuali Staff\",\"image\":{\"@type\":\"ImageObject\",\"inLanguage\":\"es\",\"@id\":\"https:\\\/\\\/secure.gravatar.com\\\/avatar\\\/f917ad82e5ab71227a733c78b6e60715476f69ee6be59feee4eb5d9920c89e0f?s=96&d=mm&r=g\",\"url\":\"https:\\\/\\\/secure.gravatar.com\\\/avatar\\\/f917ad82e5ab71227a733c78b6e60715476f69ee6be59feee4eb5d9920c89e0f?s=96&d=mm&r=g\",\"contentUrl\":\"https:\\\/\\\/secure.gravatar.com\\\/avatar\\\/f917ad82e5ab71227a733c78b6e60715476f69ee6be59feee4eb5d9920c89e0f?s=96&d=mm&r=g\",\"caption\":\"Kuali Staff\"},\"url\":\"https:\\\/\\\/kuali.com.mx\\\/web\\\/author\\\/lagarto\\\/\"}]}<\/script>\n<!-- \/ Yoast SEO plugin. -->","yoast_head_json":{"title":"COORDINAN TRABAJO PARA PROTEGER A INFANTES - Kuali","robots":{"index":"index","follow":"follow","max-snippet":"max-snippet:-1","max-image-preview":"max-image-preview:large","max-video-preview":"max-video-preview:-1"},"canonical":"https:\/\/kuali.com.mx\/web\/2024\/12\/26\/coordinan-trabajo-para-proteger-a-infantes\/","og_locale":"es_MX","og_type":"article","og_title":"COORDINAN TRABAJO PARA PROTEGER A INFANTES - Kuali","og_description":"La Procuradur\u00eda Estatal de Protecci\u00f3n de Ni\u00f1as, Ni\u00f1os y Adolescentes (PEPNNA) llev\u00f3 a cabo una mesa de trabajo con los titulares de las Procuradur\u00edas Auxiliares para coordonar la protecci\u00f3n de los menores de edad en lso 46 municipios. La finalidad de este encuentro fue garantizan que la protecci\u00f3n a las infancias y adolescencias sea integral, [&hellip;]","og_url":"https:\/\/kuali.com.mx\/web\/2024\/12\/26\/coordinan-trabajo-para-proteger-a-infantes\/","og_site_name":"Kuali","article_publisher":"https:\/\/kuali.com.mx\/web\/wp-content\/uploads\/2018\/04\/cropped-kuali_logo-1-1.png","article_published_time":"2024-12-26T22:16:00+00:00","article_modified_time":"2024-12-27T01:20:56+00:00","og_image":[{"width":1792,"height":750,"url":"https:\/\/kuali.com.mx\/web\/wp-content\/uploads\/2020\/04\/MALTRATO-VIOLENCIA-INFANTIL.gif","type":"image\/gif"}],"author":"Kuali Staff","twitter_card":"summary_large_image","twitter_creator":"@kuali_noticias","twitter_site":"@kuali_noticias","twitter_misc":{"Escrito por":"Kuali Staff","Tiempo de lectura":"1 minuto"},"schema":{"@context":"https:\/\/schema.org","@graph":[{"@type":"Article","@id":"https:\/\/kuali.com.mx\/web\/2024\/12\/26\/coordinan-trabajo-para-proteger-a-infantes\/#article","isPartOf":{"@id":"https:\/\/kuali.com.mx\/web\/2024\/12\/26\/coordinan-trabajo-para-proteger-a-infantes\/"},"author":{"name":"Kuali Staff","@id":"https:\/\/kuali.com.mx\/web\/#\/schema\/person\/6f89ffa8ecba9dae50662357923c5289"},"headline":"COORDINAN TRABAJO PARA PROTEGER A INFANTES","datePublished":"2024-12-26T22:16:00+00:00","dateModified":"2024-12-27T01:20:56+00:00","mainEntityOfPage":{"@id":"https:\/\/kuali.com.mx\/web\/2024\/12\/26\/coordinan-trabajo-para-proteger-a-infantes\/"},"wordCount":289,"commentCount":0,"image":{"@id":"https:\/\/kuali.com.mx\/web\/2024\/12\/26\/coordinan-trabajo-para-proteger-a-infantes\/#primaryimage"},"thumbnailUrl":"https:\/\/kuali.com.mx\/web\/wp-content\/uploads\/2020\/04\/MALTRATO-VIOLENCIA-INFANTIL.gif","articleSection":["Derechos Humanos"],"inLanguage":"es","potentialAction":[{"@type":"CommentAction","name":"Comment","target":["https:\/\/kuali.com.mx\/web\/2024\/12\/26\/coordinan-trabajo-para-proteger-a-infantes\/#respond"]}]},{"@type":"WebPage","@id":"https:\/\/kuali.com.mx\/web\/2024\/12\/26\/coordinan-trabajo-para-proteger-a-infantes\/","url":"https:\/\/kuali.com.mx\/web\/2024\/12\/26\/coordinan-trabajo-para-proteger-a-infantes\/","name":"COORDINAN TRABAJO PARA PROTEGER A INFANTES - Kuali","isPartOf":{"@id":"https:\/\/kuali.com.mx\/web\/#website"},"primaryImageOfPage":{"@id":"https:\/\/kuali.com.mx\/web\/2024\/12\/26\/coordinan-trabajo-para-proteger-a-infantes\/#primaryimage"},"image":{"@id":"https:\/\/kuali.com.mx\/web\/2024\/12\/26\/coordinan-trabajo-para-proteger-a-infantes\/#primaryimage"},"thumbnailUrl":"https:\/\/kuali.com.mx\/web\/wp-content\/uploads\/2020\/04\/MALTRATO-VIOLENCIA-INFANTIL.gif","datePublished":"2024-12-26T22:16:00+00:00","dateModified":"2024-12-27T01:20:56+00:00","author":{"@id":"https:\/\/kuali.com.mx\/web\/#\/schema\/person\/6f89ffa8ecba9dae50662357923c5289"},"breadcrumb":{"@id":"https:\/\/kuali.com.mx\/web\/2024\/12\/26\/coordinan-trabajo-para-proteger-a-infantes\/#breadcrumb"},"inLanguage":"es","potentialAction":[{"@type":"ReadAction","target":["https:\/\/kuali.com.mx\/web\/2024\/12\/26\/coordinan-trabajo-para-proteger-a-infantes\/"]}]},{"@type":"ImageObject","inLanguage":"es","@id":"https:\/\/kuali.com.mx\/web\/2024\/12\/26\/coordinan-trabajo-para-proteger-a-infantes\/#primaryimage","url":"https:\/\/kuali.com.mx\/web\/wp-content\/uploads\/2020\/04\/MALTRATO-VIOLENCIA-INFANTIL.gif","contentUrl":"https:\/\/kuali.com.mx\/web\/wp-content\/uploads\/2020\/04\/MALTRATO-VIOLENCIA-INFANTIL.gif","width":1792,"height":750},{"@type":"BreadcrumbList","@id":"https:\/\/kuali.com.mx\/web\/2024\/12\/26\/coordinan-trabajo-para-proteger-a-infantes\/#breadcrumb","itemListElement":[{"@type":"ListItem","position":1,"name":"Inicio","item":"https:\/\/kuali.com.mx\/web\/"},{"@type":"ListItem","position":2,"name":"COORDINAN TRABAJO PARA PROTEGER A INFANTES"}]},{"@type":"WebSite","@id":"https:\/\/kuali.com.mx\/web\/#website","url":"https:\/\/kuali.com.mx\/web\/","name":"Kuali","description":"","potentialAction":[{"@type":"SearchAction","target":{"@type":"EntryPoint","urlTemplate":"https:\/\/kuali.com.mx\/web\/?s={search_term_string}"},"query-input":{"@type":"PropertyValueSpecification","valueRequired":true,"valueName":"search_term_string"}}],"inLanguage":"es"},{"@type":"Person","@id":"https:\/\/kuali.com.mx\/web\/#\/schema\/person\/6f89ffa8ecba9dae50662357923c5289","name":"Kuali Staff","image":{"@type":"ImageObject","inLanguage":"es","@id":"https:\/\/secure.gravatar.com\/avatar\/f917ad82e5ab71227a733c78b6e60715476f69ee6be59feee4eb5d9920c89e0f?s=96&d=mm&r=g","url":"https:\/\/secure.gravatar.com\/avatar\/f917ad82e5ab71227a733c78b6e60715476f69ee6be59feee4eb5d9920c89e0f?s=96&d=mm&r=g","contentUrl":"https:\/\/secure.gravatar.com\/avatar\/f917ad82e5ab71227a733c78b6e60715476f69ee6be59feee4eb5d9920c89e0f?s=96&d=mm&r=g","caption":"Kuali Staff"},"url":"https:\/\/kuali.com.mx\/web\/author\/lagarto\/"}]}},"_links":{"self":[{"href":"https:\/\/kuali.com.mx\/web\/wp-json\/wp\/v2\/posts\/164447","targetHints":{"allow":["GET"]}}],"collection":[{"href":"https:\/\/kuali.com.mx\/web\/wp-json\/wp\/v2\/posts"}],"about":[{"href":"https:\/\/kuali.com.mx\/web\/wp-json\/wp\/v2\/types\/post"}],"author":[{"embeddable":true,"href":"https:\/\/kuali.com.mx\/web\/wp-json\/wp\/v2\/users\/2"}],"replies":[{"embeddable":true,"href":"https:\/\/kuali.com.mx\/web\/wp-json\/wp\/v2\/comments?post=164447"}],"version-history":[{"count":2,"href":"https:\/\/kuali.com.mx\/web\/wp-json\/wp\/v2\/posts\/164447\/revisions"}],"predecessor-version":[{"id":164452,"href":"https:\/\/kuali.com.mx\/web\/wp-json\/wp\/v2\/posts\/164447\/revisions\/164452"}],"wp:featuredmedia":[{"embeddable":true,"href":"https:\/\/kuali.com.mx\/web\/wp-json\/wp\/v2\/media\/69305"}],"wp:attachment":[{"href":"https:\/\/kuali.com.mx\/web\/wp-json\/wp\/v2\/media?parent=164447"}],"wp:term":[{"taxonomy":"category","embeddable":true,"href":"https:\/\/kuali.com.mx\/web\/wp-json\/wp\/v2\/categories?post=164447"},{"taxonomy":"post_tag","embeddable":true,"href":"https:\/\/kuali.com.mx\/web\/wp-json\/wp\/v2\/tags?post=164447"}],"curies":[{"name":"wp","href":"https:\/\/api.w.org\/{rel}","templated":true}]}}