{"id":163397,"date":"2024-12-16T20:24:46","date_gmt":"2024-12-17T02:24:46","guid":{"rendered":"https:\/\/kuali.com.mx\/web\/?p=163397"},"modified":"2024-12-16T20:24:57","modified_gmt":"2024-12-17T02:24:57","slug":"mueren-9-personas-en-incendios","status":"publish","type":"post","link":"https:\/\/kuali.com.mx\/web\/2024\/12\/16\/mueren-9-personas-en-incendios\/","title":{"rendered":"MUEREN 9 PERSONAS EN INCENDIOS"},"content":{"rendered":"\n<p><strong>Milagros Tadeo\/Le\u00f3n, Gto.-&nbsp;<\/strong>El director de&nbsp;Protecci\u00f3n&nbsp;Civil,&nbsp;Crescencio&nbsp;S\u00e1nchez Abundiz, dio a conocer que durante este a\u00f1o se han registrado 8 mil 435 incendios, de los cuales, mil 264 se han registrado en casas-habitaci\u00f3n.<\/p>\n\n\n\n<p>Agreg\u00f3 que en estos siniestros los cuales son totalmente prevenibles; dejaron como saldo a 76 personas lesionadas, de las cuales 9 fallecieron por desgracia.&nbsp;<\/p>\n\n\n\n<p>\u201cSeis fueron en casa habitaci\u00f3n, uno en una bodega, uno m\u00e1s en una papeler\u00eda y uno m\u00e1s al interior de un veh\u00edculo tras un percance vehicular\u201d, detall\u00f3.<\/p>\n\n\n\n<p>Aunque dijo que los incendios han sido a la baja durante este a\u00f1o, destac\u00f3 que lo preocupante es que estos han terminado con la vida de m\u00e1s personas.<\/p>\n\n\n\n<p>\u201cNo est\u00e1 en aumento el n\u00famero de incendios, por el contrario, han disminuido un poco. Sin embargo, es muy notorio que han concluido en desgracias humanas, ah\u00ed es donde el tema se vuelve muy sensible porque tenemos el fallecimiento de unas familias o personas\u201d, destac\u00f3.<\/p>\n\n\n\n<p>Indic\u00f3 que \u201clos incendios se han generado principalmente por instalaciones defectuosas, por pirotecnia y el uso incorrecto de fuentes de calor como velas, as\u00ed como por el uso de algunos combustibles\u201d.<\/p>\n\n\n\n<p>Recalc\u00f3 que los incendios son accidentes que son prevenibles a trav\u00e9s de medidas simples y efectivas, tales como, el mantenimiento adecuado de las decoraciones navide\u00f1as, el uso responsable de aparatos el\u00e9ctricos y la supervisi\u00f3n constante en los hogares, entre otras.<\/p>\n\n\n\n<p><strong>INCENDIOS EN LE\u00d3N<\/strong><\/p>\n\n\n\n<p><strong>2022<\/strong><\/p>\n\n\n\n<p>15 mil 276 incendios<\/p>\n\n\n\n<p>mil 567 al interior de vivienda<\/p>\n\n\n\n<p><strong>2023<\/strong><\/p>\n\n\n\n<p>10 mil 925 incendios<\/p>\n\n\n\n<p>mil 608 al interior de vivienda<\/p>\n\n\n\n<p><strong>2024<\/strong><\/p>\n\n\n\n<p>8 mil 435 incendios<\/p>\n\n\n\n<p>mil 264 al interior de una vivienda<\/p>\n\n\n\n<p><strong>LESIONADOS EN INCENDIOS<\/strong><\/p>\n\n\n\n<p><strong>2022<\/strong><\/p>\n\n\n\n<p>60 personas lesionados<\/p>\n\n\n\n<p>3 fallecidos<\/p>\n\n\n\n<p><strong>2023<\/strong><\/p>\n\n\n\n<p>81 personas lesionados<\/p>\n\n\n\n<p>3 fallecidos<\/p>\n\n\n\n<p><strong>2024<\/strong><\/p>\n\n\n\n<p>76 personas lesionados<\/p>\n\n\n\n<p>9 fallecidos&nbsp;<\/p>\n","protected":false},"excerpt":{"rendered":"Milagros Tadeo\/Le\u00f3n, Gto.-&nbsp;El director de&nbsp;Protecci\u00f3n&nbsp;Civil,&nbsp;Crescencio&nbsp;S\u00e1nchez Abundiz, dio a conocer que durante este a\u00f1o se han registrado 8 mil 435 incendios, de los cuales, mil 264 se han registrado en casas-habitaci\u00f3n. Agreg\u00f3 que en estos siniestros los cuales son totalmente prevenibles; dejaron como saldo a 76 personas lesionadas, de las cuales 9 fallecieron por desgracia.&nbsp; \u201cSeis [&hellip;]","protected":false},"author":2,"featured_media":54948,"comment_status":"open","ping_status":"open","sticky":false,"template":"","format":"standard","meta":{"_seopress_robots_primary_cat":"none","_seopress_titles_title":"","_seopress_titles_desc":"","_seopress_robots_index":"","_monsterinsights_skip_tracking":false,"_monsterinsights_sitenote_active":false,"_monsterinsights_sitenote_note":"","_monsterinsights_sitenote_category":0,"footnotes":""},"categories":[7,69],"tags":[],"class_list":["post-163397","post","type-post","status-publish","format-standard","has-post-thumbnail","hentry","category-salud","category-slider"],"yoast_head":"<!-- This site is optimized with the Yoast SEO plugin v27.4 - https:\/\/yoast.com\/product\/yoast-seo-wordpress\/ -->\n<title>MUEREN 9 PERSONAS EN INCENDIOS - Kuali<\/title>\n<meta name=\"robots\" content=\"index, follow, max-snippet:-1, max-image-preview:large, max-video-preview:-1\" \/>\n<link rel=\"canonical\" href=\"https:\/\/kuali.com.mx\/web\/2024\/12\/16\/mueren-9-personas-en-incendios\/\" \/>\n<meta property=\"og:locale\" content=\"es_MX\" \/>\n<meta property=\"og:type\" content=\"article\" \/>\n<meta property=\"og:title\" content=\"MUEREN 9 PERSONAS EN INCENDIOS - Kuali\" \/>\n<meta property=\"og:description\" content=\"Milagros Tadeo\/Le\u00f3n, Gto.-&nbsp;El director de&nbsp;Protecci\u00f3n&nbsp;Civil,&nbsp;Crescencio&nbsp;S\u00e1nchez Abundiz, dio a conocer que durante este a\u00f1o se han registrado 8 mil 435 incendios, de los cuales, mil 264 se han registrado en casas-habitaci\u00f3n. Agreg\u00f3 que en estos siniestros los cuales son totalmente prevenibles; dejaron como saldo a 76 personas lesionadas, de las cuales 9 fallecieron por desgracia.&nbsp; \u201cSeis [&hellip;]\" \/>\n<meta property=\"og:url\" content=\"https:\/\/kuali.com.mx\/web\/2024\/12\/16\/mueren-9-personas-en-incendios\/\" \/>\n<meta property=\"og:site_name\" content=\"Kuali\" \/>\n<meta property=\"article:publisher\" content=\"https:\/\/kuali.com.mx\/web\/wp-content\/uploads\/2018\/04\/cropped-kuali_logo-1-1.png\" \/>\n<meta property=\"article:published_time\" content=\"2024-12-17T02:24:46+00:00\" \/>\n<meta property=\"article:modified_time\" content=\"2024-12-17T02:24:57+00:00\" \/>\n<meta property=\"og:image\" content=\"https:\/\/kuali.com.mx\/web\/wp-content\/uploads\/2019\/05\/brigadistas-BOMBEROS.jpeg\" \/>\n\t<meta property=\"og:image:width\" content=\"1992\" \/>\n\t<meta property=\"og:image:height\" content=\"750\" \/>\n\t<meta property=\"og:image:type\" content=\"image\/jpeg\" \/>\n<meta name=\"author\" content=\"Kuali Staff\" \/>\n<meta name=\"twitter:card\" content=\"summary_large_image\" \/>\n<meta name=\"twitter:creator\" content=\"@kuali_noticias\" \/>\n<meta name=\"twitter:site\" content=\"@kuali_noticias\" \/>\n<meta name=\"twitter:label1\" content=\"Escrito por\" \/>\n\t<meta name=\"twitter:data1\" content=\"Kuali Staff\" \/>\n\t<meta name=\"twitter:label2\" content=\"Tiempo de lectura\" \/>\n\t<meta name=\"twitter:data2\" content=\"1 minuto\" \/>\n<script type=\"application\/ld+json\" class=\"yoast-schema-graph\">{\"@context\":\"https:\\\/\\\/schema.org\",\"@graph\":[{\"@type\":\"Article\",\"@id\":\"https:\\\/\\\/kuali.com.mx\\\/web\\\/2024\\\/12\\\/16\\\/mueren-9-personas-en-incendios\\\/#article\",\"isPartOf\":{\"@id\":\"https:\\\/\\\/kuali.com.mx\\\/web\\\/2024\\\/12\\\/16\\\/mueren-9-personas-en-incendios\\\/\"},\"author\":{\"name\":\"Kuali Staff\",\"@id\":\"https:\\\/\\\/kuali.com.mx\\\/web\\\/#\\\/schema\\\/person\\\/6f89ffa8ecba9dae50662357923c5289\"},\"headline\":\"MUEREN 9 PERSONAS EN INCENDIOS\",\"datePublished\":\"2024-12-17T02:24:46+00:00\",\"dateModified\":\"2024-12-17T02:24:57+00:00\",\"mainEntityOfPage\":{\"@id\":\"https:\\\/\\\/kuali.com.mx\\\/web\\\/2024\\\/12\\\/16\\\/mueren-9-personas-en-incendios\\\/\"},\"wordCount\":293,\"commentCount\":0,\"image\":{\"@id\":\"https:\\\/\\\/kuali.com.mx\\\/web\\\/2024\\\/12\\\/16\\\/mueren-9-personas-en-incendios\\\/#primaryimage\"},\"thumbnailUrl\":\"https:\\\/\\\/kuali.com.mx\\\/web\\\/wp-content\\\/uploads\\\/2019\\\/05\\\/brigadistas-BOMBEROS.jpeg\",\"articleSection\":[\"Salud\",\"slider\"],\"inLanguage\":\"es\",\"potentialAction\":[{\"@type\":\"CommentAction\",\"name\":\"Comment\",\"target\":[\"https:\\\/\\\/kuali.com.mx\\\/web\\\/2024\\\/12\\\/16\\\/mueren-9-personas-en-incendios\\\/#respond\"]}]},{\"@type\":\"WebPage\",\"@id\":\"https:\\\/\\\/kuali.com.mx\\\/web\\\/2024\\\/12\\\/16\\\/mueren-9-personas-en-incendios\\\/\",\"url\":\"https:\\\/\\\/kuali.com.mx\\\/web\\\/2024\\\/12\\\/16\\\/mueren-9-personas-en-incendios\\\/\",\"name\":\"MUEREN 9 PERSONAS EN INCENDIOS - Kuali\",\"isPartOf\":{\"@id\":\"https:\\\/\\\/kuali.com.mx\\\/web\\\/#website\"},\"primaryImageOfPage\":{\"@id\":\"https:\\\/\\\/kuali.com.mx\\\/web\\\/2024\\\/12\\\/16\\\/mueren-9-personas-en-incendios\\\/#primaryimage\"},\"image\":{\"@id\":\"https:\\\/\\\/kuali.com.mx\\\/web\\\/2024\\\/12\\\/16\\\/mueren-9-personas-en-incendios\\\/#primaryimage\"},\"thumbnailUrl\":\"https:\\\/\\\/kuali.com.mx\\\/web\\\/wp-content\\\/uploads\\\/2019\\\/05\\\/brigadistas-BOMBEROS.jpeg\",\"datePublished\":\"2024-12-17T02:24:46+00:00\",\"dateModified\":\"2024-12-17T02:24:57+00:00\",\"author\":{\"@id\":\"https:\\\/\\\/kuali.com.mx\\\/web\\\/#\\\/schema\\\/person\\\/6f89ffa8ecba9dae50662357923c5289\"},\"breadcrumb\":{\"@id\":\"https:\\\/\\\/kuali.com.mx\\\/web\\\/2024\\\/12\\\/16\\\/mueren-9-personas-en-incendios\\\/#breadcrumb\"},\"inLanguage\":\"es\",\"potentialAction\":[{\"@type\":\"ReadAction\",\"target\":[\"https:\\\/\\\/kuali.com.mx\\\/web\\\/2024\\\/12\\\/16\\\/mueren-9-personas-en-incendios\\\/\"]}]},{\"@type\":\"ImageObject\",\"inLanguage\":\"es\",\"@id\":\"https:\\\/\\\/kuali.com.mx\\\/web\\\/2024\\\/12\\\/16\\\/mueren-9-personas-en-incendios\\\/#primaryimage\",\"url\":\"https:\\\/\\\/kuali.com.mx\\\/web\\\/wp-content\\\/uploads\\\/2019\\\/05\\\/brigadistas-BOMBEROS.jpeg\",\"contentUrl\":\"https:\\\/\\\/kuali.com.mx\\\/web\\\/wp-content\\\/uploads\\\/2019\\\/05\\\/brigadistas-BOMBEROS.jpeg\",\"width\":1992,\"height\":750},{\"@type\":\"BreadcrumbList\",\"@id\":\"https:\\\/\\\/kuali.com.mx\\\/web\\\/2024\\\/12\\\/16\\\/mueren-9-personas-en-incendios\\\/#breadcrumb\",\"itemListElement\":[{\"@type\":\"ListItem\",\"position\":1,\"name\":\"Inicio\",\"item\":\"https:\\\/\\\/kuali.com.mx\\\/web\\\/\"},{\"@type\":\"ListItem\",\"position\":2,\"name\":\"MUEREN 9 PERSONAS EN INCENDIOS\"}]},{\"@type\":\"WebSite\",\"@id\":\"https:\\\/\\\/kuali.com.mx\\\/web\\\/#website\",\"url\":\"https:\\\/\\\/kuali.com.mx\\\/web\\\/\",\"name\":\"Kuali\",\"description\":\"\",\"potentialAction\":[{\"@type\":\"SearchAction\",\"target\":{\"@type\":\"EntryPoint\",\"urlTemplate\":\"https:\\\/\\\/kuali.com.mx\\\/web\\\/?s={search_term_string}\"},\"query-input\":{\"@type\":\"PropertyValueSpecification\",\"valueRequired\":true,\"valueName\":\"search_term_string\"}}],\"inLanguage\":\"es\"},{\"@type\":\"Person\",\"@id\":\"https:\\\/\\\/kuali.com.mx\\\/web\\\/#\\\/schema\\\/person\\\/6f89ffa8ecba9dae50662357923c5289\",\"name\":\"Kuali Staff\",\"image\":{\"@type\":\"ImageObject\",\"inLanguage\":\"es\",\"@id\":\"https:\\\/\\\/secure.gravatar.com\\\/avatar\\\/f917ad82e5ab71227a733c78b6e60715476f69ee6be59feee4eb5d9920c89e0f?s=96&d=mm&r=g\",\"url\":\"https:\\\/\\\/secure.gravatar.com\\\/avatar\\\/f917ad82e5ab71227a733c78b6e60715476f69ee6be59feee4eb5d9920c89e0f?s=96&d=mm&r=g\",\"contentUrl\":\"https:\\\/\\\/secure.gravatar.com\\\/avatar\\\/f917ad82e5ab71227a733c78b6e60715476f69ee6be59feee4eb5d9920c89e0f?s=96&d=mm&r=g\",\"caption\":\"Kuali Staff\"},\"url\":\"https:\\\/\\\/kuali.com.mx\\\/web\\\/author\\\/lagarto\\\/\"}]}<\/script>\n<!-- \/ Yoast SEO plugin. -->","yoast_head_json":{"title":"MUEREN 9 PERSONAS EN INCENDIOS - Kuali","robots":{"index":"index","follow":"follow","max-snippet":"max-snippet:-1","max-image-preview":"max-image-preview:large","max-video-preview":"max-video-preview:-1"},"canonical":"https:\/\/kuali.com.mx\/web\/2024\/12\/16\/mueren-9-personas-en-incendios\/","og_locale":"es_MX","og_type":"article","og_title":"MUEREN 9 PERSONAS EN INCENDIOS - Kuali","og_description":"Milagros Tadeo\/Le\u00f3n, Gto.-&nbsp;El director de&nbsp;Protecci\u00f3n&nbsp;Civil,&nbsp;Crescencio&nbsp;S\u00e1nchez Abundiz, dio a conocer que durante este a\u00f1o se han registrado 8 mil 435 incendios, de los cuales, mil 264 se han registrado en casas-habitaci\u00f3n. Agreg\u00f3 que en estos siniestros los cuales son totalmente prevenibles; dejaron como saldo a 76 personas lesionadas, de las cuales 9 fallecieron por desgracia.&nbsp; \u201cSeis [&hellip;]","og_url":"https:\/\/kuali.com.mx\/web\/2024\/12\/16\/mueren-9-personas-en-incendios\/","og_site_name":"Kuali","article_publisher":"https:\/\/kuali.com.mx\/web\/wp-content\/uploads\/2018\/04\/cropped-kuali_logo-1-1.png","article_published_time":"2024-12-17T02:24:46+00:00","article_modified_time":"2024-12-17T02:24:57+00:00","og_image":[{"width":1992,"height":750,"url":"https:\/\/kuali.com.mx\/web\/wp-content\/uploads\/2019\/05\/brigadistas-BOMBEROS.jpeg","type":"image\/jpeg"}],"author":"Kuali Staff","twitter_card":"summary_large_image","twitter_creator":"@kuali_noticias","twitter_site":"@kuali_noticias","twitter_misc":{"Escrito por":"Kuali Staff","Tiempo de lectura":"1 minuto"},"schema":{"@context":"https:\/\/schema.org","@graph":[{"@type":"Article","@id":"https:\/\/kuali.com.mx\/web\/2024\/12\/16\/mueren-9-personas-en-incendios\/#article","isPartOf":{"@id":"https:\/\/kuali.com.mx\/web\/2024\/12\/16\/mueren-9-personas-en-incendios\/"},"author":{"name":"Kuali Staff","@id":"https:\/\/kuali.com.mx\/web\/#\/schema\/person\/6f89ffa8ecba9dae50662357923c5289"},"headline":"MUEREN 9 PERSONAS EN INCENDIOS","datePublished":"2024-12-17T02:24:46+00:00","dateModified":"2024-12-17T02:24:57+00:00","mainEntityOfPage":{"@id":"https:\/\/kuali.com.mx\/web\/2024\/12\/16\/mueren-9-personas-en-incendios\/"},"wordCount":293,"commentCount":0,"image":{"@id":"https:\/\/kuali.com.mx\/web\/2024\/12\/16\/mueren-9-personas-en-incendios\/#primaryimage"},"thumbnailUrl":"https:\/\/kuali.com.mx\/web\/wp-content\/uploads\/2019\/05\/brigadistas-BOMBEROS.jpeg","articleSection":["Salud","slider"],"inLanguage":"es","potentialAction":[{"@type":"CommentAction","name":"Comment","target":["https:\/\/kuali.com.mx\/web\/2024\/12\/16\/mueren-9-personas-en-incendios\/#respond"]}]},{"@type":"WebPage","@id":"https:\/\/kuali.com.mx\/web\/2024\/12\/16\/mueren-9-personas-en-incendios\/","url":"https:\/\/kuali.com.mx\/web\/2024\/12\/16\/mueren-9-personas-en-incendios\/","name":"MUEREN 9 PERSONAS EN INCENDIOS - Kuali","isPartOf":{"@id":"https:\/\/kuali.com.mx\/web\/#website"},"primaryImageOfPage":{"@id":"https:\/\/kuali.com.mx\/web\/2024\/12\/16\/mueren-9-personas-en-incendios\/#primaryimage"},"image":{"@id":"https:\/\/kuali.com.mx\/web\/2024\/12\/16\/mueren-9-personas-en-incendios\/#primaryimage"},"thumbnailUrl":"https:\/\/kuali.com.mx\/web\/wp-content\/uploads\/2019\/05\/brigadistas-BOMBEROS.jpeg","datePublished":"2024-12-17T02:24:46+00:00","dateModified":"2024-12-17T02:24:57+00:00","author":{"@id":"https:\/\/kuali.com.mx\/web\/#\/schema\/person\/6f89ffa8ecba9dae50662357923c5289"},"breadcrumb":{"@id":"https:\/\/kuali.com.mx\/web\/2024\/12\/16\/mueren-9-personas-en-incendios\/#breadcrumb"},"inLanguage":"es","potentialAction":[{"@type":"ReadAction","target":["https:\/\/kuali.com.mx\/web\/2024\/12\/16\/mueren-9-personas-en-incendios\/"]}]},{"@type":"ImageObject","inLanguage":"es","@id":"https:\/\/kuali.com.mx\/web\/2024\/12\/16\/mueren-9-personas-en-incendios\/#primaryimage","url":"https:\/\/kuali.com.mx\/web\/wp-content\/uploads\/2019\/05\/brigadistas-BOMBEROS.jpeg","contentUrl":"https:\/\/kuali.com.mx\/web\/wp-content\/uploads\/2019\/05\/brigadistas-BOMBEROS.jpeg","width":1992,"height":750},{"@type":"BreadcrumbList","@id":"https:\/\/kuali.com.mx\/web\/2024\/12\/16\/mueren-9-personas-en-incendios\/#breadcrumb","itemListElement":[{"@type":"ListItem","position":1,"name":"Inicio","item":"https:\/\/kuali.com.mx\/web\/"},{"@type":"ListItem","position":2,"name":"MUEREN 9 PERSONAS EN INCENDIOS"}]},{"@type":"WebSite","@id":"https:\/\/kuali.com.mx\/web\/#website","url":"https:\/\/kuali.com.mx\/web\/","name":"Kuali","description":"","potentialAction":[{"@type":"SearchAction","target":{"@type":"EntryPoint","urlTemplate":"https:\/\/kuali.com.mx\/web\/?s={search_term_string}"},"query-input":{"@type":"PropertyValueSpecification","valueRequired":true,"valueName":"search_term_string"}}],"inLanguage":"es"},{"@type":"Person","@id":"https:\/\/kuali.com.mx\/web\/#\/schema\/person\/6f89ffa8ecba9dae50662357923c5289","name":"Kuali Staff","image":{"@type":"ImageObject","inLanguage":"es","@id":"https:\/\/secure.gravatar.com\/avatar\/f917ad82e5ab71227a733c78b6e60715476f69ee6be59feee4eb5d9920c89e0f?s=96&d=mm&r=g","url":"https:\/\/secure.gravatar.com\/avatar\/f917ad82e5ab71227a733c78b6e60715476f69ee6be59feee4eb5d9920c89e0f?s=96&d=mm&r=g","contentUrl":"https:\/\/secure.gravatar.com\/avatar\/f917ad82e5ab71227a733c78b6e60715476f69ee6be59feee4eb5d9920c89e0f?s=96&d=mm&r=g","caption":"Kuali Staff"},"url":"https:\/\/kuali.com.mx\/web\/author\/lagarto\/"}]}},"_links":{"self":[{"href":"https:\/\/kuali.com.mx\/web\/wp-json\/wp\/v2\/posts\/163397","targetHints":{"allow":["GET"]}}],"collection":[{"href":"https:\/\/kuali.com.mx\/web\/wp-json\/wp\/v2\/posts"}],"about":[{"href":"https:\/\/kuali.com.mx\/web\/wp-json\/wp\/v2\/types\/post"}],"author":[{"embeddable":true,"href":"https:\/\/kuali.com.mx\/web\/wp-json\/wp\/v2\/users\/2"}],"replies":[{"embeddable":true,"href":"https:\/\/kuali.com.mx\/web\/wp-json\/wp\/v2\/comments?post=163397"}],"version-history":[{"count":1,"href":"https:\/\/kuali.com.mx\/web\/wp-json\/wp\/v2\/posts\/163397\/revisions"}],"predecessor-version":[{"id":163400,"href":"https:\/\/kuali.com.mx\/web\/wp-json\/wp\/v2\/posts\/163397\/revisions\/163400"}],"wp:featuredmedia":[{"embeddable":true,"href":"https:\/\/kuali.com.mx\/web\/wp-json\/wp\/v2\/media\/54948"}],"wp:attachment":[{"href":"https:\/\/kuali.com.mx\/web\/wp-json\/wp\/v2\/media?parent=163397"}],"wp:term":[{"taxonomy":"category","embeddable":true,"href":"https:\/\/kuali.com.mx\/web\/wp-json\/wp\/v2\/categories?post=163397"},{"taxonomy":"post_tag","embeddable":true,"href":"https:\/\/kuali.com.mx\/web\/wp-json\/wp\/v2\/tags?post=163397"}],"curies":[{"name":"wp","href":"https:\/\/api.w.org\/{rel}","templated":true}]}}