{"id":163384,"date":"2024-12-16T20:17:01","date_gmt":"2024-12-17T02:17:01","guid":{"rendered":"https:\/\/kuali.com.mx\/web\/?p=163384"},"modified":"2024-12-16T20:22:33","modified_gmt":"2024-12-17T02:22:33","slug":"despiden-a-palomino-por-abusos-policiacos","status":"publish","type":"post","link":"https:\/\/kuali.com.mx\/web\/2024\/12\/16\/despiden-a-palomino-por-abusos-policiacos\/","title":{"rendered":"DESPIDEN A PALOMINO POR ABUSOS POLICIACOS"},"content":{"rendered":"\n<p><strong><em>Carlos Garc\u00eda\/Celaya, Gto.-<\/em><\/strong> El comisario de la Regi\u00f3n IV de las Fuerzas de Seguridad P\u00fablica del Estado (FSPE), Christian Eduardo Morales Palomino, fue cesado del cargo al comprobarse su participaci\u00f3n en el abuso que cometieron polic\u00edas de Celaya contra dos j\u00f3venes a los que golpearon, humillaron y obligaron a besarse.<\/p>\n\n\n\n<p>\u201cDerivado de la investigaci\u00f3n interna que se inici\u00f3 a ra\u00edz de la difusi\u00f3n de un video en redes sociales, este lunes se determin\u00f3 la salida con efecto inmediato del servidor p\u00fablico involucrado\u201d, inform\u00f3 la Secretar\u00eda de Seguridad y Paz.<\/p>\n\n\n\n<p>El cese se aplic\u00f3, aunque el abuso de autoridad se cometi\u00f3 en el a\u00f1o 2020, cuando Eduardo Morales era coordinador operativo de la Polic\u00eda de Celaya, antes de que ingresara a las Fuerzas de Seguridad P\u00fablica del Estado (FSPE), puntualiz\u00f3.<\/p>\n\n\n\n<p>\u201cCualquier conducta violatoria de los derechos humanos es absolutamente inaceptable y contraria al esp\u00edritu y valores del Gobierno de la Gente y de esta instituci\u00f3n, cuya misi\u00f3n es proteger la integridad de las y los guanajuatenses en estricto apego a los derechos humanos\u201d, argument\u00f3 la Secretar\u00eda.<\/p>\n\n\n\n<p>Adelant\u00f3 que, derivado de los abusos registrados en el video, como medida preventiva se reforzar\u00e1 la capacitaci\u00f3n en materia de protocolos de actuaci\u00f3n para evitar violaciones a los derechos humanos.<\/p>\n\n\n\n<p>\u201cEn el gobierno de la Gente reiteramos nuestro compromiso con la transparencia, la justicia y la construcci\u00f3n de una seguridad basada en el respeto a la dignidad de todas las personas\u201d, concluy\u00f3.<\/p>\n\n\n\n<p>Polic\u00edas de Celaya grabaron cuando abofeteaban y golpearon a dos j\u00f3venes, a quienes obligaron a pelear entre ellos y a besarse.&nbsp;<\/p>\n\n\n\n<p>\u201cTe quitas y te doy un puto tablazo, nada m\u00e1s te quitas, hijo de tu puta madre\u201d, dice un polic\u00eda cuando abofeteaba a uno de los j\u00f3venes.<\/p>\n\n\n\n<p>Los polic\u00edas humillaron a los muchachos al obligarlos a besarse y a tocarse los gl\u00fateos.<\/p>\n\n\n\n<p>\u201c\u00a1B\u00e9sense bien!, m\u00e9tanse la lengua, \u00f3rale, hijos de su puta madre, o los mato\u201d, se escucha que dice un polic\u00eda.<\/p>\n\n\n\n<p>El cuatro de noviembre, la gobernadora, Libia Garc\u00eda Mu\u00f1oz Ledo, y el secretario de Seguridad y Paz, Mauro Gonz\u00e1lez Mart\u00ednez, presentaron la estrategia de seguridad de Coordinaci\u00f3n Operativa de la Nueva Fuerza de Inteligencia Anticrimen (CONFIA).<\/p>\n\n\n\n<p>La estrategia contempla trabajar la seguridad en 10 regiones y el coordinador de la Regi\u00f3n IV era Eduardo Morales Palomino, quien trabaj\u00f3 en la Polic\u00eda Federal, fue coordinador operativo en la Polic\u00eda de Celaya y director de Seguridad en Apaseo el Alto.<\/p>\n","protected":false},"excerpt":{"rendered":"Carlos Garc\u00eda\/Celaya, Gto.- El comisario de la Regi\u00f3n IV de las Fuerzas de Seguridad P\u00fablica del Estado (FSPE), Christian Eduardo Morales Palomino, fue cesado del cargo al comprobarse su participaci\u00f3n en el abuso que cometieron polic\u00edas de Celaya contra dos j\u00f3venes a los que golpearon, humillaron y obligaron a besarse. \u201cDerivado de la investigaci\u00f3n interna [&hellip;]","protected":false},"author":2,"featured_media":163093,"comment_status":"open","ping_status":"open","sticky":false,"template":"","format":"standard","meta":{"_seopress_robots_primary_cat":"none","_seopress_titles_title":"","_seopress_titles_desc":"","_seopress_robots_index":"","_monsterinsights_skip_tracking":false,"_monsterinsights_sitenote_active":false,"_monsterinsights_sitenote_note":"","_monsterinsights_sitenote_category":0,"footnotes":""},"categories":[14,69],"tags":[],"class_list":["post-163384","post","type-post","status-publish","format-standard","has-post-thumbnail","hentry","category-derechos","category-slider"],"yoast_head":"<!-- This site is optimized with the Yoast SEO plugin v27.4 - https:\/\/yoast.com\/product\/yoast-seo-wordpress\/ -->\n<title>DESPIDEN A PALOMINO POR ABUSOS POLICIACOS - Kuali<\/title>\n<meta name=\"robots\" content=\"index, follow, max-snippet:-1, max-image-preview:large, max-video-preview:-1\" \/>\n<link rel=\"canonical\" href=\"https:\/\/kuali.com.mx\/web\/2024\/12\/16\/despiden-a-palomino-por-abusos-policiacos\/\" \/>\n<meta property=\"og:locale\" content=\"es_MX\" \/>\n<meta property=\"og:type\" content=\"article\" \/>\n<meta property=\"og:title\" content=\"DESPIDEN A PALOMINO POR ABUSOS POLICIACOS - Kuali\" \/>\n<meta property=\"og:description\" content=\"Carlos Garc\u00eda\/Celaya, Gto.- El comisario de la Regi\u00f3n IV de las Fuerzas de Seguridad P\u00fablica del Estado (FSPE), Christian Eduardo Morales Palomino, fue cesado del cargo al comprobarse su participaci\u00f3n en el abuso que cometieron polic\u00edas de Celaya contra dos j\u00f3venes a los que golpearon, humillaron y obligaron a besarse. \u201cDerivado de la investigaci\u00f3n interna [&hellip;]\" \/>\n<meta property=\"og:url\" content=\"https:\/\/kuali.com.mx\/web\/2024\/12\/16\/despiden-a-palomino-por-abusos-policiacos\/\" \/>\n<meta property=\"og:site_name\" content=\"Kuali\" \/>\n<meta property=\"article:publisher\" content=\"https:\/\/kuali.com.mx\/web\/wp-content\/uploads\/2018\/04\/cropped-kuali_logo-1-1.png\" \/>\n<meta property=\"article:published_time\" content=\"2024-12-17T02:17:01+00:00\" \/>\n<meta property=\"article:modified_time\" content=\"2024-12-17T02:22:33+00:00\" \/>\n<meta property=\"og:image\" content=\"https:\/\/kuali.com.mx\/web\/wp-content\/uploads\/2024\/12\/Palomino-2.png\" \/>\n\t<meta property=\"og:image:width\" content=\"1943\" \/>\n\t<meta property=\"og:image:height\" content=\"750\" \/>\n\t<meta property=\"og:image:type\" content=\"image\/png\" \/>\n<meta name=\"author\" content=\"Kuali Staff\" \/>\n<meta name=\"twitter:card\" content=\"summary_large_image\" \/>\n<meta name=\"twitter:creator\" content=\"@kuali_noticias\" \/>\n<meta name=\"twitter:site\" content=\"@kuali_noticias\" \/>\n<meta name=\"twitter:label1\" content=\"Escrito por\" \/>\n\t<meta name=\"twitter:data1\" content=\"Kuali Staff\" \/>\n\t<meta name=\"twitter:label2\" content=\"Tiempo de lectura\" \/>\n\t<meta name=\"twitter:data2\" content=\"2 minutos\" \/>\n<script type=\"application\/ld+json\" class=\"yoast-schema-graph\">{\"@context\":\"https:\\\/\\\/schema.org\",\"@graph\":[{\"@type\":\"Article\",\"@id\":\"https:\\\/\\\/kuali.com.mx\\\/web\\\/2024\\\/12\\\/16\\\/despiden-a-palomino-por-abusos-policiacos\\\/#article\",\"isPartOf\":{\"@id\":\"https:\\\/\\\/kuali.com.mx\\\/web\\\/2024\\\/12\\\/16\\\/despiden-a-palomino-por-abusos-policiacos\\\/\"},\"author\":{\"name\":\"Kuali Staff\",\"@id\":\"https:\\\/\\\/kuali.com.mx\\\/web\\\/#\\\/schema\\\/person\\\/6f89ffa8ecba9dae50662357923c5289\"},\"headline\":\"DESPIDEN A PALOMINO POR ABUSOS POLICIACOS\",\"datePublished\":\"2024-12-17T02:17:01+00:00\",\"dateModified\":\"2024-12-17T02:22:33+00:00\",\"mainEntityOfPage\":{\"@id\":\"https:\\\/\\\/kuali.com.mx\\\/web\\\/2024\\\/12\\\/16\\\/despiden-a-palomino-por-abusos-policiacos\\\/\"},\"wordCount\":444,\"commentCount\":0,\"image\":{\"@id\":\"https:\\\/\\\/kuali.com.mx\\\/web\\\/2024\\\/12\\\/16\\\/despiden-a-palomino-por-abusos-policiacos\\\/#primaryimage\"},\"thumbnailUrl\":\"https:\\\/\\\/kuali.com.mx\\\/web\\\/wp-content\\\/uploads\\\/2024\\\/12\\\/Palomino-2.png\",\"articleSection\":[\"Derechos Humanos\",\"slider\"],\"inLanguage\":\"es\",\"potentialAction\":[{\"@type\":\"CommentAction\",\"name\":\"Comment\",\"target\":[\"https:\\\/\\\/kuali.com.mx\\\/web\\\/2024\\\/12\\\/16\\\/despiden-a-palomino-por-abusos-policiacos\\\/#respond\"]}]},{\"@type\":\"WebPage\",\"@id\":\"https:\\\/\\\/kuali.com.mx\\\/web\\\/2024\\\/12\\\/16\\\/despiden-a-palomino-por-abusos-policiacos\\\/\",\"url\":\"https:\\\/\\\/kuali.com.mx\\\/web\\\/2024\\\/12\\\/16\\\/despiden-a-palomino-por-abusos-policiacos\\\/\",\"name\":\"DESPIDEN A PALOMINO POR ABUSOS POLICIACOS - Kuali\",\"isPartOf\":{\"@id\":\"https:\\\/\\\/kuali.com.mx\\\/web\\\/#website\"},\"primaryImageOfPage\":{\"@id\":\"https:\\\/\\\/kuali.com.mx\\\/web\\\/2024\\\/12\\\/16\\\/despiden-a-palomino-por-abusos-policiacos\\\/#primaryimage\"},\"image\":{\"@id\":\"https:\\\/\\\/kuali.com.mx\\\/web\\\/2024\\\/12\\\/16\\\/despiden-a-palomino-por-abusos-policiacos\\\/#primaryimage\"},\"thumbnailUrl\":\"https:\\\/\\\/kuali.com.mx\\\/web\\\/wp-content\\\/uploads\\\/2024\\\/12\\\/Palomino-2.png\",\"datePublished\":\"2024-12-17T02:17:01+00:00\",\"dateModified\":\"2024-12-17T02:22:33+00:00\",\"author\":{\"@id\":\"https:\\\/\\\/kuali.com.mx\\\/web\\\/#\\\/schema\\\/person\\\/6f89ffa8ecba9dae50662357923c5289\"},\"breadcrumb\":{\"@id\":\"https:\\\/\\\/kuali.com.mx\\\/web\\\/2024\\\/12\\\/16\\\/despiden-a-palomino-por-abusos-policiacos\\\/#breadcrumb\"},\"inLanguage\":\"es\",\"potentialAction\":[{\"@type\":\"ReadAction\",\"target\":[\"https:\\\/\\\/kuali.com.mx\\\/web\\\/2024\\\/12\\\/16\\\/despiden-a-palomino-por-abusos-policiacos\\\/\"]}]},{\"@type\":\"ImageObject\",\"inLanguage\":\"es\",\"@id\":\"https:\\\/\\\/kuali.com.mx\\\/web\\\/2024\\\/12\\\/16\\\/despiden-a-palomino-por-abusos-policiacos\\\/#primaryimage\",\"url\":\"https:\\\/\\\/kuali.com.mx\\\/web\\\/wp-content\\\/uploads\\\/2024\\\/12\\\/Palomino-2.png\",\"contentUrl\":\"https:\\\/\\\/kuali.com.mx\\\/web\\\/wp-content\\\/uploads\\\/2024\\\/12\\\/Palomino-2.png\",\"width\":1943,\"height\":750},{\"@type\":\"BreadcrumbList\",\"@id\":\"https:\\\/\\\/kuali.com.mx\\\/web\\\/2024\\\/12\\\/16\\\/despiden-a-palomino-por-abusos-policiacos\\\/#breadcrumb\",\"itemListElement\":[{\"@type\":\"ListItem\",\"position\":1,\"name\":\"Inicio\",\"item\":\"https:\\\/\\\/kuali.com.mx\\\/web\\\/\"},{\"@type\":\"ListItem\",\"position\":2,\"name\":\"DESPIDEN A PALOMINO POR ABUSOS POLICIACOS\"}]},{\"@type\":\"WebSite\",\"@id\":\"https:\\\/\\\/kuali.com.mx\\\/web\\\/#website\",\"url\":\"https:\\\/\\\/kuali.com.mx\\\/web\\\/\",\"name\":\"Kuali\",\"description\":\"\",\"potentialAction\":[{\"@type\":\"SearchAction\",\"target\":{\"@type\":\"EntryPoint\",\"urlTemplate\":\"https:\\\/\\\/kuali.com.mx\\\/web\\\/?s={search_term_string}\"},\"query-input\":{\"@type\":\"PropertyValueSpecification\",\"valueRequired\":true,\"valueName\":\"search_term_string\"}}],\"inLanguage\":\"es\"},{\"@type\":\"Person\",\"@id\":\"https:\\\/\\\/kuali.com.mx\\\/web\\\/#\\\/schema\\\/person\\\/6f89ffa8ecba9dae50662357923c5289\",\"name\":\"Kuali Staff\",\"image\":{\"@type\":\"ImageObject\",\"inLanguage\":\"es\",\"@id\":\"https:\\\/\\\/secure.gravatar.com\\\/avatar\\\/f917ad82e5ab71227a733c78b6e60715476f69ee6be59feee4eb5d9920c89e0f?s=96&d=mm&r=g\",\"url\":\"https:\\\/\\\/secure.gravatar.com\\\/avatar\\\/f917ad82e5ab71227a733c78b6e60715476f69ee6be59feee4eb5d9920c89e0f?s=96&d=mm&r=g\",\"contentUrl\":\"https:\\\/\\\/secure.gravatar.com\\\/avatar\\\/f917ad82e5ab71227a733c78b6e60715476f69ee6be59feee4eb5d9920c89e0f?s=96&d=mm&r=g\",\"caption\":\"Kuali Staff\"},\"url\":\"https:\\\/\\\/kuali.com.mx\\\/web\\\/author\\\/lagarto\\\/\"}]}<\/script>\n<!-- \/ Yoast SEO plugin. -->","yoast_head_json":{"title":"DESPIDEN A PALOMINO POR ABUSOS POLICIACOS - Kuali","robots":{"index":"index","follow":"follow","max-snippet":"max-snippet:-1","max-image-preview":"max-image-preview:large","max-video-preview":"max-video-preview:-1"},"canonical":"https:\/\/kuali.com.mx\/web\/2024\/12\/16\/despiden-a-palomino-por-abusos-policiacos\/","og_locale":"es_MX","og_type":"article","og_title":"DESPIDEN A PALOMINO POR ABUSOS POLICIACOS - Kuali","og_description":"Carlos Garc\u00eda\/Celaya, Gto.- El comisario de la Regi\u00f3n IV de las Fuerzas de Seguridad P\u00fablica del Estado (FSPE), Christian Eduardo Morales Palomino, fue cesado del cargo al comprobarse su participaci\u00f3n en el abuso que cometieron polic\u00edas de Celaya contra dos j\u00f3venes a los que golpearon, humillaron y obligaron a besarse. \u201cDerivado de la investigaci\u00f3n interna [&hellip;]","og_url":"https:\/\/kuali.com.mx\/web\/2024\/12\/16\/despiden-a-palomino-por-abusos-policiacos\/","og_site_name":"Kuali","article_publisher":"https:\/\/kuali.com.mx\/web\/wp-content\/uploads\/2018\/04\/cropped-kuali_logo-1-1.png","article_published_time":"2024-12-17T02:17:01+00:00","article_modified_time":"2024-12-17T02:22:33+00:00","og_image":[{"width":1943,"height":750,"url":"https:\/\/kuali.com.mx\/web\/wp-content\/uploads\/2024\/12\/Palomino-2.png","type":"image\/png"}],"author":"Kuali Staff","twitter_card":"summary_large_image","twitter_creator":"@kuali_noticias","twitter_site":"@kuali_noticias","twitter_misc":{"Escrito por":"Kuali Staff","Tiempo de lectura":"2 minutos"},"schema":{"@context":"https:\/\/schema.org","@graph":[{"@type":"Article","@id":"https:\/\/kuali.com.mx\/web\/2024\/12\/16\/despiden-a-palomino-por-abusos-policiacos\/#article","isPartOf":{"@id":"https:\/\/kuali.com.mx\/web\/2024\/12\/16\/despiden-a-palomino-por-abusos-policiacos\/"},"author":{"name":"Kuali Staff","@id":"https:\/\/kuali.com.mx\/web\/#\/schema\/person\/6f89ffa8ecba9dae50662357923c5289"},"headline":"DESPIDEN A PALOMINO POR ABUSOS POLICIACOS","datePublished":"2024-12-17T02:17:01+00:00","dateModified":"2024-12-17T02:22:33+00:00","mainEntityOfPage":{"@id":"https:\/\/kuali.com.mx\/web\/2024\/12\/16\/despiden-a-palomino-por-abusos-policiacos\/"},"wordCount":444,"commentCount":0,"image":{"@id":"https:\/\/kuali.com.mx\/web\/2024\/12\/16\/despiden-a-palomino-por-abusos-policiacos\/#primaryimage"},"thumbnailUrl":"https:\/\/kuali.com.mx\/web\/wp-content\/uploads\/2024\/12\/Palomino-2.png","articleSection":["Derechos Humanos","slider"],"inLanguage":"es","potentialAction":[{"@type":"CommentAction","name":"Comment","target":["https:\/\/kuali.com.mx\/web\/2024\/12\/16\/despiden-a-palomino-por-abusos-policiacos\/#respond"]}]},{"@type":"WebPage","@id":"https:\/\/kuali.com.mx\/web\/2024\/12\/16\/despiden-a-palomino-por-abusos-policiacos\/","url":"https:\/\/kuali.com.mx\/web\/2024\/12\/16\/despiden-a-palomino-por-abusos-policiacos\/","name":"DESPIDEN A PALOMINO POR ABUSOS POLICIACOS - Kuali","isPartOf":{"@id":"https:\/\/kuali.com.mx\/web\/#website"},"primaryImageOfPage":{"@id":"https:\/\/kuali.com.mx\/web\/2024\/12\/16\/despiden-a-palomino-por-abusos-policiacos\/#primaryimage"},"image":{"@id":"https:\/\/kuali.com.mx\/web\/2024\/12\/16\/despiden-a-palomino-por-abusos-policiacos\/#primaryimage"},"thumbnailUrl":"https:\/\/kuali.com.mx\/web\/wp-content\/uploads\/2024\/12\/Palomino-2.png","datePublished":"2024-12-17T02:17:01+00:00","dateModified":"2024-12-17T02:22:33+00:00","author":{"@id":"https:\/\/kuali.com.mx\/web\/#\/schema\/person\/6f89ffa8ecba9dae50662357923c5289"},"breadcrumb":{"@id":"https:\/\/kuali.com.mx\/web\/2024\/12\/16\/despiden-a-palomino-por-abusos-policiacos\/#breadcrumb"},"inLanguage":"es","potentialAction":[{"@type":"ReadAction","target":["https:\/\/kuali.com.mx\/web\/2024\/12\/16\/despiden-a-palomino-por-abusos-policiacos\/"]}]},{"@type":"ImageObject","inLanguage":"es","@id":"https:\/\/kuali.com.mx\/web\/2024\/12\/16\/despiden-a-palomino-por-abusos-policiacos\/#primaryimage","url":"https:\/\/kuali.com.mx\/web\/wp-content\/uploads\/2024\/12\/Palomino-2.png","contentUrl":"https:\/\/kuali.com.mx\/web\/wp-content\/uploads\/2024\/12\/Palomino-2.png","width":1943,"height":750},{"@type":"BreadcrumbList","@id":"https:\/\/kuali.com.mx\/web\/2024\/12\/16\/despiden-a-palomino-por-abusos-policiacos\/#breadcrumb","itemListElement":[{"@type":"ListItem","position":1,"name":"Inicio","item":"https:\/\/kuali.com.mx\/web\/"},{"@type":"ListItem","position":2,"name":"DESPIDEN A PALOMINO POR ABUSOS POLICIACOS"}]},{"@type":"WebSite","@id":"https:\/\/kuali.com.mx\/web\/#website","url":"https:\/\/kuali.com.mx\/web\/","name":"Kuali","description":"","potentialAction":[{"@type":"SearchAction","target":{"@type":"EntryPoint","urlTemplate":"https:\/\/kuali.com.mx\/web\/?s={search_term_string}"},"query-input":{"@type":"PropertyValueSpecification","valueRequired":true,"valueName":"search_term_string"}}],"inLanguage":"es"},{"@type":"Person","@id":"https:\/\/kuali.com.mx\/web\/#\/schema\/person\/6f89ffa8ecba9dae50662357923c5289","name":"Kuali Staff","image":{"@type":"ImageObject","inLanguage":"es","@id":"https:\/\/secure.gravatar.com\/avatar\/f917ad82e5ab71227a733c78b6e60715476f69ee6be59feee4eb5d9920c89e0f?s=96&d=mm&r=g","url":"https:\/\/secure.gravatar.com\/avatar\/f917ad82e5ab71227a733c78b6e60715476f69ee6be59feee4eb5d9920c89e0f?s=96&d=mm&r=g","contentUrl":"https:\/\/secure.gravatar.com\/avatar\/f917ad82e5ab71227a733c78b6e60715476f69ee6be59feee4eb5d9920c89e0f?s=96&d=mm&r=g","caption":"Kuali Staff"},"url":"https:\/\/kuali.com.mx\/web\/author\/lagarto\/"}]}},"_links":{"self":[{"href":"https:\/\/kuali.com.mx\/web\/wp-json\/wp\/v2\/posts\/163384","targetHints":{"allow":["GET"]}}],"collection":[{"href":"https:\/\/kuali.com.mx\/web\/wp-json\/wp\/v2\/posts"}],"about":[{"href":"https:\/\/kuali.com.mx\/web\/wp-json\/wp\/v2\/types\/post"}],"author":[{"embeddable":true,"href":"https:\/\/kuali.com.mx\/web\/wp-json\/wp\/v2\/users\/2"}],"replies":[{"embeddable":true,"href":"https:\/\/kuali.com.mx\/web\/wp-json\/wp\/v2\/comments?post=163384"}],"version-history":[{"count":2,"href":"https:\/\/kuali.com.mx\/web\/wp-json\/wp\/v2\/posts\/163384\/revisions"}],"predecessor-version":[{"id":163396,"href":"https:\/\/kuali.com.mx\/web\/wp-json\/wp\/v2\/posts\/163384\/revisions\/163396"}],"wp:featuredmedia":[{"embeddable":true,"href":"https:\/\/kuali.com.mx\/web\/wp-json\/wp\/v2\/media\/163093"}],"wp:attachment":[{"href":"https:\/\/kuali.com.mx\/web\/wp-json\/wp\/v2\/media?parent=163384"}],"wp:term":[{"taxonomy":"category","embeddable":true,"href":"https:\/\/kuali.com.mx\/web\/wp-json\/wp\/v2\/categories?post=163384"},{"taxonomy":"post_tag","embeddable":true,"href":"https:\/\/kuali.com.mx\/web\/wp-json\/wp\/v2\/tags?post=163384"}],"curies":[{"name":"wp","href":"https:\/\/api.w.org\/{rel}","templated":true}]}}