{"id":162060,"date":"2024-12-05T14:31:00","date_gmt":"2024-12-05T20:31:00","guid":{"rendered":"https:\/\/kuali.com.mx\/web\/?p=162060"},"modified":"2024-12-05T16:37:04","modified_gmt":"2024-12-05T22:37:04","slug":"reconocen-a-voluntarias-de-comedores-comunitarios","status":"publish","type":"post","link":"https:\/\/kuali.com.mx\/web\/2024\/12\/05\/reconocen-a-voluntarias-de-comedores-comunitarios\/","title":{"rendered":"RECONOCEN A VOLUNTARIAS DE COMEDORES COMUNITARIOS"},"content":{"rendered":"\n<p><strong><em>Kuali\/Le\u00f3n, Gto.-<\/em><\/strong> El gobierno de Le\u00f3n reconoci\u00f3 la labor de 741 voluntarias que operan en la red de 147 comit\u00e9s de comedores comunitarios.<\/p>\n\n\n\n<p>Del a\u00f1o 2021 a la fecha, la administraci\u00f3n municipal  a brindado asistencia alimentaria a 165 mil 248 personas a trav\u00e9s del programa Le\u00f3n Sin Hambre, superando la meta de llevar alimentos a 50 mil personas que se encontraban en situaci\u00f3n de vulnerabilidad.<\/p>\n\n\n\n<p>En este a\u00f1o se rehabilitaron los comedores comunitarios de Balcones de la Joya y Soledad de la Joya, con una inversi\u00f3n de 261 mil 943 pesos, estos espacios se integraron a los 4 comedores comunitarios renovados anteriormente en Colonia Libertad, Real de la Joya, 10 de mayo y Piletas.<\/p>\n\n\n\n<p>En el marco del D\u00eda Internacional, la alcaldesa de Le\u00f3n, Alejandra Guti\u00e9rrez Campos, resalt\u00f3 que Le\u00f3n es una ciudad que alberga gente que construye, que trabaja y que empatiza con los dem\u00e1s.<\/p>\n\n\n\n<p>\u201cTodos los que est\u00e1n aqu\u00ed, han trabajado con amor, con coraz\u00f3n, con alegr\u00eda, sin dejar a nadie atr\u00e1s, buscando ayudar a qui\u00e9n m\u00e1s lo necesita\u2026 Eso es lo que queremos en Le\u00f3n, gente que haga, gente que ame y gente que apoye porque eso es lo que nos ha distinguido durante muchos a\u00f1os, aqu\u00ed pura gente que construye, gente que ayuda al pr\u00f3jimo y esa es la gran diferencia, gente buena que ayude a lo que m\u00e1s lo necesiten\u201d, enfatiz\u00f3 la presidenta municipal.<\/p>\n\n\n\n<p>La actual administraci\u00f3n 2024 \u2013 2027 cuenta con seis comedores comunitarios que se ubican en la colonia Libertad, Real de la Joya, 10 de mayo, Piletas, Balcones de la Joya y Soledad de la Joya.<\/p>\n\n\n\n<p>Tambi\u00e9n el municipio cuenta con un comedor m\u00f3vil, que ha permitido llevar alimentos a comunidades como Barranca de Venaderos, Hacienda Arriba, La Sand\u00eda, Ampliaci\u00f3n San Francisco, San Pedro del Monte, Santa Rosa de Lima y Brisas del Campestre, fortaleciendo el alcance de este programa.<\/p>\n\n\n\n<p>Para el 2025 se estar\u00e1 rehabilitando un comedor m\u00e1s en la colonia Periodistas Mexicanos, adem\u00e1s de adquirir una nueva unidad m\u00f3vil con el prop\u00f3sito de que el municipio cuente con 2 unidades que permitan continuar llevando alimentos a las y los leoneses que se encuentren en zonas alejadas.<\/p>\n\n\n\n<p>Alejandra Guti\u00e9rrez destac\u00f3 la importancia del trabajo coordinado entre la gente y gobierno, adem\u00e1s resalt\u00f3 la invaluable labor de las voluntarias del municipio, que con dedicaci\u00f3n, esfuerzo y amor han logrado llevar alimentos a las personas que m\u00e1s lo necesitan.<\/p>\n\n\n\n<p>En el municipio de Le\u00f3n, la dedicaci\u00f3n de las voluntarias no solo ha llenado platos, sino tambi\u00e9n corazones, al convertirse en un puente entre la comunidad y las autoridades para atender de manera prioritaria a quienes viven en condiciones de carencia alimentaria.<\/p>\n\n\n\n<p>Juanita Bocanegra, qui\u00e9n es voluntaria desde hace 3 a\u00f1os resalt\u00f3 la labor que ella en conjunto de sus compa\u00f1eros ejercen en beneficio de los dem\u00e1s ciudadanos leoneses.<\/p>\n\n\n\n<p>Enfatiz\u00f3 que cocinar raciones de comida para ofrecerlas a las personas que m\u00e1s lo necesitan tiene como resultado la empat\u00eda hacia los dem\u00e1s y alimenta el coraz\u00f3n, as\u00ed como a las acciones que contribuyan a construir una mejor ciudad.<\/p>\n\n\n\n<p>\u201cQui\u00e9n quiera dejar huella en esta vida de lo que hace, no debemos caminar de puntitas tenemos que tener nuestros pies bien firmes en la tierra y saber qu\u00e9 es lo que queremos, si queremos dejar huella en la vida, en el mundo, en lo que sea, debemos de tener esa empat\u00eda con la gente que lo ocupa\u201d, expres\u00f3,<br>Juanita Bocanegra.<\/p>\n\n\n\n<p>Andrea L\u00f3pez Guti\u00e9rrez, directora General del DIF Le\u00f3n, inform\u00f3 que, de octubre a noviembre de este a\u00f1o, se elaboraron m\u00e1s de 3 millones de raciones de alimentos que se entregaron a comunidades vulnerables.<\/p>\n\n\n\n<p>En el evento se hizo entrega de mandiles y cofias a siete voluntariados destacados como un reconocimiento simb\u00f3lico a su compromiso, demostrando que la fuerza del trabajo colaborativo entre sociedad organizada y gobierno es clave para transformar realidades.<\/p>\n\n\n\n<p>Autoridades municipales refrendaron el compromiso de continuar creando programas que abonen a estas causas que con trabajo siguen transformando el rumbo de Le\u00f3n.<\/p>\n","protected":false},"excerpt":{"rendered":"Kuali\/Le\u00f3n, Gto.- El gobierno de Le\u00f3n reconoci\u00f3 la labor de 741 voluntarias que operan en la red de 147 comit\u00e9s de comedores comunitarios. Del a\u00f1o 2021 a la fecha, la administraci\u00f3n municipal a brindado asistencia alimentaria a 165 mil 248 personas a trav\u00e9s del programa Le\u00f3n Sin Hambre, superando la meta de llevar alimentos a [&hellip;]","protected":false},"author":2,"featured_media":162063,"comment_status":"open","ping_status":"open","sticky":false,"template":"","format":"standard","meta":{"_seopress_robots_primary_cat":"none","_seopress_titles_title":"","_seopress_titles_desc":"","_seopress_robots_index":"","_monsterinsights_skip_tracking":false,"_monsterinsights_sitenote_active":false,"_monsterinsights_sitenote_note":"","_monsterinsights_sitenote_category":0,"footnotes":""},"categories":[3],"tags":[],"class_list":["post-162060","post","type-post","status-publish","format-standard","has-post-thumbnail","hentry","category-politica"],"yoast_head":"<!-- This site is optimized with the Yoast SEO plugin v27.4 - https:\/\/yoast.com\/product\/yoast-seo-wordpress\/ -->\n<title>RECONOCEN A VOLUNTARIAS DE COMEDORES COMUNITARIOS - Kuali<\/title>\n<meta name=\"robots\" content=\"index, follow, max-snippet:-1, max-image-preview:large, max-video-preview:-1\" \/>\n<link rel=\"canonical\" href=\"https:\/\/kuali.com.mx\/web\/2024\/12\/05\/reconocen-a-voluntarias-de-comedores-comunitarios\/\" \/>\n<meta property=\"og:locale\" content=\"es_MX\" \/>\n<meta property=\"og:type\" content=\"article\" \/>\n<meta property=\"og:title\" content=\"RECONOCEN A VOLUNTARIAS DE COMEDORES COMUNITARIOS - Kuali\" \/>\n<meta property=\"og:description\" content=\"Kuali\/Le\u00f3n, Gto.- El gobierno de Le\u00f3n reconoci\u00f3 la labor de 741 voluntarias que operan en la red de 147 comit\u00e9s de comedores comunitarios. Del a\u00f1o 2021 a la fecha, la administraci\u00f3n municipal a brindado asistencia alimentaria a 165 mil 248 personas a trav\u00e9s del programa Le\u00f3n Sin Hambre, superando la meta de llevar alimentos a [&hellip;]\" \/>\n<meta property=\"og:url\" content=\"https:\/\/kuali.com.mx\/web\/2024\/12\/05\/reconocen-a-voluntarias-de-comedores-comunitarios\/\" \/>\n<meta property=\"og:site_name\" content=\"Kuali\" \/>\n<meta property=\"article:publisher\" content=\"https:\/\/kuali.com.mx\/web\/wp-content\/uploads\/2018\/04\/cropped-kuali_logo-1-1.png\" \/>\n<meta property=\"article:published_time\" content=\"2024-12-05T20:31:00+00:00\" \/>\n<meta property=\"article:modified_time\" content=\"2024-12-05T22:37:04+00:00\" \/>\n<meta property=\"og:image\" content=\"https:\/\/kuali.com.mx\/web\/wp-content\/uploads\/2024\/12\/Voluntarias-comedores.jpg\" \/>\n\t<meta property=\"og:image:width\" content=\"2400\" \/>\n\t<meta property=\"og:image:height\" content=\"1600\" \/>\n\t<meta property=\"og:image:type\" content=\"image\/jpeg\" \/>\n<meta name=\"author\" content=\"Kuali Staff\" \/>\n<meta name=\"twitter:card\" content=\"summary_large_image\" \/>\n<meta name=\"twitter:creator\" content=\"@kuali_noticias\" \/>\n<meta name=\"twitter:site\" content=\"@kuali_noticias\" \/>\n<meta name=\"twitter:label1\" content=\"Escrito por\" \/>\n\t<meta name=\"twitter:data1\" content=\"Kuali Staff\" \/>\n\t<meta name=\"twitter:label2\" content=\"Tiempo de lectura\" \/>\n\t<meta name=\"twitter:data2\" content=\"4 minutos\" \/>\n<script type=\"application\/ld+json\" class=\"yoast-schema-graph\">{\"@context\":\"https:\\\/\\\/schema.org\",\"@graph\":[{\"@type\":\"Article\",\"@id\":\"https:\\\/\\\/kuali.com.mx\\\/web\\\/2024\\\/12\\\/05\\\/reconocen-a-voluntarias-de-comedores-comunitarios\\\/#article\",\"isPartOf\":{\"@id\":\"https:\\\/\\\/kuali.com.mx\\\/web\\\/2024\\\/12\\\/05\\\/reconocen-a-voluntarias-de-comedores-comunitarios\\\/\"},\"author\":{\"name\":\"Kuali Staff\",\"@id\":\"https:\\\/\\\/kuali.com.mx\\\/web\\\/#\\\/schema\\\/person\\\/6f89ffa8ecba9dae50662357923c5289\"},\"headline\":\"RECONOCEN A VOLUNTARIAS DE COMEDORES COMUNITARIOS\",\"datePublished\":\"2024-12-05T20:31:00+00:00\",\"dateModified\":\"2024-12-05T22:37:04+00:00\",\"mainEntityOfPage\":{\"@id\":\"https:\\\/\\\/kuali.com.mx\\\/web\\\/2024\\\/12\\\/05\\\/reconocen-a-voluntarias-de-comedores-comunitarios\\\/\"},\"wordCount\":707,\"commentCount\":0,\"image\":{\"@id\":\"https:\\\/\\\/kuali.com.mx\\\/web\\\/2024\\\/12\\\/05\\\/reconocen-a-voluntarias-de-comedores-comunitarios\\\/#primaryimage\"},\"thumbnailUrl\":\"https:\\\/\\\/kuali.com.mx\\\/web\\\/wp-content\\\/uploads\\\/2024\\\/12\\\/Voluntarias-comedores.jpg\",\"articleSection\":[\"Pol\u00edtica\"],\"inLanguage\":\"es\",\"potentialAction\":[{\"@type\":\"CommentAction\",\"name\":\"Comment\",\"target\":[\"https:\\\/\\\/kuali.com.mx\\\/web\\\/2024\\\/12\\\/05\\\/reconocen-a-voluntarias-de-comedores-comunitarios\\\/#respond\"]}]},{\"@type\":\"WebPage\",\"@id\":\"https:\\\/\\\/kuali.com.mx\\\/web\\\/2024\\\/12\\\/05\\\/reconocen-a-voluntarias-de-comedores-comunitarios\\\/\",\"url\":\"https:\\\/\\\/kuali.com.mx\\\/web\\\/2024\\\/12\\\/05\\\/reconocen-a-voluntarias-de-comedores-comunitarios\\\/\",\"name\":\"RECONOCEN A VOLUNTARIAS DE COMEDORES COMUNITARIOS - Kuali\",\"isPartOf\":{\"@id\":\"https:\\\/\\\/kuali.com.mx\\\/web\\\/#website\"},\"primaryImageOfPage\":{\"@id\":\"https:\\\/\\\/kuali.com.mx\\\/web\\\/2024\\\/12\\\/05\\\/reconocen-a-voluntarias-de-comedores-comunitarios\\\/#primaryimage\"},\"image\":{\"@id\":\"https:\\\/\\\/kuali.com.mx\\\/web\\\/2024\\\/12\\\/05\\\/reconocen-a-voluntarias-de-comedores-comunitarios\\\/#primaryimage\"},\"thumbnailUrl\":\"https:\\\/\\\/kuali.com.mx\\\/web\\\/wp-content\\\/uploads\\\/2024\\\/12\\\/Voluntarias-comedores.jpg\",\"datePublished\":\"2024-12-05T20:31:00+00:00\",\"dateModified\":\"2024-12-05T22:37:04+00:00\",\"author\":{\"@id\":\"https:\\\/\\\/kuali.com.mx\\\/web\\\/#\\\/schema\\\/person\\\/6f89ffa8ecba9dae50662357923c5289\"},\"breadcrumb\":{\"@id\":\"https:\\\/\\\/kuali.com.mx\\\/web\\\/2024\\\/12\\\/05\\\/reconocen-a-voluntarias-de-comedores-comunitarios\\\/#breadcrumb\"},\"inLanguage\":\"es\",\"potentialAction\":[{\"@type\":\"ReadAction\",\"target\":[\"https:\\\/\\\/kuali.com.mx\\\/web\\\/2024\\\/12\\\/05\\\/reconocen-a-voluntarias-de-comedores-comunitarios\\\/\"]}]},{\"@type\":\"ImageObject\",\"inLanguage\":\"es\",\"@id\":\"https:\\\/\\\/kuali.com.mx\\\/web\\\/2024\\\/12\\\/05\\\/reconocen-a-voluntarias-de-comedores-comunitarios\\\/#primaryimage\",\"url\":\"https:\\\/\\\/kuali.com.mx\\\/web\\\/wp-content\\\/uploads\\\/2024\\\/12\\\/Voluntarias-comedores.jpg\",\"contentUrl\":\"https:\\\/\\\/kuali.com.mx\\\/web\\\/wp-content\\\/uploads\\\/2024\\\/12\\\/Voluntarias-comedores.jpg\",\"width\":2400,\"height\":1600},{\"@type\":\"BreadcrumbList\",\"@id\":\"https:\\\/\\\/kuali.com.mx\\\/web\\\/2024\\\/12\\\/05\\\/reconocen-a-voluntarias-de-comedores-comunitarios\\\/#breadcrumb\",\"itemListElement\":[{\"@type\":\"ListItem\",\"position\":1,\"name\":\"Inicio\",\"item\":\"https:\\\/\\\/kuali.com.mx\\\/web\\\/\"},{\"@type\":\"ListItem\",\"position\":2,\"name\":\"RECONOCEN A VOLUNTARIAS DE COMEDORES COMUNITARIOS\"}]},{\"@type\":\"WebSite\",\"@id\":\"https:\\\/\\\/kuali.com.mx\\\/web\\\/#website\",\"url\":\"https:\\\/\\\/kuali.com.mx\\\/web\\\/\",\"name\":\"Kuali\",\"description\":\"\",\"potentialAction\":[{\"@type\":\"SearchAction\",\"target\":{\"@type\":\"EntryPoint\",\"urlTemplate\":\"https:\\\/\\\/kuali.com.mx\\\/web\\\/?s={search_term_string}\"},\"query-input\":{\"@type\":\"PropertyValueSpecification\",\"valueRequired\":true,\"valueName\":\"search_term_string\"}}],\"inLanguage\":\"es\"},{\"@type\":\"Person\",\"@id\":\"https:\\\/\\\/kuali.com.mx\\\/web\\\/#\\\/schema\\\/person\\\/6f89ffa8ecba9dae50662357923c5289\",\"name\":\"Kuali Staff\",\"image\":{\"@type\":\"ImageObject\",\"inLanguage\":\"es\",\"@id\":\"https:\\\/\\\/secure.gravatar.com\\\/avatar\\\/f917ad82e5ab71227a733c78b6e60715476f69ee6be59feee4eb5d9920c89e0f?s=96&d=mm&r=g\",\"url\":\"https:\\\/\\\/secure.gravatar.com\\\/avatar\\\/f917ad82e5ab71227a733c78b6e60715476f69ee6be59feee4eb5d9920c89e0f?s=96&d=mm&r=g\",\"contentUrl\":\"https:\\\/\\\/secure.gravatar.com\\\/avatar\\\/f917ad82e5ab71227a733c78b6e60715476f69ee6be59feee4eb5d9920c89e0f?s=96&d=mm&r=g\",\"caption\":\"Kuali Staff\"},\"url\":\"https:\\\/\\\/kuali.com.mx\\\/web\\\/author\\\/lagarto\\\/\"}]}<\/script>\n<!-- \/ Yoast SEO plugin. -->","yoast_head_json":{"title":"RECONOCEN A VOLUNTARIAS DE COMEDORES COMUNITARIOS - Kuali","robots":{"index":"index","follow":"follow","max-snippet":"max-snippet:-1","max-image-preview":"max-image-preview:large","max-video-preview":"max-video-preview:-1"},"canonical":"https:\/\/kuali.com.mx\/web\/2024\/12\/05\/reconocen-a-voluntarias-de-comedores-comunitarios\/","og_locale":"es_MX","og_type":"article","og_title":"RECONOCEN A VOLUNTARIAS DE COMEDORES COMUNITARIOS - Kuali","og_description":"Kuali\/Le\u00f3n, Gto.- El gobierno de Le\u00f3n reconoci\u00f3 la labor de 741 voluntarias que operan en la red de 147 comit\u00e9s de comedores comunitarios. Del a\u00f1o 2021 a la fecha, la administraci\u00f3n municipal a brindado asistencia alimentaria a 165 mil 248 personas a trav\u00e9s del programa Le\u00f3n Sin Hambre, superando la meta de llevar alimentos a [&hellip;]","og_url":"https:\/\/kuali.com.mx\/web\/2024\/12\/05\/reconocen-a-voluntarias-de-comedores-comunitarios\/","og_site_name":"Kuali","article_publisher":"https:\/\/kuali.com.mx\/web\/wp-content\/uploads\/2018\/04\/cropped-kuali_logo-1-1.png","article_published_time":"2024-12-05T20:31:00+00:00","article_modified_time":"2024-12-05T22:37:04+00:00","og_image":[{"width":2400,"height":1600,"url":"https:\/\/kuali.com.mx\/web\/wp-content\/uploads\/2024\/12\/Voluntarias-comedores.jpg","type":"image\/jpeg"}],"author":"Kuali Staff","twitter_card":"summary_large_image","twitter_creator":"@kuali_noticias","twitter_site":"@kuali_noticias","twitter_misc":{"Escrito por":"Kuali Staff","Tiempo de lectura":"4 minutos"},"schema":{"@context":"https:\/\/schema.org","@graph":[{"@type":"Article","@id":"https:\/\/kuali.com.mx\/web\/2024\/12\/05\/reconocen-a-voluntarias-de-comedores-comunitarios\/#article","isPartOf":{"@id":"https:\/\/kuali.com.mx\/web\/2024\/12\/05\/reconocen-a-voluntarias-de-comedores-comunitarios\/"},"author":{"name":"Kuali Staff","@id":"https:\/\/kuali.com.mx\/web\/#\/schema\/person\/6f89ffa8ecba9dae50662357923c5289"},"headline":"RECONOCEN A VOLUNTARIAS DE COMEDORES COMUNITARIOS","datePublished":"2024-12-05T20:31:00+00:00","dateModified":"2024-12-05T22:37:04+00:00","mainEntityOfPage":{"@id":"https:\/\/kuali.com.mx\/web\/2024\/12\/05\/reconocen-a-voluntarias-de-comedores-comunitarios\/"},"wordCount":707,"commentCount":0,"image":{"@id":"https:\/\/kuali.com.mx\/web\/2024\/12\/05\/reconocen-a-voluntarias-de-comedores-comunitarios\/#primaryimage"},"thumbnailUrl":"https:\/\/kuali.com.mx\/web\/wp-content\/uploads\/2024\/12\/Voluntarias-comedores.jpg","articleSection":["Pol\u00edtica"],"inLanguage":"es","potentialAction":[{"@type":"CommentAction","name":"Comment","target":["https:\/\/kuali.com.mx\/web\/2024\/12\/05\/reconocen-a-voluntarias-de-comedores-comunitarios\/#respond"]}]},{"@type":"WebPage","@id":"https:\/\/kuali.com.mx\/web\/2024\/12\/05\/reconocen-a-voluntarias-de-comedores-comunitarios\/","url":"https:\/\/kuali.com.mx\/web\/2024\/12\/05\/reconocen-a-voluntarias-de-comedores-comunitarios\/","name":"RECONOCEN A VOLUNTARIAS DE COMEDORES COMUNITARIOS - Kuali","isPartOf":{"@id":"https:\/\/kuali.com.mx\/web\/#website"},"primaryImageOfPage":{"@id":"https:\/\/kuali.com.mx\/web\/2024\/12\/05\/reconocen-a-voluntarias-de-comedores-comunitarios\/#primaryimage"},"image":{"@id":"https:\/\/kuali.com.mx\/web\/2024\/12\/05\/reconocen-a-voluntarias-de-comedores-comunitarios\/#primaryimage"},"thumbnailUrl":"https:\/\/kuali.com.mx\/web\/wp-content\/uploads\/2024\/12\/Voluntarias-comedores.jpg","datePublished":"2024-12-05T20:31:00+00:00","dateModified":"2024-12-05T22:37:04+00:00","author":{"@id":"https:\/\/kuali.com.mx\/web\/#\/schema\/person\/6f89ffa8ecba9dae50662357923c5289"},"breadcrumb":{"@id":"https:\/\/kuali.com.mx\/web\/2024\/12\/05\/reconocen-a-voluntarias-de-comedores-comunitarios\/#breadcrumb"},"inLanguage":"es","potentialAction":[{"@type":"ReadAction","target":["https:\/\/kuali.com.mx\/web\/2024\/12\/05\/reconocen-a-voluntarias-de-comedores-comunitarios\/"]}]},{"@type":"ImageObject","inLanguage":"es","@id":"https:\/\/kuali.com.mx\/web\/2024\/12\/05\/reconocen-a-voluntarias-de-comedores-comunitarios\/#primaryimage","url":"https:\/\/kuali.com.mx\/web\/wp-content\/uploads\/2024\/12\/Voluntarias-comedores.jpg","contentUrl":"https:\/\/kuali.com.mx\/web\/wp-content\/uploads\/2024\/12\/Voluntarias-comedores.jpg","width":2400,"height":1600},{"@type":"BreadcrumbList","@id":"https:\/\/kuali.com.mx\/web\/2024\/12\/05\/reconocen-a-voluntarias-de-comedores-comunitarios\/#breadcrumb","itemListElement":[{"@type":"ListItem","position":1,"name":"Inicio","item":"https:\/\/kuali.com.mx\/web\/"},{"@type":"ListItem","position":2,"name":"RECONOCEN A VOLUNTARIAS DE COMEDORES COMUNITARIOS"}]},{"@type":"WebSite","@id":"https:\/\/kuali.com.mx\/web\/#website","url":"https:\/\/kuali.com.mx\/web\/","name":"Kuali","description":"","potentialAction":[{"@type":"SearchAction","target":{"@type":"EntryPoint","urlTemplate":"https:\/\/kuali.com.mx\/web\/?s={search_term_string}"},"query-input":{"@type":"PropertyValueSpecification","valueRequired":true,"valueName":"search_term_string"}}],"inLanguage":"es"},{"@type":"Person","@id":"https:\/\/kuali.com.mx\/web\/#\/schema\/person\/6f89ffa8ecba9dae50662357923c5289","name":"Kuali Staff","image":{"@type":"ImageObject","inLanguage":"es","@id":"https:\/\/secure.gravatar.com\/avatar\/f917ad82e5ab71227a733c78b6e60715476f69ee6be59feee4eb5d9920c89e0f?s=96&d=mm&r=g","url":"https:\/\/secure.gravatar.com\/avatar\/f917ad82e5ab71227a733c78b6e60715476f69ee6be59feee4eb5d9920c89e0f?s=96&d=mm&r=g","contentUrl":"https:\/\/secure.gravatar.com\/avatar\/f917ad82e5ab71227a733c78b6e60715476f69ee6be59feee4eb5d9920c89e0f?s=96&d=mm&r=g","caption":"Kuali Staff"},"url":"https:\/\/kuali.com.mx\/web\/author\/lagarto\/"}]}},"_links":{"self":[{"href":"https:\/\/kuali.com.mx\/web\/wp-json\/wp\/v2\/posts\/162060","targetHints":{"allow":["GET"]}}],"collection":[{"href":"https:\/\/kuali.com.mx\/web\/wp-json\/wp\/v2\/posts"}],"about":[{"href":"https:\/\/kuali.com.mx\/web\/wp-json\/wp\/v2\/types\/post"}],"author":[{"embeddable":true,"href":"https:\/\/kuali.com.mx\/web\/wp-json\/wp\/v2\/users\/2"}],"replies":[{"embeddable":true,"href":"https:\/\/kuali.com.mx\/web\/wp-json\/wp\/v2\/comments?post=162060"}],"version-history":[{"count":1,"href":"https:\/\/kuali.com.mx\/web\/wp-json\/wp\/v2\/posts\/162060\/revisions"}],"predecessor-version":[{"id":162064,"href":"https:\/\/kuali.com.mx\/web\/wp-json\/wp\/v2\/posts\/162060\/revisions\/162064"}],"wp:featuredmedia":[{"embeddable":true,"href":"https:\/\/kuali.com.mx\/web\/wp-json\/wp\/v2\/media\/162063"}],"wp:attachment":[{"href":"https:\/\/kuali.com.mx\/web\/wp-json\/wp\/v2\/media?parent=162060"}],"wp:term":[{"taxonomy":"category","embeddable":true,"href":"https:\/\/kuali.com.mx\/web\/wp-json\/wp\/v2\/categories?post=162060"},{"taxonomy":"post_tag","embeddable":true,"href":"https:\/\/kuali.com.mx\/web\/wp-json\/wp\/v2\/tags?post=162060"}],"curies":[{"name":"wp","href":"https:\/\/api.w.org\/{rel}","templated":true}]}}